{"id":3646,"date":"2022-08-30T08:05:55","date_gmt":"2022-08-30T08:05:55","guid":{"rendered":"https:\/\/www.https:\/\/zozo.buyee.jp\/\/news\/?p=3646"},"modified":"2022-08-30T08:06:35","modified_gmt":"2022-08-30T08:06:35","slug":"modernisation-de-lagriculture-ivoirienne-agri-tech-tunisia-un-projet-a-la-pointe-de-la-technologie","status":"publish","type":"post","link":"https:\/\/www.amanien.info\/news\/modernisation-de-lagriculture-ivoirienne-agri-tech-tunisia-un-projet-a-la-pointe-de-la-technologie\/","title":{"rendered":"Modernisation de l\u2019agriculture ivoirienne\u00a0: \u00ab\u00a0Agri-tech Tunisia\u00a0\u00bb un projet \u00e0 la pointe de la technologie"},"content":{"rendered":"<p class=\"yiv7750632184ydpdb42f9d8MsoNormal\">Du 21 au 25 novembre 2022, va se tenir dans la capitale \u00e9conomique ivoirienne, la \u00a0\u00bb Semaine de l\u2019Agritech Tunisienne \u00ab\u00a0. Une initiative de STECIA International, un bureau de conseil sp\u00e9cialis\u00e9 dans le d\u00e9veloppement des cha\u00eenes de valeur agricoles et agroindustrielles en Afrique.<\/p>\n<p class=\"yiv7750632184ydpdb42f9d8MsoNormal\">C\u2019est en substance l\u2019information livr\u00e9 par \u00a0Walid Gaddas, Directeur G\u00e9n\u00e9ral de STECIA International au cours d\u2019une conf\u00e9rence de presse via zoom organis\u00e9 le 23 ao\u00fbt 2022.<\/p>\n<p class=\"yiv7750632184ydpdb42f9d8MsoNormal\"><b>\u201cAgri- Tech Tunisia\u201d un projet d\u00e9di\u00e9 aux acteurs agricoles et agroindustrielles<\/b><\/p>\n<p class=\"yiv7750632184ydpdb42f9d8MsoNormal\">Selon Walid Gaddas, le projet \u201cAgri- Tech Tunisia\u201d apporte des r\u00e9ponses aux besoins des entreprises agricoles et agroindustrielles ouest africaines et propose des solutions adapt\u00e9es tout en \u00e9tant \u00e0 la pointe de la technologie.<\/p>\n<p class=\"yiv7750632184ydpdb42f9d8MsoNormal\">\u00ab Nous nous sommes positionn\u00e9s depuis quelques ann\u00e9es d\u00e9j\u00e0 dans le secteur tr\u00e8s porteur et innovant de l\u2019agri-tech que ce soit en Afrique ou au Moyen-Orient \u00bb pr\u00e9cise M. Walid Gaddas. \u00ab Notre but est v\u00e9ritablement de cr\u00e9er des passerelles entre deux mondes qui se connaissent peu : celui de la technologie et celui de l\u2019agriculture. Les entreprises de l\u2019agri -tech ont besoin de se d\u00e9velopper \u00e0 l\u2019international et les entreprises agricoles ouest-africaines ont besoin de ces technologies pour mieux affronter la concurrence sur le march\u00e9 et assurer la durabilit\u00e9 de leurs productions \u00bb.<\/p>\n<p class=\"yiv7750632184ydpdb42f9d8MsoNormal\"><b>\u201cAgri-Tech Tunisia\u201d, \u00a0lance un appel aux entreprises ivoiriennes<\/b><\/p>\n<p class=\"yiv7750632184ydpdb42f9d8MsoNormal\">Dans ce cadre, le projet \u201cAgri-Tech Tunisia\u201d, dit-il, \u00a0lance un appel aux entreprises ivoiriennes du secteur agricole et de l\u2019agro-industrie d\u00e9sireuses de rencontrer les entreprises technologiques tunisiennes qui seront pr\u00e9sentent \u00e0 Abidjan et les solutions qu\u2019elles proposent, \u00e0 s\u2019inscrire aux rencontres B2B qui seront organis\u00e9es le 22 novembre 2022.<\/p>\n<p class=\"yiv7750632184ydpdb42f9d8MsoNormal\">A cet effet, une rencontre entre 6 entreprises technologiques tunisiennes et 50 entreprises agricoles et agroindustrielles ivoiriennes s\u00e9lectionn\u00e9es est pr\u00e9vue lors de la semaine, a rench\u00e9rit M. Gaddas.<\/p>\n<p class=\"yiv7750632184ydpdb42f9d8MsoNormal\">Le projet \u201cAgri-tech Tunisia\u201d est appuy\u00e9 par Innov\u2019i &#8211; EU4 Innovation, financ\u00e9 par l\u2019Union europ\u00e9enne et mis en \u0153uvre par Expertise France et vise \u00e0 soutenir le renforcement, la structuration et la valorisation de l&rsquo;\u00e9cosyst\u00e8me de l&rsquo;innovation et de l&rsquo;entrepreneuriat.<\/p>\n<p class=\"yiv7750632184ydpdb42f9d8MsoNormal\">La premi\u00e8re phase du projet \u201cAgri-tech Tunisia\u201d, qui a d\u00e9j\u00e0 \u00e9t\u00e9 mise en \u0153uvre au S\u00e9n\u00e9gal au mois de mars dernier.<\/p>\n<p class=\"yiv7750632184ydpdb42f9d8MsoNormal\">L\u2019inscription se fera exclusivit\u00e9 sur la plateforme cr\u00e9\u00e9e sur le site du projet \u00e0 l\u2019adresse suivante : <a href=\"http:\/\/www.agri-tech.tn\/inscription\" target=\"_blank\" rel=\"nofollow noopener noreferrer\">www.agri-tech.tn\/inscription<\/a><\/p>\n<p class=\"yiv7750632184ydpdb42f9d8MsoNormal\">CT<\/p>\n","protected":false},"excerpt":{"rendered":"<p>Du 21 au 25 novembre 2022, va se tenir dans la capitale \u00e9conomique ivoirienne, la \u00a0\u00bb Semaine de l\u2019Agritech Tunisienne \u00ab\u00a0. Une initiative de STECIA International, un bureau de conseil sp\u00e9cialis\u00e9 dans le d\u00e9veloppement des cha\u00eenes de valeur agricoles et agroindustrielles en Afrique. C\u2019est en substance l\u2019information livr\u00e9 par \u00a0Walid Gaddas, Directeur G\u00e9n\u00e9ral de STECIA [&hellip;]<\/p>\n","protected":false},"author":2,"featured_media":3647,"comment_status":"closed","ping_status":"closed","sticky":true,"template":"","format":"standard","meta":{"_acf_changed":false,"footnotes":""},"categories":[],"tags":[],"class_list":["post-3646","post","type-post","status-publish","format-standard","has-post-thumbnail","hentry"],"acf":[],"yoast_head":"<!-- This site is optimized with the Yoast SEO plugin v27.5 - https:\/\/yoast.com\/product\/yoast-seo-wordpress\/ -->\n<title>Modernisation de l\u2019agriculture ivoirienne\u00a0: &quot;Agri-tech Tunisia&quot; un projet \u00e0 la pointe de la technologie - Amanien| L&#039;actualit\u00e9 Ivoirienne et Internationale<\/title>\n<meta name=\"robots\" content=\"index, follow, max-snippet:-1, max-image-preview:large, max-video-preview:-1\" \/>\n<link rel=\"canonical\" href=\"https:\/\/www.amanien.info\/news\/modernisation-de-lagriculture-ivoirienne-agri-tech-tunisia-un-projet-a-la-pointe-de-la-technologie\/\" \/>\n<meta property=\"og:locale\" content=\"fr_FR\" \/>\n<meta property=\"og:type\" content=\"article\" \/>\n<meta property=\"og:title\" content=\"Modernisation de l\u2019agriculture ivoirienne\u00a0: &quot;Agri-tech Tunisia&quot; un projet \u00e0 la pointe de la technologie - Amanien| L&#039;actualit\u00e9 Ivoirienne et Internationale\" \/>\n<meta property=\"og:description\" content=\"Du 21 au 25 novembre 2022, va se tenir dans la capitale \u00e9conomique ivoirienne, la \u00a0\u00bb Semaine de l\u2019Agritech Tunisienne \u00ab\u00a0. Une initiative de STECIA International, un bureau de conseil sp\u00e9cialis\u00e9 dans le d\u00e9veloppement des cha\u00eenes de valeur agricoles et agroindustrielles en Afrique. C\u2019est en substance l\u2019information livr\u00e9 par \u00a0Walid Gaddas, Directeur G\u00e9n\u00e9ral de STECIA [&hellip;]\" \/>\n<meta property=\"og:url\" content=\"https:\/\/www.amanien.info\/news\/modernisation-de-lagriculture-ivoirienne-agri-tech-tunisia-un-projet-a-la-pointe-de-la-technologie\/\" \/>\n<meta property=\"og:site_name\" content=\"Amanien| L&#039;actualit\u00e9 Ivoirienne et Internationale\" \/>\n<meta property=\"article:published_time\" content=\"2022-08-30T08:05:55+00:00\" \/>\n<meta property=\"article:modified_time\" content=\"2022-08-30T08:06:35+00:00\" \/>\n<meta property=\"og:image\" content=\"https:\/\/www.amanien.info\/news\/wp-content\/uploads\/2022\/08\/thumbnail-11.jpg\" \/>\n\t<meta property=\"og:image:width\" content=\"504\" \/>\n\t<meta property=\"og:image:height\" content=\"490\" \/>\n\t<meta property=\"og:image:type\" content=\"image\/jpeg\" \/>\n<meta name=\"author\" content=\"Germain Ndri\" \/>\n<meta name=\"twitter:card\" content=\"summary_large_image\" \/>\n<meta name=\"twitter:label1\" content=\"\u00c9crit par\" \/>\n\t<meta name=\"twitter:data1\" content=\"Germain Ndri\" \/>\n\t<meta name=\"twitter:label2\" content=\"Dur\u00e9e de lecture estim\u00e9e\" \/>\n\t<meta name=\"twitter:data2\" content=\"2 minutes\" \/>\n<script type=\"application\/ld+json\" class=\"yoast-schema-graph\">{\"@context\":\"https:\\\/\\\/schema.org\",\"@graph\":[{\"@type\":\"Article\",\"@id\":\"https:\\\/\\\/www.amanien.info\\\/news\\\/modernisation-de-lagriculture-ivoirienne-agri-tech-tunisia-un-projet-a-la-pointe-de-la-technologie\\\/#article\",\"isPartOf\":{\"@id\":\"https:\\\/\\\/www.amanien.info\\\/news\\\/modernisation-de-lagriculture-ivoirienne-agri-tech-tunisia-un-projet-a-la-pointe-de-la-technologie\\\/\"},\"author\":{\"name\":\"Germain Ndri\",\"@id\":\"https:\\\/\\\/www.amanien.info\\\/news\\\/#\\\/schema\\\/person\\\/b21093345753a1a98242d505bd894f42\"},\"headline\":\"Modernisation de l\u2019agriculture ivoirienne\u00a0: \u00ab\u00a0Agri-tech Tunisia\u00a0\u00bb un projet \u00e0 la pointe de la technologie\",\"datePublished\":\"2022-08-30T08:05:55+00:00\",\"dateModified\":\"2022-08-30T08:06:35+00:00\",\"mainEntityOfPage\":{\"@id\":\"https:\\\/\\\/www.amanien.info\\\/news\\\/modernisation-de-lagriculture-ivoirienne-agri-tech-tunisia-un-projet-a-la-pointe-de-la-technologie\\\/\"},\"wordCount\":418,\"image\":{\"@id\":\"https:\\\/\\\/www.amanien.info\\\/news\\\/modernisation-de-lagriculture-ivoirienne-agri-tech-tunisia-un-projet-a-la-pointe-de-la-technologie\\\/#primaryimage\"},\"thumbnailUrl\":\"https:\\\/\\\/www.amanien.info\\\/news\\\/wp-content\\\/uploads\\\/2022\\\/08\\\/thumbnail-11.jpg\",\"inLanguage\":\"fr-FR\"},{\"@type\":\"WebPage\",\"@id\":\"https:\\\/\\\/www.amanien.info\\\/news\\\/modernisation-de-lagriculture-ivoirienne-agri-tech-tunisia-un-projet-a-la-pointe-de-la-technologie\\\/\",\"url\":\"https:\\\/\\\/www.amanien.info\\\/news\\\/modernisation-de-lagriculture-ivoirienne-agri-tech-tunisia-un-projet-a-la-pointe-de-la-technologie\\\/\",\"name\":\"Modernisation de l\u2019agriculture ivoirienne\u00a0: \\\"Agri-tech Tunisia\\\" un projet \u00e0 la pointe de la technologie - Amanien| L&#039;actualit\u00e9 Ivoirienne et Internationale\",\"isPartOf\":{\"@id\":\"https:\\\/\\\/www.amanien.info\\\/news\\\/#website\"},\"primaryImageOfPage\":{\"@id\":\"https:\\\/\\\/www.amanien.info\\\/news\\\/modernisation-de-lagriculture-ivoirienne-agri-tech-tunisia-un-projet-a-la-pointe-de-la-technologie\\\/#primaryimage\"},\"image\":{\"@id\":\"https:\\\/\\\/www.amanien.info\\\/news\\\/modernisation-de-lagriculture-ivoirienne-agri-tech-tunisia-un-projet-a-la-pointe-de-la-technologie\\\/#primaryimage\"},\"thumbnailUrl\":\"https:\\\/\\\/www.amanien.info\\\/news\\\/wp-content\\\/uploads\\\/2022\\\/08\\\/thumbnail-11.jpg\",\"datePublished\":\"2022-08-30T08:05:55+00:00\",\"dateModified\":\"2022-08-30T08:06:35+00:00\",\"author\":{\"@id\":\"https:\\\/\\\/www.amanien.info\\\/news\\\/#\\\/schema\\\/person\\\/b21093345753a1a98242d505bd894f42\"},\"breadcrumb\":{\"@id\":\"https:\\\/\\\/www.amanien.info\\\/news\\\/modernisation-de-lagriculture-ivoirienne-agri-tech-tunisia-un-projet-a-la-pointe-de-la-technologie\\\/#breadcrumb\"},\"inLanguage\":\"fr-FR\",\"potentialAction\":[{\"@type\":\"ReadAction\",\"target\":[\"https:\\\/\\\/www.amanien.info\\\/news\\\/modernisation-de-lagriculture-ivoirienne-agri-tech-tunisia-un-projet-a-la-pointe-de-la-technologie\\\/\"]}]},{\"@type\":\"ImageObject\",\"inLanguage\":\"fr-FR\",\"@id\":\"https:\\\/\\\/www.amanien.info\\\/news\\\/modernisation-de-lagriculture-ivoirienne-agri-tech-tunisia-un-projet-a-la-pointe-de-la-technologie\\\/#primaryimage\",\"url\":\"https:\\\/\\\/www.amanien.info\\\/news\\\/wp-content\\\/uploads\\\/2022\\\/08\\\/thumbnail-11.jpg\",\"contentUrl\":\"https:\\\/\\\/www.amanien.info\\\/news\\\/wp-content\\\/uploads\\\/2022\\\/08\\\/thumbnail-11.jpg\",\"width\":504,\"height\":490},{\"@type\":\"BreadcrumbList\",\"@id\":\"https:\\\/\\\/www.amanien.info\\\/news\\\/modernisation-de-lagriculture-ivoirienne-agri-tech-tunisia-un-projet-a-la-pointe-de-la-technologie\\\/#breadcrumb\",\"itemListElement\":[{\"@type\":\"ListItem\",\"position\":1,\"name\":\"Accueil\",\"item\":\"https:\\\/\\\/www.amanien.info\\\/news\\\/\"},{\"@type\":\"ListItem\",\"position\":2,\"name\":\"Modernisation de l\u2019agriculture ivoirienne\u00a0: \u00ab\u00a0Agri-tech Tunisia\u00a0\u00bb un projet \u00e0 la pointe de la technologie\"}]},{\"@type\":\"WebSite\",\"@id\":\"https:\\\/\\\/www.amanien.info\\\/news\\\/#website\",\"url\":\"https:\\\/\\\/www.amanien.info\\\/news\\\/\",\"name\":\"Amanien| L&#039;actualit\u00e9 Ivoirienne et Internationale\",\"description\":\"L&#039;actualit\u00e9 Ivoirienne et Internationale\",\"potentialAction\":[{\"@type\":\"SearchAction\",\"target\":{\"@type\":\"EntryPoint\",\"urlTemplate\":\"https:\\\/\\\/www.amanien.info\\\/news\\\/?s={search_term_string}\"},\"query-input\":{\"@type\":\"PropertyValueSpecification\",\"valueRequired\":true,\"valueName\":\"search_term_string\"}}],\"inLanguage\":\"fr-FR\"},{\"@type\":\"Person\",\"@id\":\"https:\\\/\\\/www.amanien.info\\\/news\\\/#\\\/schema\\\/person\\\/b21093345753a1a98242d505bd894f42\",\"name\":\"Germain Ndri\",\"url\":\"https:\\\/\\\/www.amanien.info\\\/news\\\/author\\\/amanien-infos\\\/\"}]}<\/script>\n<!-- \/ Yoast SEO plugin. -->","yoast_head_json":{"title":"Modernisation de l\u2019agriculture ivoirienne\u00a0: \"Agri-tech Tunisia\" un projet \u00e0 la pointe de la technologie - Amanien| L&#039;actualit\u00e9 Ivoirienne et Internationale","robots":{"index":"index","follow":"follow","max-snippet":"max-snippet:-1","max-image-preview":"max-image-preview:large","max-video-preview":"max-video-preview:-1"},"canonical":"https:\/\/www.amanien.info\/news\/modernisation-de-lagriculture-ivoirienne-agri-tech-tunisia-un-projet-a-la-pointe-de-la-technologie\/","og_locale":"fr_FR","og_type":"article","og_title":"Modernisation de l\u2019agriculture ivoirienne\u00a0: \"Agri-tech Tunisia\" un projet \u00e0 la pointe de la technologie - Amanien| L&#039;actualit\u00e9 Ivoirienne et Internationale","og_description":"Du 21 au 25 novembre 2022, va se tenir dans la capitale \u00e9conomique ivoirienne, la \u00a0\u00bb Semaine de l\u2019Agritech Tunisienne \u00ab\u00a0. Une initiative de STECIA International, un bureau de conseil sp\u00e9cialis\u00e9 dans le d\u00e9veloppement des cha\u00eenes de valeur agricoles et agroindustrielles en Afrique. C\u2019est en substance l\u2019information livr\u00e9 par \u00a0Walid Gaddas, Directeur G\u00e9n\u00e9ral de STECIA [&hellip;]","og_url":"https:\/\/www.amanien.info\/news\/modernisation-de-lagriculture-ivoirienne-agri-tech-tunisia-un-projet-a-la-pointe-de-la-technologie\/","og_site_name":"Amanien| L&#039;actualit\u00e9 Ivoirienne et Internationale","article_published_time":"2022-08-30T08:05:55+00:00","article_modified_time":"2022-08-30T08:06:35+00:00","og_image":[{"width":504,"height":490,"url":"https:\/\/www.amanien.info\/news\/wp-content\/uploads\/2022\/08\/thumbnail-11.jpg","type":"image\/jpeg"}],"author":"Germain Ndri","twitter_card":"summary_large_image","twitter_misc":{"\u00c9crit par":"Germain Ndri","Dur\u00e9e de lecture estim\u00e9e":"2 minutes"},"schema":{"@context":"https:\/\/schema.org","@graph":[{"@type":"Article","@id":"https:\/\/www.amanien.info\/news\/modernisation-de-lagriculture-ivoirienne-agri-tech-tunisia-un-projet-a-la-pointe-de-la-technologie\/#article","isPartOf":{"@id":"https:\/\/www.amanien.info\/news\/modernisation-de-lagriculture-ivoirienne-agri-tech-tunisia-un-projet-a-la-pointe-de-la-technologie\/"},"author":{"name":"Germain Ndri","@id":"https:\/\/www.amanien.info\/news\/#\/schema\/person\/b21093345753a1a98242d505bd894f42"},"headline":"Modernisation de l\u2019agriculture ivoirienne\u00a0: \u00ab\u00a0Agri-tech Tunisia\u00a0\u00bb un projet \u00e0 la pointe de la technologie","datePublished":"2022-08-30T08:05:55+00:00","dateModified":"2022-08-30T08:06:35+00:00","mainEntityOfPage":{"@id":"https:\/\/www.amanien.info\/news\/modernisation-de-lagriculture-ivoirienne-agri-tech-tunisia-un-projet-a-la-pointe-de-la-technologie\/"},"wordCount":418,"image":{"@id":"https:\/\/www.amanien.info\/news\/modernisation-de-lagriculture-ivoirienne-agri-tech-tunisia-un-projet-a-la-pointe-de-la-technologie\/#primaryimage"},"thumbnailUrl":"https:\/\/www.amanien.info\/news\/wp-content\/uploads\/2022\/08\/thumbnail-11.jpg","inLanguage":"fr-FR"},{"@type":"WebPage","@id":"https:\/\/www.amanien.info\/news\/modernisation-de-lagriculture-ivoirienne-agri-tech-tunisia-un-projet-a-la-pointe-de-la-technologie\/","url":"https:\/\/www.amanien.info\/news\/modernisation-de-lagriculture-ivoirienne-agri-tech-tunisia-un-projet-a-la-pointe-de-la-technologie\/","name":"Modernisation de l\u2019agriculture ivoirienne\u00a0: \"Agri-tech Tunisia\" un projet \u00e0 la pointe de la technologie - Amanien| L&#039;actualit\u00e9 Ivoirienne et Internationale","isPartOf":{"@id":"https:\/\/www.amanien.info\/news\/#website"},"primaryImageOfPage":{"@id":"https:\/\/www.amanien.info\/news\/modernisation-de-lagriculture-ivoirienne-agri-tech-tunisia-un-projet-a-la-pointe-de-la-technologie\/#primaryimage"},"image":{"@id":"https:\/\/www.amanien.info\/news\/modernisation-de-lagriculture-ivoirienne-agri-tech-tunisia-un-projet-a-la-pointe-de-la-technologie\/#primaryimage"},"thumbnailUrl":"https:\/\/www.amanien.info\/news\/wp-content\/uploads\/2022\/08\/thumbnail-11.jpg","datePublished":"2022-08-30T08:05:55+00:00","dateModified":"2022-08-30T08:06:35+00:00","author":{"@id":"https:\/\/www.amanien.info\/news\/#\/schema\/person\/b21093345753a1a98242d505bd894f42"},"breadcrumb":{"@id":"https:\/\/www.amanien.info\/news\/modernisation-de-lagriculture-ivoirienne-agri-tech-tunisia-un-projet-a-la-pointe-de-la-technologie\/#breadcrumb"},"inLanguage":"fr-FR","potentialAction":[{"@type":"ReadAction","target":["https:\/\/www.amanien.info\/news\/modernisation-de-lagriculture-ivoirienne-agri-tech-tunisia-un-projet-a-la-pointe-de-la-technologie\/"]}]},{"@type":"ImageObject","inLanguage":"fr-FR","@id":"https:\/\/www.amanien.info\/news\/modernisation-de-lagriculture-ivoirienne-agri-tech-tunisia-un-projet-a-la-pointe-de-la-technologie\/#primaryimage","url":"https:\/\/www.amanien.info\/news\/wp-content\/uploads\/2022\/08\/thumbnail-11.jpg","contentUrl":"https:\/\/www.amanien.info\/news\/wp-content\/uploads\/2022\/08\/thumbnail-11.jpg","width":504,"height":490},{"@type":"BreadcrumbList","@id":"https:\/\/www.amanien.info\/news\/modernisation-de-lagriculture-ivoirienne-agri-tech-tunisia-un-projet-a-la-pointe-de-la-technologie\/#breadcrumb","itemListElement":[{"@type":"ListItem","position":1,"name":"Accueil","item":"https:\/\/www.amanien.info\/news\/"},{"@type":"ListItem","position":2,"name":"Modernisation de l\u2019agriculture ivoirienne\u00a0: \u00ab\u00a0Agri-tech Tunisia\u00a0\u00bb un projet \u00e0 la pointe de la technologie"}]},{"@type":"WebSite","@id":"https:\/\/www.amanien.info\/news\/#website","url":"https:\/\/www.amanien.info\/news\/","name":"Amanien| L&#039;actualit\u00e9 Ivoirienne et Internationale","description":"L&#039;actualit\u00e9 Ivoirienne et Internationale","potentialAction":[{"@type":"SearchAction","target":{"@type":"EntryPoint","urlTemplate":"https:\/\/www.amanien.info\/news\/?s={search_term_string}"},"query-input":{"@type":"PropertyValueSpecification","valueRequired":true,"valueName":"search_term_string"}}],"inLanguage":"fr-FR"},{"@type":"Person","@id":"https:\/\/www.amanien.info\/news\/#\/schema\/person\/b21093345753a1a98242d505bd894f42","name":"Germain Ndri","url":"https:\/\/www.amanien.info\/news\/author\/amanien-infos\/"}]}},"_links":{"self":[{"href":"https:\/\/www.amanien.info\/news\/wp-json\/wp\/v2\/posts\/3646","targetHints":{"allow":["GET"]}}],"collection":[{"href":"https:\/\/www.amanien.info\/news\/wp-json\/wp\/v2\/posts"}],"about":[{"href":"https:\/\/www.amanien.info\/news\/wp-json\/wp\/v2\/types\/post"}],"author":[{"embeddable":true,"href":"https:\/\/www.amanien.info\/news\/wp-json\/wp\/v2\/users\/2"}],"replies":[{"embeddable":true,"href":"https:\/\/www.amanien.info\/news\/wp-json\/wp\/v2\/comments?post=3646"}],"version-history":[{"count":1,"href":"https:\/\/www.amanien.info\/news\/wp-json\/wp\/v2\/posts\/3646\/revisions"}],"predecessor-version":[{"id":3648,"href":"https:\/\/www.amanien.info\/news\/wp-json\/wp\/v2\/posts\/3646\/revisions\/3648"}],"wp:featuredmedia":[{"embeddable":true,"href":"https:\/\/www.amanien.info\/news\/wp-json\/wp\/v2\/media\/3647"}],"wp:attachment":[{"href":"https:\/\/www.amanien.info\/news\/wp-json\/wp\/v2\/media?parent=3646"}],"wp:term":[{"taxonomy":"category","embeddable":true,"href":"https:\/\/www.amanien.info\/news\/wp-json\/wp\/v2\/categories?post=3646"},{"taxonomy":"post_tag","embeddable":true,"href":"https:\/\/www.amanien.info\/news\/wp-json\/wp\/v2\/tags?post=3646"}],"curies":[{"name":"wp","href":"https:\/\/api.w.org\/{rel}","templated":true}]}}