{"id":3643,"date":"2022-08-30T08:01:05","date_gmt":"2022-08-30T08:01:05","guid":{"rendered":"https:\/\/www.https:\/\/zozo.buyee.jp\/\/news\/?p=3643"},"modified":"2022-08-30T08:01:31","modified_gmt":"2022-08-30T08:01:31","slug":"fete-de-moisson-2022-du-mpcdra-les-fideles-chretiens-invites-a-la-reconnaissance-envers-dieu-et-ses-serviteurs","status":"publish","type":"post","link":"https:\/\/www.amanien.info\/news\/fete-de-moisson-2022-du-mpcdra-les-fideles-chretiens-invites-a-la-reconnaissance-envers-dieu-et-ses-serviteurs\/","title":{"rendered":"F\u00eate de moisson 2022 du MPCDRA : Les fid\u00e8les chr\u00e9tiens invit\u00e9s \u00e0 la reconnaissance envers Dieu et ses serviteurs"},"content":{"rendered":"<div>Ce<b>\u00a0<\/b>samedi 20 ao\u00fbt 2022, une belle ambiance a r\u00e9gn\u00e9 dans l&rsquo;enceinte du Minist\u00e8re Proph\u00e9tique Christ pour la D\u00e9livrance et la Restauration des \u00c2mes (MPCDRA) de Yopougon (AZITO). Et pour cause, les fid\u00e8les chr\u00e9tiens sont venus nombreux c\u00e9l\u00e9brer la f\u00eate de moisson 2022 de l&rsquo;\u00e9glise. Danses, cris de joie, louanges et pri\u00e8res, pouvait-on constater. V\u00eatus en blancs, les fid\u00e8les chr\u00e9tiens du MPCDRA ont, \u00e0 l&rsquo;occasion de cette f\u00eate de moisson, marqu\u00e9 leur reconnaissance \u00e0 Dieu pour tous ses bienfaits.<\/div>\n<div><\/div>\n<div>Face \u00e0, environ, une centaine de fid\u00e8les, le Proph\u00e8te KAMAGATE a pr\u00each\u00e9 un fort message de reconnaissance \u00e0 Dieu et \u00e0 ses serviteurs.\u00a0<i>&lt;&lt;A cette f\u00eate de moisson, la reconnaissance doit nous aider v\u00e9ritablement \u00e0 pouvoir mieux servir Dieu et surtout la reconnaissance aux hommes de Dieu&gt;&gt; <\/i>a d\u00e9clar\u00e9 l&rsquo;orateur KAMAGATE.<\/div>\n<div>Et d&rsquo;ajouter :<i>&lt;&lt;Il faut ramener r\u00e9ellement les chr\u00e9tiens \u00e0 la parole de Dieu&gt;&gt;.\u00a0<\/i><\/div>\n<div><i>\u00a0<\/i><\/div>\n<div>A en croire le Proph\u00e8te, les fid\u00e8les chr\u00e9tiens ont per\u00e7u l&rsquo;essentiel de ce message; car, dira-t-il, l&rsquo;essentiel, les am\u00e8nera \u00e0 plus aimer le Seigneur, \u00e0 c\u00e9l\u00e9brer et servir Dieu davantage.<\/div>\n<div><\/div>\n<div><\/div>\n<div><\/div>\n<div>Abondant dans le m\u00eame sens, la Pr\u00e9sidente-fondatrice du MPCDRA, Sarah BAKIN a indiqu\u00e9 que cette f\u00eate de moisson(qui est biblique) a \u00e9t\u00e9 organis\u00e9e pour marquer la reconnaissance \u00e0 l&rsquo;\u00e9ternel Dieu pour ses bienfaits.<\/div>\n<div><i>\u00a0<\/i><\/div>\n<div><i>\u00a0<\/i><\/div>\n<div>\u00a0La Proph\u00e9tesse Sarah BAKIN a \u00e9galement b\u00e9ni le Seigneur car, souligne-t-elle, \u00ab\u00a0il y a eu des d\u00e9livrances et des gu\u00e9risons\u00a0\u00bb \u00e0 l&rsquo;occasion de cette f\u00eate de moisson qui a \u00e9t\u00e9 un succ\u00e8s.<\/div>\n<div><\/div>\n<div>Non sans manquer d&rsquo;expliquer ce que signifie le port de la tenue blanche pour cette journ\u00e9e sp\u00e9ciale. <i>&lt;&lt;Le blanc signifie la sanctification. Dieu identifie ses enfants par la puret\u00e9 et par la sanctification&gt;&gt;\u00a0<\/i>a fait savoir la Proph\u00e9tesse.<\/div>\n<div><\/div>\n<div><\/div>\n<div>Cette c\u00e9l\u00e9bration a port\u00e9 sur le th\u00e8me\u00a0<b>\u00a0\u00ab\u00a0Le myst\u00e8re du perc\u00e9\u00a0\u00bb <\/b>et a permis aux fid\u00e8les d&rsquo;\u00eatre \u00e9difi\u00e9s et restaur\u00e9s.<\/div>\n<div><\/div>\n<div>Pour rappel, le Minist\u00e8re Proph\u00e9tique Christ pour la D\u00e9livrance et la Restauration des \u00c2mes a \u00e9t\u00e9 fond\u00e9 en 2004. L&rsquo;\u00e9glise est repr\u00e9sent\u00e9e \u00e0 Yopougon (Gesco, Sogephya, Azito), \u00e0 Bouafl\u00e9, en France.<\/div>\n<div><\/div>\n<div><\/div>\n<div><\/div>\n<div><b>S.A<\/b>.<\/div>\n<div><\/div>\n<div><\/div>\n","protected":false},"excerpt":{"rendered":"<p>Ce\u00a0samedi 20 ao\u00fbt 2022, une belle ambiance a r\u00e9gn\u00e9 dans l&rsquo;enceinte du Minist\u00e8re Proph\u00e9tique Christ pour la D\u00e9livrance et la Restauration des \u00c2mes (MPCDRA) de Yopougon (AZITO). Et pour cause, les fid\u00e8les chr\u00e9tiens sont venus nombreux c\u00e9l\u00e9brer la f\u00eate de moisson 2022 de l&rsquo;\u00e9glise. Danses, cris de joie, louanges et pri\u00e8res, pouvait-on constater. V\u00eatus en [&hellip;]<\/p>\n","protected":false},"author":2,"featured_media":3644,"comment_status":"closed","ping_status":"closed","sticky":true,"template":"","format":"standard","meta":{"_acf_changed":false,"footnotes":""},"categories":[],"tags":[],"class_list":["post-3643","post","type-post","status-publish","format-standard","has-post-thumbnail","hentry"],"acf":[],"yoast_head":"<!-- This site is optimized with the Yoast SEO plugin v27.5 - https:\/\/yoast.com\/product\/yoast-seo-wordpress\/ -->\n<title>F\u00eate de moisson 2022 du MPCDRA : Les fid\u00e8les chr\u00e9tiens invit\u00e9s \u00e0 la reconnaissance envers Dieu et ses serviteurs - Amanien| L&#039;actualit\u00e9 Ivoirienne et Internationale<\/title>\n<meta name=\"robots\" content=\"index, follow, max-snippet:-1, max-image-preview:large, max-video-preview:-1\" \/>\n<link rel=\"canonical\" href=\"https:\/\/www.amanien.info\/news\/fete-de-moisson-2022-du-mpcdra-les-fideles-chretiens-invites-a-la-reconnaissance-envers-dieu-et-ses-serviteurs\/\" \/>\n<meta property=\"og:locale\" content=\"fr_FR\" \/>\n<meta property=\"og:type\" content=\"article\" \/>\n<meta property=\"og:title\" content=\"F\u00eate de moisson 2022 du MPCDRA : Les fid\u00e8les chr\u00e9tiens invit\u00e9s \u00e0 la reconnaissance envers Dieu et ses serviteurs - Amanien| L&#039;actualit\u00e9 Ivoirienne et Internationale\" \/>\n<meta property=\"og:description\" content=\"Ce\u00a0samedi 20 ao\u00fbt 2022, une belle ambiance a r\u00e9gn\u00e9 dans l&rsquo;enceinte du Minist\u00e8re Proph\u00e9tique Christ pour la D\u00e9livrance et la Restauration des \u00c2mes (MPCDRA) de Yopougon (AZITO). Et pour cause, les fid\u00e8les chr\u00e9tiens sont venus nombreux c\u00e9l\u00e9brer la f\u00eate de moisson 2022 de l&rsquo;\u00e9glise. Danses, cris de joie, louanges et pri\u00e8res, pouvait-on constater. V\u00eatus en [&hellip;]\" \/>\n<meta property=\"og:url\" content=\"https:\/\/www.amanien.info\/news\/fete-de-moisson-2022-du-mpcdra-les-fideles-chretiens-invites-a-la-reconnaissance-envers-dieu-et-ses-serviteurs\/\" \/>\n<meta property=\"og:site_name\" content=\"Amanien| L&#039;actualit\u00e9 Ivoirienne et Internationale\" \/>\n<meta property=\"article:published_time\" content=\"2022-08-30T08:01:05+00:00\" \/>\n<meta property=\"article:modified_time\" content=\"2022-08-30T08:01:31+00:00\" \/>\n<meta property=\"og:image\" content=\"https:\/\/www.amanien.info\/news\/wp-content\/uploads\/2022\/08\/thumbnail-10.jpg\" \/>\n\t<meta property=\"og:image:width\" content=\"1080\" \/>\n\t<meta property=\"og:image:height\" content=\"715\" \/>\n\t<meta property=\"og:image:type\" content=\"image\/jpeg\" \/>\n<meta name=\"author\" content=\"Germain Ndri\" \/>\n<meta name=\"twitter:card\" content=\"summary_large_image\" \/>\n<meta name=\"twitter:label1\" content=\"\u00c9crit par\" \/>\n\t<meta name=\"twitter:data1\" content=\"Germain Ndri\" \/>\n\t<meta name=\"twitter:label2\" content=\"Dur\u00e9e de lecture estim\u00e9e\" \/>\n\t<meta name=\"twitter:data2\" content=\"2 minutes\" \/>\n<script type=\"application\/ld+json\" class=\"yoast-schema-graph\">{\"@context\":\"https:\\\/\\\/schema.org\",\"@graph\":[{\"@type\":\"Article\",\"@id\":\"https:\\\/\\\/www.amanien.info\\\/news\\\/fete-de-moisson-2022-du-mpcdra-les-fideles-chretiens-invites-a-la-reconnaissance-envers-dieu-et-ses-serviteurs\\\/#article\",\"isPartOf\":{\"@id\":\"https:\\\/\\\/www.amanien.info\\\/news\\\/fete-de-moisson-2022-du-mpcdra-les-fideles-chretiens-invites-a-la-reconnaissance-envers-dieu-et-ses-serviteurs\\\/\"},\"author\":{\"name\":\"Germain Ndri\",\"@id\":\"https:\\\/\\\/www.amanien.info\\\/news\\\/#\\\/schema\\\/person\\\/b21093345753a1a98242d505bd894f42\"},\"headline\":\"F\u00eate de moisson 2022 du MPCDRA : Les fid\u00e8les chr\u00e9tiens invit\u00e9s \u00e0 la reconnaissance envers Dieu et ses serviteurs\",\"datePublished\":\"2022-08-30T08:01:05+00:00\",\"dateModified\":\"2022-08-30T08:01:31+00:00\",\"mainEntityOfPage\":{\"@id\":\"https:\\\/\\\/www.amanien.info\\\/news\\\/fete-de-moisson-2022-du-mpcdra-les-fideles-chretiens-invites-a-la-reconnaissance-envers-dieu-et-ses-serviteurs\\\/\"},\"wordCount\":412,\"image\":{\"@id\":\"https:\\\/\\\/www.amanien.info\\\/news\\\/fete-de-moisson-2022-du-mpcdra-les-fideles-chretiens-invites-a-la-reconnaissance-envers-dieu-et-ses-serviteurs\\\/#primaryimage\"},\"thumbnailUrl\":\"https:\\\/\\\/www.amanien.info\\\/news\\\/wp-content\\\/uploads\\\/2022\\\/08\\\/thumbnail-10.jpg\",\"inLanguage\":\"fr-FR\"},{\"@type\":\"WebPage\",\"@id\":\"https:\\\/\\\/www.amanien.info\\\/news\\\/fete-de-moisson-2022-du-mpcdra-les-fideles-chretiens-invites-a-la-reconnaissance-envers-dieu-et-ses-serviteurs\\\/\",\"url\":\"https:\\\/\\\/www.amanien.info\\\/news\\\/fete-de-moisson-2022-du-mpcdra-les-fideles-chretiens-invites-a-la-reconnaissance-envers-dieu-et-ses-serviteurs\\\/\",\"name\":\"F\u00eate de moisson 2022 du MPCDRA : Les fid\u00e8les chr\u00e9tiens invit\u00e9s \u00e0 la reconnaissance envers Dieu et ses serviteurs - Amanien| L&#039;actualit\u00e9 Ivoirienne et Internationale\",\"isPartOf\":{\"@id\":\"https:\\\/\\\/www.amanien.info\\\/news\\\/#website\"},\"primaryImageOfPage\":{\"@id\":\"https:\\\/\\\/www.amanien.info\\\/news\\\/fete-de-moisson-2022-du-mpcdra-les-fideles-chretiens-invites-a-la-reconnaissance-envers-dieu-et-ses-serviteurs\\\/#primaryimage\"},\"image\":{\"@id\":\"https:\\\/\\\/www.amanien.info\\\/news\\\/fete-de-moisson-2022-du-mpcdra-les-fideles-chretiens-invites-a-la-reconnaissance-envers-dieu-et-ses-serviteurs\\\/#primaryimage\"},\"thumbnailUrl\":\"https:\\\/\\\/www.amanien.info\\\/news\\\/wp-content\\\/uploads\\\/2022\\\/08\\\/thumbnail-10.jpg\",\"datePublished\":\"2022-08-30T08:01:05+00:00\",\"dateModified\":\"2022-08-30T08:01:31+00:00\",\"author\":{\"@id\":\"https:\\\/\\\/www.amanien.info\\\/news\\\/#\\\/schema\\\/person\\\/b21093345753a1a98242d505bd894f42\"},\"breadcrumb\":{\"@id\":\"https:\\\/\\\/www.amanien.info\\\/news\\\/fete-de-moisson-2022-du-mpcdra-les-fideles-chretiens-invites-a-la-reconnaissance-envers-dieu-et-ses-serviteurs\\\/#breadcrumb\"},\"inLanguage\":\"fr-FR\",\"potentialAction\":[{\"@type\":\"ReadAction\",\"target\":[\"https:\\\/\\\/www.amanien.info\\\/news\\\/fete-de-moisson-2022-du-mpcdra-les-fideles-chretiens-invites-a-la-reconnaissance-envers-dieu-et-ses-serviteurs\\\/\"]}]},{\"@type\":\"ImageObject\",\"inLanguage\":\"fr-FR\",\"@id\":\"https:\\\/\\\/www.amanien.info\\\/news\\\/fete-de-moisson-2022-du-mpcdra-les-fideles-chretiens-invites-a-la-reconnaissance-envers-dieu-et-ses-serviteurs\\\/#primaryimage\",\"url\":\"https:\\\/\\\/www.amanien.info\\\/news\\\/wp-content\\\/uploads\\\/2022\\\/08\\\/thumbnail-10.jpg\",\"contentUrl\":\"https:\\\/\\\/www.amanien.info\\\/news\\\/wp-content\\\/uploads\\\/2022\\\/08\\\/thumbnail-10.jpg\",\"width\":1080,\"height\":715},{\"@type\":\"BreadcrumbList\",\"@id\":\"https:\\\/\\\/www.amanien.info\\\/news\\\/fete-de-moisson-2022-du-mpcdra-les-fideles-chretiens-invites-a-la-reconnaissance-envers-dieu-et-ses-serviteurs\\\/#breadcrumb\",\"itemListElement\":[{\"@type\":\"ListItem\",\"position\":1,\"name\":\"Accueil\",\"item\":\"https:\\\/\\\/www.amanien.info\\\/news\\\/\"},{\"@type\":\"ListItem\",\"position\":2,\"name\":\"F\u00eate de moisson 2022 du MPCDRA : Les fid\u00e8les chr\u00e9tiens invit\u00e9s \u00e0 la reconnaissance envers Dieu et ses serviteurs\"}]},{\"@type\":\"WebSite\",\"@id\":\"https:\\\/\\\/www.amanien.info\\\/news\\\/#website\",\"url\":\"https:\\\/\\\/www.amanien.info\\\/news\\\/\",\"name\":\"Amanien| L&#039;actualit\u00e9 Ivoirienne et Internationale\",\"description\":\"L&#039;actualit\u00e9 Ivoirienne et Internationale\",\"potentialAction\":[{\"@type\":\"SearchAction\",\"target\":{\"@type\":\"EntryPoint\",\"urlTemplate\":\"https:\\\/\\\/www.amanien.info\\\/news\\\/?s={search_term_string}\"},\"query-input\":{\"@type\":\"PropertyValueSpecification\",\"valueRequired\":true,\"valueName\":\"search_term_string\"}}],\"inLanguage\":\"fr-FR\"},{\"@type\":\"Person\",\"@id\":\"https:\\\/\\\/www.amanien.info\\\/news\\\/#\\\/schema\\\/person\\\/b21093345753a1a98242d505bd894f42\",\"name\":\"Germain Ndri\",\"url\":\"https:\\\/\\\/www.amanien.info\\\/news\\\/author\\\/amanien-infos\\\/\"}]}<\/script>\n<!-- \/ Yoast SEO plugin. -->","yoast_head_json":{"title":"F\u00eate de moisson 2022 du MPCDRA : Les fid\u00e8les chr\u00e9tiens invit\u00e9s \u00e0 la reconnaissance envers Dieu et ses serviteurs - Amanien| L&#039;actualit\u00e9 Ivoirienne et Internationale","robots":{"index":"index","follow":"follow","max-snippet":"max-snippet:-1","max-image-preview":"max-image-preview:large","max-video-preview":"max-video-preview:-1"},"canonical":"https:\/\/www.amanien.info\/news\/fete-de-moisson-2022-du-mpcdra-les-fideles-chretiens-invites-a-la-reconnaissance-envers-dieu-et-ses-serviteurs\/","og_locale":"fr_FR","og_type":"article","og_title":"F\u00eate de moisson 2022 du MPCDRA : Les fid\u00e8les chr\u00e9tiens invit\u00e9s \u00e0 la reconnaissance envers Dieu et ses serviteurs - Amanien| L&#039;actualit\u00e9 Ivoirienne et Internationale","og_description":"Ce\u00a0samedi 20 ao\u00fbt 2022, une belle ambiance a r\u00e9gn\u00e9 dans l&rsquo;enceinte du Minist\u00e8re Proph\u00e9tique Christ pour la D\u00e9livrance et la Restauration des \u00c2mes (MPCDRA) de Yopougon (AZITO). Et pour cause, les fid\u00e8les chr\u00e9tiens sont venus nombreux c\u00e9l\u00e9brer la f\u00eate de moisson 2022 de l&rsquo;\u00e9glise. Danses, cris de joie, louanges et pri\u00e8res, pouvait-on constater. V\u00eatus en [&hellip;]","og_url":"https:\/\/www.amanien.info\/news\/fete-de-moisson-2022-du-mpcdra-les-fideles-chretiens-invites-a-la-reconnaissance-envers-dieu-et-ses-serviteurs\/","og_site_name":"Amanien| L&#039;actualit\u00e9 Ivoirienne et Internationale","article_published_time":"2022-08-30T08:01:05+00:00","article_modified_time":"2022-08-30T08:01:31+00:00","og_image":[{"width":1080,"height":715,"url":"https:\/\/www.amanien.info\/news\/wp-content\/uploads\/2022\/08\/thumbnail-10.jpg","type":"image\/jpeg"}],"author":"Germain Ndri","twitter_card":"summary_large_image","twitter_misc":{"\u00c9crit par":"Germain Ndri","Dur\u00e9e de lecture estim\u00e9e":"2 minutes"},"schema":{"@context":"https:\/\/schema.org","@graph":[{"@type":"Article","@id":"https:\/\/www.amanien.info\/news\/fete-de-moisson-2022-du-mpcdra-les-fideles-chretiens-invites-a-la-reconnaissance-envers-dieu-et-ses-serviteurs\/#article","isPartOf":{"@id":"https:\/\/www.amanien.info\/news\/fete-de-moisson-2022-du-mpcdra-les-fideles-chretiens-invites-a-la-reconnaissance-envers-dieu-et-ses-serviteurs\/"},"author":{"name":"Germain Ndri","@id":"https:\/\/www.amanien.info\/news\/#\/schema\/person\/b21093345753a1a98242d505bd894f42"},"headline":"F\u00eate de moisson 2022 du MPCDRA : Les fid\u00e8les chr\u00e9tiens invit\u00e9s \u00e0 la reconnaissance envers Dieu et ses serviteurs","datePublished":"2022-08-30T08:01:05+00:00","dateModified":"2022-08-30T08:01:31+00:00","mainEntityOfPage":{"@id":"https:\/\/www.amanien.info\/news\/fete-de-moisson-2022-du-mpcdra-les-fideles-chretiens-invites-a-la-reconnaissance-envers-dieu-et-ses-serviteurs\/"},"wordCount":412,"image":{"@id":"https:\/\/www.amanien.info\/news\/fete-de-moisson-2022-du-mpcdra-les-fideles-chretiens-invites-a-la-reconnaissance-envers-dieu-et-ses-serviteurs\/#primaryimage"},"thumbnailUrl":"https:\/\/www.amanien.info\/news\/wp-content\/uploads\/2022\/08\/thumbnail-10.jpg","inLanguage":"fr-FR"},{"@type":"WebPage","@id":"https:\/\/www.amanien.info\/news\/fete-de-moisson-2022-du-mpcdra-les-fideles-chretiens-invites-a-la-reconnaissance-envers-dieu-et-ses-serviteurs\/","url":"https:\/\/www.amanien.info\/news\/fete-de-moisson-2022-du-mpcdra-les-fideles-chretiens-invites-a-la-reconnaissance-envers-dieu-et-ses-serviteurs\/","name":"F\u00eate de moisson 2022 du MPCDRA : Les fid\u00e8les chr\u00e9tiens invit\u00e9s \u00e0 la reconnaissance envers Dieu et ses serviteurs - Amanien| L&#039;actualit\u00e9 Ivoirienne et Internationale","isPartOf":{"@id":"https:\/\/www.amanien.info\/news\/#website"},"primaryImageOfPage":{"@id":"https:\/\/www.amanien.info\/news\/fete-de-moisson-2022-du-mpcdra-les-fideles-chretiens-invites-a-la-reconnaissance-envers-dieu-et-ses-serviteurs\/#primaryimage"},"image":{"@id":"https:\/\/www.amanien.info\/news\/fete-de-moisson-2022-du-mpcdra-les-fideles-chretiens-invites-a-la-reconnaissance-envers-dieu-et-ses-serviteurs\/#primaryimage"},"thumbnailUrl":"https:\/\/www.amanien.info\/news\/wp-content\/uploads\/2022\/08\/thumbnail-10.jpg","datePublished":"2022-08-30T08:01:05+00:00","dateModified":"2022-08-30T08:01:31+00:00","author":{"@id":"https:\/\/www.amanien.info\/news\/#\/schema\/person\/b21093345753a1a98242d505bd894f42"},"breadcrumb":{"@id":"https:\/\/www.amanien.info\/news\/fete-de-moisson-2022-du-mpcdra-les-fideles-chretiens-invites-a-la-reconnaissance-envers-dieu-et-ses-serviteurs\/#breadcrumb"},"inLanguage":"fr-FR","potentialAction":[{"@type":"ReadAction","target":["https:\/\/www.amanien.info\/news\/fete-de-moisson-2022-du-mpcdra-les-fideles-chretiens-invites-a-la-reconnaissance-envers-dieu-et-ses-serviteurs\/"]}]},{"@type":"ImageObject","inLanguage":"fr-FR","@id":"https:\/\/www.amanien.info\/news\/fete-de-moisson-2022-du-mpcdra-les-fideles-chretiens-invites-a-la-reconnaissance-envers-dieu-et-ses-serviteurs\/#primaryimage","url":"https:\/\/www.amanien.info\/news\/wp-content\/uploads\/2022\/08\/thumbnail-10.jpg","contentUrl":"https:\/\/www.amanien.info\/news\/wp-content\/uploads\/2022\/08\/thumbnail-10.jpg","width":1080,"height":715},{"@type":"BreadcrumbList","@id":"https:\/\/www.amanien.info\/news\/fete-de-moisson-2022-du-mpcdra-les-fideles-chretiens-invites-a-la-reconnaissance-envers-dieu-et-ses-serviteurs\/#breadcrumb","itemListElement":[{"@type":"ListItem","position":1,"name":"Accueil","item":"https:\/\/www.amanien.info\/news\/"},{"@type":"ListItem","position":2,"name":"F\u00eate de moisson 2022 du MPCDRA : Les fid\u00e8les chr\u00e9tiens invit\u00e9s \u00e0 la reconnaissance envers Dieu et ses serviteurs"}]},{"@type":"WebSite","@id":"https:\/\/www.amanien.info\/news\/#website","url":"https:\/\/www.amanien.info\/news\/","name":"Amanien| L&#039;actualit\u00e9 Ivoirienne et Internationale","description":"L&#039;actualit\u00e9 Ivoirienne et Internationale","potentialAction":[{"@type":"SearchAction","target":{"@type":"EntryPoint","urlTemplate":"https:\/\/www.amanien.info\/news\/?s={search_term_string}"},"query-input":{"@type":"PropertyValueSpecification","valueRequired":true,"valueName":"search_term_string"}}],"inLanguage":"fr-FR"},{"@type":"Person","@id":"https:\/\/www.amanien.info\/news\/#\/schema\/person\/b21093345753a1a98242d505bd894f42","name":"Germain Ndri","url":"https:\/\/www.amanien.info\/news\/author\/amanien-infos\/"}]}},"_links":{"self":[{"href":"https:\/\/www.amanien.info\/news\/wp-json\/wp\/v2\/posts\/3643","targetHints":{"allow":["GET"]}}],"collection":[{"href":"https:\/\/www.amanien.info\/news\/wp-json\/wp\/v2\/posts"}],"about":[{"href":"https:\/\/www.amanien.info\/news\/wp-json\/wp\/v2\/types\/post"}],"author":[{"embeddable":true,"href":"https:\/\/www.amanien.info\/news\/wp-json\/wp\/v2\/users\/2"}],"replies":[{"embeddable":true,"href":"https:\/\/www.amanien.info\/news\/wp-json\/wp\/v2\/comments?post=3643"}],"version-history":[{"count":1,"href":"https:\/\/www.amanien.info\/news\/wp-json\/wp\/v2\/posts\/3643\/revisions"}],"predecessor-version":[{"id":3645,"href":"https:\/\/www.amanien.info\/news\/wp-json\/wp\/v2\/posts\/3643\/revisions\/3645"}],"wp:featuredmedia":[{"embeddable":true,"href":"https:\/\/www.amanien.info\/news\/wp-json\/wp\/v2\/media\/3644"}],"wp:attachment":[{"href":"https:\/\/www.amanien.info\/news\/wp-json\/wp\/v2\/media?parent=3643"}],"wp:term":[{"taxonomy":"category","embeddable":true,"href":"https:\/\/www.amanien.info\/news\/wp-json\/wp\/v2\/categories?post=3643"},{"taxonomy":"post_tag","embeddable":true,"href":"https:\/\/www.amanien.info\/news\/wp-json\/wp\/v2\/tags?post=3643"}],"curies":[{"name":"wp","href":"https:\/\/api.w.org\/{rel}","templated":true}]}}