{"id":3637,"date":"2022-08-30T07:55:27","date_gmt":"2022-08-30T07:55:27","guid":{"rendered":"https:\/\/www.https:\/\/zozo.buyee.jp\/\/news\/?p=3637"},"modified":"2022-08-30T07:55:59","modified_gmt":"2022-08-30T07:55:59","slug":"me-zehouri","status":"publish","type":"post","link":"https:\/\/www.amanien.info\/news\/me-zehouri\/","title":{"rendered":"Me ZEHOURI:<<Il faut que les b\u00e9n\u00e9fices de notre adh\u00e9sion au PDCI-RDA profitent aux populations du LOH-DJIBOUA>>"},"content":{"rendered":"<div><i>Dans cet entretien qu&rsquo;il a accord\u00e9 au Journal en ligne, <a href=\"http:\/\/AMANIEN.INFO\" target=\"_blank\" rel=\"nofollow noopener noreferrer\">AMANIEN.INFO<\/a>, Me Bertin Paul-Armand ZEHOURI, Notaire et Cadre de la r\u00e9gion du LOH-DJIBOUA donne le<\/i><i>s raisons de son adh\u00e9sion au PDCI-RDA, fait des r\u00e9v\u00e9lations. Le Pr\u00e9sident de l&rsquo;ODAPCI (Observatoire pour le D\u00e9veloppement, l&rsquo;Amiti\u00e9 et la Prosp\u00e9rit\u00e9 en C\u00f4te d&rsquo;Ivoire) se prononce \u00e9galement sur les \u00e9lections r\u00e9gionales et municipales \u00e0 venir et la r\u00e9cente rencontre des trois grands (B\u00e9di\u00e9, Gbagbo et Ouattara) et fait des propositions concr\u00e8tes pour une paix durable en C\u00f4te d&rsquo;Ivoire. Il appelle, \u00e0 cet effet, \u00e0 la paix et \u00e0 la coh\u00e9sion sociale en lan\u00e7ant un appel \u00e0 tous. En tant que Pr\u00e9sident de l&rsquo;ODAPCI, il dresse, par ailleurs, le bilan de ses actions men\u00e9es en faveur de la r\u00e9gion du LOH-DJIBOUA.\u00a0<\/i><\/div>\n<div><i>\u00a0<\/i><\/div>\n<div><i>\u00a0<\/i><\/div>\n<div><i>Bonjour Pr\u00e9sident,<br \/>\n<\/i><\/div>\n<div><\/div>\n<div><b>Quelles<\/b> <b>sont<\/b> <b>les<\/b> <b>profondes<\/b> <b>raisons<\/b>\u00a0<b>de votre adh\u00e9sion<\/b> <b>au<\/b> <b>parti<\/b> <b>septuag\u00e9naire, le PDCI-RDA \u00e0 l&rsquo;issue de l&rsquo;audience que le Pr\u00e9sident B\u00e9di\u00e9 vous a accord\u00e9e ?<\/b><\/div>\n<div><\/div>\n<div><\/div>\n<div>C&rsquo;est une rencontre, en r\u00e9alit\u00e9. Puisque c&rsquo;est c&rsquo;est d&rsquo;abord le Pr\u00e9sident Henri Konan B\u00e9di\u00e9 qui a initi\u00e9 la d\u00e9marche ; d&rsquo;ouvrir son parti, le PDCI-RDA aux cadres et leaders capables de rassemblement, de coh\u00e9sion et de d\u00e9veloppement. J&rsquo;ai r\u00e9pondu \u00e0 cette demande parce qu&rsquo;elle me paraissait bien formul\u00e9e et correspond \u00e0 l&rsquo;id\u00e9e que je me fais de la politique dans ce pays et de ma r\u00e9gion. C&rsquo;est, donc, une adh\u00e9sion qui rencontre une demande. Partant de l\u00e0, je suis fort aise pour affirmer que le PDCI \u00e9tait d\u00e9j\u00e0 ma maison, l\u00e0 o\u00f9 mon grand-p\u00e8re, ma grand-m\u00e8re limitaient d\u00e9j\u00e0 et m&rsquo;ont l\u00e9gu\u00e9 les armoiries du PDCI-RDA. Il n&rsquo;\u00e9tait pas sain que je fasse autre chose. L&rsquo;offre qui a \u00e9t\u00e9 faite par le PDCI rencontrait un fond d\u00e9j\u00e0 \u00e9tabli de naissance et de belle lurette, compl\u00e9t\u00e9e au fond cr\u00e9\u00e9 par moi-m\u00eame, c&rsquo;est-\u00e0-dire avec mes coll\u00e8gues de l&rsquo;Observatoire pour le D\u00e9veloppement, l&rsquo;Amiti\u00e9 et la Prosp\u00e9rit\u00e9 en C\u00f4te d&rsquo;Ivoire (ODAPCI) pour lutter contre l&rsquo;ignorance et la pauvret\u00e9. C&rsquo;est ce qui a occasionn\u00e9 la rencontre avec le Pr\u00e9sident Henri Konan B\u00e9di\u00e9 qui a \u00e9t\u00e9 sanctionn\u00e9e par un communiqu\u00e9 et une d\u00e9claration.<\/div>\n<div><\/div>\n<div><\/div>\n<div><b>Vous<\/b> <b>avez<\/b>, <b>\u00e0<\/b> <b>l&rsquo;issue de cette<\/b>\u00a0<b>rencontre<\/b>, <b>affirm\u00e9<\/b> <b>que<\/b> <b>votre<\/b> <b>lutte<\/b> <b>contre<\/b> <b>la<\/b> <b>pauvret\u00e9<\/b> <b>et<\/b> <b>l&rsquo;ignorance<\/b>\u00a0r<b>\u00e9joint\u00a0<\/b><b>celle<\/b> <b>du<\/b> <b>PDCI-RDA.<\/b>\u00a0<b>Expliquez-nous<\/b> <b>cette<\/b> <b>affirmation<\/b>.<\/div>\n<div><\/div>\n<div><\/div>\n<div>Le PDCI est un parti de combat, un parti qui a lutt\u00e9 pour restaurer la dignit\u00e9 des Africains et des Ivoiriens. Le PDCI-RDA a permis aux Ivoiriens de sortir de la traite n\u00e9gri\u00e8re, de la colonisation et de l&#8217;emprise n\u00e9gative de la France sous le plan \u00e9conomique dans un premier temps. Cela s&rsquo;appelle, lutter contre l&rsquo;ignorance, puisque c&rsquo;est cette ignorance de soi (comme \u00e9tant un \u00eatre capable de s&rsquo;auto-<\/div>\n<div>d\u00e9terminer, de s&rsquo;auto-d\u00e9finir, de se prendre en charge sur le plan politique, \u00e9conomique, structurel) qui a fait que les Ivoiriens avaient abandonn\u00e9 la lutte et souscrit au travail forc\u00e9 du colon dans les plantations, les champs et sur les routes.<\/div>\n<div><\/div>\n<div><\/div>\n<div><b>Comment les cadres, les populations de votre r\u00e9gion, le L\u00f4h-Djiboua ainsi que les membres de l&rsquo;ODAPCI ont accueilli cette demande(programme de gouvernement de la r\u00e9gion)?\u00a0<\/b><\/div>\n<div><b>\u00a0<\/b><\/div>\n<div><b>\u00a0<\/b><\/div>\n<div>\u00c7a<b>\u00a0<\/b>a \u00e9t\u00e9 tr\u00e8s bien accueillie. La preuve, nous sommes arriv\u00e9s en t\u00eate des intentions de vote en deux(2) ans de pr\u00e9sence sur le chiquier \u00e9lectoral sans \u00eatre un parti politique. Nous sommes hiss\u00e9s leader en terme des intentions de vote dans la r\u00e9gion. Donc, l&rsquo;opinion locale et nationale ont bien accueilli la lutte contre l&rsquo;ignorance et la pauvret\u00e9 que nous portons \u00e0 bout de bras et qui est loin d&rsquo;\u00eatre termin\u00e9e.<\/div>\n<div><\/div>\n<div><\/div>\n<div><b>Pouvez-vous dresser le bilan de vos actions men\u00e9es en faveur de la r\u00e9gion du LOH-DJIBOUA en tant que Pr\u00e9sident de l&rsquo;ODAPCI ?<\/b><\/div>\n<div><b>\u00a0<\/b><\/div>\n<div><b>\u00a0<\/b><\/div>\n<div>L&rsquo; ODAPCI, avec \u00e0 sa t\u00eate le flambeau du LOH-DJIBOUA, a agi sur plusieurs plans et plusieurs th\u00e9matiques aussi pour mettre sous ce teignoire l&rsquo;ignorance et tenter de contenir la pauvret\u00e9.<\/div>\n<div>Il y a l&rsquo;appui que l&rsquo;organisation a apport\u00e9 aux paysans, aux producteurs de palmier \u00e0 huile, de cacao, dans l&rsquo;enseignement des m\u00e9thodes phytosanitaires pour pouvoir avoir de meilleurs plateaux de production.<\/div>\n<div>Sur le plan religieux, nous avons fait des dons significatifs(des dons de mat\u00e9riels de construction dans la r\u00e9gion) dans des \u00e9glises et des mosqu\u00e9es.<\/div>\n<div>Apr\u00e8s quoi, nous sommes intervenus dans le domaine de la sant\u00e9 (distribution des matelas, de lits, offre d&rsquo;une ambulance m\u00e9dicale \u00e0 toute la r\u00e9gion bas\u00e9e au CHR de Divo). A c\u00f4t\u00e9 de cela, nous sommes beaucoup pr\u00e9sents dans le domaine culturel notamment les festivals, les carnavals et autres que nous avons toujours financ\u00e9s.<\/div>\n<div>Au plan sportif, nous avons parrain\u00e9, 100 \u00e0 150 tournois de football.<\/div>\n<div>On a aussi offert, \u00e0 Lakota, Guitry, Divo, des permis de conduire aux jeunes. On a cr\u00e9\u00e9 des emplois pour les femmes (mat\u00e9riel de cr\u00e9ation d&rsquo;activit\u00e9s g\u00e9n\u00e9ratrices de revenus, de commerce).<\/div>\n<div>Au niveau de la chefferie, qui est le moteur de nos traditions, nous avons offert du mat\u00e9riel de fonctionnement (un v\u00e9hicule, des climatiseurs, \u00e9quipements de la chefferie r\u00e9gionale de Divo), etc.<\/div>\n<div>Toutes ces actions ont \u00e9t\u00e9 men\u00e9es pour lutter contre l&rsquo;ignorance c&rsquo;est-\u00e0-dire, au cours des rassemblements, nous faisons passer le message de coh\u00e9sion, de fraternit\u00e9, de vivre ensemble, du r\u00e9veil, pour que dans notre r\u00e9gion, plus personne ne se sente l\u00e9s\u00e9e, en miniature.<\/div>\n<div><\/div>\n<div><\/div>\n<div><b>Apr\u00e8s cette adh\u00e9sion PDCI-RDA, quelles sont vos ambitions politiques (s&rsquo;agissant\u00a0<\/b><b>des r\u00e9gionales et municipales de 2023 et pr\u00e9sidentielle de 2025)?<\/b><\/div>\n<div><b>\u00a0<\/b><\/div>\n<div><b>\u00a0<\/b><\/div>\n<div><b>\u00a0<\/b><\/div>\n<div>Nos ambitions politiques, c&rsquo;est le bien-\u00eatre des populations du LOH-DJIBOUA et de la C\u00f4te d&rsquo;Ivoire. \u00c7a, c&rsquo;est le projet le plus ardent, urgent. Il faut que les b\u00e9n\u00e9fices de notre engagement (au PDCI) profitent aux populations de Divo, de Lakota, de Guitry d&rsquo;Hir\u00e9 et \u00e0 toute la C\u00f4te d&rsquo;Ivoire.<\/div>\n<div><\/div>\n<div><\/div>\n<div><\/div>\n<div><b>Si d&rsquo;aventure, la Direction du parti vous demande de vous porter candidat aux \u00e9lections r\u00e9gionales ou municipales \u00e0 venir, accepteriez-vous cette demande ?<\/b><\/div>\n<div><b>\u00a0<\/b><\/div>\n<div><b>\u00a0<\/b><\/div>\n<div>On n&rsquo;y est pas encore. Mais si c&rsquo;\u00e9tait le cas, on y r\u00e9fl\u00e9chirait. On n&rsquo;est pas seul. On est bien entour\u00e9 par des conseillers. Du moment venu, on envisagerait.<\/div>\n<div><\/div>\n<div><\/div>\n<div><\/div>\n<div><b>Quel sera votre r\u00f4le en tant que cadre, d\u00e9sormais, du PDCI-RDA dans les prochaines r\u00e9gionales et municipales ?<\/b><\/div>\n<div><b>\u00a0<\/b><\/div>\n<div><b>\u00a0<\/b><\/div>\n<div>Nous allons demander aux populations de voter massivement le PDCI-RDA. Oui, \u00e7a c&rsquo;est clair. Le projet que porte le PDCI, c&rsquo;est le projet que nous incarnons. Donc, nous allons demander aux populations de voter clairement ce projet et de donner une chance \u00e0 la r\u00e9gion du LOH-DJIBOUA, de se hisser parmi les r\u00e9gions les plus en vue en C\u00f4te d&rsquo;Ivoire. Ce n&rsquo;est pas une ambition personnelle.<\/div>\n<div><\/div>\n<div><\/div>\n<div><b>A l&rsquo;issue de cette rencontre, le Pr\u00e9sident B\u00e9di\u00e9 ne vous a-t-il pas fait des confidences ?\u00a0<\/b><\/div>\n<div><b>\u00a0<\/b><\/div>\n<div><b>\u00a0<\/b><\/div>\n<div>Le Pr\u00e9sident B\u00e9di\u00e9 est un homme sage. Il sait ce qu&rsquo;il dit. Et nul doute qu&rsquo;il pense beaucoup plus de bien de ma r\u00e9gion et de mon pays. Le reste lui appartient de r\u00e9v\u00e9ler ce qu&rsquo;il a r\u00e9ellement pr\u00e9vu pour son agenda politique. Quant \u00e0 moi, en tant que fils, cadre et acteur de d\u00e9veloppement, nous continuerons notre marche avec le PDCI qui peut compter maintenant sur l&rsquo;appui de l&rsquo;ODAPCI que nous avons cr\u00e9\u00e9.<\/div>\n<div><\/div>\n<div><\/div>\n<div><\/div>\n<div><b>A vous entendre parler, vous ne parlez plus qu&rsquo;en tant que Pr\u00e9sident de l&rsquo;ODAPCI mais plut\u00f4t sous la Direction du parti, le PDCI-RDA. Pourquoi ?<\/b><\/div>\n<div><b>\u00a0<\/b><\/div>\n<div><b>\u00a0<\/b><\/div>\n<div>Je parle au nom de tout \u00e7a \u00e0 la fois parce que je suis le flambeau du LOH-DJIBOUA. Je conduis le destin de cette r\u00e9gion sur le plan spirituel, moral, intellectuel. Mon devoir, c&rsquo;est d&rsquo;orienter ma r\u00e9gion vers une meilleure destin\u00e9e. Aujourd&rsquo;hui, j&rsquo;estime que la meilleure destin\u00e9e, c&rsquo;est le PDCI-RDA, comme ce message rencontre celui de l&rsquo;ODAPCI qui a \u00e9t\u00e9 cr\u00e9\u00e9 par le flambeau. Je donne les orientations en tant que flambeau et je souhaite \u00eatre suivi par toute la r\u00e9gion et je crois que la r\u00e9gion du LOH-DJIBOUA me suivra.<\/div>\n<div><\/div>\n<div><\/div>\n<div><b>Que pensez-vous de la rencontre des trois Grands (B\u00e9di\u00e9, Gbagbo et Ouattara) du 14 juillet dernier au palais pr\u00e9sidentiel ?<\/b><\/div>\n<div><b>\u00a0<\/b><\/div>\n<div><b>\u00a0<\/b><\/div>\n<div>C&rsquo;est une rencontre qui c\u00e9l\u00e8bre la coh\u00e9sion nationale. Elle est n\u00e9cessaire et il faut l&rsquo;encourager.<\/div>\n<div><\/div>\n<div><\/div>\n<div><b>Avez-vous des propositions concr\u00e8tes \u00e0 faire pour une paix durable en C\u00f4te d&rsquo;Ivoire ?\u00a0<\/b><\/div>\n<div><b>\u00a0<\/b><\/div>\n<div><b>\u00a0<\/b><\/div>\n<div>Il faut que la v\u00e9rit\u00e9 soit dite sur tous les grands sujets d&rsquo;int\u00e9r\u00eat national, c&rsquo;est-\u00e0-dire, qu&rsquo;on se parle franchement, que les libert\u00e9s soient garanties. Que les personnes emprisonn\u00e9es pour des opinions politiques, des personnes en exil soient lib\u00e9r\u00e9es et que celles qui connaissent des injustices sociales soient r\u00e9tablies. Apr\u00e8s ce pr\u00e9alable humain, chacun se sentira plus \u00e0 l&rsquo;aise.<\/div>\n<div><\/div>\n<div><\/div>\n<div><b>Quel message pouvez-vous laisser aux militants du PDCI-RDA, aux cadres et populations du LOH-DJIBOUA ?\u00a0<\/b><\/div>\n<div><b>\u00a0<\/b><\/div>\n<div><b>\u00a0<\/b><\/div>\n<div><b>\u00a0<\/b><\/div>\n<div>J&rsquo;appelle \u00e0 la paix et \u00e0 la r\u00e9conciliation. Cela passe par des actes positifs. Que chacun pose des actes positifs et que chacun privil\u00e9gie l&rsquo;int\u00e9r\u00eat national aux int\u00e9r\u00eats \u00e9go\u00efstes et personnels. Peu importe le parti, l&rsquo;id\u00e9ologie, ce qui est important c&rsquo;est l&rsquo;unit\u00e9 nationale.<\/div>\n<div><\/div>\n<div><\/div>\n<div><\/div>\n<div><b>R\u00e9alis\u00e9e<\/b> <b>par<\/b> <b>Sunday<\/b> <b>ALAIN<\/b><\/div>\n<div><\/div>\n","protected":false},"excerpt":{"rendered":"<p>Dans cet entretien qu&rsquo;il a accord\u00e9 au Journal en ligne, AMANIEN.INFO, Me Bertin Paul-Armand ZEHOURI, Notaire et Cadre de la r\u00e9gion du LOH-DJIBOUA donne les raisons de son adh\u00e9sion au PDCI-RDA, fait des r\u00e9v\u00e9lations. Le Pr\u00e9sident de l&rsquo;ODAPCI (Observatoire pour le D\u00e9veloppement, l&rsquo;Amiti\u00e9 et la Prosp\u00e9rit\u00e9 en C\u00f4te d&rsquo;Ivoire) se prononce \u00e9galement sur les \u00e9lections [&hellip;]<\/p>\n","protected":false},"author":2,"featured_media":3638,"comment_status":"closed","ping_status":"closed","sticky":true,"template":"","format":"standard","meta":{"_acf_changed":false,"footnotes":""},"categories":[],"tags":[],"class_list":["post-3637","post","type-post","status-publish","format-standard","has-post-thumbnail","hentry"],"acf":[],"yoast_head":"<!-- This site is optimized with the Yoast SEO plugin v27.5 - https:\/\/yoast.com\/product\/yoast-seo-wordpress\/ -->\n<title>Me ZEHOURI: - Amanien| L&#039;actualit\u00e9 Ivoirienne et Internationale<\/title>\n<meta name=\"robots\" content=\"index, follow, max-snippet:-1, max-image-preview:large, max-video-preview:-1\" \/>\n<link rel=\"canonical\" href=\"https:\/\/www.amanien.info\/news\/me-zehouri\/\" \/>\n<meta property=\"og:locale\" content=\"fr_FR\" \/>\n<meta property=\"og:type\" content=\"article\" \/>\n<meta property=\"og:title\" content=\"Me ZEHOURI: - Amanien| L&#039;actualit\u00e9 Ivoirienne et Internationale\" \/>\n<meta property=\"og:description\" content=\"Dans cet entretien qu&rsquo;il a accord\u00e9 au Journal en ligne, AMANIEN.INFO, Me Bertin Paul-Armand ZEHOURI, Notaire et Cadre de la r\u00e9gion du LOH-DJIBOUA donne les raisons de son adh\u00e9sion au PDCI-RDA, fait des r\u00e9v\u00e9lations. Le Pr\u00e9sident de l&rsquo;ODAPCI (Observatoire pour le D\u00e9veloppement, l&rsquo;Amiti\u00e9 et la Prosp\u00e9rit\u00e9 en C\u00f4te d&rsquo;Ivoire) se prononce \u00e9galement sur les \u00e9lections [&hellip;]\" \/>\n<meta property=\"og:url\" content=\"https:\/\/www.amanien.info\/news\/me-zehouri\/\" \/>\n<meta property=\"og:site_name\" content=\"Amanien| L&#039;actualit\u00e9 Ivoirienne et Internationale\" \/>\n<meta property=\"article:published_time\" content=\"2022-08-30T07:55:27+00:00\" \/>\n<meta property=\"article:modified_time\" content=\"2022-08-30T07:55:59+00:00\" \/>\n<meta property=\"og:image\" content=\"https:\/\/www.amanien.info\/news\/wp-content\/uploads\/2022\/08\/thumbnail-8.jpg\" \/>\n\t<meta property=\"og:image:width\" content=\"1024\" \/>\n\t<meta property=\"og:image:height\" content=\"731\" \/>\n\t<meta property=\"og:image:type\" content=\"image\/jpeg\" \/>\n<meta name=\"author\" content=\"Germain Ndri\" \/>\n<meta name=\"twitter:card\" content=\"summary_large_image\" \/>\n<meta name=\"twitter:label1\" content=\"\u00c9crit par\" \/>\n\t<meta name=\"twitter:data1\" content=\"Germain Ndri\" \/>\n\t<meta name=\"twitter:label2\" content=\"Dur\u00e9e de lecture estim\u00e9e\" \/>\n\t<meta name=\"twitter:data2\" content=\"8 minutes\" \/>\n<script type=\"application\/ld+json\" class=\"yoast-schema-graph\">{\"@context\":\"https:\\\/\\\/schema.org\",\"@graph\":[{\"@type\":\"Article\",\"@id\":\"https:\\\/\\\/www.amanien.info\\\/news\\\/me-zehouri\\\/#article\",\"isPartOf\":{\"@id\":\"https:\\\/\\\/www.amanien.info\\\/news\\\/me-zehouri\\\/\"},\"author\":{\"name\":\"Germain Ndri\",\"@id\":\"https:\\\/\\\/www.amanien.info\\\/news\\\/#\\\/schema\\\/person\\\/b21093345753a1a98242d505bd894f42\"},\"headline\":\"Me ZEHOURI:\",\"datePublished\":\"2022-08-30T07:55:27+00:00\",\"dateModified\":\"2022-08-30T07:55:59+00:00\",\"mainEntityOfPage\":{\"@id\":\"https:\\\/\\\/www.amanien.info\\\/news\\\/me-zehouri\\\/\"},\"wordCount\":1643,\"image\":{\"@id\":\"https:\\\/\\\/www.amanien.info\\\/news\\\/me-zehouri\\\/#primaryimage\"},\"thumbnailUrl\":\"https:\\\/\\\/www.amanien.info\\\/news\\\/wp-content\\\/uploads\\\/2022\\\/08\\\/thumbnail-8.jpg\",\"inLanguage\":\"fr-FR\"},{\"@type\":\"WebPage\",\"@id\":\"https:\\\/\\\/www.amanien.info\\\/news\\\/me-zehouri\\\/\",\"url\":\"https:\\\/\\\/www.amanien.info\\\/news\\\/me-zehouri\\\/\",\"name\":\"Me ZEHOURI: - Amanien| L&#039;actualit\u00e9 Ivoirienne et Internationale\",\"isPartOf\":{\"@id\":\"https:\\\/\\\/www.amanien.info\\\/news\\\/#website\"},\"primaryImageOfPage\":{\"@id\":\"https:\\\/\\\/www.amanien.info\\\/news\\\/me-zehouri\\\/#primaryimage\"},\"image\":{\"@id\":\"https:\\\/\\\/www.amanien.info\\\/news\\\/me-zehouri\\\/#primaryimage\"},\"thumbnailUrl\":\"https:\\\/\\\/www.amanien.info\\\/news\\\/wp-content\\\/uploads\\\/2022\\\/08\\\/thumbnail-8.jpg\",\"datePublished\":\"2022-08-30T07:55:27+00:00\",\"dateModified\":\"2022-08-30T07:55:59+00:00\",\"author\":{\"@id\":\"https:\\\/\\\/www.amanien.info\\\/news\\\/#\\\/schema\\\/person\\\/b21093345753a1a98242d505bd894f42\"},\"breadcrumb\":{\"@id\":\"https:\\\/\\\/www.amanien.info\\\/news\\\/me-zehouri\\\/#breadcrumb\"},\"inLanguage\":\"fr-FR\",\"potentialAction\":[{\"@type\":\"ReadAction\",\"target\":[\"https:\\\/\\\/www.amanien.info\\\/news\\\/me-zehouri\\\/\"]}]},{\"@type\":\"ImageObject\",\"inLanguage\":\"fr-FR\",\"@id\":\"https:\\\/\\\/www.amanien.info\\\/news\\\/me-zehouri\\\/#primaryimage\",\"url\":\"https:\\\/\\\/www.amanien.info\\\/news\\\/wp-content\\\/uploads\\\/2022\\\/08\\\/thumbnail-8.jpg\",\"contentUrl\":\"https:\\\/\\\/www.amanien.info\\\/news\\\/wp-content\\\/uploads\\\/2022\\\/08\\\/thumbnail-8.jpg\",\"width\":1024,\"height\":731},{\"@type\":\"BreadcrumbList\",\"@id\":\"https:\\\/\\\/www.amanien.info\\\/news\\\/me-zehouri\\\/#breadcrumb\",\"itemListElement\":[{\"@type\":\"ListItem\",\"position\":1,\"name\":\"Accueil\",\"item\":\"https:\\\/\\\/www.amanien.info\\\/news\\\/\"},{\"@type\":\"ListItem\",\"position\":2,\"name\":\"Me ZEHOURI:\"}]},{\"@type\":\"WebSite\",\"@id\":\"https:\\\/\\\/www.amanien.info\\\/news\\\/#website\",\"url\":\"https:\\\/\\\/www.amanien.info\\\/news\\\/\",\"name\":\"Amanien| L&#039;actualit\u00e9 Ivoirienne et Internationale\",\"description\":\"L&#039;actualit\u00e9 Ivoirienne et Internationale\",\"potentialAction\":[{\"@type\":\"SearchAction\",\"target\":{\"@type\":\"EntryPoint\",\"urlTemplate\":\"https:\\\/\\\/www.amanien.info\\\/news\\\/?s={search_term_string}\"},\"query-input\":{\"@type\":\"PropertyValueSpecification\",\"valueRequired\":true,\"valueName\":\"search_term_string\"}}],\"inLanguage\":\"fr-FR\"},{\"@type\":\"Person\",\"@id\":\"https:\\\/\\\/www.amanien.info\\\/news\\\/#\\\/schema\\\/person\\\/b21093345753a1a98242d505bd894f42\",\"name\":\"Germain Ndri\",\"url\":\"https:\\\/\\\/www.amanien.info\\\/news\\\/author\\\/amanien-infos\\\/\"}]}<\/script>\n<!-- \/ Yoast SEO plugin. -->","yoast_head_json":{"title":"Me ZEHOURI: - Amanien| L&#039;actualit\u00e9 Ivoirienne et Internationale","robots":{"index":"index","follow":"follow","max-snippet":"max-snippet:-1","max-image-preview":"max-image-preview:large","max-video-preview":"max-video-preview:-1"},"canonical":"https:\/\/www.amanien.info\/news\/me-zehouri\/","og_locale":"fr_FR","og_type":"article","og_title":"Me ZEHOURI: - Amanien| L&#039;actualit\u00e9 Ivoirienne et Internationale","og_description":"Dans cet entretien qu&rsquo;il a accord\u00e9 au Journal en ligne, AMANIEN.INFO, Me Bertin Paul-Armand ZEHOURI, Notaire et Cadre de la r\u00e9gion du LOH-DJIBOUA donne les raisons de son adh\u00e9sion au PDCI-RDA, fait des r\u00e9v\u00e9lations. Le Pr\u00e9sident de l&rsquo;ODAPCI (Observatoire pour le D\u00e9veloppement, l&rsquo;Amiti\u00e9 et la Prosp\u00e9rit\u00e9 en C\u00f4te d&rsquo;Ivoire) se prononce \u00e9galement sur les \u00e9lections [&hellip;]","og_url":"https:\/\/www.amanien.info\/news\/me-zehouri\/","og_site_name":"Amanien| L&#039;actualit\u00e9 Ivoirienne et Internationale","article_published_time":"2022-08-30T07:55:27+00:00","article_modified_time":"2022-08-30T07:55:59+00:00","og_image":[{"width":1024,"height":731,"url":"https:\/\/www.amanien.info\/news\/wp-content\/uploads\/2022\/08\/thumbnail-8.jpg","type":"image\/jpeg"}],"author":"Germain Ndri","twitter_card":"summary_large_image","twitter_misc":{"\u00c9crit par":"Germain Ndri","Dur\u00e9e de lecture estim\u00e9e":"8 minutes"},"schema":{"@context":"https:\/\/schema.org","@graph":[{"@type":"Article","@id":"https:\/\/www.amanien.info\/news\/me-zehouri\/#article","isPartOf":{"@id":"https:\/\/www.amanien.info\/news\/me-zehouri\/"},"author":{"name":"Germain Ndri","@id":"https:\/\/www.amanien.info\/news\/#\/schema\/person\/b21093345753a1a98242d505bd894f42"},"headline":"Me ZEHOURI:","datePublished":"2022-08-30T07:55:27+00:00","dateModified":"2022-08-30T07:55:59+00:00","mainEntityOfPage":{"@id":"https:\/\/www.amanien.info\/news\/me-zehouri\/"},"wordCount":1643,"image":{"@id":"https:\/\/www.amanien.info\/news\/me-zehouri\/#primaryimage"},"thumbnailUrl":"https:\/\/www.amanien.info\/news\/wp-content\/uploads\/2022\/08\/thumbnail-8.jpg","inLanguage":"fr-FR"},{"@type":"WebPage","@id":"https:\/\/www.amanien.info\/news\/me-zehouri\/","url":"https:\/\/www.amanien.info\/news\/me-zehouri\/","name":"Me ZEHOURI: - Amanien| L&#039;actualit\u00e9 Ivoirienne et Internationale","isPartOf":{"@id":"https:\/\/www.amanien.info\/news\/#website"},"primaryImageOfPage":{"@id":"https:\/\/www.amanien.info\/news\/me-zehouri\/#primaryimage"},"image":{"@id":"https:\/\/www.amanien.info\/news\/me-zehouri\/#primaryimage"},"thumbnailUrl":"https:\/\/www.amanien.info\/news\/wp-content\/uploads\/2022\/08\/thumbnail-8.jpg","datePublished":"2022-08-30T07:55:27+00:00","dateModified":"2022-08-30T07:55:59+00:00","author":{"@id":"https:\/\/www.amanien.info\/news\/#\/schema\/person\/b21093345753a1a98242d505bd894f42"},"breadcrumb":{"@id":"https:\/\/www.amanien.info\/news\/me-zehouri\/#breadcrumb"},"inLanguage":"fr-FR","potentialAction":[{"@type":"ReadAction","target":["https:\/\/www.amanien.info\/news\/me-zehouri\/"]}]},{"@type":"ImageObject","inLanguage":"fr-FR","@id":"https:\/\/www.amanien.info\/news\/me-zehouri\/#primaryimage","url":"https:\/\/www.amanien.info\/news\/wp-content\/uploads\/2022\/08\/thumbnail-8.jpg","contentUrl":"https:\/\/www.amanien.info\/news\/wp-content\/uploads\/2022\/08\/thumbnail-8.jpg","width":1024,"height":731},{"@type":"BreadcrumbList","@id":"https:\/\/www.amanien.info\/news\/me-zehouri\/#breadcrumb","itemListElement":[{"@type":"ListItem","position":1,"name":"Accueil","item":"https:\/\/www.amanien.info\/news\/"},{"@type":"ListItem","position":2,"name":"Me ZEHOURI:"}]},{"@type":"WebSite","@id":"https:\/\/www.amanien.info\/news\/#website","url":"https:\/\/www.amanien.info\/news\/","name":"Amanien| L&#039;actualit\u00e9 Ivoirienne et Internationale","description":"L&#039;actualit\u00e9 Ivoirienne et Internationale","potentialAction":[{"@type":"SearchAction","target":{"@type":"EntryPoint","urlTemplate":"https:\/\/www.amanien.info\/news\/?s={search_term_string}"},"query-input":{"@type":"PropertyValueSpecification","valueRequired":true,"valueName":"search_term_string"}}],"inLanguage":"fr-FR"},{"@type":"Person","@id":"https:\/\/www.amanien.info\/news\/#\/schema\/person\/b21093345753a1a98242d505bd894f42","name":"Germain Ndri","url":"https:\/\/www.amanien.info\/news\/author\/amanien-infos\/"}]}},"_links":{"self":[{"href":"https:\/\/www.amanien.info\/news\/wp-json\/wp\/v2\/posts\/3637","targetHints":{"allow":["GET"]}}],"collection":[{"href":"https:\/\/www.amanien.info\/news\/wp-json\/wp\/v2\/posts"}],"about":[{"href":"https:\/\/www.amanien.info\/news\/wp-json\/wp\/v2\/types\/post"}],"author":[{"embeddable":true,"href":"https:\/\/www.amanien.info\/news\/wp-json\/wp\/v2\/users\/2"}],"replies":[{"embeddable":true,"href":"https:\/\/www.amanien.info\/news\/wp-json\/wp\/v2\/comments?post=3637"}],"version-history":[{"count":1,"href":"https:\/\/www.amanien.info\/news\/wp-json\/wp\/v2\/posts\/3637\/revisions"}],"predecessor-version":[{"id":3639,"href":"https:\/\/www.amanien.info\/news\/wp-json\/wp\/v2\/posts\/3637\/revisions\/3639"}],"wp:featuredmedia":[{"embeddable":true,"href":"https:\/\/www.amanien.info\/news\/wp-json\/wp\/v2\/media\/3638"}],"wp:attachment":[{"href":"https:\/\/www.amanien.info\/news\/wp-json\/wp\/v2\/media?parent=3637"}],"wp:term":[{"taxonomy":"category","embeddable":true,"href":"https:\/\/www.amanien.info\/news\/wp-json\/wp\/v2\/categories?post=3637"},{"taxonomy":"post_tag","embeddable":true,"href":"https:\/\/www.amanien.info\/news\/wp-json\/wp\/v2\/tags?post=3637"}],"curies":[{"name":"wp","href":"https:\/\/api.w.org\/{rel}","templated":true}]}}