{"id":3585,"date":"2022-07-25T11:31:12","date_gmt":"2022-07-25T11:31:12","guid":{"rendered":"https:\/\/www.https:\/\/zozo.buyee.jp\/\/news\/?p=3585"},"modified":"2022-07-25T19:21:25","modified_gmt":"2022-07-25T19:21:25","slug":"6eme-edition-des-vacances-educative-a-cap-dail-en-france-la-fondation-children-of-africa-offre-un-sejour-educatif-aux-12-meilleurs-eleves-du-pays-dans-le-sud-de-la-france","status":"publish","type":"post","link":"https:\/\/www.amanien.info\/news\/6eme-edition-des-vacances-educative-a-cap-dail-en-france-la-fondation-children-of-africa-offre-un-sejour-educatif-aux-12-meilleurs-eleves-du-pays-dans-le-sud-de-la-france\/","title":{"rendered":"6\u00e8me \u00e9dition des vacances \u00e9ducative \u00e0 Cap d\u2019Ail en France: La Fondation Children Of Africa offre un s\u00e9jour \u00e9ducatif aux 12 meilleurs \u00e9l\u00e8ves du pays dans le sud de la France"},"content":{"rendered":"<p>Apr\u00e8s deux (2) ans de pause d\u00fb \u00e0 la pand\u00e9mie de la COVID-19, la Fondation Children Of Africa a organis\u00e9 en partenariat avec l\u2019Association Cit\u00e9 Club Universitaire, le jeudi 21 juillet 2022, la 6<sup>\u00e8me<\/sup> \u00e9dition de la c\u00e9r\u00e9monie de d\u00e9part des meilleurs \u00e9l\u00e8ves du pays pour un s\u00e9jour \u00e9ducatif au Centre M\u00e9diterran\u00e9en d\u2019Etudes Fran\u00e7aises (CMEF) situ\u00e9 \u00e0 Cap d\u2019Ail dans le sud de la France.<\/p>\n<p>La c\u00e9r\u00e9monie de mise en route des b\u00e9n\u00e9ficiaires s\u2019est d\u00e9roul\u00e9e au si\u00e8ge de la Fondation Children Of Africa en pr\u00e9sence de Madame Mariatou Kon\u00e9, Ministre de l\u2019Education Nationale et de l\u2019Alphab\u00e9tisation, Madame Nadine Sangar\u00e9, Directrice de la Fondation Children Of Africa, Dr Alain Nys, Pr\u00e9sident de l\u2019Association Cit\u00e9\u00a0Club Universitaire et son \u00e9pouse, des membres du syst\u00e8me \u00e9ducatif, les parents d\u2019\u00e9l\u00e8ves et les \u00e9l\u00e8ves b\u00e9n\u00e9ficiaires du s\u00e9jour \u00e9ducatif \u00e0 Cap d\u2019Ail.<\/p>\n<p>Pour cette 6<sup>\u00e8me<\/sup> \u00e9dition, ce sont au total douze (12) \u00e9l\u00e8ves dont l\u2019\u00e2ge est compris en 15 et 17 ans en classe de 4<sup>\u00e8me<\/sup>, 3<sup>\u00e8me<\/sup> et 2<sup>nde<\/sup> qui ont \u00e9t\u00e9 retenus. Ces \u00e9l\u00e8ves s\u00e9lectionn\u00e9s \u00e0 travers la C\u00f4te d\u2019Ivoire, en respectant la parit\u00e9 de 06 filles et 06 gar\u00e7ons viennent de Kong, Abengourou, Gagnoa, Bouak\u00e9, Zikisso, Yamoussoukro, Daloa, Abongoua, Abidjan, Niankara et de Goulia. Ils ont obtenu des moyennes comprises entre 18,57 et 17,1. Ces \u00e9l\u00e8ves passeront vingt et un (21) jours de vacances \u00e9ducatives au Centre M\u00e9diterran\u00e9en d\u2019Etudes Fran\u00e7aises (CMEF) situ\u00e9 \u00e0 Cap d\u2019Ail, pr\u00e9cis\u00e9ment sur la c\u00f4te d\u2019Azur, dans le sud de la France. \u00a0\u00a0Chacun de ces heureux b\u00e9n\u00e9ficiaires recevront avant leur d\u00e9part pour la France une somme de trois cents (300) Euro soit une enveloppe globale de 3.600 Euro pour l\u2019ensemble des b\u00e9n\u00e9ficiaires de la part de la Fondation Children Of Africa.<\/p>\n<p>L\u2019occasion pour Madame Mariatou Kon\u00e9, Ministre de l\u2019Education Nationale et de l\u2019Alphab\u00e9tisation de remerci\u00e9 Madame Dominique Ouattara, Pr\u00e9sidente de la Fondation Children Of Africa pour son appui au syst\u00e8me \u00e9ducatif dans la qu\u00eate de l\u2019excellence. Le Professeur Mariatou Kon\u00e9 en veut pour exemple l\u2019excellent r\u00e9sultat scolaire \u00e0 l\u2019entr\u00e9e en 6<sup>\u00e8me<\/sup> du Groupe Scolaire d\u2019Excellence Children Of Africa d\u2019Abobo. Madame la Ministre a rappel\u00e9 que c\u2019est depuis 2012 que la Fondation Children Of Africa et l\u2019Association Cit\u00e9 Club Universitaire ont \u00e9tabli un partenariat pour permettre aux \u00e9l\u00e8ves les plus m\u00e9ritant de b\u00e9n\u00e9ficier d\u2019un s\u00e9jour \u00e9ducatif \u00e0 Cap-D\u2019ail en France. Elle a rappel\u00e9 que ce sont au total 54 enfants qui ont b\u00e9n\u00e9fici\u00e9 de ce programme depuis son lancement en 2012.<\/p>\n<p>Madame Nadine Sangar\u00e9, Directrice de la Fondation Children Of Africa a, au nom de Madame Dominique Ouattara, f\u00e9licit\u00e9 les heureux b\u00e9n\u00e9ficiaires de ce s\u00e9jour \u00e9ducatif \u00e0 Cap-D\u2019ail en France. Elle a tenu \u00e0 pr\u00e9ciser le crit\u00e8re de s\u00e9lection des \u00e9l\u00e8ves. Selon Madame Nadine Sangar\u00e9, il revient d\u2019abord \u00e0 la Direction des \u00e9coles, lyc\u00e9es et coll\u00e8ges (DELC) du Minist\u00e8re de l\u2019Education Nationale de rassembler les meilleures moyennes g\u00e9n\u00e9rales des \u00e9l\u00e8ves des diff\u00e9rentes Directions R\u00e9gionales et de les remettre \u00e0 la Fondation Children Of Africa. Ensuite la Fondation \u00e0 son tour propose une liste de 12 \u00e9l\u00e8ves s\u00e9lectionn\u00e9s \u00e0 travers les diff\u00e9rentes r\u00e9gions de la C\u00f4te d\u2019Ivoire, en respectant la parit\u00e9 qui est ensuite valid\u00e9e par le Minist\u00e8re de l\u2019Education Nationale. Au nom de Madame Dominique Ouattara, Madame Nadine Sangar\u00e9 a termin\u00e9 en f\u00e9licitant les \u00e9l\u00e8ves retenus pour la qualit\u00e9 de leur travail. \u00ab\u00a0Ce premier voyage en France sera l\u2019occasion pour vous, de rencontrer de nouveaux amis, et de faire de belles d\u00e9couvertes dans un nouvel environnement qui j\u2019en suis s\u00fbre vous enchantera, Profitez-en au maximum et revenez avec de beaux souvenirs\u00a0\u00bb, a recommand\u00e9 Madame Sangar\u00e9.<\/p>\n<p>Le Dr Alain Nys, Pr\u00e9sident de l\u2019Association Cit\u00e9 Club Universitaire a pr\u00e9sent\u00e9 son association. Association sans but lucratif fond\u00e9e en 1952, le CMEF de Cap d&rsquo;Ail est un campus scolaire linguistique et culturel situ\u00e9 aux portes de Monaco et au c\u0153ur de la C\u00f4te d&rsquo;Azur. Le Dr Alain Nys a pr\u00e9cis\u00e9 que lors de leur s\u00e9jour au Centre les \u00e9l\u00e8ves recevront la somme de 250 Euro pour leurs d\u00e9penses personnelles.<\/p>\n<p>Mademoiselle Konan Akissi Emmanuella, porte-parole des heureux b\u00e9n\u00e9ficiaires de ce s\u00e9jour \u00e0 Cap-D\u2019ail a tenu remerci\u00e9 Madame Dominique Ouattara.<\/p>\n<p>Notons que des t\u00e9moignages d\u2019anciens deux (2) b\u00e9n\u00e9ficiaires du s\u00e9jour ont meubl\u00e9 cette c\u00e9r\u00e9monie qui s\u2019est achev\u00e9e par un cocktail offert aux invit\u00e9s.<\/p>\n<p><strong>\u00a0<\/strong><\/p>\n","protected":false},"excerpt":{"rendered":"<p>Apr\u00e8s deux (2) ans de pause d\u00fb \u00e0 la pand\u00e9mie de la COVID-19, la Fondation Children Of Africa a organis\u00e9 en partenariat avec l\u2019Association Cit\u00e9 Club Universitaire, le jeudi 21 juillet 2022, la 6\u00e8me \u00e9dition de la c\u00e9r\u00e9monie de d\u00e9part des meilleurs \u00e9l\u00e8ves du pays pour un s\u00e9jour \u00e9ducatif au Centre M\u00e9diterran\u00e9en d\u2019Etudes Fran\u00e7aises (CMEF) [&hellip;]<\/p>\n","protected":false},"author":2,"featured_media":3586,"comment_status":"closed","ping_status":"closed","sticky":true,"template":"","format":"standard","meta":{"_acf_changed":false,"footnotes":""},"categories":[],"tags":[],"class_list":["post-3585","post","type-post","status-publish","format-standard","has-post-thumbnail","hentry"],"acf":[],"yoast_head":"<!-- This site is optimized with the Yoast SEO plugin v27.5 - https:\/\/yoast.com\/product\/yoast-seo-wordpress\/ -->\n<title>6\u00e8me \u00e9dition des vacances \u00e9ducative \u00e0 Cap d\u2019Ail en France: La Fondation Children Of Africa offre un s\u00e9jour \u00e9ducatif aux 12 meilleurs \u00e9l\u00e8ves du pays dans le sud de la France - Amanien| L&#039;actualit\u00e9 Ivoirienne et Internationale<\/title>\n<meta name=\"robots\" content=\"index, follow, max-snippet:-1, max-image-preview:large, max-video-preview:-1\" \/>\n<link rel=\"canonical\" href=\"https:\/\/www.amanien.info\/news\/6eme-edition-des-vacances-educative-a-cap-dail-en-france-la-fondation-children-of-africa-offre-un-sejour-educatif-aux-12-meilleurs-eleves-du-pays-dans-le-sud-de-la-france\/\" \/>\n<meta property=\"og:locale\" content=\"fr_FR\" \/>\n<meta property=\"og:type\" content=\"article\" \/>\n<meta property=\"og:title\" content=\"6\u00e8me \u00e9dition des vacances \u00e9ducative \u00e0 Cap d\u2019Ail en France: La Fondation Children Of Africa offre un s\u00e9jour \u00e9ducatif aux 12 meilleurs \u00e9l\u00e8ves du pays dans le sud de la France - Amanien| L&#039;actualit\u00e9 Ivoirienne et Internationale\" \/>\n<meta property=\"og:description\" content=\"Apr\u00e8s deux (2) ans de pause d\u00fb \u00e0 la pand\u00e9mie de la COVID-19, la Fondation Children Of Africa a organis\u00e9 en partenariat avec l\u2019Association Cit\u00e9 Club Universitaire, le jeudi 21 juillet 2022, la 6\u00e8me \u00e9dition de la c\u00e9r\u00e9monie de d\u00e9part des meilleurs \u00e9l\u00e8ves du pays pour un s\u00e9jour \u00e9ducatif au Centre M\u00e9diterran\u00e9en d\u2019Etudes Fran\u00e7aises (CMEF) [&hellip;]\" \/>\n<meta property=\"og:url\" content=\"https:\/\/www.amanien.info\/news\/6eme-edition-des-vacances-educative-a-cap-dail-en-france-la-fondation-children-of-africa-offre-un-sejour-educatif-aux-12-meilleurs-eleves-du-pays-dans-le-sud-de-la-france\/\" \/>\n<meta property=\"og:site_name\" content=\"Amanien| L&#039;actualit\u00e9 Ivoirienne et Internationale\" \/>\n<meta property=\"article:published_time\" content=\"2022-07-25T11:31:12+00:00\" \/>\n<meta property=\"article:modified_time\" content=\"2022-07-25T19:21:25+00:00\" \/>\n<meta property=\"og:image\" content=\"https:\/\/www.amanien.info\/news\/wp-content\/uploads\/2022\/07\/thumbnail-12.jpg\" \/>\n\t<meta property=\"og:image:width\" content=\"1080\" \/>\n\t<meta property=\"og:image:height\" content=\"719\" \/>\n\t<meta property=\"og:image:type\" content=\"image\/jpeg\" \/>\n<meta name=\"author\" content=\"Germain Ndri\" \/>\n<meta name=\"twitter:card\" content=\"summary_large_image\" \/>\n<meta name=\"twitter:label1\" content=\"\u00c9crit par\" \/>\n\t<meta name=\"twitter:data1\" content=\"Germain Ndri\" \/>\n\t<meta name=\"twitter:label2\" content=\"Dur\u00e9e de lecture estim\u00e9e\" \/>\n\t<meta name=\"twitter:data2\" content=\"4 minutes\" \/>\n<script type=\"application\/ld+json\" class=\"yoast-schema-graph\">{\"@context\":\"https:\\\/\\\/schema.org\",\"@graph\":[{\"@type\":\"Article\",\"@id\":\"https:\\\/\\\/www.amanien.info\\\/news\\\/6eme-edition-des-vacances-educative-a-cap-dail-en-france-la-fondation-children-of-africa-offre-un-sejour-educatif-aux-12-meilleurs-eleves-du-pays-dans-le-sud-de-la-france\\\/#article\",\"isPartOf\":{\"@id\":\"https:\\\/\\\/www.amanien.info\\\/news\\\/6eme-edition-des-vacances-educative-a-cap-dail-en-france-la-fondation-children-of-africa-offre-un-sejour-educatif-aux-12-meilleurs-eleves-du-pays-dans-le-sud-de-la-france\\\/\"},\"author\":{\"name\":\"Germain Ndri\",\"@id\":\"https:\\\/\\\/www.amanien.info\\\/news\\\/#\\\/schema\\\/person\\\/b21093345753a1a98242d505bd894f42\"},\"headline\":\"6\u00e8me \u00e9dition des vacances \u00e9ducative \u00e0 Cap d\u2019Ail en France: La Fondation Children Of Africa offre un s\u00e9jour \u00e9ducatif aux 12 meilleurs \u00e9l\u00e8ves du pays dans le sud de la France\",\"datePublished\":\"2022-07-25T11:31:12+00:00\",\"dateModified\":\"2022-07-25T19:21:25+00:00\",\"mainEntityOfPage\":{\"@id\":\"https:\\\/\\\/www.amanien.info\\\/news\\\/6eme-edition-des-vacances-educative-a-cap-dail-en-france-la-fondation-children-of-africa-offre-un-sejour-educatif-aux-12-meilleurs-eleves-du-pays-dans-le-sud-de-la-france\\\/\"},\"wordCount\":839,\"image\":{\"@id\":\"https:\\\/\\\/www.amanien.info\\\/news\\\/6eme-edition-des-vacances-educative-a-cap-dail-en-france-la-fondation-children-of-africa-offre-un-sejour-educatif-aux-12-meilleurs-eleves-du-pays-dans-le-sud-de-la-france\\\/#primaryimage\"},\"thumbnailUrl\":\"https:\\\/\\\/www.amanien.info\\\/news\\\/wp-content\\\/uploads\\\/2022\\\/07\\\/thumbnail-12.jpg\",\"inLanguage\":\"fr-FR\"},{\"@type\":\"WebPage\",\"@id\":\"https:\\\/\\\/www.amanien.info\\\/news\\\/6eme-edition-des-vacances-educative-a-cap-dail-en-france-la-fondation-children-of-africa-offre-un-sejour-educatif-aux-12-meilleurs-eleves-du-pays-dans-le-sud-de-la-france\\\/\",\"url\":\"https:\\\/\\\/www.amanien.info\\\/news\\\/6eme-edition-des-vacances-educative-a-cap-dail-en-france-la-fondation-children-of-africa-offre-un-sejour-educatif-aux-12-meilleurs-eleves-du-pays-dans-le-sud-de-la-france\\\/\",\"name\":\"6\u00e8me \u00e9dition des vacances \u00e9ducative \u00e0 Cap d\u2019Ail en France: La Fondation Children Of Africa offre un s\u00e9jour \u00e9ducatif aux 12 meilleurs \u00e9l\u00e8ves du pays dans le sud de la France - Amanien| L&#039;actualit\u00e9 Ivoirienne et Internationale\",\"isPartOf\":{\"@id\":\"https:\\\/\\\/www.amanien.info\\\/news\\\/#website\"},\"primaryImageOfPage\":{\"@id\":\"https:\\\/\\\/www.amanien.info\\\/news\\\/6eme-edition-des-vacances-educative-a-cap-dail-en-france-la-fondation-children-of-africa-offre-un-sejour-educatif-aux-12-meilleurs-eleves-du-pays-dans-le-sud-de-la-france\\\/#primaryimage\"},\"image\":{\"@id\":\"https:\\\/\\\/www.amanien.info\\\/news\\\/6eme-edition-des-vacances-educative-a-cap-dail-en-france-la-fondation-children-of-africa-offre-un-sejour-educatif-aux-12-meilleurs-eleves-du-pays-dans-le-sud-de-la-france\\\/#primaryimage\"},\"thumbnailUrl\":\"https:\\\/\\\/www.amanien.info\\\/news\\\/wp-content\\\/uploads\\\/2022\\\/07\\\/thumbnail-12.jpg\",\"datePublished\":\"2022-07-25T11:31:12+00:00\",\"dateModified\":\"2022-07-25T19:21:25+00:00\",\"author\":{\"@id\":\"https:\\\/\\\/www.amanien.info\\\/news\\\/#\\\/schema\\\/person\\\/b21093345753a1a98242d505bd894f42\"},\"breadcrumb\":{\"@id\":\"https:\\\/\\\/www.amanien.info\\\/news\\\/6eme-edition-des-vacances-educative-a-cap-dail-en-france-la-fondation-children-of-africa-offre-un-sejour-educatif-aux-12-meilleurs-eleves-du-pays-dans-le-sud-de-la-france\\\/#breadcrumb\"},\"inLanguage\":\"fr-FR\",\"potentialAction\":[{\"@type\":\"ReadAction\",\"target\":[\"https:\\\/\\\/www.amanien.info\\\/news\\\/6eme-edition-des-vacances-educative-a-cap-dail-en-france-la-fondation-children-of-africa-offre-un-sejour-educatif-aux-12-meilleurs-eleves-du-pays-dans-le-sud-de-la-france\\\/\"]}]},{\"@type\":\"ImageObject\",\"inLanguage\":\"fr-FR\",\"@id\":\"https:\\\/\\\/www.amanien.info\\\/news\\\/6eme-edition-des-vacances-educative-a-cap-dail-en-france-la-fondation-children-of-africa-offre-un-sejour-educatif-aux-12-meilleurs-eleves-du-pays-dans-le-sud-de-la-france\\\/#primaryimage\",\"url\":\"https:\\\/\\\/www.amanien.info\\\/news\\\/wp-content\\\/uploads\\\/2022\\\/07\\\/thumbnail-12.jpg\",\"contentUrl\":\"https:\\\/\\\/www.amanien.info\\\/news\\\/wp-content\\\/uploads\\\/2022\\\/07\\\/thumbnail-12.jpg\",\"width\":1080,\"height\":719},{\"@type\":\"BreadcrumbList\",\"@id\":\"https:\\\/\\\/www.amanien.info\\\/news\\\/6eme-edition-des-vacances-educative-a-cap-dail-en-france-la-fondation-children-of-africa-offre-un-sejour-educatif-aux-12-meilleurs-eleves-du-pays-dans-le-sud-de-la-france\\\/#breadcrumb\",\"itemListElement\":[{\"@type\":\"ListItem\",\"position\":1,\"name\":\"Accueil\",\"item\":\"https:\\\/\\\/www.amanien.info\\\/news\\\/\"},{\"@type\":\"ListItem\",\"position\":2,\"name\":\"6\u00e8me \u00e9dition des vacances \u00e9ducative \u00e0 Cap d\u2019Ail en France: La Fondation Children Of Africa offre un s\u00e9jour \u00e9ducatif aux 12 meilleurs \u00e9l\u00e8ves du pays dans le sud de la France\"}]},{\"@type\":\"WebSite\",\"@id\":\"https:\\\/\\\/www.amanien.info\\\/news\\\/#website\",\"url\":\"https:\\\/\\\/www.amanien.info\\\/news\\\/\",\"name\":\"Amanien| L&#039;actualit\u00e9 Ivoirienne et Internationale\",\"description\":\"L&#039;actualit\u00e9 Ivoirienne et Internationale\",\"potentialAction\":[{\"@type\":\"SearchAction\",\"target\":{\"@type\":\"EntryPoint\",\"urlTemplate\":\"https:\\\/\\\/www.amanien.info\\\/news\\\/?s={search_term_string}\"},\"query-input\":{\"@type\":\"PropertyValueSpecification\",\"valueRequired\":true,\"valueName\":\"search_term_string\"}}],\"inLanguage\":\"fr-FR\"},{\"@type\":\"Person\",\"@id\":\"https:\\\/\\\/www.amanien.info\\\/news\\\/#\\\/schema\\\/person\\\/b21093345753a1a98242d505bd894f42\",\"name\":\"Germain Ndri\",\"url\":\"https:\\\/\\\/www.amanien.info\\\/news\\\/author\\\/amanien-infos\\\/\"}]}<\/script>\n<!-- \/ Yoast SEO plugin. -->","yoast_head_json":{"title":"6\u00e8me \u00e9dition des vacances \u00e9ducative \u00e0 Cap d\u2019Ail en France: La Fondation Children Of Africa offre un s\u00e9jour \u00e9ducatif aux 12 meilleurs \u00e9l\u00e8ves du pays dans le sud de la France - Amanien| L&#039;actualit\u00e9 Ivoirienne et Internationale","robots":{"index":"index","follow":"follow","max-snippet":"max-snippet:-1","max-image-preview":"max-image-preview:large","max-video-preview":"max-video-preview:-1"},"canonical":"https:\/\/www.amanien.info\/news\/6eme-edition-des-vacances-educative-a-cap-dail-en-france-la-fondation-children-of-africa-offre-un-sejour-educatif-aux-12-meilleurs-eleves-du-pays-dans-le-sud-de-la-france\/","og_locale":"fr_FR","og_type":"article","og_title":"6\u00e8me \u00e9dition des vacances \u00e9ducative \u00e0 Cap d\u2019Ail en France: La Fondation Children Of Africa offre un s\u00e9jour \u00e9ducatif aux 12 meilleurs \u00e9l\u00e8ves du pays dans le sud de la France - Amanien| L&#039;actualit\u00e9 Ivoirienne et Internationale","og_description":"Apr\u00e8s deux (2) ans de pause d\u00fb \u00e0 la pand\u00e9mie de la COVID-19, la Fondation Children Of Africa a organis\u00e9 en partenariat avec l\u2019Association Cit\u00e9 Club Universitaire, le jeudi 21 juillet 2022, la 6\u00e8me \u00e9dition de la c\u00e9r\u00e9monie de d\u00e9part des meilleurs \u00e9l\u00e8ves du pays pour un s\u00e9jour \u00e9ducatif au Centre M\u00e9diterran\u00e9en d\u2019Etudes Fran\u00e7aises (CMEF) [&hellip;]","og_url":"https:\/\/www.amanien.info\/news\/6eme-edition-des-vacances-educative-a-cap-dail-en-france-la-fondation-children-of-africa-offre-un-sejour-educatif-aux-12-meilleurs-eleves-du-pays-dans-le-sud-de-la-france\/","og_site_name":"Amanien| L&#039;actualit\u00e9 Ivoirienne et Internationale","article_published_time":"2022-07-25T11:31:12+00:00","article_modified_time":"2022-07-25T19:21:25+00:00","og_image":[{"width":1080,"height":719,"url":"https:\/\/www.amanien.info\/news\/wp-content\/uploads\/2022\/07\/thumbnail-12.jpg","type":"image\/jpeg"}],"author":"Germain Ndri","twitter_card":"summary_large_image","twitter_misc":{"\u00c9crit par":"Germain Ndri","Dur\u00e9e de lecture estim\u00e9e":"4 minutes"},"schema":{"@context":"https:\/\/schema.org","@graph":[{"@type":"Article","@id":"https:\/\/www.amanien.info\/news\/6eme-edition-des-vacances-educative-a-cap-dail-en-france-la-fondation-children-of-africa-offre-un-sejour-educatif-aux-12-meilleurs-eleves-du-pays-dans-le-sud-de-la-france\/#article","isPartOf":{"@id":"https:\/\/www.amanien.info\/news\/6eme-edition-des-vacances-educative-a-cap-dail-en-france-la-fondation-children-of-africa-offre-un-sejour-educatif-aux-12-meilleurs-eleves-du-pays-dans-le-sud-de-la-france\/"},"author":{"name":"Germain Ndri","@id":"https:\/\/www.amanien.info\/news\/#\/schema\/person\/b21093345753a1a98242d505bd894f42"},"headline":"6\u00e8me \u00e9dition des vacances \u00e9ducative \u00e0 Cap d\u2019Ail en France: La Fondation Children Of Africa offre un s\u00e9jour \u00e9ducatif aux 12 meilleurs \u00e9l\u00e8ves du pays dans le sud de la France","datePublished":"2022-07-25T11:31:12+00:00","dateModified":"2022-07-25T19:21:25+00:00","mainEntityOfPage":{"@id":"https:\/\/www.amanien.info\/news\/6eme-edition-des-vacances-educative-a-cap-dail-en-france-la-fondation-children-of-africa-offre-un-sejour-educatif-aux-12-meilleurs-eleves-du-pays-dans-le-sud-de-la-france\/"},"wordCount":839,"image":{"@id":"https:\/\/www.amanien.info\/news\/6eme-edition-des-vacances-educative-a-cap-dail-en-france-la-fondation-children-of-africa-offre-un-sejour-educatif-aux-12-meilleurs-eleves-du-pays-dans-le-sud-de-la-france\/#primaryimage"},"thumbnailUrl":"https:\/\/www.amanien.info\/news\/wp-content\/uploads\/2022\/07\/thumbnail-12.jpg","inLanguage":"fr-FR"},{"@type":"WebPage","@id":"https:\/\/www.amanien.info\/news\/6eme-edition-des-vacances-educative-a-cap-dail-en-france-la-fondation-children-of-africa-offre-un-sejour-educatif-aux-12-meilleurs-eleves-du-pays-dans-le-sud-de-la-france\/","url":"https:\/\/www.amanien.info\/news\/6eme-edition-des-vacances-educative-a-cap-dail-en-france-la-fondation-children-of-africa-offre-un-sejour-educatif-aux-12-meilleurs-eleves-du-pays-dans-le-sud-de-la-france\/","name":"6\u00e8me \u00e9dition des vacances \u00e9ducative \u00e0 Cap d\u2019Ail en France: La Fondation Children Of Africa offre un s\u00e9jour \u00e9ducatif aux 12 meilleurs \u00e9l\u00e8ves du pays dans le sud de la France - Amanien| L&#039;actualit\u00e9 Ivoirienne et Internationale","isPartOf":{"@id":"https:\/\/www.amanien.info\/news\/#website"},"primaryImageOfPage":{"@id":"https:\/\/www.amanien.info\/news\/6eme-edition-des-vacances-educative-a-cap-dail-en-france-la-fondation-children-of-africa-offre-un-sejour-educatif-aux-12-meilleurs-eleves-du-pays-dans-le-sud-de-la-france\/#primaryimage"},"image":{"@id":"https:\/\/www.amanien.info\/news\/6eme-edition-des-vacances-educative-a-cap-dail-en-france-la-fondation-children-of-africa-offre-un-sejour-educatif-aux-12-meilleurs-eleves-du-pays-dans-le-sud-de-la-france\/#primaryimage"},"thumbnailUrl":"https:\/\/www.amanien.info\/news\/wp-content\/uploads\/2022\/07\/thumbnail-12.jpg","datePublished":"2022-07-25T11:31:12+00:00","dateModified":"2022-07-25T19:21:25+00:00","author":{"@id":"https:\/\/www.amanien.info\/news\/#\/schema\/person\/b21093345753a1a98242d505bd894f42"},"breadcrumb":{"@id":"https:\/\/www.amanien.info\/news\/6eme-edition-des-vacances-educative-a-cap-dail-en-france-la-fondation-children-of-africa-offre-un-sejour-educatif-aux-12-meilleurs-eleves-du-pays-dans-le-sud-de-la-france\/#breadcrumb"},"inLanguage":"fr-FR","potentialAction":[{"@type":"ReadAction","target":["https:\/\/www.amanien.info\/news\/6eme-edition-des-vacances-educative-a-cap-dail-en-france-la-fondation-children-of-africa-offre-un-sejour-educatif-aux-12-meilleurs-eleves-du-pays-dans-le-sud-de-la-france\/"]}]},{"@type":"ImageObject","inLanguage":"fr-FR","@id":"https:\/\/www.amanien.info\/news\/6eme-edition-des-vacances-educative-a-cap-dail-en-france-la-fondation-children-of-africa-offre-un-sejour-educatif-aux-12-meilleurs-eleves-du-pays-dans-le-sud-de-la-france\/#primaryimage","url":"https:\/\/www.amanien.info\/news\/wp-content\/uploads\/2022\/07\/thumbnail-12.jpg","contentUrl":"https:\/\/www.amanien.info\/news\/wp-content\/uploads\/2022\/07\/thumbnail-12.jpg","width":1080,"height":719},{"@type":"BreadcrumbList","@id":"https:\/\/www.amanien.info\/news\/6eme-edition-des-vacances-educative-a-cap-dail-en-france-la-fondation-children-of-africa-offre-un-sejour-educatif-aux-12-meilleurs-eleves-du-pays-dans-le-sud-de-la-france\/#breadcrumb","itemListElement":[{"@type":"ListItem","position":1,"name":"Accueil","item":"https:\/\/www.amanien.info\/news\/"},{"@type":"ListItem","position":2,"name":"6\u00e8me \u00e9dition des vacances \u00e9ducative \u00e0 Cap d\u2019Ail en France: La Fondation Children Of Africa offre un s\u00e9jour \u00e9ducatif aux 12 meilleurs \u00e9l\u00e8ves du pays dans le sud de la France"}]},{"@type":"WebSite","@id":"https:\/\/www.amanien.info\/news\/#website","url":"https:\/\/www.amanien.info\/news\/","name":"Amanien| L&#039;actualit\u00e9 Ivoirienne et Internationale","description":"L&#039;actualit\u00e9 Ivoirienne et Internationale","potentialAction":[{"@type":"SearchAction","target":{"@type":"EntryPoint","urlTemplate":"https:\/\/www.amanien.info\/news\/?s={search_term_string}"},"query-input":{"@type":"PropertyValueSpecification","valueRequired":true,"valueName":"search_term_string"}}],"inLanguage":"fr-FR"},{"@type":"Person","@id":"https:\/\/www.amanien.info\/news\/#\/schema\/person\/b21093345753a1a98242d505bd894f42","name":"Germain Ndri","url":"https:\/\/www.amanien.info\/news\/author\/amanien-infos\/"}]}},"_links":{"self":[{"href":"https:\/\/www.amanien.info\/news\/wp-json\/wp\/v2\/posts\/3585","targetHints":{"allow":["GET"]}}],"collection":[{"href":"https:\/\/www.amanien.info\/news\/wp-json\/wp\/v2\/posts"}],"about":[{"href":"https:\/\/www.amanien.info\/news\/wp-json\/wp\/v2\/types\/post"}],"author":[{"embeddable":true,"href":"https:\/\/www.amanien.info\/news\/wp-json\/wp\/v2\/users\/2"}],"replies":[{"embeddable":true,"href":"https:\/\/www.amanien.info\/news\/wp-json\/wp\/v2\/comments?post=3585"}],"version-history":[{"count":1,"href":"https:\/\/www.amanien.info\/news\/wp-json\/wp\/v2\/posts\/3585\/revisions"}],"predecessor-version":[{"id":3587,"href":"https:\/\/www.amanien.info\/news\/wp-json\/wp\/v2\/posts\/3585\/revisions\/3587"}],"wp:featuredmedia":[{"embeddable":true,"href":"https:\/\/www.amanien.info\/news\/wp-json\/wp\/v2\/media\/3586"}],"wp:attachment":[{"href":"https:\/\/www.amanien.info\/news\/wp-json\/wp\/v2\/media?parent=3585"}],"wp:term":[{"taxonomy":"category","embeddable":true,"href":"https:\/\/www.amanien.info\/news\/wp-json\/wp\/v2\/categories?post=3585"},{"taxonomy":"post_tag","embeddable":true,"href":"https:\/\/www.amanien.info\/news\/wp-json\/wp\/v2\/tags?post=3585"}],"curies":[{"name":"wp","href":"https:\/\/api.w.org\/{rel}","templated":true}]}}