{"id":3582,"date":"2022-07-25T11:26:28","date_gmt":"2022-07-25T11:26:28","guid":{"rendered":"https:\/\/www.https:\/\/zozo.buyee.jp\/\/news\/?p=3582"},"modified":"2022-07-25T11:27:10","modified_gmt":"2022-07-25T11:27:10","slug":"sekou-balo-devient-le-tout-nouveau-secretaire-departemental-rhdp-san-pedro","status":"publish","type":"post","link":"https:\/\/www.amanien.info\/news\/sekou-balo-devient-le-tout-nouveau-secretaire-departemental-rhdp-san-pedro\/","title":{"rendered":"Sekou Balo devient le tout nouveau Secr\u00e9taire D\u00e9partemental RHDP-San-Pedro"},"content":{"rendered":"<div class=\"msg-body P_wpofO mq_AS\" data-test-id=\"message-view-body-content\">\n<div class=\"jb_0 X_6MGW N_6Fd5\">\n<div>\n<div id=\"yiv2430533190\">\n<div>\n<div>Le samedi 23 juillet, \u00e0 San-Pedro sud-ouest de la C\u00f4te-D\u2019ivoire, les militants du Rassemblement des Houphouetistes pour la D\u00e9mocratie et la Paix (RHDP) \u00e9taient appel\u00e9s devant les urnes pour choisir entre la liste du secr\u00e9taire national charg\u00e9 des \u00e9lections dans la r\u00e9gion de San-Pedro, Sekou Balo et celle de Bamba Brahima alias Bamba CITELCOM.<\/div>\n<div><\/div>\n<div>En effet, apr\u00e8s quatre ann\u00e9es d\u2019existence, le RHDP\u00a0 a ouvert du 18 au 21 juillet son scrutin en vue de l\u2019\u00e9lection de ses tous premiers Secr\u00e9taires D\u00e9partementaux. Ce scrutin a mobilis\u00e9 les \u00e9lecteurs, puisque 89,03% des inscrits se sont d\u00e9plac\u00e9s \u00e0 la salle du Rotary Club.<\/div>\n<div><\/div>\n<div>C\u2019est donc la liste \u00ab\u00a0Unir pour d\u00e9velopper\u00a0\u00bb qui a \u00e9t\u00e9 choisi par les secr\u00e9taires de section avec 239 voix soit 62,31%. Quant \u00e0 la liste conduite par Bamba Brahima \u2018\u2019Renaissance, paix solidarit\u00e9\u00a0\u00bb, elle n\u2019a rassembl\u00e9 que 150 voix soit 37,68%.<\/div>\n<div>Inscrits : 447, votants : 398, suffrages exprim\u00e9 389.<\/div>\n<div><\/div>\n<div>Thierry Lagognon<\/div>\n<div><\/div>\n<\/div>\n<\/div>\n<\/div>\n<\/div>\n<\/div>\n","protected":false},"excerpt":{"rendered":"<p>Le samedi 23 juillet, \u00e0 San-Pedro sud-ouest de la C\u00f4te-D\u2019ivoire, les militants du Rassemblement des Houphouetistes pour la D\u00e9mocratie et la Paix (RHDP) \u00e9taient appel\u00e9s devant les urnes pour choisir entre la liste du secr\u00e9taire national charg\u00e9 des \u00e9lections dans la r\u00e9gion de San-Pedro, Sekou Balo et celle de Bamba Brahima alias Bamba CITELCOM. En [&hellip;]<\/p>\n","protected":false},"author":2,"featured_media":3583,"comment_status":"closed","ping_status":"closed","sticky":true,"template":"","format":"standard","meta":{"_acf_changed":false,"footnotes":""},"categories":[],"tags":[],"class_list":["post-3582","post","type-post","status-publish","format-standard","has-post-thumbnail","hentry"],"acf":[],"yoast_head":"<!-- This site is optimized with the Yoast SEO plugin v27.5 - https:\/\/yoast.com\/product\/yoast-seo-wordpress\/ -->\n<title>Sekou Balo devient le tout nouveau Secr\u00e9taire D\u00e9partemental RHDP-San-Pedro - Amanien| L&#039;actualit\u00e9 Ivoirienne et Internationale<\/title>\n<meta name=\"robots\" content=\"index, follow, max-snippet:-1, max-image-preview:large, max-video-preview:-1\" \/>\n<link rel=\"canonical\" href=\"https:\/\/www.amanien.info\/news\/sekou-balo-devient-le-tout-nouveau-secretaire-departemental-rhdp-san-pedro\/\" \/>\n<meta property=\"og:locale\" content=\"fr_FR\" \/>\n<meta property=\"og:type\" content=\"article\" \/>\n<meta property=\"og:title\" content=\"Sekou Balo devient le tout nouveau Secr\u00e9taire D\u00e9partemental RHDP-San-Pedro - Amanien| L&#039;actualit\u00e9 Ivoirienne et Internationale\" \/>\n<meta property=\"og:description\" content=\"Le samedi 23 juillet, \u00e0 San-Pedro sud-ouest de la C\u00f4te-D\u2019ivoire, les militants du Rassemblement des Houphouetistes pour la D\u00e9mocratie et la Paix (RHDP) \u00e9taient appel\u00e9s devant les urnes pour choisir entre la liste du secr\u00e9taire national charg\u00e9 des \u00e9lections dans la r\u00e9gion de San-Pedro, Sekou Balo et celle de Bamba Brahima alias Bamba CITELCOM. En [&hellip;]\" \/>\n<meta property=\"og:url\" content=\"https:\/\/www.amanien.info\/news\/sekou-balo-devient-le-tout-nouveau-secretaire-departemental-rhdp-san-pedro\/\" \/>\n<meta property=\"og:site_name\" content=\"Amanien| L&#039;actualit\u00e9 Ivoirienne et Internationale\" \/>\n<meta property=\"article:published_time\" content=\"2022-07-25T11:26:28+00:00\" \/>\n<meta property=\"article:modified_time\" content=\"2022-07-25T11:27:10+00:00\" \/>\n<meta property=\"og:image\" content=\"https:\/\/www.amanien.info\/news\/wp-content\/uploads\/2022\/07\/thumbnail-11.jpg\" \/>\n\t<meta property=\"og:image:width\" content=\"1080\" \/>\n\t<meta property=\"og:image:height\" content=\"720\" \/>\n\t<meta property=\"og:image:type\" content=\"image\/jpeg\" \/>\n<meta name=\"author\" content=\"Germain Ndri\" \/>\n<meta name=\"twitter:card\" content=\"summary_large_image\" \/>\n<meta name=\"twitter:label1\" content=\"\u00c9crit par\" \/>\n\t<meta name=\"twitter:data1\" content=\"Germain Ndri\" \/>\n\t<meta name=\"twitter:label2\" content=\"Dur\u00e9e de lecture estim\u00e9e\" \/>\n\t<meta name=\"twitter:data2\" content=\"1 minute\" \/>\n<script type=\"application\/ld+json\" class=\"yoast-schema-graph\">{\"@context\":\"https:\\\/\\\/schema.org\",\"@graph\":[{\"@type\":\"Article\",\"@id\":\"https:\\\/\\\/www.amanien.info\\\/news\\\/sekou-balo-devient-le-tout-nouveau-secretaire-departemental-rhdp-san-pedro\\\/#article\",\"isPartOf\":{\"@id\":\"https:\\\/\\\/www.amanien.info\\\/news\\\/sekou-balo-devient-le-tout-nouveau-secretaire-departemental-rhdp-san-pedro\\\/\"},\"author\":{\"name\":\"Germain Ndri\",\"@id\":\"https:\\\/\\\/www.amanien.info\\\/news\\\/#\\\/schema\\\/person\\\/b21093345753a1a98242d505bd894f42\"},\"headline\":\"Sekou Balo devient le tout nouveau Secr\u00e9taire D\u00e9partemental RHDP-San-Pedro\",\"datePublished\":\"2022-07-25T11:26:28+00:00\",\"dateModified\":\"2022-07-25T11:27:10+00:00\",\"mainEntityOfPage\":{\"@id\":\"https:\\\/\\\/www.amanien.info\\\/news\\\/sekou-balo-devient-le-tout-nouveau-secretaire-departemental-rhdp-san-pedro\\\/\"},\"wordCount\":164,\"image\":{\"@id\":\"https:\\\/\\\/www.amanien.info\\\/news\\\/sekou-balo-devient-le-tout-nouveau-secretaire-departemental-rhdp-san-pedro\\\/#primaryimage\"},\"thumbnailUrl\":\"https:\\\/\\\/www.amanien.info\\\/news\\\/wp-content\\\/uploads\\\/2022\\\/07\\\/thumbnail-11.jpg\",\"inLanguage\":\"fr-FR\"},{\"@type\":\"WebPage\",\"@id\":\"https:\\\/\\\/www.amanien.info\\\/news\\\/sekou-balo-devient-le-tout-nouveau-secretaire-departemental-rhdp-san-pedro\\\/\",\"url\":\"https:\\\/\\\/www.amanien.info\\\/news\\\/sekou-balo-devient-le-tout-nouveau-secretaire-departemental-rhdp-san-pedro\\\/\",\"name\":\"Sekou Balo devient le tout nouveau Secr\u00e9taire D\u00e9partemental RHDP-San-Pedro - Amanien| L&#039;actualit\u00e9 Ivoirienne et Internationale\",\"isPartOf\":{\"@id\":\"https:\\\/\\\/www.amanien.info\\\/news\\\/#website\"},\"primaryImageOfPage\":{\"@id\":\"https:\\\/\\\/www.amanien.info\\\/news\\\/sekou-balo-devient-le-tout-nouveau-secretaire-departemental-rhdp-san-pedro\\\/#primaryimage\"},\"image\":{\"@id\":\"https:\\\/\\\/www.amanien.info\\\/news\\\/sekou-balo-devient-le-tout-nouveau-secretaire-departemental-rhdp-san-pedro\\\/#primaryimage\"},\"thumbnailUrl\":\"https:\\\/\\\/www.amanien.info\\\/news\\\/wp-content\\\/uploads\\\/2022\\\/07\\\/thumbnail-11.jpg\",\"datePublished\":\"2022-07-25T11:26:28+00:00\",\"dateModified\":\"2022-07-25T11:27:10+00:00\",\"author\":{\"@id\":\"https:\\\/\\\/www.amanien.info\\\/news\\\/#\\\/schema\\\/person\\\/b21093345753a1a98242d505bd894f42\"},\"breadcrumb\":{\"@id\":\"https:\\\/\\\/www.amanien.info\\\/news\\\/sekou-balo-devient-le-tout-nouveau-secretaire-departemental-rhdp-san-pedro\\\/#breadcrumb\"},\"inLanguage\":\"fr-FR\",\"potentialAction\":[{\"@type\":\"ReadAction\",\"target\":[\"https:\\\/\\\/www.amanien.info\\\/news\\\/sekou-balo-devient-le-tout-nouveau-secretaire-departemental-rhdp-san-pedro\\\/\"]}]},{\"@type\":\"ImageObject\",\"inLanguage\":\"fr-FR\",\"@id\":\"https:\\\/\\\/www.amanien.info\\\/news\\\/sekou-balo-devient-le-tout-nouveau-secretaire-departemental-rhdp-san-pedro\\\/#primaryimage\",\"url\":\"https:\\\/\\\/www.amanien.info\\\/news\\\/wp-content\\\/uploads\\\/2022\\\/07\\\/thumbnail-11.jpg\",\"contentUrl\":\"https:\\\/\\\/www.amanien.info\\\/news\\\/wp-content\\\/uploads\\\/2022\\\/07\\\/thumbnail-11.jpg\",\"width\":1080,\"height\":720},{\"@type\":\"BreadcrumbList\",\"@id\":\"https:\\\/\\\/www.amanien.info\\\/news\\\/sekou-balo-devient-le-tout-nouveau-secretaire-departemental-rhdp-san-pedro\\\/#breadcrumb\",\"itemListElement\":[{\"@type\":\"ListItem\",\"position\":1,\"name\":\"Accueil\",\"item\":\"https:\\\/\\\/www.amanien.info\\\/news\\\/\"},{\"@type\":\"ListItem\",\"position\":2,\"name\":\"Sekou Balo devient le tout nouveau Secr\u00e9taire D\u00e9partemental RHDP-San-Pedro\"}]},{\"@type\":\"WebSite\",\"@id\":\"https:\\\/\\\/www.amanien.info\\\/news\\\/#website\",\"url\":\"https:\\\/\\\/www.amanien.info\\\/news\\\/\",\"name\":\"Amanien| L&#039;actualit\u00e9 Ivoirienne et Internationale\",\"description\":\"L&#039;actualit\u00e9 Ivoirienne et Internationale\",\"potentialAction\":[{\"@type\":\"SearchAction\",\"target\":{\"@type\":\"EntryPoint\",\"urlTemplate\":\"https:\\\/\\\/www.amanien.info\\\/news\\\/?s={search_term_string}\"},\"query-input\":{\"@type\":\"PropertyValueSpecification\",\"valueRequired\":true,\"valueName\":\"search_term_string\"}}],\"inLanguage\":\"fr-FR\"},{\"@type\":\"Person\",\"@id\":\"https:\\\/\\\/www.amanien.info\\\/news\\\/#\\\/schema\\\/person\\\/b21093345753a1a98242d505bd894f42\",\"name\":\"Germain Ndri\",\"url\":\"https:\\\/\\\/www.amanien.info\\\/news\\\/author\\\/amanien-infos\\\/\"}]}<\/script>\n<!-- \/ Yoast SEO plugin. -->","yoast_head_json":{"title":"Sekou Balo devient le tout nouveau Secr\u00e9taire D\u00e9partemental RHDP-San-Pedro - Amanien| L&#039;actualit\u00e9 Ivoirienne et Internationale","robots":{"index":"index","follow":"follow","max-snippet":"max-snippet:-1","max-image-preview":"max-image-preview:large","max-video-preview":"max-video-preview:-1"},"canonical":"https:\/\/www.amanien.info\/news\/sekou-balo-devient-le-tout-nouveau-secretaire-departemental-rhdp-san-pedro\/","og_locale":"fr_FR","og_type":"article","og_title":"Sekou Balo devient le tout nouveau Secr\u00e9taire D\u00e9partemental RHDP-San-Pedro - Amanien| L&#039;actualit\u00e9 Ivoirienne et Internationale","og_description":"Le samedi 23 juillet, \u00e0 San-Pedro sud-ouest de la C\u00f4te-D\u2019ivoire, les militants du Rassemblement des Houphouetistes pour la D\u00e9mocratie et la Paix (RHDP) \u00e9taient appel\u00e9s devant les urnes pour choisir entre la liste du secr\u00e9taire national charg\u00e9 des \u00e9lections dans la r\u00e9gion de San-Pedro, Sekou Balo et celle de Bamba Brahima alias Bamba CITELCOM. En [&hellip;]","og_url":"https:\/\/www.amanien.info\/news\/sekou-balo-devient-le-tout-nouveau-secretaire-departemental-rhdp-san-pedro\/","og_site_name":"Amanien| L&#039;actualit\u00e9 Ivoirienne et Internationale","article_published_time":"2022-07-25T11:26:28+00:00","article_modified_time":"2022-07-25T11:27:10+00:00","og_image":[{"width":1080,"height":720,"url":"https:\/\/www.amanien.info\/news\/wp-content\/uploads\/2022\/07\/thumbnail-11.jpg","type":"image\/jpeg"}],"author":"Germain Ndri","twitter_card":"summary_large_image","twitter_misc":{"\u00c9crit par":"Germain Ndri","Dur\u00e9e de lecture estim\u00e9e":"1 minute"},"schema":{"@context":"https:\/\/schema.org","@graph":[{"@type":"Article","@id":"https:\/\/www.amanien.info\/news\/sekou-balo-devient-le-tout-nouveau-secretaire-departemental-rhdp-san-pedro\/#article","isPartOf":{"@id":"https:\/\/www.amanien.info\/news\/sekou-balo-devient-le-tout-nouveau-secretaire-departemental-rhdp-san-pedro\/"},"author":{"name":"Germain Ndri","@id":"https:\/\/www.amanien.info\/news\/#\/schema\/person\/b21093345753a1a98242d505bd894f42"},"headline":"Sekou Balo devient le tout nouveau Secr\u00e9taire D\u00e9partemental RHDP-San-Pedro","datePublished":"2022-07-25T11:26:28+00:00","dateModified":"2022-07-25T11:27:10+00:00","mainEntityOfPage":{"@id":"https:\/\/www.amanien.info\/news\/sekou-balo-devient-le-tout-nouveau-secretaire-departemental-rhdp-san-pedro\/"},"wordCount":164,"image":{"@id":"https:\/\/www.amanien.info\/news\/sekou-balo-devient-le-tout-nouveau-secretaire-departemental-rhdp-san-pedro\/#primaryimage"},"thumbnailUrl":"https:\/\/www.amanien.info\/news\/wp-content\/uploads\/2022\/07\/thumbnail-11.jpg","inLanguage":"fr-FR"},{"@type":"WebPage","@id":"https:\/\/www.amanien.info\/news\/sekou-balo-devient-le-tout-nouveau-secretaire-departemental-rhdp-san-pedro\/","url":"https:\/\/www.amanien.info\/news\/sekou-balo-devient-le-tout-nouveau-secretaire-departemental-rhdp-san-pedro\/","name":"Sekou Balo devient le tout nouveau Secr\u00e9taire D\u00e9partemental RHDP-San-Pedro - Amanien| L&#039;actualit\u00e9 Ivoirienne et Internationale","isPartOf":{"@id":"https:\/\/www.amanien.info\/news\/#website"},"primaryImageOfPage":{"@id":"https:\/\/www.amanien.info\/news\/sekou-balo-devient-le-tout-nouveau-secretaire-departemental-rhdp-san-pedro\/#primaryimage"},"image":{"@id":"https:\/\/www.amanien.info\/news\/sekou-balo-devient-le-tout-nouveau-secretaire-departemental-rhdp-san-pedro\/#primaryimage"},"thumbnailUrl":"https:\/\/www.amanien.info\/news\/wp-content\/uploads\/2022\/07\/thumbnail-11.jpg","datePublished":"2022-07-25T11:26:28+00:00","dateModified":"2022-07-25T11:27:10+00:00","author":{"@id":"https:\/\/www.amanien.info\/news\/#\/schema\/person\/b21093345753a1a98242d505bd894f42"},"breadcrumb":{"@id":"https:\/\/www.amanien.info\/news\/sekou-balo-devient-le-tout-nouveau-secretaire-departemental-rhdp-san-pedro\/#breadcrumb"},"inLanguage":"fr-FR","potentialAction":[{"@type":"ReadAction","target":["https:\/\/www.amanien.info\/news\/sekou-balo-devient-le-tout-nouveau-secretaire-departemental-rhdp-san-pedro\/"]}]},{"@type":"ImageObject","inLanguage":"fr-FR","@id":"https:\/\/www.amanien.info\/news\/sekou-balo-devient-le-tout-nouveau-secretaire-departemental-rhdp-san-pedro\/#primaryimage","url":"https:\/\/www.amanien.info\/news\/wp-content\/uploads\/2022\/07\/thumbnail-11.jpg","contentUrl":"https:\/\/www.amanien.info\/news\/wp-content\/uploads\/2022\/07\/thumbnail-11.jpg","width":1080,"height":720},{"@type":"BreadcrumbList","@id":"https:\/\/www.amanien.info\/news\/sekou-balo-devient-le-tout-nouveau-secretaire-departemental-rhdp-san-pedro\/#breadcrumb","itemListElement":[{"@type":"ListItem","position":1,"name":"Accueil","item":"https:\/\/www.amanien.info\/news\/"},{"@type":"ListItem","position":2,"name":"Sekou Balo devient le tout nouveau Secr\u00e9taire D\u00e9partemental RHDP-San-Pedro"}]},{"@type":"WebSite","@id":"https:\/\/www.amanien.info\/news\/#website","url":"https:\/\/www.amanien.info\/news\/","name":"Amanien| L&#039;actualit\u00e9 Ivoirienne et Internationale","description":"L&#039;actualit\u00e9 Ivoirienne et Internationale","potentialAction":[{"@type":"SearchAction","target":{"@type":"EntryPoint","urlTemplate":"https:\/\/www.amanien.info\/news\/?s={search_term_string}"},"query-input":{"@type":"PropertyValueSpecification","valueRequired":true,"valueName":"search_term_string"}}],"inLanguage":"fr-FR"},{"@type":"Person","@id":"https:\/\/www.amanien.info\/news\/#\/schema\/person\/b21093345753a1a98242d505bd894f42","name":"Germain Ndri","url":"https:\/\/www.amanien.info\/news\/author\/amanien-infos\/"}]}},"_links":{"self":[{"href":"https:\/\/www.amanien.info\/news\/wp-json\/wp\/v2\/posts\/3582","targetHints":{"allow":["GET"]}}],"collection":[{"href":"https:\/\/www.amanien.info\/news\/wp-json\/wp\/v2\/posts"}],"about":[{"href":"https:\/\/www.amanien.info\/news\/wp-json\/wp\/v2\/types\/post"}],"author":[{"embeddable":true,"href":"https:\/\/www.amanien.info\/news\/wp-json\/wp\/v2\/users\/2"}],"replies":[{"embeddable":true,"href":"https:\/\/www.amanien.info\/news\/wp-json\/wp\/v2\/comments?post=3582"}],"version-history":[{"count":1,"href":"https:\/\/www.amanien.info\/news\/wp-json\/wp\/v2\/posts\/3582\/revisions"}],"predecessor-version":[{"id":3584,"href":"https:\/\/www.amanien.info\/news\/wp-json\/wp\/v2\/posts\/3582\/revisions\/3584"}],"wp:featuredmedia":[{"embeddable":true,"href":"https:\/\/www.amanien.info\/news\/wp-json\/wp\/v2\/media\/3583"}],"wp:attachment":[{"href":"https:\/\/www.amanien.info\/news\/wp-json\/wp\/v2\/media?parent=3582"}],"wp:term":[{"taxonomy":"category","embeddable":true,"href":"https:\/\/www.amanien.info\/news\/wp-json\/wp\/v2\/categories?post=3582"},{"taxonomy":"post_tag","embeddable":true,"href":"https:\/\/www.amanien.info\/news\/wp-json\/wp\/v2\/tags?post=3582"}],"curies":[{"name":"wp","href":"https:\/\/api.w.org\/{rel}","templated":true}]}}