{"id":3547,"date":"2022-07-06T08:07:27","date_gmt":"2022-07-06T08:07:27","guid":{"rendered":"https:\/\/www.https:\/\/zozo.buyee.jp\/\/news\/?p=3547"},"modified":"2022-07-06T08:08:00","modified_gmt":"2022-07-06T08:08:00","slug":"politique-nationale-le-pdci-rda-demande-la-mise-en-oeuvre-des-principales-recommandations-du-dialogue-politique","status":"publish","type":"post","link":"https:\/\/www.amanien.info\/news\/politique-nationale-le-pdci-rda-demande-la-mise-en-oeuvre-des-principales-recommandations-du-dialogue-politique\/","title":{"rendered":"Politique nationale : Le PDCI-RDA demande la mise en \u0153uvre des principales recommandations du dialogue politique"},"content":{"rendered":"<div>Le Porte-parole du PDCI-RDA, Dr Br\u00e9doumy Souma\u00efla a anim\u00e9, ce lundi 27 juin 2022, au si\u00e8ge du parti (Cocody), une conf\u00e9rence de presse au cours de laquelle, il a demand\u00e9 la mise en \u0153uvre des principales recommandations du dialogue politique (d\u00e9marr\u00e9 le 1er d\u00e9cembre 2021 et ayant pris fin le 04 mars dernier \u00e0 Abidjan, Plateau).<\/p>\n<div>&lt;&lt;Il y a certes les premi\u00e8res retomb\u00e9es du dialogue politique mais nous attendons la mise en \u0153uvre des principales recommandations concernant la lib\u00e9ration de tous les prisonniers politiques issus des crises \u00e9lectorales, la r\u00e9forme de la CEI, le d\u00e9coupage \u00e9lectoral, l&rsquo;audit de la liste \u00e9lectorale, le retour de tous les exil\u00e9s politiques et la rencontre des trois Grands \u00ab\u00a0B\u00e9di\u00e9, Ouattara et Gbagbo\u00a0\u00bb pour solder les contentieux d&rsquo;ordre strictement politique&gt;&gt; a d\u00e9clar\u00e9 le Porte-parole du\u00a0 PDCI-RDA, Dr Br\u00e9doumy Souma\u00efla.<\/div>\n<div><\/div>\n<div>Avant d&rsquo;ajouter : \u00ab\u00a0Il a \u00e9t\u00e9 demand\u00e9 \u00e0 tous les partis et leaders politiques de poser la conduite des actions et actes d&rsquo;apaisement. C&rsquo;est ce que le PDCI a toujours fait et continue de faire\u00a0\u00bb a-t-il soutenu.<\/div>\n<div><\/div>\n<div>Le D\u00e9put\u00e9 de Kokomian et Tankess\u00e9 a \u00e9galement d\u00e9cri\u00e9, \u00e0 cette rencontre, la gouvernance du parti au pouvoir, le RHDP.<\/div>\n<div>A cet effet, il a d\u00e9nonc\u00e9 une hausse du taux d&rsquo;inflation qui s&rsquo;\u00e9tablirait \u00e0 4,5 % en 2022, le stock de la dette, la chert\u00e9 de la vie, la circulation de la drogue, les effondrements incessants d&rsquo;immeubles \u00e0 Abidjan.<\/div>\n<div><\/div>\n<div>A cela s&rsquo;ajoutent les questions d&rsquo;assainissement et d&rsquo;inondations, de transport, de logement,\u00a0 l&rsquo;accentuation de la crise s\u00e9curitaire et la menace djihadistes \u00e0 nos fronti\u00e8res, etc.<\/div>\n<div>\u00ab\u00a0En un mot, les ivoiriens vivent dans le stress et la peur. Ils ne sont pas heureux comme ils \u00e9taient sous le pouvoir PDCI-RDA\u00a0\u00bb a laiss\u00e9 entendre le porte-parole du parti septuag\u00e9naire, le PDCI-RDA.<\/div>\n<div><\/div>\n<div>Face \u00e0 toutes ces situations, le D\u00e9put\u00e9 de Kokomian et Tankess\u00e9 invite le gouvernement actuel \u00e0 \u00eatre \u00ab\u00a0suffisamment humble en faisant\u00a0 appel \u00e0 la nation\u00a0\u00bb, en trouvant un consensus national pour \u00ab\u00a0sauver le pays\u00a0\u00bba-t-il souhait\u00e9.<\/div>\n<div>Non sans manquer de souligner que le PDCI est un parti qui est \u00ab\u00a0capable de diriger ce pays.<\/div>\n<div><\/div>\n<div><\/div>\n<div>Notons que la rencontre de ce jour s&rsquo;inscrit dans la volont\u00e9 du Pr\u00e9sident du PDCI, Henri Konan B\u00e9di\u00e9 de moderniser le parti et lui offrir des r\u00e9elles chances pour la reconqu\u00eate du pouvoir d&rsquo;Etat. L&rsquo;honorable Br\u00e9doumy Souma\u00efla Kouassi a aussi annonc\u00e9, \u00e0 cette deuxi\u00e8me session de la s\u00e9ance \u00ab\u00a0Face \u00e0 la Presse\u00a0\u00bb, les prochaines principales activit\u00e9s du parti notamment le tenue du Bureau Politique pr\u00e9vu mi-ao\u00fbt et le congr\u00e8s en novembre prochain.<\/div>\n<div><\/div>\n<div><\/div>\n<div><\/div>\n<div><b>S.A<\/b>.<\/div>\n<\/div>\n","protected":false},"excerpt":{"rendered":"<p>Le Porte-parole du PDCI-RDA, Dr Br\u00e9doumy Souma\u00efla a anim\u00e9, ce lundi 27 juin 2022, au si\u00e8ge du parti (Cocody), une conf\u00e9rence de presse au cours de laquelle, il a demand\u00e9 la mise en \u0153uvre des principales recommandations du dialogue politique (d\u00e9marr\u00e9 le 1er d\u00e9cembre 2021 et ayant pris fin le 04 mars dernier \u00e0 Abidjan, [&hellip;]<\/p>\n","protected":false},"author":2,"featured_media":3548,"comment_status":"closed","ping_status":"closed","sticky":true,"template":"","format":"standard","meta":{"_acf_changed":false,"footnotes":""},"categories":[],"tags":[],"class_list":["post-3547","post","type-post","status-publish","format-standard","has-post-thumbnail","hentry"],"acf":[],"yoast_head":"<!-- This site is optimized with the Yoast SEO plugin v27.5 - https:\/\/yoast.com\/product\/yoast-seo-wordpress\/ -->\n<title>Politique nationale : Le PDCI-RDA demande la mise en \u0153uvre des principales recommandations du dialogue politique - Amanien| L&#039;actualit\u00e9 Ivoirienne et Internationale<\/title>\n<meta name=\"robots\" content=\"index, follow, max-snippet:-1, max-image-preview:large, max-video-preview:-1\" \/>\n<link rel=\"canonical\" href=\"https:\/\/www.amanien.info\/news\/politique-nationale-le-pdci-rda-demande-la-mise-en-oeuvre-des-principales-recommandations-du-dialogue-politique\/\" \/>\n<meta property=\"og:locale\" content=\"fr_FR\" \/>\n<meta property=\"og:type\" content=\"article\" \/>\n<meta property=\"og:title\" content=\"Politique nationale : Le PDCI-RDA demande la mise en \u0153uvre des principales recommandations du dialogue politique - Amanien| L&#039;actualit\u00e9 Ivoirienne et Internationale\" \/>\n<meta property=\"og:description\" content=\"Le Porte-parole du PDCI-RDA, Dr Br\u00e9doumy Souma\u00efla a anim\u00e9, ce lundi 27 juin 2022, au si\u00e8ge du parti (Cocody), une conf\u00e9rence de presse au cours de laquelle, il a demand\u00e9 la mise en \u0153uvre des principales recommandations du dialogue politique (d\u00e9marr\u00e9 le 1er d\u00e9cembre 2021 et ayant pris fin le 04 mars dernier \u00e0 Abidjan, [&hellip;]\" \/>\n<meta property=\"og:url\" content=\"https:\/\/www.amanien.info\/news\/politique-nationale-le-pdci-rda-demande-la-mise-en-oeuvre-des-principales-recommandations-du-dialogue-politique\/\" \/>\n<meta property=\"og:site_name\" content=\"Amanien| L&#039;actualit\u00e9 Ivoirienne et Internationale\" \/>\n<meta property=\"article:published_time\" content=\"2022-07-06T08:07:27+00:00\" \/>\n<meta property=\"article:modified_time\" content=\"2022-07-06T08:08:00+00:00\" \/>\n<meta property=\"og:image\" content=\"https:\/\/www.amanien.info\/news\/wp-content\/uploads\/2022\/07\/thumbnail-2.jpg\" \/>\n\t<meta property=\"og:image:width\" content=\"1024\" \/>\n\t<meta property=\"og:image:height\" content=\"683\" \/>\n\t<meta property=\"og:image:type\" content=\"image\/jpeg\" \/>\n<meta name=\"author\" content=\"Germain Ndri\" \/>\n<meta name=\"twitter:card\" content=\"summary_large_image\" \/>\n<meta name=\"twitter:label1\" content=\"\u00c9crit par\" \/>\n\t<meta name=\"twitter:data1\" content=\"Germain Ndri\" \/>\n\t<meta name=\"twitter:label2\" content=\"Dur\u00e9e de lecture estim\u00e9e\" \/>\n\t<meta name=\"twitter:data2\" content=\"3 minutes\" \/>\n<script type=\"application\/ld+json\" class=\"yoast-schema-graph\">{\"@context\":\"https:\\\/\\\/schema.org\",\"@graph\":[{\"@type\":\"Article\",\"@id\":\"https:\\\/\\\/www.amanien.info\\\/news\\\/politique-nationale-le-pdci-rda-demande-la-mise-en-oeuvre-des-principales-recommandations-du-dialogue-politique\\\/#article\",\"isPartOf\":{\"@id\":\"https:\\\/\\\/www.amanien.info\\\/news\\\/politique-nationale-le-pdci-rda-demande-la-mise-en-oeuvre-des-principales-recommandations-du-dialogue-politique\\\/\"},\"author\":{\"name\":\"Germain Ndri\",\"@id\":\"https:\\\/\\\/www.amanien.info\\\/news\\\/#\\\/schema\\\/person\\\/b21093345753a1a98242d505bd894f42\"},\"headline\":\"Politique nationale : Le PDCI-RDA demande la mise en \u0153uvre des principales recommandations du dialogue politique\",\"datePublished\":\"2022-07-06T08:07:27+00:00\",\"dateModified\":\"2022-07-06T08:08:00+00:00\",\"mainEntityOfPage\":{\"@id\":\"https:\\\/\\\/www.amanien.info\\\/news\\\/politique-nationale-le-pdci-rda-demande-la-mise-en-oeuvre-des-principales-recommandations-du-dialogue-politique\\\/\"},\"wordCount\":467,\"image\":{\"@id\":\"https:\\\/\\\/www.amanien.info\\\/news\\\/politique-nationale-le-pdci-rda-demande-la-mise-en-oeuvre-des-principales-recommandations-du-dialogue-politique\\\/#primaryimage\"},\"thumbnailUrl\":\"https:\\\/\\\/www.amanien.info\\\/news\\\/wp-content\\\/uploads\\\/2022\\\/07\\\/thumbnail-2.jpg\",\"inLanguage\":\"fr-FR\"},{\"@type\":\"WebPage\",\"@id\":\"https:\\\/\\\/www.amanien.info\\\/news\\\/politique-nationale-le-pdci-rda-demande-la-mise-en-oeuvre-des-principales-recommandations-du-dialogue-politique\\\/\",\"url\":\"https:\\\/\\\/www.amanien.info\\\/news\\\/politique-nationale-le-pdci-rda-demande-la-mise-en-oeuvre-des-principales-recommandations-du-dialogue-politique\\\/\",\"name\":\"Politique nationale : Le PDCI-RDA demande la mise en \u0153uvre des principales recommandations du dialogue politique - Amanien| L&#039;actualit\u00e9 Ivoirienne et Internationale\",\"isPartOf\":{\"@id\":\"https:\\\/\\\/www.amanien.info\\\/news\\\/#website\"},\"primaryImageOfPage\":{\"@id\":\"https:\\\/\\\/www.amanien.info\\\/news\\\/politique-nationale-le-pdci-rda-demande-la-mise-en-oeuvre-des-principales-recommandations-du-dialogue-politique\\\/#primaryimage\"},\"image\":{\"@id\":\"https:\\\/\\\/www.amanien.info\\\/news\\\/politique-nationale-le-pdci-rda-demande-la-mise-en-oeuvre-des-principales-recommandations-du-dialogue-politique\\\/#primaryimage\"},\"thumbnailUrl\":\"https:\\\/\\\/www.amanien.info\\\/news\\\/wp-content\\\/uploads\\\/2022\\\/07\\\/thumbnail-2.jpg\",\"datePublished\":\"2022-07-06T08:07:27+00:00\",\"dateModified\":\"2022-07-06T08:08:00+00:00\",\"author\":{\"@id\":\"https:\\\/\\\/www.amanien.info\\\/news\\\/#\\\/schema\\\/person\\\/b21093345753a1a98242d505bd894f42\"},\"breadcrumb\":{\"@id\":\"https:\\\/\\\/www.amanien.info\\\/news\\\/politique-nationale-le-pdci-rda-demande-la-mise-en-oeuvre-des-principales-recommandations-du-dialogue-politique\\\/#breadcrumb\"},\"inLanguage\":\"fr-FR\",\"potentialAction\":[{\"@type\":\"ReadAction\",\"target\":[\"https:\\\/\\\/www.amanien.info\\\/news\\\/politique-nationale-le-pdci-rda-demande-la-mise-en-oeuvre-des-principales-recommandations-du-dialogue-politique\\\/\"]}]},{\"@type\":\"ImageObject\",\"inLanguage\":\"fr-FR\",\"@id\":\"https:\\\/\\\/www.amanien.info\\\/news\\\/politique-nationale-le-pdci-rda-demande-la-mise-en-oeuvre-des-principales-recommandations-du-dialogue-politique\\\/#primaryimage\",\"url\":\"https:\\\/\\\/www.amanien.info\\\/news\\\/wp-content\\\/uploads\\\/2022\\\/07\\\/thumbnail-2.jpg\",\"contentUrl\":\"https:\\\/\\\/www.amanien.info\\\/news\\\/wp-content\\\/uploads\\\/2022\\\/07\\\/thumbnail-2.jpg\",\"width\":1024,\"height\":683},{\"@type\":\"BreadcrumbList\",\"@id\":\"https:\\\/\\\/www.amanien.info\\\/news\\\/politique-nationale-le-pdci-rda-demande-la-mise-en-oeuvre-des-principales-recommandations-du-dialogue-politique\\\/#breadcrumb\",\"itemListElement\":[{\"@type\":\"ListItem\",\"position\":1,\"name\":\"Accueil\",\"item\":\"https:\\\/\\\/www.amanien.info\\\/news\\\/\"},{\"@type\":\"ListItem\",\"position\":2,\"name\":\"Politique nationale : Le PDCI-RDA demande la mise en \u0153uvre des principales recommandations du dialogue politique\"}]},{\"@type\":\"WebSite\",\"@id\":\"https:\\\/\\\/www.amanien.info\\\/news\\\/#website\",\"url\":\"https:\\\/\\\/www.amanien.info\\\/news\\\/\",\"name\":\"Amanien| L&#039;actualit\u00e9 Ivoirienne et Internationale\",\"description\":\"L&#039;actualit\u00e9 Ivoirienne et Internationale\",\"potentialAction\":[{\"@type\":\"SearchAction\",\"target\":{\"@type\":\"EntryPoint\",\"urlTemplate\":\"https:\\\/\\\/www.amanien.info\\\/news\\\/?s={search_term_string}\"},\"query-input\":{\"@type\":\"PropertyValueSpecification\",\"valueRequired\":true,\"valueName\":\"search_term_string\"}}],\"inLanguage\":\"fr-FR\"},{\"@type\":\"Person\",\"@id\":\"https:\\\/\\\/www.amanien.info\\\/news\\\/#\\\/schema\\\/person\\\/b21093345753a1a98242d505bd894f42\",\"name\":\"Germain Ndri\",\"url\":\"https:\\\/\\\/www.amanien.info\\\/news\\\/author\\\/amanien-infos\\\/\"}]}<\/script>\n<!-- \/ Yoast SEO plugin. -->","yoast_head_json":{"title":"Politique nationale : Le PDCI-RDA demande la mise en \u0153uvre des principales recommandations du dialogue politique - Amanien| L&#039;actualit\u00e9 Ivoirienne et Internationale","robots":{"index":"index","follow":"follow","max-snippet":"max-snippet:-1","max-image-preview":"max-image-preview:large","max-video-preview":"max-video-preview:-1"},"canonical":"https:\/\/www.amanien.info\/news\/politique-nationale-le-pdci-rda-demande-la-mise-en-oeuvre-des-principales-recommandations-du-dialogue-politique\/","og_locale":"fr_FR","og_type":"article","og_title":"Politique nationale : Le PDCI-RDA demande la mise en \u0153uvre des principales recommandations du dialogue politique - Amanien| L&#039;actualit\u00e9 Ivoirienne et Internationale","og_description":"Le Porte-parole du PDCI-RDA, Dr Br\u00e9doumy Souma\u00efla a anim\u00e9, ce lundi 27 juin 2022, au si\u00e8ge du parti (Cocody), une conf\u00e9rence de presse au cours de laquelle, il a demand\u00e9 la mise en \u0153uvre des principales recommandations du dialogue politique (d\u00e9marr\u00e9 le 1er d\u00e9cembre 2021 et ayant pris fin le 04 mars dernier \u00e0 Abidjan, [&hellip;]","og_url":"https:\/\/www.amanien.info\/news\/politique-nationale-le-pdci-rda-demande-la-mise-en-oeuvre-des-principales-recommandations-du-dialogue-politique\/","og_site_name":"Amanien| L&#039;actualit\u00e9 Ivoirienne et Internationale","article_published_time":"2022-07-06T08:07:27+00:00","article_modified_time":"2022-07-06T08:08:00+00:00","og_image":[{"width":1024,"height":683,"url":"https:\/\/www.amanien.info\/news\/wp-content\/uploads\/2022\/07\/thumbnail-2.jpg","type":"image\/jpeg"}],"author":"Germain Ndri","twitter_card":"summary_large_image","twitter_misc":{"\u00c9crit par":"Germain Ndri","Dur\u00e9e de lecture estim\u00e9e":"3 minutes"},"schema":{"@context":"https:\/\/schema.org","@graph":[{"@type":"Article","@id":"https:\/\/www.amanien.info\/news\/politique-nationale-le-pdci-rda-demande-la-mise-en-oeuvre-des-principales-recommandations-du-dialogue-politique\/#article","isPartOf":{"@id":"https:\/\/www.amanien.info\/news\/politique-nationale-le-pdci-rda-demande-la-mise-en-oeuvre-des-principales-recommandations-du-dialogue-politique\/"},"author":{"name":"Germain Ndri","@id":"https:\/\/www.amanien.info\/news\/#\/schema\/person\/b21093345753a1a98242d505bd894f42"},"headline":"Politique nationale : Le PDCI-RDA demande la mise en \u0153uvre des principales recommandations du dialogue politique","datePublished":"2022-07-06T08:07:27+00:00","dateModified":"2022-07-06T08:08:00+00:00","mainEntityOfPage":{"@id":"https:\/\/www.amanien.info\/news\/politique-nationale-le-pdci-rda-demande-la-mise-en-oeuvre-des-principales-recommandations-du-dialogue-politique\/"},"wordCount":467,"image":{"@id":"https:\/\/www.amanien.info\/news\/politique-nationale-le-pdci-rda-demande-la-mise-en-oeuvre-des-principales-recommandations-du-dialogue-politique\/#primaryimage"},"thumbnailUrl":"https:\/\/www.amanien.info\/news\/wp-content\/uploads\/2022\/07\/thumbnail-2.jpg","inLanguage":"fr-FR"},{"@type":"WebPage","@id":"https:\/\/www.amanien.info\/news\/politique-nationale-le-pdci-rda-demande-la-mise-en-oeuvre-des-principales-recommandations-du-dialogue-politique\/","url":"https:\/\/www.amanien.info\/news\/politique-nationale-le-pdci-rda-demande-la-mise-en-oeuvre-des-principales-recommandations-du-dialogue-politique\/","name":"Politique nationale : Le PDCI-RDA demande la mise en \u0153uvre des principales recommandations du dialogue politique - Amanien| L&#039;actualit\u00e9 Ivoirienne et Internationale","isPartOf":{"@id":"https:\/\/www.amanien.info\/news\/#website"},"primaryImageOfPage":{"@id":"https:\/\/www.amanien.info\/news\/politique-nationale-le-pdci-rda-demande-la-mise-en-oeuvre-des-principales-recommandations-du-dialogue-politique\/#primaryimage"},"image":{"@id":"https:\/\/www.amanien.info\/news\/politique-nationale-le-pdci-rda-demande-la-mise-en-oeuvre-des-principales-recommandations-du-dialogue-politique\/#primaryimage"},"thumbnailUrl":"https:\/\/www.amanien.info\/news\/wp-content\/uploads\/2022\/07\/thumbnail-2.jpg","datePublished":"2022-07-06T08:07:27+00:00","dateModified":"2022-07-06T08:08:00+00:00","author":{"@id":"https:\/\/www.amanien.info\/news\/#\/schema\/person\/b21093345753a1a98242d505bd894f42"},"breadcrumb":{"@id":"https:\/\/www.amanien.info\/news\/politique-nationale-le-pdci-rda-demande-la-mise-en-oeuvre-des-principales-recommandations-du-dialogue-politique\/#breadcrumb"},"inLanguage":"fr-FR","potentialAction":[{"@type":"ReadAction","target":["https:\/\/www.amanien.info\/news\/politique-nationale-le-pdci-rda-demande-la-mise-en-oeuvre-des-principales-recommandations-du-dialogue-politique\/"]}]},{"@type":"ImageObject","inLanguage":"fr-FR","@id":"https:\/\/www.amanien.info\/news\/politique-nationale-le-pdci-rda-demande-la-mise-en-oeuvre-des-principales-recommandations-du-dialogue-politique\/#primaryimage","url":"https:\/\/www.amanien.info\/news\/wp-content\/uploads\/2022\/07\/thumbnail-2.jpg","contentUrl":"https:\/\/www.amanien.info\/news\/wp-content\/uploads\/2022\/07\/thumbnail-2.jpg","width":1024,"height":683},{"@type":"BreadcrumbList","@id":"https:\/\/www.amanien.info\/news\/politique-nationale-le-pdci-rda-demande-la-mise-en-oeuvre-des-principales-recommandations-du-dialogue-politique\/#breadcrumb","itemListElement":[{"@type":"ListItem","position":1,"name":"Accueil","item":"https:\/\/www.amanien.info\/news\/"},{"@type":"ListItem","position":2,"name":"Politique nationale : Le PDCI-RDA demande la mise en \u0153uvre des principales recommandations du dialogue politique"}]},{"@type":"WebSite","@id":"https:\/\/www.amanien.info\/news\/#website","url":"https:\/\/www.amanien.info\/news\/","name":"Amanien| L&#039;actualit\u00e9 Ivoirienne et Internationale","description":"L&#039;actualit\u00e9 Ivoirienne et Internationale","potentialAction":[{"@type":"SearchAction","target":{"@type":"EntryPoint","urlTemplate":"https:\/\/www.amanien.info\/news\/?s={search_term_string}"},"query-input":{"@type":"PropertyValueSpecification","valueRequired":true,"valueName":"search_term_string"}}],"inLanguage":"fr-FR"},{"@type":"Person","@id":"https:\/\/www.amanien.info\/news\/#\/schema\/person\/b21093345753a1a98242d505bd894f42","name":"Germain Ndri","url":"https:\/\/www.amanien.info\/news\/author\/amanien-infos\/"}]}},"_links":{"self":[{"href":"https:\/\/www.amanien.info\/news\/wp-json\/wp\/v2\/posts\/3547","targetHints":{"allow":["GET"]}}],"collection":[{"href":"https:\/\/www.amanien.info\/news\/wp-json\/wp\/v2\/posts"}],"about":[{"href":"https:\/\/www.amanien.info\/news\/wp-json\/wp\/v2\/types\/post"}],"author":[{"embeddable":true,"href":"https:\/\/www.amanien.info\/news\/wp-json\/wp\/v2\/users\/2"}],"replies":[{"embeddable":true,"href":"https:\/\/www.amanien.info\/news\/wp-json\/wp\/v2\/comments?post=3547"}],"version-history":[{"count":1,"href":"https:\/\/www.amanien.info\/news\/wp-json\/wp\/v2\/posts\/3547\/revisions"}],"predecessor-version":[{"id":3549,"href":"https:\/\/www.amanien.info\/news\/wp-json\/wp\/v2\/posts\/3547\/revisions\/3549"}],"wp:featuredmedia":[{"embeddable":true,"href":"https:\/\/www.amanien.info\/news\/wp-json\/wp\/v2\/media\/3548"}],"wp:attachment":[{"href":"https:\/\/www.amanien.info\/news\/wp-json\/wp\/v2\/media?parent=3547"}],"wp:term":[{"taxonomy":"category","embeddable":true,"href":"https:\/\/www.amanien.info\/news\/wp-json\/wp\/v2\/categories?post=3547"},{"taxonomy":"post_tag","embeddable":true,"href":"https:\/\/www.amanien.info\/news\/wp-json\/wp\/v2\/tags?post=3547"}],"curies":[{"name":"wp","href":"https:\/\/api.w.org\/{rel}","templated":true}]}}