{"id":3535,"date":"2022-06-22T08:56:42","date_gmt":"2022-06-22T08:56:42","guid":{"rendered":"https:\/\/www.https:\/\/zozo.buyee.jp\/\/news\/?p=3535"},"modified":"2022-06-22T08:57:27","modified_gmt":"2022-06-22T08:57:27","slug":"pnd-2021-2025-le-dg-du-tresor-et-de-la-comptabilite-publique","status":"publish","type":"post","link":"https:\/\/www.amanien.info\/news\/pnd-2021-2025-le-dg-du-tresor-et-de-la-comptabilite-publique\/","title":{"rendered":"PND 2021-2025\/ Le DG du Tr\u00e9sor et de la comptabilit\u00e9 publique:<<Notre contribution sera de mobiliser une partie des 26 % des 59 000 milliards pour financer le budget de l'\u00c9tat>>\u00a0\u00a0"},"content":{"rendered":"<div class=\"I_ZkbNhI D_FY W_6D6F\" data-test-id=\"message-view-body\">\n<div class=\"msg-body P_wpofO mq_AS\" data-test-id=\"message-view-body-content\">\n<div class=\"jb_0 X_6MGW N_6Fd5\">\n<div>\n<div id=\"yiv5090012997\">\n<div><b><\/b>En<b>\u00a0<\/b>marge de la r\u00e9union du Groupe Consultatif pour la mobilisation des ressources dans le cadre de la mise en \u0153uvre du Plan National de D\u00e9veloppement (PND) 2021-2025, le Directeur G\u00e9n\u00e9ral du Tr\u00e9sor et de la Comptabilit\u00e9 publique, ASSAHOR\u00c9 Konan Jacques a indiqu\u00e9 la part du tr\u00e9sor dans la mobilisation des 26 % (qui seront mobilis\u00e9s par l&rsquo;\u00c9tat ) des 59 000 milliards de FCFA( dont 43 646,4 milliards de FCFA soit 74% pour le secteur priv\u00e9).<\/p>\n<div><\/div>\n<div>&lt;&lt;En tant que Directeur G\u00e9n\u00e9ral du Tr\u00e9sor et de la Comptabilit\u00e9 publique, nous allons jouer une grande part dans la mobilisation de ces ressources. Notre contribution sera donc de mobiliser une partie des 26% des 59 000 milliards de FCFA pour financer le budget de l&rsquo;\u00c9tat&gt;&gt; a d\u00e9clar\u00e9 ASSAHOR\u00c9 Konan Jacques.<\/div>\n<div><\/div>\n<div>Intervenant principalement sur le march\u00e9 financier et mon\u00e9taire, le tr\u00e9sor public de C\u00f4te d&rsquo;Ivoire, va s&rsquo;atteler, aux dires du Directeur G\u00e9n\u00e9ral, \u00e0 \u00ab\u00a0renforcer sa capacit\u00e9 d&rsquo;\u00e9mission obligatoire et \u00e0 faire en sorte que les objectifs qui lui seront fix\u00e9s soient atteints\u00a0\u00bb.<\/div>\n<div>Rappelant que le tr\u00e9sor public de C\u00f4te d&rsquo;Ivoire a \u00e9t\u00e9 distingu\u00e9 Meilleur \u00e9metteur obligataire 2022(Prix UEMOA) les 08 et 09 juin derniers \u00e0 Dakar, au S\u00e9n\u00e9gal lors de la 3\u00e8 \u00e9dition des BRWM Awards.<\/div>\n<div><\/div>\n<div>Notons que les annonces de financement des partenaires bilat\u00e9raux et multilat\u00e9raux de d\u00e9veloppement sur la p\u00e9riode 2021-2025 s&rsquo;\u00e9l\u00e8vent \u00e0 15 707 milliards de FCFA pour un besoin de financement destin\u00e9 \u00e0 l&rsquo;investissement public qui est de 9 335, 6 milliards de FCFA.<\/div>\n<div><\/div>\n<div><\/div>\n<div><\/div>\n<div><b>Sunday<\/b> <b>ALAIN<\/b><\/div>\n<\/div>\n<\/div>\n<\/div>\n<\/div>\n<\/div>\n<div class=\"jb_0 X_6MGW N_6Fd5\"><\/div>\n<\/div>\n<div class=\"H_7jIs D_F ab_C Q_69H5 E_36RhU\" data-test-id=\"toolbar-hover-area\">\n<div class=\"D_F W_6D6F r_BN gl_C\" data-test-id=\"card-toolbar\">\n<div class=\"D_F ab_C en_0 b_Z14vXdP e_3mS2U I_ZkbNhI P_Z1otBpf\">\n<ul class=\"hd_n P_0 H_6D6F M_0 ir3_0 iy_h D_F ab_C\" tabindex=\"0\" role=\"menubar\" data-test-id=\"navigable-list\">\n<li class=\"G_e p_R\" role=\"menuitem\"><\/li>\n<\/ul>\n<\/div>\n<\/div>\n<\/div>\n","protected":false},"excerpt":{"rendered":"<p>En\u00a0marge de la r\u00e9union du Groupe Consultatif pour la mobilisation des ressources dans le cadre de la mise en \u0153uvre du Plan National de D\u00e9veloppement (PND) 2021-2025, le Directeur G\u00e9n\u00e9ral du Tr\u00e9sor et de la Comptabilit\u00e9 publique, ASSAHOR\u00c9 Konan Jacques a indiqu\u00e9 la part du tr\u00e9sor dans la mobilisation des 26 % (qui seront mobilis\u00e9s [&hellip;]<\/p>\n","protected":false},"author":2,"featured_media":3536,"comment_status":"closed","ping_status":"closed","sticky":true,"template":"","format":"standard","meta":{"_acf_changed":false,"footnotes":""},"categories":[],"tags":[],"class_list":["post-3535","post","type-post","status-publish","format-standard","has-post-thumbnail","hentry"],"acf":[],"yoast_head":"<!-- This site is optimized with the Yoast SEO plugin v27.5 - https:\/\/yoast.com\/product\/yoast-seo-wordpress\/ -->\n<title>PND 2021-2025\/ Le DG du Tr\u00e9sor et de la comptabilit\u00e9 publique:<\/title>\n<meta name=\"robots\" content=\"index, follow, max-snippet:-1, max-image-preview:large, max-video-preview:-1\" \/>\n<link rel=\"canonical\" href=\"https:\/\/www.amanien.info\/news\/pnd-2021-2025-le-dg-du-tresor-et-de-la-comptabilite-publique\/\" \/>\n<meta property=\"og:locale\" content=\"fr_FR\" \/>\n<meta property=\"og:type\" content=\"article\" \/>\n<meta property=\"og:title\" content=\"PND 2021-2025\/ Le DG du Tr\u00e9sor et de la comptabilit\u00e9 publique:\" \/>\n<meta property=\"og:description\" content=\"En\u00a0marge de la r\u00e9union du Groupe Consultatif pour la mobilisation des ressources dans le cadre de la mise en \u0153uvre du Plan National de D\u00e9veloppement (PND) 2021-2025, le Directeur G\u00e9n\u00e9ral du Tr\u00e9sor et de la Comptabilit\u00e9 publique, ASSAHOR\u00c9 Konan Jacques a indiqu\u00e9 la part du tr\u00e9sor dans la mobilisation des 26 % (qui seront mobilis\u00e9s [&hellip;]\" \/>\n<meta property=\"og:url\" content=\"https:\/\/www.amanien.info\/news\/pnd-2021-2025-le-dg-du-tresor-et-de-la-comptabilite-publique\/\" \/>\n<meta property=\"og:site_name\" content=\"Amanien| L&#039;actualit\u00e9 Ivoirienne et Internationale\" \/>\n<meta property=\"article:published_time\" content=\"2022-06-22T08:56:42+00:00\" \/>\n<meta property=\"article:modified_time\" content=\"2022-06-22T08:57:27+00:00\" \/>\n<meta property=\"og:image\" content=\"https:\/\/www.amanien.info\/news\/wp-content\/uploads\/2022\/06\/images.jpg\" \/>\n\t<meta property=\"og:image:width\" content=\"260\" \/>\n\t<meta property=\"og:image:height\" content=\"194\" \/>\n\t<meta property=\"og:image:type\" content=\"image\/jpeg\" \/>\n<meta name=\"author\" content=\"Germain Ndri\" \/>\n<meta name=\"twitter:card\" content=\"summary_large_image\" \/>\n<meta name=\"twitter:label1\" content=\"\u00c9crit par\" \/>\n\t<meta name=\"twitter:data1\" content=\"Germain Ndri\" \/>\n\t<meta name=\"twitter:label2\" content=\"Dur\u00e9e de lecture estim\u00e9e\" \/>\n\t<meta name=\"twitter:data2\" content=\"2 minutes\" \/>\n<script type=\"application\/ld+json\" class=\"yoast-schema-graph\">{\"@context\":\"https:\\\/\\\/schema.org\",\"@graph\":[{\"@type\":\"Article\",\"@id\":\"https:\\\/\\\/www.amanien.info\\\/news\\\/pnd-2021-2025-le-dg-du-tresor-et-de-la-comptabilite-publique\\\/#article\",\"isPartOf\":{\"@id\":\"https:\\\/\\\/www.amanien.info\\\/news\\\/pnd-2021-2025-le-dg-du-tresor-et-de-la-comptabilite-publique\\\/\"},\"author\":{\"name\":\"Germain Ndri\",\"@id\":\"https:\\\/\\\/www.amanien.info\\\/news\\\/#\\\/schema\\\/person\\\/b21093345753a1a98242d505bd894f42\"},\"headline\":\"PND 2021-2025\\\/ Le DG du Tr\u00e9sor et de la comptabilit\u00e9 publique:\",\"datePublished\":\"2022-06-22T08:56:42+00:00\",\"dateModified\":\"2022-06-22T08:57:27+00:00\",\"mainEntityOfPage\":{\"@id\":\"https:\\\/\\\/www.amanien.info\\\/news\\\/pnd-2021-2025-le-dg-du-tresor-et-de-la-comptabilite-publique\\\/\"},\"wordCount\":12,\"image\":{\"@id\":\"https:\\\/\\\/www.amanien.info\\\/news\\\/pnd-2021-2025-le-dg-du-tresor-et-de-la-comptabilite-publique\\\/#primaryimage\"},\"thumbnailUrl\":\"https:\\\/\\\/www.amanien.info\\\/news\\\/wp-content\\\/uploads\\\/2022\\\/06\\\/images.jpg\",\"inLanguage\":\"fr-FR\"},{\"@type\":\"WebPage\",\"@id\":\"https:\\\/\\\/www.amanien.info\\\/news\\\/pnd-2021-2025-le-dg-du-tresor-et-de-la-comptabilite-publique\\\/\",\"url\":\"https:\\\/\\\/www.amanien.info\\\/news\\\/pnd-2021-2025-le-dg-du-tresor-et-de-la-comptabilite-publique\\\/\",\"name\":\"PND 2021-2025\\\/ Le DG du Tr\u00e9sor et de la comptabilit\u00e9 publique:\",\"isPartOf\":{\"@id\":\"https:\\\/\\\/www.amanien.info\\\/news\\\/#website\"},\"primaryImageOfPage\":{\"@id\":\"https:\\\/\\\/www.amanien.info\\\/news\\\/pnd-2021-2025-le-dg-du-tresor-et-de-la-comptabilite-publique\\\/#primaryimage\"},\"image\":{\"@id\":\"https:\\\/\\\/www.amanien.info\\\/news\\\/pnd-2021-2025-le-dg-du-tresor-et-de-la-comptabilite-publique\\\/#primaryimage\"},\"thumbnailUrl\":\"https:\\\/\\\/www.amanien.info\\\/news\\\/wp-content\\\/uploads\\\/2022\\\/06\\\/images.jpg\",\"datePublished\":\"2022-06-22T08:56:42+00:00\",\"dateModified\":\"2022-06-22T08:57:27+00:00\",\"author\":{\"@id\":\"https:\\\/\\\/www.amanien.info\\\/news\\\/#\\\/schema\\\/person\\\/b21093345753a1a98242d505bd894f42\"},\"breadcrumb\":{\"@id\":\"https:\\\/\\\/www.amanien.info\\\/news\\\/pnd-2021-2025-le-dg-du-tresor-et-de-la-comptabilite-publique\\\/#breadcrumb\"},\"inLanguage\":\"fr-FR\",\"potentialAction\":[{\"@type\":\"ReadAction\",\"target\":[\"https:\\\/\\\/www.amanien.info\\\/news\\\/pnd-2021-2025-le-dg-du-tresor-et-de-la-comptabilite-publique\\\/\"]}]},{\"@type\":\"ImageObject\",\"inLanguage\":\"fr-FR\",\"@id\":\"https:\\\/\\\/www.amanien.info\\\/news\\\/pnd-2021-2025-le-dg-du-tresor-et-de-la-comptabilite-publique\\\/#primaryimage\",\"url\":\"https:\\\/\\\/www.amanien.info\\\/news\\\/wp-content\\\/uploads\\\/2022\\\/06\\\/images.jpg\",\"contentUrl\":\"https:\\\/\\\/www.amanien.info\\\/news\\\/wp-content\\\/uploads\\\/2022\\\/06\\\/images.jpg\",\"width\":260,\"height\":194},{\"@type\":\"BreadcrumbList\",\"@id\":\"https:\\\/\\\/www.amanien.info\\\/news\\\/pnd-2021-2025-le-dg-du-tresor-et-de-la-comptabilite-publique\\\/#breadcrumb\",\"itemListElement\":[{\"@type\":\"ListItem\",\"position\":1,\"name\":\"Accueil\",\"item\":\"https:\\\/\\\/www.amanien.info\\\/news\\\/\"},{\"@type\":\"ListItem\",\"position\":2,\"name\":\"PND 2021-2025\\\/ Le DG du Tr\u00e9sor et de la comptabilit\u00e9 publique:\"}]},{\"@type\":\"WebSite\",\"@id\":\"https:\\\/\\\/www.amanien.info\\\/news\\\/#website\",\"url\":\"https:\\\/\\\/www.amanien.info\\\/news\\\/\",\"name\":\"Amanien| L&#039;actualit\u00e9 Ivoirienne et Internationale\",\"description\":\"L&#039;actualit\u00e9 Ivoirienne et Internationale\",\"potentialAction\":[{\"@type\":\"SearchAction\",\"target\":{\"@type\":\"EntryPoint\",\"urlTemplate\":\"https:\\\/\\\/www.amanien.info\\\/news\\\/?s={search_term_string}\"},\"query-input\":{\"@type\":\"PropertyValueSpecification\",\"valueRequired\":true,\"valueName\":\"search_term_string\"}}],\"inLanguage\":\"fr-FR\"},{\"@type\":\"Person\",\"@id\":\"https:\\\/\\\/www.amanien.info\\\/news\\\/#\\\/schema\\\/person\\\/b21093345753a1a98242d505bd894f42\",\"name\":\"Germain Ndri\",\"url\":\"https:\\\/\\\/www.amanien.info\\\/news\\\/author\\\/amanien-infos\\\/\"}]}<\/script>\n<!-- \/ Yoast SEO plugin. -->","yoast_head_json":{"title":"PND 2021-2025\/ Le DG du Tr\u00e9sor et de la comptabilit\u00e9 publique:","robots":{"index":"index","follow":"follow","max-snippet":"max-snippet:-1","max-image-preview":"max-image-preview:large","max-video-preview":"max-video-preview:-1"},"canonical":"https:\/\/www.amanien.info\/news\/pnd-2021-2025-le-dg-du-tresor-et-de-la-comptabilite-publique\/","og_locale":"fr_FR","og_type":"article","og_title":"PND 2021-2025\/ Le DG du Tr\u00e9sor et de la comptabilit\u00e9 publique:","og_description":"En\u00a0marge de la r\u00e9union du Groupe Consultatif pour la mobilisation des ressources dans le cadre de la mise en \u0153uvre du Plan National de D\u00e9veloppement (PND) 2021-2025, le Directeur G\u00e9n\u00e9ral du Tr\u00e9sor et de la Comptabilit\u00e9 publique, ASSAHOR\u00c9 Konan Jacques a indiqu\u00e9 la part du tr\u00e9sor dans la mobilisation des 26 % (qui seront mobilis\u00e9s [&hellip;]","og_url":"https:\/\/www.amanien.info\/news\/pnd-2021-2025-le-dg-du-tresor-et-de-la-comptabilite-publique\/","og_site_name":"Amanien| L&#039;actualit\u00e9 Ivoirienne et Internationale","article_published_time":"2022-06-22T08:56:42+00:00","article_modified_time":"2022-06-22T08:57:27+00:00","og_image":[{"width":260,"height":194,"url":"https:\/\/www.amanien.info\/news\/wp-content\/uploads\/2022\/06\/images.jpg","type":"image\/jpeg"}],"author":"Germain Ndri","twitter_card":"summary_large_image","twitter_misc":{"\u00c9crit par":"Germain Ndri","Dur\u00e9e de lecture estim\u00e9e":"2 minutes"},"schema":{"@context":"https:\/\/schema.org","@graph":[{"@type":"Article","@id":"https:\/\/www.amanien.info\/news\/pnd-2021-2025-le-dg-du-tresor-et-de-la-comptabilite-publique\/#article","isPartOf":{"@id":"https:\/\/www.amanien.info\/news\/pnd-2021-2025-le-dg-du-tresor-et-de-la-comptabilite-publique\/"},"author":{"name":"Germain Ndri","@id":"https:\/\/www.amanien.info\/news\/#\/schema\/person\/b21093345753a1a98242d505bd894f42"},"headline":"PND 2021-2025\/ Le DG du Tr\u00e9sor et de la comptabilit\u00e9 publique:","datePublished":"2022-06-22T08:56:42+00:00","dateModified":"2022-06-22T08:57:27+00:00","mainEntityOfPage":{"@id":"https:\/\/www.amanien.info\/news\/pnd-2021-2025-le-dg-du-tresor-et-de-la-comptabilite-publique\/"},"wordCount":12,"image":{"@id":"https:\/\/www.amanien.info\/news\/pnd-2021-2025-le-dg-du-tresor-et-de-la-comptabilite-publique\/#primaryimage"},"thumbnailUrl":"https:\/\/www.amanien.info\/news\/wp-content\/uploads\/2022\/06\/images.jpg","inLanguage":"fr-FR"},{"@type":"WebPage","@id":"https:\/\/www.amanien.info\/news\/pnd-2021-2025-le-dg-du-tresor-et-de-la-comptabilite-publique\/","url":"https:\/\/www.amanien.info\/news\/pnd-2021-2025-le-dg-du-tresor-et-de-la-comptabilite-publique\/","name":"PND 2021-2025\/ Le DG du Tr\u00e9sor et de la comptabilit\u00e9 publique:","isPartOf":{"@id":"https:\/\/www.amanien.info\/news\/#website"},"primaryImageOfPage":{"@id":"https:\/\/www.amanien.info\/news\/pnd-2021-2025-le-dg-du-tresor-et-de-la-comptabilite-publique\/#primaryimage"},"image":{"@id":"https:\/\/www.amanien.info\/news\/pnd-2021-2025-le-dg-du-tresor-et-de-la-comptabilite-publique\/#primaryimage"},"thumbnailUrl":"https:\/\/www.amanien.info\/news\/wp-content\/uploads\/2022\/06\/images.jpg","datePublished":"2022-06-22T08:56:42+00:00","dateModified":"2022-06-22T08:57:27+00:00","author":{"@id":"https:\/\/www.amanien.info\/news\/#\/schema\/person\/b21093345753a1a98242d505bd894f42"},"breadcrumb":{"@id":"https:\/\/www.amanien.info\/news\/pnd-2021-2025-le-dg-du-tresor-et-de-la-comptabilite-publique\/#breadcrumb"},"inLanguage":"fr-FR","potentialAction":[{"@type":"ReadAction","target":["https:\/\/www.amanien.info\/news\/pnd-2021-2025-le-dg-du-tresor-et-de-la-comptabilite-publique\/"]}]},{"@type":"ImageObject","inLanguage":"fr-FR","@id":"https:\/\/www.amanien.info\/news\/pnd-2021-2025-le-dg-du-tresor-et-de-la-comptabilite-publique\/#primaryimage","url":"https:\/\/www.amanien.info\/news\/wp-content\/uploads\/2022\/06\/images.jpg","contentUrl":"https:\/\/www.amanien.info\/news\/wp-content\/uploads\/2022\/06\/images.jpg","width":260,"height":194},{"@type":"BreadcrumbList","@id":"https:\/\/www.amanien.info\/news\/pnd-2021-2025-le-dg-du-tresor-et-de-la-comptabilite-publique\/#breadcrumb","itemListElement":[{"@type":"ListItem","position":1,"name":"Accueil","item":"https:\/\/www.amanien.info\/news\/"},{"@type":"ListItem","position":2,"name":"PND 2021-2025\/ Le DG du Tr\u00e9sor et de la comptabilit\u00e9 publique:"}]},{"@type":"WebSite","@id":"https:\/\/www.amanien.info\/news\/#website","url":"https:\/\/www.amanien.info\/news\/","name":"Amanien| L&#039;actualit\u00e9 Ivoirienne et Internationale","description":"L&#039;actualit\u00e9 Ivoirienne et Internationale","potentialAction":[{"@type":"SearchAction","target":{"@type":"EntryPoint","urlTemplate":"https:\/\/www.amanien.info\/news\/?s={search_term_string}"},"query-input":{"@type":"PropertyValueSpecification","valueRequired":true,"valueName":"search_term_string"}}],"inLanguage":"fr-FR"},{"@type":"Person","@id":"https:\/\/www.amanien.info\/news\/#\/schema\/person\/b21093345753a1a98242d505bd894f42","name":"Germain Ndri","url":"https:\/\/www.amanien.info\/news\/author\/amanien-infos\/"}]}},"_links":{"self":[{"href":"https:\/\/www.amanien.info\/news\/wp-json\/wp\/v2\/posts\/3535","targetHints":{"allow":["GET"]}}],"collection":[{"href":"https:\/\/www.amanien.info\/news\/wp-json\/wp\/v2\/posts"}],"about":[{"href":"https:\/\/www.amanien.info\/news\/wp-json\/wp\/v2\/types\/post"}],"author":[{"embeddable":true,"href":"https:\/\/www.amanien.info\/news\/wp-json\/wp\/v2\/users\/2"}],"replies":[{"embeddable":true,"href":"https:\/\/www.amanien.info\/news\/wp-json\/wp\/v2\/comments?post=3535"}],"version-history":[{"count":1,"href":"https:\/\/www.amanien.info\/news\/wp-json\/wp\/v2\/posts\/3535\/revisions"}],"predecessor-version":[{"id":3537,"href":"https:\/\/www.amanien.info\/news\/wp-json\/wp\/v2\/posts\/3535\/revisions\/3537"}],"wp:featuredmedia":[{"embeddable":true,"href":"https:\/\/www.amanien.info\/news\/wp-json\/wp\/v2\/media\/3536"}],"wp:attachment":[{"href":"https:\/\/www.amanien.info\/news\/wp-json\/wp\/v2\/media?parent=3535"}],"wp:term":[{"taxonomy":"category","embeddable":true,"href":"https:\/\/www.amanien.info\/news\/wp-json\/wp\/v2\/categories?post=3535"},{"taxonomy":"post_tag","embeddable":true,"href":"https:\/\/www.amanien.info\/news\/wp-json\/wp\/v2\/tags?post=3535"}],"curies":[{"name":"wp","href":"https:\/\/api.w.org\/{rel}","templated":true}]}}