{"id":3517,"date":"2022-06-17T18:26:31","date_gmt":"2022-06-17T18:26:31","guid":{"rendered":"https:\/\/www.https:\/\/zozo.buyee.jp\/\/news\/?p=3517"},"modified":"2022-06-17T18:27:05","modified_gmt":"2022-06-17T18:27:05","slug":"colloque-international-en-hommage-au-pr-baha-bi-youzan-daniel-le-president-de-lufhb-pr-ballo-zie-le-pr-baha-bi-est-un-humaniste-une-icone-de-notre-institution","status":"publish","type":"post","link":"https:\/\/www.amanien.info\/news\/colloque-international-en-hommage-au-pr-baha-bi-youzan-daniel-le-president-de-lufhb-pr-ballo-zie-le-pr-baha-bi-est-un-humaniste-une-icone-de-notre-institution\/","title":{"rendered":"Colloque international en hommage au Pr BAHA Bi Youzan Daniel : Le Pr\u00e9sident de l&rsquo;UFHB, Pr BALLO Zi\u00e9 : \u00ab\u00a0Le Pr BAHA BI est un humaniste, une ic\u00f4ne de notre institution\u00a0\u00bb"},"content":{"rendered":"<div>\u00ab\u00a0L&rsquo;universitaire et la question du d\u00e9veloppement national\u00a0\u00bb. Tel est le th\u00e8me du colloque international en hommage au Pr BAHA Bi Youzan Daniel, Professeur titulaire de sociologie et Doyen de l&rsquo;Unit\u00e9 de Formation et de Recherche (UFR) des Sciences Humaines et de la Soci\u00e9t\u00e9 de l&rsquo;Universit\u00e9 FHB d&rsquo;Abidjan-Cocody.<\/div>\n<div><\/div>\n<div>C&rsquo;est l&rsquo;Amphith\u00e9\u00e2tre A du district de l&rsquo;universit\u00e9 FHB qui a servi de cadre \u00e0 l&rsquo;organisation de cette rencontre de haut niveau qui s&rsquo;est d\u00e9roul\u00e9e du 09 au 10 juin 2022.<\/div>\n<div><\/div>\n<div>Pr\u00e9sidant ce colloque, le Professeur BALLO Zi\u00e9, Pr\u00e9sident de l&rsquo;Universit\u00e9 FHB de Cocody a reconnu et r\u00e9v\u00e9l\u00e9 les qualit\u00e9s, les valeurs de l&rsquo;\u00e9m\u00e9rite Professeur, BAHA Bi Youzan Daniel.<\/div>\n<div>&lt;&lt;Le Professeur BAHA Bi Youzan Daniel est un humaniste; sur deux dimensions : La premi\u00e8re, qui est d&rsquo;ordre th\u00e9orique, se traduit par ses publications satiriques de haut niveau. Quant \u00e0 la deuxi\u00e8me, il a \u00e9t\u00e9 r\u00e9v\u00e9l\u00e9 par son engagement au service de la soci\u00e9t\u00e9 et de l&rsquo;humanit\u00e9&gt;&gt; a r\u00e9v\u00e9l\u00e9 Pr BALLO Zi\u00e9, Pr\u00e9sident de l&rsquo;Universit\u00e9 FHB de Cocody, ajoutant que son \u00ab\u00a0sens de compromis, sa modestie et son esprit de tol\u00e9rance sont indissociables\u00a0\u00bb.<\/div>\n<div><\/div>\n<div>Le Premier Responsable de l&rsquo;universit\u00e9 FHB de Cocody a \u00e9galement r\u00e9v\u00e9l\u00e9 que le Professeur BAHA Bi Youzan est \u00ab\u00a0une ic\u00f4ne de l&rsquo;universit\u00e9 FHB\u00a0\u00bb. A cet \u00e9gard, affirme-t-il, il faut souligner que \u00ab\u00a0sa vie et son \u0153uvre inspirent incontestablement de nouvelles g\u00e9n\u00e9rations\u00a0\u00bb.<\/div>\n<div><\/div>\n<div>Outre ces qualit\u00e9s et valeurs pr\u00e9- cit\u00e9es, le Professeur BAHA Bi Youzan est aussi un mod\u00e8le, un homme de r\u00e9f\u00e9rence, d&rsquo;humilit\u00e9, de sensibilit\u00e9, d&rsquo;int\u00e9grit\u00e9 morale et un homme qui aime le travail bien fait, ont reconnu ses coll\u00e8gues enseignants, professeurs et des hauts cadres qu&rsquo;il a form\u00e9s.<\/div>\n<div><\/div>\n<div><\/div>\n<div>A l&rsquo;issue de la c\u00e9r\u00e9monie d&rsquo;ouverture de ce colloque qui s&rsquo;inscrit dans une perspective internationale et pluridisciplinaire et qui a enregistr\u00e9 la participation des Doyens des UFR, des enseignants chercheurs et chercheurs, des sociologues, des anthropologues, des philosophes, des psychologues, des criminologues, des \u00e9conomistes, des politologues, des litt\u00e9raires, des Chefs de la r\u00e9gion de la Marahou\u00e9, des \u00e9tudiants, le Professeur BAHA Bi Youzan Daniel n&rsquo;a pas cach\u00e9 sa joie et l&rsquo;\u00e9motion qui l&rsquo;\u00e9treint.<\/div>\n<div>&lt;&lt;Je suis \u00e0 la fois tr\u00e8s heureux et dans l&rsquo;\u00e9motion. Je suis combl\u00e9. L&rsquo;\u00e9motion accompagn\u00e9e de ma joie me r\u00e9conforte&gt;&gt; s&rsquo;est r\u00e9joui le Doyen de l&rsquo;UFR des SHS.<\/div>\n<div>S&rsquo;agissant de la rel\u00e8ve \u00e0 assurer, le Professeur BAHA Bi Youzan a rassur\u00e9 : &lt;&lt; Je crois que les jeunes que j&rsquo;ai form\u00e9s ont \u00e9t\u00e9 bien form\u00e9s. Il faut faire confiance \u00e0 ceux qu&rsquo;on a form\u00e9s et qu&rsquo;ils prennent leurs responsabilit\u00e9s. Je pense qu&rsquo;il faut esp\u00e9rer&gt;&gt; a estim\u00e9 le Professeur titulaire de sociologie.<\/div>\n<div><\/div>\n<div><\/div>\n<div>Plac\u00e9 sous le parrainage du Ministre de l&rsquo;enseignement sup\u00e9rieur et de la recherche scientifique (MESRS), le colloque international en hommage au Pr BAHA Bi Youzan Daniel se tient sur deux jours. Il a \u00e9t\u00e9 marqu\u00e9 par des communications ( 52 au total), 7 axes, des panels. Ce colloque a \u00e9t\u00e9 \u00e9galement une occasion de rencontres, de partage d&rsquo;exp\u00e9riences de diverses disciplines scientifiques.<\/div>\n<div>Cette rencontre vise \u00e0 honorer le Pr BAHA Bi Youzan Daniel qui se distingue parmi ses pairs, tant par son parcours acad\u00e9mique que professionnel.<\/div>\n<div>Le Professeur BAHA Bi Youzan Daniel, faut-il le rappeler, totalise, aujourd&rsquo;hui, 12 ann\u00e9es de fonction en tant que Doyen. Il a encadr\u00e9 et fait soutenir plus de 100 th\u00e8ses uniques de Doctorat.<\/div>\n<div><\/div>\n<div><\/div>\n<div><b>Sunday<\/b> <b>ALAIN<\/b><\/div>\n<div><\/div>\n","protected":false},"excerpt":{"rendered":"<p>\u00ab\u00a0L&rsquo;universitaire et la question du d\u00e9veloppement national\u00a0\u00bb. Tel est le th\u00e8me du colloque international en hommage au Pr BAHA Bi Youzan Daniel, Professeur titulaire de sociologie et Doyen de l&rsquo;Unit\u00e9 de Formation et de Recherche (UFR) des Sciences Humaines et de la Soci\u00e9t\u00e9 de l&rsquo;Universit\u00e9 FHB d&rsquo;Abidjan-Cocody. C&rsquo;est l&rsquo;Amphith\u00e9\u00e2tre A du district de l&rsquo;universit\u00e9 FHB [&hellip;]<\/p>\n","protected":false},"author":2,"featured_media":3518,"comment_status":"closed","ping_status":"closed","sticky":true,"template":"","format":"standard","meta":{"_acf_changed":false,"footnotes":""},"categories":[],"tags":[],"class_list":["post-3517","post","type-post","status-publish","format-standard","has-post-thumbnail","hentry"],"acf":[],"yoast_head":"<!-- This site is optimized with the Yoast SEO plugin v27.5 - https:\/\/yoast.com\/product\/yoast-seo-wordpress\/ -->\n<title>Colloque international en hommage au Pr BAHA Bi Youzan Daniel : Le Pr\u00e9sident de l&#039;UFHB, Pr BALLO Zi\u00e9 : &quot;Le Pr BAHA BI est un humaniste, une ic\u00f4ne de notre institution&quot; - Amanien| L&#039;actualit\u00e9 Ivoirienne et Internationale<\/title>\n<meta name=\"robots\" content=\"index, follow, max-snippet:-1, max-image-preview:large, max-video-preview:-1\" \/>\n<link rel=\"canonical\" href=\"https:\/\/www.amanien.info\/news\/colloque-international-en-hommage-au-pr-baha-bi-youzan-daniel-le-president-de-lufhb-pr-ballo-zie-le-pr-baha-bi-est-un-humaniste-une-icone-de-notre-institution\/\" \/>\n<meta property=\"og:locale\" content=\"fr_FR\" \/>\n<meta property=\"og:type\" content=\"article\" \/>\n<meta property=\"og:title\" content=\"Colloque international en hommage au Pr BAHA Bi Youzan Daniel : Le Pr\u00e9sident de l&#039;UFHB, Pr BALLO Zi\u00e9 : &quot;Le Pr BAHA BI est un humaniste, une ic\u00f4ne de notre institution&quot; - Amanien| L&#039;actualit\u00e9 Ivoirienne et Internationale\" \/>\n<meta property=\"og:description\" content=\"\u00ab\u00a0L&rsquo;universitaire et la question du d\u00e9veloppement national\u00a0\u00bb. Tel est le th\u00e8me du colloque international en hommage au Pr BAHA Bi Youzan Daniel, Professeur titulaire de sociologie et Doyen de l&rsquo;Unit\u00e9 de Formation et de Recherche (UFR) des Sciences Humaines et de la Soci\u00e9t\u00e9 de l&rsquo;Universit\u00e9 FHB d&rsquo;Abidjan-Cocody. C&rsquo;est l&rsquo;Amphith\u00e9\u00e2tre A du district de l&rsquo;universit\u00e9 FHB [&hellip;]\" \/>\n<meta property=\"og:url\" content=\"https:\/\/www.amanien.info\/news\/colloque-international-en-hommage-au-pr-baha-bi-youzan-daniel-le-president-de-lufhb-pr-ballo-zie-le-pr-baha-bi-est-un-humaniste-une-icone-de-notre-institution\/\" \/>\n<meta property=\"og:site_name\" content=\"Amanien| L&#039;actualit\u00e9 Ivoirienne et Internationale\" \/>\n<meta property=\"article:published_time\" content=\"2022-06-17T18:26:31+00:00\" \/>\n<meta property=\"article:modified_time\" content=\"2022-06-17T18:27:05+00:00\" \/>\n<meta property=\"og:image\" content=\"https:\/\/www.amanien.info\/news\/wp-content\/uploads\/2022\/06\/thumbnail-4.jpg\" \/>\n\t<meta property=\"og:image:width\" content=\"1080\" \/>\n\t<meta property=\"og:image:height\" content=\"474\" \/>\n\t<meta property=\"og:image:type\" content=\"image\/jpeg\" \/>\n<meta name=\"author\" content=\"Germain Ndri\" \/>\n<meta name=\"twitter:card\" content=\"summary_large_image\" \/>\n<meta name=\"twitter:label1\" content=\"\u00c9crit par\" \/>\n\t<meta name=\"twitter:data1\" content=\"Germain Ndri\" \/>\n\t<meta name=\"twitter:label2\" content=\"Dur\u00e9e de lecture estim\u00e9e\" \/>\n\t<meta name=\"twitter:data2\" content=\"3 minutes\" \/>\n<script type=\"application\/ld+json\" class=\"yoast-schema-graph\">{\"@context\":\"https:\\\/\\\/schema.org\",\"@graph\":[{\"@type\":\"Article\",\"@id\":\"https:\\\/\\\/www.amanien.info\\\/news\\\/colloque-international-en-hommage-au-pr-baha-bi-youzan-daniel-le-president-de-lufhb-pr-ballo-zie-le-pr-baha-bi-est-un-humaniste-une-icone-de-notre-institution\\\/#article\",\"isPartOf\":{\"@id\":\"https:\\\/\\\/www.amanien.info\\\/news\\\/colloque-international-en-hommage-au-pr-baha-bi-youzan-daniel-le-president-de-lufhb-pr-ballo-zie-le-pr-baha-bi-est-un-humaniste-une-icone-de-notre-institution\\\/\"},\"author\":{\"name\":\"Germain Ndri\",\"@id\":\"https:\\\/\\\/www.amanien.info\\\/news\\\/#\\\/schema\\\/person\\\/b21093345753a1a98242d505bd894f42\"},\"headline\":\"Colloque international en hommage au Pr BAHA Bi Youzan Daniel : Le Pr\u00e9sident de l&rsquo;UFHB, Pr BALLO Zi\u00e9 : \u00ab\u00a0Le Pr BAHA BI est un humaniste, une ic\u00f4ne de notre institution\u00a0\u00bb\",\"datePublished\":\"2022-06-17T18:26:31+00:00\",\"dateModified\":\"2022-06-17T18:27:05+00:00\",\"mainEntityOfPage\":{\"@id\":\"https:\\\/\\\/www.amanien.info\\\/news\\\/colloque-international-en-hommage-au-pr-baha-bi-youzan-daniel-le-president-de-lufhb-pr-ballo-zie-le-pr-baha-bi-est-un-humaniste-une-icone-de-notre-institution\\\/\"},\"wordCount\":659,\"image\":{\"@id\":\"https:\\\/\\\/www.amanien.info\\\/news\\\/colloque-international-en-hommage-au-pr-baha-bi-youzan-daniel-le-president-de-lufhb-pr-ballo-zie-le-pr-baha-bi-est-un-humaniste-une-icone-de-notre-institution\\\/#primaryimage\"},\"thumbnailUrl\":\"https:\\\/\\\/www.amanien.info\\\/news\\\/wp-content\\\/uploads\\\/2022\\\/06\\\/thumbnail-4.jpg\",\"inLanguage\":\"fr-FR\"},{\"@type\":\"WebPage\",\"@id\":\"https:\\\/\\\/www.amanien.info\\\/news\\\/colloque-international-en-hommage-au-pr-baha-bi-youzan-daniel-le-president-de-lufhb-pr-ballo-zie-le-pr-baha-bi-est-un-humaniste-une-icone-de-notre-institution\\\/\",\"url\":\"https:\\\/\\\/www.amanien.info\\\/news\\\/colloque-international-en-hommage-au-pr-baha-bi-youzan-daniel-le-president-de-lufhb-pr-ballo-zie-le-pr-baha-bi-est-un-humaniste-une-icone-de-notre-institution\\\/\",\"name\":\"Colloque international en hommage au Pr BAHA Bi Youzan Daniel : Le Pr\u00e9sident de l'UFHB, Pr BALLO Zi\u00e9 : \\\"Le Pr BAHA BI est un humaniste, une ic\u00f4ne de notre institution\\\" - Amanien| L&#039;actualit\u00e9 Ivoirienne et Internationale\",\"isPartOf\":{\"@id\":\"https:\\\/\\\/www.amanien.info\\\/news\\\/#website\"},\"primaryImageOfPage\":{\"@id\":\"https:\\\/\\\/www.amanien.info\\\/news\\\/colloque-international-en-hommage-au-pr-baha-bi-youzan-daniel-le-president-de-lufhb-pr-ballo-zie-le-pr-baha-bi-est-un-humaniste-une-icone-de-notre-institution\\\/#primaryimage\"},\"image\":{\"@id\":\"https:\\\/\\\/www.amanien.info\\\/news\\\/colloque-international-en-hommage-au-pr-baha-bi-youzan-daniel-le-president-de-lufhb-pr-ballo-zie-le-pr-baha-bi-est-un-humaniste-une-icone-de-notre-institution\\\/#primaryimage\"},\"thumbnailUrl\":\"https:\\\/\\\/www.amanien.info\\\/news\\\/wp-content\\\/uploads\\\/2022\\\/06\\\/thumbnail-4.jpg\",\"datePublished\":\"2022-06-17T18:26:31+00:00\",\"dateModified\":\"2022-06-17T18:27:05+00:00\",\"author\":{\"@id\":\"https:\\\/\\\/www.amanien.info\\\/news\\\/#\\\/schema\\\/person\\\/b21093345753a1a98242d505bd894f42\"},\"breadcrumb\":{\"@id\":\"https:\\\/\\\/www.amanien.info\\\/news\\\/colloque-international-en-hommage-au-pr-baha-bi-youzan-daniel-le-president-de-lufhb-pr-ballo-zie-le-pr-baha-bi-est-un-humaniste-une-icone-de-notre-institution\\\/#breadcrumb\"},\"inLanguage\":\"fr-FR\",\"potentialAction\":[{\"@type\":\"ReadAction\",\"target\":[\"https:\\\/\\\/www.amanien.info\\\/news\\\/colloque-international-en-hommage-au-pr-baha-bi-youzan-daniel-le-president-de-lufhb-pr-ballo-zie-le-pr-baha-bi-est-un-humaniste-une-icone-de-notre-institution\\\/\"]}]},{\"@type\":\"ImageObject\",\"inLanguage\":\"fr-FR\",\"@id\":\"https:\\\/\\\/www.amanien.info\\\/news\\\/colloque-international-en-hommage-au-pr-baha-bi-youzan-daniel-le-president-de-lufhb-pr-ballo-zie-le-pr-baha-bi-est-un-humaniste-une-icone-de-notre-institution\\\/#primaryimage\",\"url\":\"https:\\\/\\\/www.amanien.info\\\/news\\\/wp-content\\\/uploads\\\/2022\\\/06\\\/thumbnail-4.jpg\",\"contentUrl\":\"https:\\\/\\\/www.amanien.info\\\/news\\\/wp-content\\\/uploads\\\/2022\\\/06\\\/thumbnail-4.jpg\",\"width\":1080,\"height\":474},{\"@type\":\"BreadcrumbList\",\"@id\":\"https:\\\/\\\/www.amanien.info\\\/news\\\/colloque-international-en-hommage-au-pr-baha-bi-youzan-daniel-le-president-de-lufhb-pr-ballo-zie-le-pr-baha-bi-est-un-humaniste-une-icone-de-notre-institution\\\/#breadcrumb\",\"itemListElement\":[{\"@type\":\"ListItem\",\"position\":1,\"name\":\"Accueil\",\"item\":\"https:\\\/\\\/www.amanien.info\\\/news\\\/\"},{\"@type\":\"ListItem\",\"position\":2,\"name\":\"Colloque international en hommage au Pr BAHA Bi Youzan Daniel : Le Pr\u00e9sident de l&rsquo;UFHB, Pr BALLO Zi\u00e9 : \u00ab\u00a0Le Pr BAHA BI est un humaniste, une ic\u00f4ne de notre institution\u00a0\u00bb\"}]},{\"@type\":\"WebSite\",\"@id\":\"https:\\\/\\\/www.amanien.info\\\/news\\\/#website\",\"url\":\"https:\\\/\\\/www.amanien.info\\\/news\\\/\",\"name\":\"Amanien| L&#039;actualit\u00e9 Ivoirienne et Internationale\",\"description\":\"L&#039;actualit\u00e9 Ivoirienne et Internationale\",\"potentialAction\":[{\"@type\":\"SearchAction\",\"target\":{\"@type\":\"EntryPoint\",\"urlTemplate\":\"https:\\\/\\\/www.amanien.info\\\/news\\\/?s={search_term_string}\"},\"query-input\":{\"@type\":\"PropertyValueSpecification\",\"valueRequired\":true,\"valueName\":\"search_term_string\"}}],\"inLanguage\":\"fr-FR\"},{\"@type\":\"Person\",\"@id\":\"https:\\\/\\\/www.amanien.info\\\/news\\\/#\\\/schema\\\/person\\\/b21093345753a1a98242d505bd894f42\",\"name\":\"Germain Ndri\",\"url\":\"https:\\\/\\\/www.amanien.info\\\/news\\\/author\\\/amanien-infos\\\/\"}]}<\/script>\n<!-- \/ Yoast SEO plugin. -->","yoast_head_json":{"title":"Colloque international en hommage au Pr BAHA Bi Youzan Daniel : Le Pr\u00e9sident de l'UFHB, Pr BALLO Zi\u00e9 : \"Le Pr BAHA BI est un humaniste, une ic\u00f4ne de notre institution\" - Amanien| L&#039;actualit\u00e9 Ivoirienne et Internationale","robots":{"index":"index","follow":"follow","max-snippet":"max-snippet:-1","max-image-preview":"max-image-preview:large","max-video-preview":"max-video-preview:-1"},"canonical":"https:\/\/www.amanien.info\/news\/colloque-international-en-hommage-au-pr-baha-bi-youzan-daniel-le-president-de-lufhb-pr-ballo-zie-le-pr-baha-bi-est-un-humaniste-une-icone-de-notre-institution\/","og_locale":"fr_FR","og_type":"article","og_title":"Colloque international en hommage au Pr BAHA Bi Youzan Daniel : Le Pr\u00e9sident de l'UFHB, Pr BALLO Zi\u00e9 : \"Le Pr BAHA BI est un humaniste, une ic\u00f4ne de notre institution\" - Amanien| L&#039;actualit\u00e9 Ivoirienne et Internationale","og_description":"\u00ab\u00a0L&rsquo;universitaire et la question du d\u00e9veloppement national\u00a0\u00bb. Tel est le th\u00e8me du colloque international en hommage au Pr BAHA Bi Youzan Daniel, Professeur titulaire de sociologie et Doyen de l&rsquo;Unit\u00e9 de Formation et de Recherche (UFR) des Sciences Humaines et de la Soci\u00e9t\u00e9 de l&rsquo;Universit\u00e9 FHB d&rsquo;Abidjan-Cocody. C&rsquo;est l&rsquo;Amphith\u00e9\u00e2tre A du district de l&rsquo;universit\u00e9 FHB [&hellip;]","og_url":"https:\/\/www.amanien.info\/news\/colloque-international-en-hommage-au-pr-baha-bi-youzan-daniel-le-president-de-lufhb-pr-ballo-zie-le-pr-baha-bi-est-un-humaniste-une-icone-de-notre-institution\/","og_site_name":"Amanien| L&#039;actualit\u00e9 Ivoirienne et Internationale","article_published_time":"2022-06-17T18:26:31+00:00","article_modified_time":"2022-06-17T18:27:05+00:00","og_image":[{"width":1080,"height":474,"url":"https:\/\/www.amanien.info\/news\/wp-content\/uploads\/2022\/06\/thumbnail-4.jpg","type":"image\/jpeg"}],"author":"Germain Ndri","twitter_card":"summary_large_image","twitter_misc":{"\u00c9crit par":"Germain Ndri","Dur\u00e9e de lecture estim\u00e9e":"3 minutes"},"schema":{"@context":"https:\/\/schema.org","@graph":[{"@type":"Article","@id":"https:\/\/www.amanien.info\/news\/colloque-international-en-hommage-au-pr-baha-bi-youzan-daniel-le-president-de-lufhb-pr-ballo-zie-le-pr-baha-bi-est-un-humaniste-une-icone-de-notre-institution\/#article","isPartOf":{"@id":"https:\/\/www.amanien.info\/news\/colloque-international-en-hommage-au-pr-baha-bi-youzan-daniel-le-president-de-lufhb-pr-ballo-zie-le-pr-baha-bi-est-un-humaniste-une-icone-de-notre-institution\/"},"author":{"name":"Germain Ndri","@id":"https:\/\/www.amanien.info\/news\/#\/schema\/person\/b21093345753a1a98242d505bd894f42"},"headline":"Colloque international en hommage au Pr BAHA Bi Youzan Daniel : Le Pr\u00e9sident de l&rsquo;UFHB, Pr BALLO Zi\u00e9 : \u00ab\u00a0Le Pr BAHA BI est un humaniste, une ic\u00f4ne de notre institution\u00a0\u00bb","datePublished":"2022-06-17T18:26:31+00:00","dateModified":"2022-06-17T18:27:05+00:00","mainEntityOfPage":{"@id":"https:\/\/www.amanien.info\/news\/colloque-international-en-hommage-au-pr-baha-bi-youzan-daniel-le-president-de-lufhb-pr-ballo-zie-le-pr-baha-bi-est-un-humaniste-une-icone-de-notre-institution\/"},"wordCount":659,"image":{"@id":"https:\/\/www.amanien.info\/news\/colloque-international-en-hommage-au-pr-baha-bi-youzan-daniel-le-president-de-lufhb-pr-ballo-zie-le-pr-baha-bi-est-un-humaniste-une-icone-de-notre-institution\/#primaryimage"},"thumbnailUrl":"https:\/\/www.amanien.info\/news\/wp-content\/uploads\/2022\/06\/thumbnail-4.jpg","inLanguage":"fr-FR"},{"@type":"WebPage","@id":"https:\/\/www.amanien.info\/news\/colloque-international-en-hommage-au-pr-baha-bi-youzan-daniel-le-president-de-lufhb-pr-ballo-zie-le-pr-baha-bi-est-un-humaniste-une-icone-de-notre-institution\/","url":"https:\/\/www.amanien.info\/news\/colloque-international-en-hommage-au-pr-baha-bi-youzan-daniel-le-president-de-lufhb-pr-ballo-zie-le-pr-baha-bi-est-un-humaniste-une-icone-de-notre-institution\/","name":"Colloque international en hommage au Pr BAHA Bi Youzan Daniel : Le Pr\u00e9sident de l'UFHB, Pr BALLO Zi\u00e9 : \"Le Pr BAHA BI est un humaniste, une ic\u00f4ne de notre institution\" - Amanien| L&#039;actualit\u00e9 Ivoirienne et Internationale","isPartOf":{"@id":"https:\/\/www.amanien.info\/news\/#website"},"primaryImageOfPage":{"@id":"https:\/\/www.amanien.info\/news\/colloque-international-en-hommage-au-pr-baha-bi-youzan-daniel-le-president-de-lufhb-pr-ballo-zie-le-pr-baha-bi-est-un-humaniste-une-icone-de-notre-institution\/#primaryimage"},"image":{"@id":"https:\/\/www.amanien.info\/news\/colloque-international-en-hommage-au-pr-baha-bi-youzan-daniel-le-president-de-lufhb-pr-ballo-zie-le-pr-baha-bi-est-un-humaniste-une-icone-de-notre-institution\/#primaryimage"},"thumbnailUrl":"https:\/\/www.amanien.info\/news\/wp-content\/uploads\/2022\/06\/thumbnail-4.jpg","datePublished":"2022-06-17T18:26:31+00:00","dateModified":"2022-06-17T18:27:05+00:00","author":{"@id":"https:\/\/www.amanien.info\/news\/#\/schema\/person\/b21093345753a1a98242d505bd894f42"},"breadcrumb":{"@id":"https:\/\/www.amanien.info\/news\/colloque-international-en-hommage-au-pr-baha-bi-youzan-daniel-le-president-de-lufhb-pr-ballo-zie-le-pr-baha-bi-est-un-humaniste-une-icone-de-notre-institution\/#breadcrumb"},"inLanguage":"fr-FR","potentialAction":[{"@type":"ReadAction","target":["https:\/\/www.amanien.info\/news\/colloque-international-en-hommage-au-pr-baha-bi-youzan-daniel-le-president-de-lufhb-pr-ballo-zie-le-pr-baha-bi-est-un-humaniste-une-icone-de-notre-institution\/"]}]},{"@type":"ImageObject","inLanguage":"fr-FR","@id":"https:\/\/www.amanien.info\/news\/colloque-international-en-hommage-au-pr-baha-bi-youzan-daniel-le-president-de-lufhb-pr-ballo-zie-le-pr-baha-bi-est-un-humaniste-une-icone-de-notre-institution\/#primaryimage","url":"https:\/\/www.amanien.info\/news\/wp-content\/uploads\/2022\/06\/thumbnail-4.jpg","contentUrl":"https:\/\/www.amanien.info\/news\/wp-content\/uploads\/2022\/06\/thumbnail-4.jpg","width":1080,"height":474},{"@type":"BreadcrumbList","@id":"https:\/\/www.amanien.info\/news\/colloque-international-en-hommage-au-pr-baha-bi-youzan-daniel-le-president-de-lufhb-pr-ballo-zie-le-pr-baha-bi-est-un-humaniste-une-icone-de-notre-institution\/#breadcrumb","itemListElement":[{"@type":"ListItem","position":1,"name":"Accueil","item":"https:\/\/www.amanien.info\/news\/"},{"@type":"ListItem","position":2,"name":"Colloque international en hommage au Pr BAHA Bi Youzan Daniel : Le Pr\u00e9sident de l&rsquo;UFHB, Pr BALLO Zi\u00e9 : \u00ab\u00a0Le Pr BAHA BI est un humaniste, une ic\u00f4ne de notre institution\u00a0\u00bb"}]},{"@type":"WebSite","@id":"https:\/\/www.amanien.info\/news\/#website","url":"https:\/\/www.amanien.info\/news\/","name":"Amanien| L&#039;actualit\u00e9 Ivoirienne et Internationale","description":"L&#039;actualit\u00e9 Ivoirienne et Internationale","potentialAction":[{"@type":"SearchAction","target":{"@type":"EntryPoint","urlTemplate":"https:\/\/www.amanien.info\/news\/?s={search_term_string}"},"query-input":{"@type":"PropertyValueSpecification","valueRequired":true,"valueName":"search_term_string"}}],"inLanguage":"fr-FR"},{"@type":"Person","@id":"https:\/\/www.amanien.info\/news\/#\/schema\/person\/b21093345753a1a98242d505bd894f42","name":"Germain Ndri","url":"https:\/\/www.amanien.info\/news\/author\/amanien-infos\/"}]}},"_links":{"self":[{"href":"https:\/\/www.amanien.info\/news\/wp-json\/wp\/v2\/posts\/3517","targetHints":{"allow":["GET"]}}],"collection":[{"href":"https:\/\/www.amanien.info\/news\/wp-json\/wp\/v2\/posts"}],"about":[{"href":"https:\/\/www.amanien.info\/news\/wp-json\/wp\/v2\/types\/post"}],"author":[{"embeddable":true,"href":"https:\/\/www.amanien.info\/news\/wp-json\/wp\/v2\/users\/2"}],"replies":[{"embeddable":true,"href":"https:\/\/www.amanien.info\/news\/wp-json\/wp\/v2\/comments?post=3517"}],"version-history":[{"count":1,"href":"https:\/\/www.amanien.info\/news\/wp-json\/wp\/v2\/posts\/3517\/revisions"}],"predecessor-version":[{"id":3519,"href":"https:\/\/www.amanien.info\/news\/wp-json\/wp\/v2\/posts\/3517\/revisions\/3519"}],"wp:featuredmedia":[{"embeddable":true,"href":"https:\/\/www.amanien.info\/news\/wp-json\/wp\/v2\/media\/3518"}],"wp:attachment":[{"href":"https:\/\/www.amanien.info\/news\/wp-json\/wp\/v2\/media?parent=3517"}],"wp:term":[{"taxonomy":"category","embeddable":true,"href":"https:\/\/www.amanien.info\/news\/wp-json\/wp\/v2\/categories?post=3517"},{"taxonomy":"post_tag","embeddable":true,"href":"https:\/\/www.amanien.info\/news\/wp-json\/wp\/v2\/tags?post=3517"}],"curies":[{"name":"wp","href":"https:\/\/api.w.org\/{rel}","templated":true}]}}