{"id":3511,"date":"2022-06-17T18:16:08","date_gmt":"2022-06-17T18:16:08","guid":{"rendered":"https:\/\/www.https:\/\/zozo.buyee.jp\/\/news\/?p=3511"},"modified":"2022-06-17T18:16:43","modified_gmt":"2022-06-17T18:16:43","slug":"journee-d-excellence-au-college-moderne-de-kroukoro-kone-karidja-decroche-le-prix-special","status":"publish","type":"post","link":"https:\/\/www.amanien.info\/news\/journee-d-excellence-au-college-moderne-de-kroukoro-kone-karidja-decroche-le-prix-special\/","title":{"rendered":"Journ\u00e9e d&rsquo; excellence au coll\u00e8ge Moderne de Kroukoro: Kon\u00e9 Karidja d\u00e9croche le prix sp\u00e9cial"},"content":{"rendered":"<p>Le mercredi 8 juin, la Mutuelle de D\u00e9veloppement \u00c9conomique et Sociale de Kroukoro Maf\u00e9l\u00e9 ( MUDESKM), dans le d\u00e9partement d&rsquo; Odienn\u00e9, en collaboration avec le coll\u00e8ge Moderne de ladite localit\u00e9, a organis\u00e9 la premi\u00e8re \u00e9dition de la journ\u00e9e d&rsquo; excellence. Par cette c\u00e9r\u00e9monie, les organisateurs voulu promouvoir le m\u00e9rite et la sensibilisation \u00e0 la scolarisation en g\u00e9n\u00e9ral, et celle des jeunes filles en particulier. Ladite journ\u00e9e \u00e9tait pr\u00e9sid\u00e9e par le Directeur R\u00e9gional de l&rsquo; \u00c9ducation Nationale ( DREN) d&rsquo;Odienn\u00e9, Yao Yao Firmin. Lors des allocutions, le principal du Coll\u00e8ge Moderne de Kroukoro Maf\u00e9l\u00e9 Azo Th\u00e9odore, a exprim\u00e9 sa gratitude au parrain, \u00e0 Sarah Petroleum et \u00e0 l&rsquo;ONG KADY ACTIONS pour le D\u00e9veloppement Communautaire ( KADEC), partenaire de cet \u00e9v\u00e9nement ainsi qu&rsquo; \u00e0 toutes les structures engag\u00e9es dans l&rsquo; \u00e9ducation des jeunes.<br \/>\nQuant \u00e0 Kon\u00e9 Karim, vice- pr\u00e9sident charg\u00e9 de l&rsquo; \u00e9ducation et repr\u00e9sentant du pr\u00e9sident de la MUDESKM, Bamba . K, il a f\u00e9licit\u00e9 le corps enseignant pour son engagement depuis l&rsquo; ouverture de ce coll\u00e8ge de proximit\u00e9. Il a exhort\u00e9 les parents \u00e0 la scolarisation de leurs enfants sans distinction de sexe. L&rsquo;ONG Kady ATIONS pour le D\u00e9veloppement Communautaire \u0153uvre pour la r\u00e9alisation de ce v\u0153u. En effet, ses principaux objectifs sont la lutte contre toutes formes de violence envers la jeune fille, la promotion et le soutient \u00e0 la scolarisation de la jeune fille et leur maintien \u00e0 l&rsquo; \u00e9cole.<\/p>\n<p>Les meilleurs \u00e9l\u00e8ves du coll\u00e8ge ont \u00e9t\u00e9 prim\u00e9s<br \/>\nUn prix d&rsquo; honneur a \u00e9t\u00e9 d\u00e9cern\u00e9 aux 5 premiers de chaque niveau, un prix d&rsquo; excellence \u00e0 la meilleure fille de chaque niveau et un prix d&rsquo; excellence \u00e0 la major des majors de chaque niveau. Kon\u00e9 Mema en classe de 4\u00e8me a remport\u00e9 le prix de la major des majors avec 16, 50 de moyenne. Tandis que le prix sp\u00e9cial \u00a0\u00bb Kon\u00e9 Karidja\u00a0\u00bb de la meilleure \u00e9l\u00e8ve a \u00e9t\u00e9 d\u00e9croch\u00e9 par Sylla Karidja, en classe de 4\u00e8me, avec une moyenne de 16, 23. Les prix ont \u00e9t\u00e9 offerts par l&rsquo; agence de communication Kadys.com, \u00e0 travers l&rsquo; ONG KADEC. Sa porte parole Sako Kadji Koobrah, ing\u00e9nieure Data charg\u00e9e de la scolarisation des jeunes filles , et petite fille Mme Kon\u00e9 Karidja, a f\u00e9licit\u00e9 les r\u00e9cipiendaires. Elle a invit\u00e9 tous les parents \u00e0 s&rsquo; impliquer dans la scolarisation des jeunes filles.<br \/>\nC.W<\/p>\n<p>&nbsp;<\/p>\n","protected":false},"excerpt":{"rendered":"<p>Le mercredi 8 juin, la Mutuelle de D\u00e9veloppement \u00c9conomique et Sociale de Kroukoro Maf\u00e9l\u00e9 ( MUDESKM), dans le d\u00e9partement d&rsquo; Odienn\u00e9, en collaboration avec le coll\u00e8ge Moderne de ladite localit\u00e9, a organis\u00e9 la premi\u00e8re \u00e9dition de la journ\u00e9e d&rsquo; excellence. Par cette c\u00e9r\u00e9monie, les organisateurs voulu promouvoir le m\u00e9rite et la sensibilisation \u00e0 la scolarisation [&hellip;]<\/p>\n","protected":false},"author":2,"featured_media":3512,"comment_status":"closed","ping_status":"closed","sticky":true,"template":"","format":"standard","meta":{"_acf_changed":false,"footnotes":""},"categories":[],"tags":[],"class_list":["post-3511","post","type-post","status-publish","format-standard","has-post-thumbnail","hentry"],"acf":[],"yoast_head":"<!-- This site is optimized with the Yoast SEO plugin v27.5 - https:\/\/yoast.com\/product\/yoast-seo-wordpress\/ -->\n<title>Journ\u00e9e d&#039; excellence au coll\u00e8ge Moderne de Kroukoro: Kon\u00e9 Karidja d\u00e9croche le prix sp\u00e9cial - Amanien| L&#039;actualit\u00e9 Ivoirienne et Internationale<\/title>\n<meta name=\"robots\" content=\"index, follow, max-snippet:-1, max-image-preview:large, max-video-preview:-1\" \/>\n<link rel=\"canonical\" href=\"https:\/\/www.amanien.info\/news\/journee-d-excellence-au-college-moderne-de-kroukoro-kone-karidja-decroche-le-prix-special\/\" \/>\n<meta property=\"og:locale\" content=\"fr_FR\" \/>\n<meta property=\"og:type\" content=\"article\" \/>\n<meta property=\"og:title\" content=\"Journ\u00e9e d&#039; excellence au coll\u00e8ge Moderne de Kroukoro: Kon\u00e9 Karidja d\u00e9croche le prix sp\u00e9cial - Amanien| L&#039;actualit\u00e9 Ivoirienne et Internationale\" \/>\n<meta property=\"og:description\" content=\"Le mercredi 8 juin, la Mutuelle de D\u00e9veloppement \u00c9conomique et Sociale de Kroukoro Maf\u00e9l\u00e9 ( MUDESKM), dans le d\u00e9partement d&rsquo; Odienn\u00e9, en collaboration avec le coll\u00e8ge Moderne de ladite localit\u00e9, a organis\u00e9 la premi\u00e8re \u00e9dition de la journ\u00e9e d&rsquo; excellence. Par cette c\u00e9r\u00e9monie, les organisateurs voulu promouvoir le m\u00e9rite et la sensibilisation \u00e0 la scolarisation [&hellip;]\" \/>\n<meta property=\"og:url\" content=\"https:\/\/www.amanien.info\/news\/journee-d-excellence-au-college-moderne-de-kroukoro-kone-karidja-decroche-le-prix-special\/\" \/>\n<meta property=\"og:site_name\" content=\"Amanien| L&#039;actualit\u00e9 Ivoirienne et Internationale\" \/>\n<meta property=\"article:published_time\" content=\"2022-06-17T18:16:08+00:00\" \/>\n<meta property=\"article:modified_time\" content=\"2022-06-17T18:16:43+00:00\" \/>\n<meta property=\"og:image\" content=\"https:\/\/www.amanien.info\/news\/wp-content\/uploads\/2022\/06\/thumbnail-2.jpg\" \/>\n\t<meta property=\"og:image:width\" content=\"744\" \/>\n\t<meta property=\"og:image:height\" content=\"992\" \/>\n\t<meta property=\"og:image:type\" content=\"image\/jpeg\" \/>\n<meta name=\"author\" content=\"Germain Ndri\" \/>\n<meta name=\"twitter:card\" content=\"summary_large_image\" \/>\n<meta name=\"twitter:label1\" content=\"\u00c9crit par\" \/>\n\t<meta name=\"twitter:data1\" content=\"Germain Ndri\" \/>\n\t<meta name=\"twitter:label2\" content=\"Dur\u00e9e de lecture estim\u00e9e\" \/>\n\t<meta name=\"twitter:data2\" content=\"2 minutes\" \/>\n<script type=\"application\/ld+json\" class=\"yoast-schema-graph\">{\"@context\":\"https:\\\/\\\/schema.org\",\"@graph\":[{\"@type\":\"Article\",\"@id\":\"https:\\\/\\\/www.amanien.info\\\/news\\\/journee-d-excellence-au-college-moderne-de-kroukoro-kone-karidja-decroche-le-prix-special\\\/#article\",\"isPartOf\":{\"@id\":\"https:\\\/\\\/www.amanien.info\\\/news\\\/journee-d-excellence-au-college-moderne-de-kroukoro-kone-karidja-decroche-le-prix-special\\\/\"},\"author\":{\"name\":\"Germain Ndri\",\"@id\":\"https:\\\/\\\/www.amanien.info\\\/news\\\/#\\\/schema\\\/person\\\/b21093345753a1a98242d505bd894f42\"},\"headline\":\"Journ\u00e9e d&rsquo; excellence au coll\u00e8ge Moderne de Kroukoro: Kon\u00e9 Karidja d\u00e9croche le prix sp\u00e9cial\",\"datePublished\":\"2022-06-17T18:16:08+00:00\",\"dateModified\":\"2022-06-17T18:16:43+00:00\",\"mainEntityOfPage\":{\"@id\":\"https:\\\/\\\/www.amanien.info\\\/news\\\/journee-d-excellence-au-college-moderne-de-kroukoro-kone-karidja-decroche-le-prix-special\\\/\"},\"wordCount\":423,\"image\":{\"@id\":\"https:\\\/\\\/www.amanien.info\\\/news\\\/journee-d-excellence-au-college-moderne-de-kroukoro-kone-karidja-decroche-le-prix-special\\\/#primaryimage\"},\"thumbnailUrl\":\"https:\\\/\\\/www.amanien.info\\\/news\\\/wp-content\\\/uploads\\\/2022\\\/06\\\/thumbnail-2.jpg\",\"inLanguage\":\"fr-FR\"},{\"@type\":\"WebPage\",\"@id\":\"https:\\\/\\\/www.amanien.info\\\/news\\\/journee-d-excellence-au-college-moderne-de-kroukoro-kone-karidja-decroche-le-prix-special\\\/\",\"url\":\"https:\\\/\\\/www.amanien.info\\\/news\\\/journee-d-excellence-au-college-moderne-de-kroukoro-kone-karidja-decroche-le-prix-special\\\/\",\"name\":\"Journ\u00e9e d' excellence au coll\u00e8ge Moderne de Kroukoro: Kon\u00e9 Karidja d\u00e9croche le prix sp\u00e9cial - Amanien| L&#039;actualit\u00e9 Ivoirienne et Internationale\",\"isPartOf\":{\"@id\":\"https:\\\/\\\/www.amanien.info\\\/news\\\/#website\"},\"primaryImageOfPage\":{\"@id\":\"https:\\\/\\\/www.amanien.info\\\/news\\\/journee-d-excellence-au-college-moderne-de-kroukoro-kone-karidja-decroche-le-prix-special\\\/#primaryimage\"},\"image\":{\"@id\":\"https:\\\/\\\/www.amanien.info\\\/news\\\/journee-d-excellence-au-college-moderne-de-kroukoro-kone-karidja-decroche-le-prix-special\\\/#primaryimage\"},\"thumbnailUrl\":\"https:\\\/\\\/www.amanien.info\\\/news\\\/wp-content\\\/uploads\\\/2022\\\/06\\\/thumbnail-2.jpg\",\"datePublished\":\"2022-06-17T18:16:08+00:00\",\"dateModified\":\"2022-06-17T18:16:43+00:00\",\"author\":{\"@id\":\"https:\\\/\\\/www.amanien.info\\\/news\\\/#\\\/schema\\\/person\\\/b21093345753a1a98242d505bd894f42\"},\"breadcrumb\":{\"@id\":\"https:\\\/\\\/www.amanien.info\\\/news\\\/journee-d-excellence-au-college-moderne-de-kroukoro-kone-karidja-decroche-le-prix-special\\\/#breadcrumb\"},\"inLanguage\":\"fr-FR\",\"potentialAction\":[{\"@type\":\"ReadAction\",\"target\":[\"https:\\\/\\\/www.amanien.info\\\/news\\\/journee-d-excellence-au-college-moderne-de-kroukoro-kone-karidja-decroche-le-prix-special\\\/\"]}]},{\"@type\":\"ImageObject\",\"inLanguage\":\"fr-FR\",\"@id\":\"https:\\\/\\\/www.amanien.info\\\/news\\\/journee-d-excellence-au-college-moderne-de-kroukoro-kone-karidja-decroche-le-prix-special\\\/#primaryimage\",\"url\":\"https:\\\/\\\/www.amanien.info\\\/news\\\/wp-content\\\/uploads\\\/2022\\\/06\\\/thumbnail-2.jpg\",\"contentUrl\":\"https:\\\/\\\/www.amanien.info\\\/news\\\/wp-content\\\/uploads\\\/2022\\\/06\\\/thumbnail-2.jpg\",\"width\":744,\"height\":992},{\"@type\":\"BreadcrumbList\",\"@id\":\"https:\\\/\\\/www.amanien.info\\\/news\\\/journee-d-excellence-au-college-moderne-de-kroukoro-kone-karidja-decroche-le-prix-special\\\/#breadcrumb\",\"itemListElement\":[{\"@type\":\"ListItem\",\"position\":1,\"name\":\"Accueil\",\"item\":\"https:\\\/\\\/www.amanien.info\\\/news\\\/\"},{\"@type\":\"ListItem\",\"position\":2,\"name\":\"Journ\u00e9e d&rsquo; excellence au coll\u00e8ge Moderne de Kroukoro: Kon\u00e9 Karidja d\u00e9croche le prix sp\u00e9cial\"}]},{\"@type\":\"WebSite\",\"@id\":\"https:\\\/\\\/www.amanien.info\\\/news\\\/#website\",\"url\":\"https:\\\/\\\/www.amanien.info\\\/news\\\/\",\"name\":\"Amanien| L&#039;actualit\u00e9 Ivoirienne et Internationale\",\"description\":\"L&#039;actualit\u00e9 Ivoirienne et Internationale\",\"potentialAction\":[{\"@type\":\"SearchAction\",\"target\":{\"@type\":\"EntryPoint\",\"urlTemplate\":\"https:\\\/\\\/www.amanien.info\\\/news\\\/?s={search_term_string}\"},\"query-input\":{\"@type\":\"PropertyValueSpecification\",\"valueRequired\":true,\"valueName\":\"search_term_string\"}}],\"inLanguage\":\"fr-FR\"},{\"@type\":\"Person\",\"@id\":\"https:\\\/\\\/www.amanien.info\\\/news\\\/#\\\/schema\\\/person\\\/b21093345753a1a98242d505bd894f42\",\"name\":\"Germain Ndri\",\"url\":\"https:\\\/\\\/www.amanien.info\\\/news\\\/author\\\/amanien-infos\\\/\"}]}<\/script>\n<!-- \/ Yoast SEO plugin. -->","yoast_head_json":{"title":"Journ\u00e9e d' excellence au coll\u00e8ge Moderne de Kroukoro: Kon\u00e9 Karidja d\u00e9croche le prix sp\u00e9cial - Amanien| L&#039;actualit\u00e9 Ivoirienne et Internationale","robots":{"index":"index","follow":"follow","max-snippet":"max-snippet:-1","max-image-preview":"max-image-preview:large","max-video-preview":"max-video-preview:-1"},"canonical":"https:\/\/www.amanien.info\/news\/journee-d-excellence-au-college-moderne-de-kroukoro-kone-karidja-decroche-le-prix-special\/","og_locale":"fr_FR","og_type":"article","og_title":"Journ\u00e9e d' excellence au coll\u00e8ge Moderne de Kroukoro: Kon\u00e9 Karidja d\u00e9croche le prix sp\u00e9cial - Amanien| L&#039;actualit\u00e9 Ivoirienne et Internationale","og_description":"Le mercredi 8 juin, la Mutuelle de D\u00e9veloppement \u00c9conomique et Sociale de Kroukoro Maf\u00e9l\u00e9 ( MUDESKM), dans le d\u00e9partement d&rsquo; Odienn\u00e9, en collaboration avec le coll\u00e8ge Moderne de ladite localit\u00e9, a organis\u00e9 la premi\u00e8re \u00e9dition de la journ\u00e9e d&rsquo; excellence. Par cette c\u00e9r\u00e9monie, les organisateurs voulu promouvoir le m\u00e9rite et la sensibilisation \u00e0 la scolarisation [&hellip;]","og_url":"https:\/\/www.amanien.info\/news\/journee-d-excellence-au-college-moderne-de-kroukoro-kone-karidja-decroche-le-prix-special\/","og_site_name":"Amanien| L&#039;actualit\u00e9 Ivoirienne et Internationale","article_published_time":"2022-06-17T18:16:08+00:00","article_modified_time":"2022-06-17T18:16:43+00:00","og_image":[{"width":744,"height":992,"url":"https:\/\/www.amanien.info\/news\/wp-content\/uploads\/2022\/06\/thumbnail-2.jpg","type":"image\/jpeg"}],"author":"Germain Ndri","twitter_card":"summary_large_image","twitter_misc":{"\u00c9crit par":"Germain Ndri","Dur\u00e9e de lecture estim\u00e9e":"2 minutes"},"schema":{"@context":"https:\/\/schema.org","@graph":[{"@type":"Article","@id":"https:\/\/www.amanien.info\/news\/journee-d-excellence-au-college-moderne-de-kroukoro-kone-karidja-decroche-le-prix-special\/#article","isPartOf":{"@id":"https:\/\/www.amanien.info\/news\/journee-d-excellence-au-college-moderne-de-kroukoro-kone-karidja-decroche-le-prix-special\/"},"author":{"name":"Germain Ndri","@id":"https:\/\/www.amanien.info\/news\/#\/schema\/person\/b21093345753a1a98242d505bd894f42"},"headline":"Journ\u00e9e d&rsquo; excellence au coll\u00e8ge Moderne de Kroukoro: Kon\u00e9 Karidja d\u00e9croche le prix sp\u00e9cial","datePublished":"2022-06-17T18:16:08+00:00","dateModified":"2022-06-17T18:16:43+00:00","mainEntityOfPage":{"@id":"https:\/\/www.amanien.info\/news\/journee-d-excellence-au-college-moderne-de-kroukoro-kone-karidja-decroche-le-prix-special\/"},"wordCount":423,"image":{"@id":"https:\/\/www.amanien.info\/news\/journee-d-excellence-au-college-moderne-de-kroukoro-kone-karidja-decroche-le-prix-special\/#primaryimage"},"thumbnailUrl":"https:\/\/www.amanien.info\/news\/wp-content\/uploads\/2022\/06\/thumbnail-2.jpg","inLanguage":"fr-FR"},{"@type":"WebPage","@id":"https:\/\/www.amanien.info\/news\/journee-d-excellence-au-college-moderne-de-kroukoro-kone-karidja-decroche-le-prix-special\/","url":"https:\/\/www.amanien.info\/news\/journee-d-excellence-au-college-moderne-de-kroukoro-kone-karidja-decroche-le-prix-special\/","name":"Journ\u00e9e d' excellence au coll\u00e8ge Moderne de Kroukoro: Kon\u00e9 Karidja d\u00e9croche le prix sp\u00e9cial - Amanien| L&#039;actualit\u00e9 Ivoirienne et Internationale","isPartOf":{"@id":"https:\/\/www.amanien.info\/news\/#website"},"primaryImageOfPage":{"@id":"https:\/\/www.amanien.info\/news\/journee-d-excellence-au-college-moderne-de-kroukoro-kone-karidja-decroche-le-prix-special\/#primaryimage"},"image":{"@id":"https:\/\/www.amanien.info\/news\/journee-d-excellence-au-college-moderne-de-kroukoro-kone-karidja-decroche-le-prix-special\/#primaryimage"},"thumbnailUrl":"https:\/\/www.amanien.info\/news\/wp-content\/uploads\/2022\/06\/thumbnail-2.jpg","datePublished":"2022-06-17T18:16:08+00:00","dateModified":"2022-06-17T18:16:43+00:00","author":{"@id":"https:\/\/www.amanien.info\/news\/#\/schema\/person\/b21093345753a1a98242d505bd894f42"},"breadcrumb":{"@id":"https:\/\/www.amanien.info\/news\/journee-d-excellence-au-college-moderne-de-kroukoro-kone-karidja-decroche-le-prix-special\/#breadcrumb"},"inLanguage":"fr-FR","potentialAction":[{"@type":"ReadAction","target":["https:\/\/www.amanien.info\/news\/journee-d-excellence-au-college-moderne-de-kroukoro-kone-karidja-decroche-le-prix-special\/"]}]},{"@type":"ImageObject","inLanguage":"fr-FR","@id":"https:\/\/www.amanien.info\/news\/journee-d-excellence-au-college-moderne-de-kroukoro-kone-karidja-decroche-le-prix-special\/#primaryimage","url":"https:\/\/www.amanien.info\/news\/wp-content\/uploads\/2022\/06\/thumbnail-2.jpg","contentUrl":"https:\/\/www.amanien.info\/news\/wp-content\/uploads\/2022\/06\/thumbnail-2.jpg","width":744,"height":992},{"@type":"BreadcrumbList","@id":"https:\/\/www.amanien.info\/news\/journee-d-excellence-au-college-moderne-de-kroukoro-kone-karidja-decroche-le-prix-special\/#breadcrumb","itemListElement":[{"@type":"ListItem","position":1,"name":"Accueil","item":"https:\/\/www.amanien.info\/news\/"},{"@type":"ListItem","position":2,"name":"Journ\u00e9e d&rsquo; excellence au coll\u00e8ge Moderne de Kroukoro: Kon\u00e9 Karidja d\u00e9croche le prix sp\u00e9cial"}]},{"@type":"WebSite","@id":"https:\/\/www.amanien.info\/news\/#website","url":"https:\/\/www.amanien.info\/news\/","name":"Amanien| L&#039;actualit\u00e9 Ivoirienne et Internationale","description":"L&#039;actualit\u00e9 Ivoirienne et Internationale","potentialAction":[{"@type":"SearchAction","target":{"@type":"EntryPoint","urlTemplate":"https:\/\/www.amanien.info\/news\/?s={search_term_string}"},"query-input":{"@type":"PropertyValueSpecification","valueRequired":true,"valueName":"search_term_string"}}],"inLanguage":"fr-FR"},{"@type":"Person","@id":"https:\/\/www.amanien.info\/news\/#\/schema\/person\/b21093345753a1a98242d505bd894f42","name":"Germain Ndri","url":"https:\/\/www.amanien.info\/news\/author\/amanien-infos\/"}]}},"_links":{"self":[{"href":"https:\/\/www.amanien.info\/news\/wp-json\/wp\/v2\/posts\/3511","targetHints":{"allow":["GET"]}}],"collection":[{"href":"https:\/\/www.amanien.info\/news\/wp-json\/wp\/v2\/posts"}],"about":[{"href":"https:\/\/www.amanien.info\/news\/wp-json\/wp\/v2\/types\/post"}],"author":[{"embeddable":true,"href":"https:\/\/www.amanien.info\/news\/wp-json\/wp\/v2\/users\/2"}],"replies":[{"embeddable":true,"href":"https:\/\/www.amanien.info\/news\/wp-json\/wp\/v2\/comments?post=3511"}],"version-history":[{"count":1,"href":"https:\/\/www.amanien.info\/news\/wp-json\/wp\/v2\/posts\/3511\/revisions"}],"predecessor-version":[{"id":3513,"href":"https:\/\/www.amanien.info\/news\/wp-json\/wp\/v2\/posts\/3511\/revisions\/3513"}],"wp:featuredmedia":[{"embeddable":true,"href":"https:\/\/www.amanien.info\/news\/wp-json\/wp\/v2\/media\/3512"}],"wp:attachment":[{"href":"https:\/\/www.amanien.info\/news\/wp-json\/wp\/v2\/media?parent=3511"}],"wp:term":[{"taxonomy":"category","embeddable":true,"href":"https:\/\/www.amanien.info\/news\/wp-json\/wp\/v2\/categories?post=3511"},{"taxonomy":"post_tag","embeddable":true,"href":"https:\/\/www.amanien.info\/news\/wp-json\/wp\/v2\/tags?post=3511"}],"curies":[{"name":"wp","href":"https:\/\/api.w.org\/{rel}","templated":true}]}}