{"id":3495,"date":"2022-05-29T10:24:23","date_gmt":"2022-05-29T10:24:23","guid":{"rendered":"https:\/\/www.https:\/\/zozo.buyee.jp\/\/news\/?p=3495"},"modified":"2022-05-29T10:25:28","modified_gmt":"2022-05-29T10:25:28","slug":"commission-nationale-de-la-francophonie-cnf-mme-bernise-nguessan-sg-echange-avec-des-specialistes","status":"publish","type":"post","link":"https:\/\/www.amanien.info\/news\/commission-nationale-de-la-francophonie-cnf-mme-bernise-nguessan-sg-echange-avec-des-specialistes\/","title":{"rendered":"Commission Nationale de la Francophonie (CNF): Mme Bernise N\u2019GUESSAN (SG) \u00e9change avec des sp\u00e9cialistes"},"content":{"rendered":"<p>Mme Bernise N\u2019GUESSAN, Secr\u00e9taire G\u00e9n\u00e9rale de la Commission Nationale de la Francophonie (CNF) par int\u00e9rim de la C\u00f4te d\u2019Ivoire, a re\u00e7u en audience, le jeudi 12 mai 2022, Mme TOURE Bintou, Premier Conseiller \u00e0 la Repr\u00e9sentation de la R\u00e9publique de C\u00f4te d\u2019Ivoire pr\u00e8s l\u2019Organisation de la Francophonie (OIF). Ensuite, dans la m\u00eame journ\u00e9e, Mme Bernise N\u2019GUESSAN a re\u00e7u M. Boubacar ISSA BADO, sp\u00e9cialiste de Programmes \u00e0 l\u2019Institut de la Francophonie pour le D\u00e9veloppement Durable (IFDD).<\/p>\n<p>&nbsp;<\/p>\n<p>Avec Mme TOURE Bintou, les \u00e9changes ont essentiellement port\u00e9 sur la pr\u00e9sentation de la Repr\u00e9sentation ivoirienne pr\u00e8s l\u2019OIF et les prochaines rencontres pr\u00e9vues de l\u2019OIF.<\/p>\n<p>Il s\u2019agit de la 41\u00e8 session de la Conf\u00e9rence Minist\u00e9rielle de la Francophonie, la 120\u00e8 session du Conseil Permanent de la Francophonie et le 18\u00e8 Sommet de la Francophonie.<\/p>\n<p>Avec M. Boubacar ISSA BADO, sp\u00e9cialiste de Programmes \u00e0 l\u2019IFDD, Mme Bernise N\u2019GUESSAN a \u00e9voqu\u00e9 des questions d\u2019int\u00e9r\u00eat g\u00e9n\u00e9ral.<\/p>\n<p>Rappelons que M. ISSA BADO \u00e9tait pr\u00e9sent en C\u00f4te d\u2019Ivoire dans le cadre de la 15\u00e8me Conf\u00e9rence des Parties (COP15) de la Convention des Nations Unies sur la Lutte contre la D\u00e9sertification et la S\u00e8cheresse (CNULC).<\/p>\n<p>Ces audiences de Mme Bernise N\u2019GUESSAN ont pour objectif\u00a0d\u2019impliquer la Commission Nationale de la Francophonie dans le d\u00e9veloppement et le rayonnement de la C\u00f4te d\u2019Ivoire en Afrique et dans le monde.<\/p>\n","protected":false},"excerpt":{"rendered":"<p>Mme Bernise N\u2019GUESSAN, Secr\u00e9taire G\u00e9n\u00e9rale de la Commission Nationale de la Francophonie (CNF) par int\u00e9rim de la C\u00f4te d\u2019Ivoire, a re\u00e7u en audience, le jeudi 12 mai 2022, Mme TOURE Bintou, Premier Conseiller \u00e0 la Repr\u00e9sentation de la R\u00e9publique de C\u00f4te d\u2019Ivoire pr\u00e8s l\u2019Organisation de la Francophonie (OIF). Ensuite, dans la m\u00eame journ\u00e9e, Mme Bernise [&hellip;]<\/p>\n","protected":false},"author":2,"featured_media":3496,"comment_status":"closed","ping_status":"closed","sticky":true,"template":"","format":"standard","meta":{"_acf_changed":false,"footnotes":""},"categories":[],"tags":[],"class_list":["post-3495","post","type-post","status-publish","format-standard","has-post-thumbnail","hentry"],"acf":[],"yoast_head":"<!-- This site is optimized with the Yoast SEO plugin v27.5 - https:\/\/yoast.com\/product\/yoast-seo-wordpress\/ -->\n<title>Commission Nationale de la Francophonie (CNF): Mme Bernise N\u2019GUESSAN (SG) \u00e9change avec des sp\u00e9cialistes - Amanien| L&#039;actualit\u00e9 Ivoirienne et Internationale<\/title>\n<meta name=\"robots\" content=\"index, follow, max-snippet:-1, max-image-preview:large, max-video-preview:-1\" \/>\n<link rel=\"canonical\" href=\"https:\/\/www.amanien.info\/news\/commission-nationale-de-la-francophonie-cnf-mme-bernise-nguessan-sg-echange-avec-des-specialistes\/\" \/>\n<meta property=\"og:locale\" content=\"fr_FR\" \/>\n<meta property=\"og:type\" content=\"article\" \/>\n<meta property=\"og:title\" content=\"Commission Nationale de la Francophonie (CNF): Mme Bernise N\u2019GUESSAN (SG) \u00e9change avec des sp\u00e9cialistes - Amanien| L&#039;actualit\u00e9 Ivoirienne et Internationale\" \/>\n<meta property=\"og:description\" content=\"Mme Bernise N\u2019GUESSAN, Secr\u00e9taire G\u00e9n\u00e9rale de la Commission Nationale de la Francophonie (CNF) par int\u00e9rim de la C\u00f4te d\u2019Ivoire, a re\u00e7u en audience, le jeudi 12 mai 2022, Mme TOURE Bintou, Premier Conseiller \u00e0 la Repr\u00e9sentation de la R\u00e9publique de C\u00f4te d\u2019Ivoire pr\u00e8s l\u2019Organisation de la Francophonie (OIF). Ensuite, dans la m\u00eame journ\u00e9e, Mme Bernise [&hellip;]\" \/>\n<meta property=\"og:url\" content=\"https:\/\/www.amanien.info\/news\/commission-nationale-de-la-francophonie-cnf-mme-bernise-nguessan-sg-echange-avec-des-specialistes\/\" \/>\n<meta property=\"og:site_name\" content=\"Amanien| L&#039;actualit\u00e9 Ivoirienne et Internationale\" \/>\n<meta property=\"article:published_time\" content=\"2022-05-29T10:24:23+00:00\" \/>\n<meta property=\"article:modified_time\" content=\"2022-05-29T10:25:28+00:00\" \/>\n<meta property=\"og:image\" content=\"https:\/\/www.amanien.info\/news\/wp-content\/uploads\/2022\/05\/thumbnail-13.jpg\" \/>\n\t<meta property=\"og:image:width\" content=\"809\" \/>\n\t<meta property=\"og:image:height\" content=\"1080\" \/>\n\t<meta property=\"og:image:type\" content=\"image\/jpeg\" \/>\n<meta name=\"author\" content=\"Germain Ndri\" \/>\n<meta name=\"twitter:card\" content=\"summary_large_image\" \/>\n<meta name=\"twitter:label1\" content=\"\u00c9crit par\" \/>\n\t<meta name=\"twitter:data1\" content=\"Germain Ndri\" \/>\n\t<meta name=\"twitter:label2\" content=\"Dur\u00e9e de lecture estim\u00e9e\" \/>\n\t<meta name=\"twitter:data2\" content=\"2 minutes\" \/>\n<script type=\"application\/ld+json\" class=\"yoast-schema-graph\">{\"@context\":\"https:\\\/\\\/schema.org\",\"@graph\":[{\"@type\":\"Article\",\"@id\":\"https:\\\/\\\/www.amanien.info\\\/news\\\/commission-nationale-de-la-francophonie-cnf-mme-bernise-nguessan-sg-echange-avec-des-specialistes\\\/#article\",\"isPartOf\":{\"@id\":\"https:\\\/\\\/www.amanien.info\\\/news\\\/commission-nationale-de-la-francophonie-cnf-mme-bernise-nguessan-sg-echange-avec-des-specialistes\\\/\"},\"author\":{\"name\":\"Germain Ndri\",\"@id\":\"https:\\\/\\\/www.amanien.info\\\/news\\\/#\\\/schema\\\/person\\\/b21093345753a1a98242d505bd894f42\"},\"headline\":\"Commission Nationale de la Francophonie (CNF): Mme Bernise N\u2019GUESSAN (SG) \u00e9change avec des sp\u00e9cialistes\",\"datePublished\":\"2022-05-29T10:24:23+00:00\",\"dateModified\":\"2022-05-29T10:25:28+00:00\",\"mainEntityOfPage\":{\"@id\":\"https:\\\/\\\/www.amanien.info\\\/news\\\/commission-nationale-de-la-francophonie-cnf-mme-bernise-nguessan-sg-echange-avec-des-specialistes\\\/\"},\"wordCount\":274,\"image\":{\"@id\":\"https:\\\/\\\/www.amanien.info\\\/news\\\/commission-nationale-de-la-francophonie-cnf-mme-bernise-nguessan-sg-echange-avec-des-specialistes\\\/#primaryimage\"},\"thumbnailUrl\":\"https:\\\/\\\/www.amanien.info\\\/news\\\/wp-content\\\/uploads\\\/2022\\\/05\\\/thumbnail-13.jpg\",\"inLanguage\":\"fr-FR\"},{\"@type\":\"WebPage\",\"@id\":\"https:\\\/\\\/www.amanien.info\\\/news\\\/commission-nationale-de-la-francophonie-cnf-mme-bernise-nguessan-sg-echange-avec-des-specialistes\\\/\",\"url\":\"https:\\\/\\\/www.amanien.info\\\/news\\\/commission-nationale-de-la-francophonie-cnf-mme-bernise-nguessan-sg-echange-avec-des-specialistes\\\/\",\"name\":\"Commission Nationale de la Francophonie (CNF): Mme Bernise N\u2019GUESSAN (SG) \u00e9change avec des sp\u00e9cialistes - Amanien| L&#039;actualit\u00e9 Ivoirienne et Internationale\",\"isPartOf\":{\"@id\":\"https:\\\/\\\/www.amanien.info\\\/news\\\/#website\"},\"primaryImageOfPage\":{\"@id\":\"https:\\\/\\\/www.amanien.info\\\/news\\\/commission-nationale-de-la-francophonie-cnf-mme-bernise-nguessan-sg-echange-avec-des-specialistes\\\/#primaryimage\"},\"image\":{\"@id\":\"https:\\\/\\\/www.amanien.info\\\/news\\\/commission-nationale-de-la-francophonie-cnf-mme-bernise-nguessan-sg-echange-avec-des-specialistes\\\/#primaryimage\"},\"thumbnailUrl\":\"https:\\\/\\\/www.amanien.info\\\/news\\\/wp-content\\\/uploads\\\/2022\\\/05\\\/thumbnail-13.jpg\",\"datePublished\":\"2022-05-29T10:24:23+00:00\",\"dateModified\":\"2022-05-29T10:25:28+00:00\",\"author\":{\"@id\":\"https:\\\/\\\/www.amanien.info\\\/news\\\/#\\\/schema\\\/person\\\/b21093345753a1a98242d505bd894f42\"},\"breadcrumb\":{\"@id\":\"https:\\\/\\\/www.amanien.info\\\/news\\\/commission-nationale-de-la-francophonie-cnf-mme-bernise-nguessan-sg-echange-avec-des-specialistes\\\/#breadcrumb\"},\"inLanguage\":\"fr-FR\",\"potentialAction\":[{\"@type\":\"ReadAction\",\"target\":[\"https:\\\/\\\/www.amanien.info\\\/news\\\/commission-nationale-de-la-francophonie-cnf-mme-bernise-nguessan-sg-echange-avec-des-specialistes\\\/\"]}]},{\"@type\":\"ImageObject\",\"inLanguage\":\"fr-FR\",\"@id\":\"https:\\\/\\\/www.amanien.info\\\/news\\\/commission-nationale-de-la-francophonie-cnf-mme-bernise-nguessan-sg-echange-avec-des-specialistes\\\/#primaryimage\",\"url\":\"https:\\\/\\\/www.amanien.info\\\/news\\\/wp-content\\\/uploads\\\/2022\\\/05\\\/thumbnail-13.jpg\",\"contentUrl\":\"https:\\\/\\\/www.amanien.info\\\/news\\\/wp-content\\\/uploads\\\/2022\\\/05\\\/thumbnail-13.jpg\",\"width\":809,\"height\":1080},{\"@type\":\"BreadcrumbList\",\"@id\":\"https:\\\/\\\/www.amanien.info\\\/news\\\/commission-nationale-de-la-francophonie-cnf-mme-bernise-nguessan-sg-echange-avec-des-specialistes\\\/#breadcrumb\",\"itemListElement\":[{\"@type\":\"ListItem\",\"position\":1,\"name\":\"Accueil\",\"item\":\"https:\\\/\\\/www.amanien.info\\\/news\\\/\"},{\"@type\":\"ListItem\",\"position\":2,\"name\":\"Commission Nationale de la Francophonie (CNF): Mme Bernise N\u2019GUESSAN (SG) \u00e9change avec des sp\u00e9cialistes\"}]},{\"@type\":\"WebSite\",\"@id\":\"https:\\\/\\\/www.amanien.info\\\/news\\\/#website\",\"url\":\"https:\\\/\\\/www.amanien.info\\\/news\\\/\",\"name\":\"Amanien| L&#039;actualit\u00e9 Ivoirienne et Internationale\",\"description\":\"L&#039;actualit\u00e9 Ivoirienne et Internationale\",\"potentialAction\":[{\"@type\":\"SearchAction\",\"target\":{\"@type\":\"EntryPoint\",\"urlTemplate\":\"https:\\\/\\\/www.amanien.info\\\/news\\\/?s={search_term_string}\"},\"query-input\":{\"@type\":\"PropertyValueSpecification\",\"valueRequired\":true,\"valueName\":\"search_term_string\"}}],\"inLanguage\":\"fr-FR\"},{\"@type\":\"Person\",\"@id\":\"https:\\\/\\\/www.amanien.info\\\/news\\\/#\\\/schema\\\/person\\\/b21093345753a1a98242d505bd894f42\",\"name\":\"Germain Ndri\",\"url\":\"https:\\\/\\\/www.amanien.info\\\/news\\\/author\\\/amanien-infos\\\/\"}]}<\/script>\n<!-- \/ Yoast SEO plugin. -->","yoast_head_json":{"title":"Commission Nationale de la Francophonie (CNF): Mme Bernise N\u2019GUESSAN (SG) \u00e9change avec des sp\u00e9cialistes - Amanien| L&#039;actualit\u00e9 Ivoirienne et Internationale","robots":{"index":"index","follow":"follow","max-snippet":"max-snippet:-1","max-image-preview":"max-image-preview:large","max-video-preview":"max-video-preview:-1"},"canonical":"https:\/\/www.amanien.info\/news\/commission-nationale-de-la-francophonie-cnf-mme-bernise-nguessan-sg-echange-avec-des-specialistes\/","og_locale":"fr_FR","og_type":"article","og_title":"Commission Nationale de la Francophonie (CNF): Mme Bernise N\u2019GUESSAN (SG) \u00e9change avec des sp\u00e9cialistes - Amanien| L&#039;actualit\u00e9 Ivoirienne et Internationale","og_description":"Mme Bernise N\u2019GUESSAN, Secr\u00e9taire G\u00e9n\u00e9rale de la Commission Nationale de la Francophonie (CNF) par int\u00e9rim de la C\u00f4te d\u2019Ivoire, a re\u00e7u en audience, le jeudi 12 mai 2022, Mme TOURE Bintou, Premier Conseiller \u00e0 la Repr\u00e9sentation de la R\u00e9publique de C\u00f4te d\u2019Ivoire pr\u00e8s l\u2019Organisation de la Francophonie (OIF). Ensuite, dans la m\u00eame journ\u00e9e, Mme Bernise [&hellip;]","og_url":"https:\/\/www.amanien.info\/news\/commission-nationale-de-la-francophonie-cnf-mme-bernise-nguessan-sg-echange-avec-des-specialistes\/","og_site_name":"Amanien| L&#039;actualit\u00e9 Ivoirienne et Internationale","article_published_time":"2022-05-29T10:24:23+00:00","article_modified_time":"2022-05-29T10:25:28+00:00","og_image":[{"width":809,"height":1080,"url":"https:\/\/www.amanien.info\/news\/wp-content\/uploads\/2022\/05\/thumbnail-13.jpg","type":"image\/jpeg"}],"author":"Germain Ndri","twitter_card":"summary_large_image","twitter_misc":{"\u00c9crit par":"Germain Ndri","Dur\u00e9e de lecture estim\u00e9e":"2 minutes"},"schema":{"@context":"https:\/\/schema.org","@graph":[{"@type":"Article","@id":"https:\/\/www.amanien.info\/news\/commission-nationale-de-la-francophonie-cnf-mme-bernise-nguessan-sg-echange-avec-des-specialistes\/#article","isPartOf":{"@id":"https:\/\/www.amanien.info\/news\/commission-nationale-de-la-francophonie-cnf-mme-bernise-nguessan-sg-echange-avec-des-specialistes\/"},"author":{"name":"Germain Ndri","@id":"https:\/\/www.amanien.info\/news\/#\/schema\/person\/b21093345753a1a98242d505bd894f42"},"headline":"Commission Nationale de la Francophonie (CNF): Mme Bernise N\u2019GUESSAN (SG) \u00e9change avec des sp\u00e9cialistes","datePublished":"2022-05-29T10:24:23+00:00","dateModified":"2022-05-29T10:25:28+00:00","mainEntityOfPage":{"@id":"https:\/\/www.amanien.info\/news\/commission-nationale-de-la-francophonie-cnf-mme-bernise-nguessan-sg-echange-avec-des-specialistes\/"},"wordCount":274,"image":{"@id":"https:\/\/www.amanien.info\/news\/commission-nationale-de-la-francophonie-cnf-mme-bernise-nguessan-sg-echange-avec-des-specialistes\/#primaryimage"},"thumbnailUrl":"https:\/\/www.amanien.info\/news\/wp-content\/uploads\/2022\/05\/thumbnail-13.jpg","inLanguage":"fr-FR"},{"@type":"WebPage","@id":"https:\/\/www.amanien.info\/news\/commission-nationale-de-la-francophonie-cnf-mme-bernise-nguessan-sg-echange-avec-des-specialistes\/","url":"https:\/\/www.amanien.info\/news\/commission-nationale-de-la-francophonie-cnf-mme-bernise-nguessan-sg-echange-avec-des-specialistes\/","name":"Commission Nationale de la Francophonie (CNF): Mme Bernise N\u2019GUESSAN (SG) \u00e9change avec des sp\u00e9cialistes - Amanien| L&#039;actualit\u00e9 Ivoirienne et Internationale","isPartOf":{"@id":"https:\/\/www.amanien.info\/news\/#website"},"primaryImageOfPage":{"@id":"https:\/\/www.amanien.info\/news\/commission-nationale-de-la-francophonie-cnf-mme-bernise-nguessan-sg-echange-avec-des-specialistes\/#primaryimage"},"image":{"@id":"https:\/\/www.amanien.info\/news\/commission-nationale-de-la-francophonie-cnf-mme-bernise-nguessan-sg-echange-avec-des-specialistes\/#primaryimage"},"thumbnailUrl":"https:\/\/www.amanien.info\/news\/wp-content\/uploads\/2022\/05\/thumbnail-13.jpg","datePublished":"2022-05-29T10:24:23+00:00","dateModified":"2022-05-29T10:25:28+00:00","author":{"@id":"https:\/\/www.amanien.info\/news\/#\/schema\/person\/b21093345753a1a98242d505bd894f42"},"breadcrumb":{"@id":"https:\/\/www.amanien.info\/news\/commission-nationale-de-la-francophonie-cnf-mme-bernise-nguessan-sg-echange-avec-des-specialistes\/#breadcrumb"},"inLanguage":"fr-FR","potentialAction":[{"@type":"ReadAction","target":["https:\/\/www.amanien.info\/news\/commission-nationale-de-la-francophonie-cnf-mme-bernise-nguessan-sg-echange-avec-des-specialistes\/"]}]},{"@type":"ImageObject","inLanguage":"fr-FR","@id":"https:\/\/www.amanien.info\/news\/commission-nationale-de-la-francophonie-cnf-mme-bernise-nguessan-sg-echange-avec-des-specialistes\/#primaryimage","url":"https:\/\/www.amanien.info\/news\/wp-content\/uploads\/2022\/05\/thumbnail-13.jpg","contentUrl":"https:\/\/www.amanien.info\/news\/wp-content\/uploads\/2022\/05\/thumbnail-13.jpg","width":809,"height":1080},{"@type":"BreadcrumbList","@id":"https:\/\/www.amanien.info\/news\/commission-nationale-de-la-francophonie-cnf-mme-bernise-nguessan-sg-echange-avec-des-specialistes\/#breadcrumb","itemListElement":[{"@type":"ListItem","position":1,"name":"Accueil","item":"https:\/\/www.amanien.info\/news\/"},{"@type":"ListItem","position":2,"name":"Commission Nationale de la Francophonie (CNF): Mme Bernise N\u2019GUESSAN (SG) \u00e9change avec des sp\u00e9cialistes"}]},{"@type":"WebSite","@id":"https:\/\/www.amanien.info\/news\/#website","url":"https:\/\/www.amanien.info\/news\/","name":"Amanien| L&#039;actualit\u00e9 Ivoirienne et Internationale","description":"L&#039;actualit\u00e9 Ivoirienne et Internationale","potentialAction":[{"@type":"SearchAction","target":{"@type":"EntryPoint","urlTemplate":"https:\/\/www.amanien.info\/news\/?s={search_term_string}"},"query-input":{"@type":"PropertyValueSpecification","valueRequired":true,"valueName":"search_term_string"}}],"inLanguage":"fr-FR"},{"@type":"Person","@id":"https:\/\/www.amanien.info\/news\/#\/schema\/person\/b21093345753a1a98242d505bd894f42","name":"Germain Ndri","url":"https:\/\/www.amanien.info\/news\/author\/amanien-infos\/"}]}},"_links":{"self":[{"href":"https:\/\/www.amanien.info\/news\/wp-json\/wp\/v2\/posts\/3495","targetHints":{"allow":["GET"]}}],"collection":[{"href":"https:\/\/www.amanien.info\/news\/wp-json\/wp\/v2\/posts"}],"about":[{"href":"https:\/\/www.amanien.info\/news\/wp-json\/wp\/v2\/types\/post"}],"author":[{"embeddable":true,"href":"https:\/\/www.amanien.info\/news\/wp-json\/wp\/v2\/users\/2"}],"replies":[{"embeddable":true,"href":"https:\/\/www.amanien.info\/news\/wp-json\/wp\/v2\/comments?post=3495"}],"version-history":[{"count":1,"href":"https:\/\/www.amanien.info\/news\/wp-json\/wp\/v2\/posts\/3495\/revisions"}],"predecessor-version":[{"id":3497,"href":"https:\/\/www.amanien.info\/news\/wp-json\/wp\/v2\/posts\/3495\/revisions\/3497"}],"wp:featuredmedia":[{"embeddable":true,"href":"https:\/\/www.amanien.info\/news\/wp-json\/wp\/v2\/media\/3496"}],"wp:attachment":[{"href":"https:\/\/www.amanien.info\/news\/wp-json\/wp\/v2\/media?parent=3495"}],"wp:term":[{"taxonomy":"category","embeddable":true,"href":"https:\/\/www.amanien.info\/news\/wp-json\/wp\/v2\/categories?post=3495"},{"taxonomy":"post_tag","embeddable":true,"href":"https:\/\/www.amanien.info\/news\/wp-json\/wp\/v2\/tags?post=3495"}],"curies":[{"name":"wp","href":"https:\/\/api.w.org\/{rel}","templated":true}]}}