{"id":3483,"date":"2022-05-27T07:05:55","date_gmt":"2022-05-27T07:05:55","guid":{"rendered":"https:\/\/www.https:\/\/zozo.buyee.jp\/\/news\/?p=3483"},"modified":"2022-05-27T07:07:36","modified_gmt":"2022-05-27T07:07:36","slug":"abidjan-abritera-la-9e-edition-du-salon-national-des-etudiants-et-cadres-comptables-snec-le-04-juin-prochain","status":"publish","type":"post","link":"https:\/\/www.amanien.info\/news\/abidjan-abritera-la-9e-edition-du-salon-national-des-etudiants-et-cadres-comptables-snec-le-04-juin-prochain\/","title":{"rendered":"Abidjan abritera la 9\u00e8 \u00e9dition du Salon National des \u00c9tudiants et Cadres Comptables (SNEC) le 04 juin prochain"},"content":{"rendered":"<div>La 9\u00e8 \u00e9dition du Salon National des \u00c9tudiants et Cadres Comptables (SNEC) se tiendra le samedi 04 juin 2022 dans la capitale \u00e9conomique ivoirienne, Abidjan, pr\u00e9cis\u00e9ment au CNMS ( Centre National de Mat\u00e9riels Scientifiques) sis \u00e0 Cocody.<\/div>\n<div><\/div>\n<div>Plac\u00e9 sous le patronage du Ministre de l&rsquo;Economie et des Finances, Adama Coulibaly, l&rsquo;\u00e9dition 2022 du SNEC aura pour principal th\u00e8me : \u00ab\u00a0Le d\u00e9veloppement des services financiers dans le cadre de l&rsquo;inclusion financi\u00e8re\u00a0\u00bb.<\/div>\n<div><\/div>\n<div>Cinq cents (500) personnes sont attendues \u00e0 ce salon qui permettra, in fine, de faire conna\u00eetre et comprendre le r\u00f4le que peut jouer l&rsquo;inclusion financi\u00e8re dans la lutte contre la pauvret\u00e9. De participer \u00e0 la formation des apprenants comptables et financiers \u00e0 travers le digital et de leur offrir l&rsquo;opportunit\u00e9 d&rsquo;\u00e9changer avec des chefs d&rsquo;entreprise.<\/div>\n<div><\/div>\n<div><\/div>\n<div>Plusieurs activit\u00e9s meubleront cette \u00e9dition. A savoir, des conf\u00e9rences, des panels, des ateliers de formation, des rencontres B to B(Relation commerciale entre entreprises), des rencontres B to C( Relation Entreprises-Consommateurs), des r\u00e9compenses des laur\u00e9ats ainsi que le d\u00e9veloppement de solutions innovantes (logiciel con\u00e7u pour la gestion comptable).<\/div>\n<div>Les r\u00e9sultats attendus au terme de ces diff\u00e9rents travaux sont, entre autres, l&rsquo;ouverture d&rsquo;opportunit\u00e9s de stages et\/ou d&#8217;emplois aux participants, la hausse du taux d&rsquo;admissibilit\u00e9 des \u00e9tudiants en FCGE(Finance Comptabilit\u00e9 et Gestion des Entreprises), la compr\u00e9hension des enjeux du digital dans le m\u00e9tier de la comptabilit\u00e9, le d\u00e9veloppement de la confiance en soi chez les \u00e9tudiants, le d\u00e9veloppement de la culture de leadership et de l&rsquo;excellence chez les apprenants afin que ceux-ci cr\u00e9ent leur propre capital social et professionnel et la sensibilisation des \u00e9tudiants sur les d\u00e9bouch\u00e9s des fili\u00e8res de la comptabilit\u00e9 et les d\u00e9fis \u00e0 relever.<\/div>\n<div><\/div>\n<div>Organis\u00e9 par l&rsquo;AEFCGE-CI ( Association des \u00c9tudiants en Finances Comptabilit\u00e9 et Gestion des Entreprises de C\u00f4te d&rsquo;Ivoire), le Salon National des \u00c9tudiants et Cadres Comptables est l&rsquo;\u00e9v\u00e9nement par excellence r\u00e9unissant les cabinets comptables, dirigeants d&rsquo;entreprises, imp\u00f4ts, la CNPS, les professionnels et \u00e9tudiants autour d&rsquo;un but commun chaque ann\u00e9e pour faire l&rsquo;\u00e9tat des lieux sur le niveau des comptables, de la main d&rsquo;oeuvre demand\u00e9e et les opportunit\u00e9s qui s&rsquo;offrent aux \u00e9tudiants en qu\u00eate d&#8217;emploi.<\/div>\n<div><\/div>\n<div><\/div>\n<div><\/div>\n<div><b>S.A<\/b>. <b>avec<\/b> <b>Sercom<\/b><\/div>\n<div><\/div>\n","protected":false},"excerpt":{"rendered":"<p>La 9\u00e8 \u00e9dition du Salon National des \u00c9tudiants et Cadres Comptables (SNEC) se tiendra le samedi 04 juin 2022 dans la capitale \u00e9conomique ivoirienne, Abidjan, pr\u00e9cis\u00e9ment au CNMS ( Centre National de Mat\u00e9riels Scientifiques) sis \u00e0 Cocody. Plac\u00e9 sous le patronage du Ministre de l&rsquo;Economie et des Finances, Adama Coulibaly, l&rsquo;\u00e9dition 2022 du SNEC aura [&hellip;]<\/p>\n","protected":false},"author":2,"featured_media":3484,"comment_status":"closed","ping_status":"closed","sticky":true,"template":"","format":"standard","meta":{"_acf_changed":false,"footnotes":""},"categories":[],"tags":[],"class_list":["post-3483","post","type-post","status-publish","format-standard","has-post-thumbnail","hentry"],"acf":[],"yoast_head":"<!-- This site is optimized with the Yoast SEO plugin v27.5 - https:\/\/yoast.com\/product\/yoast-seo-wordpress\/ -->\n<title>Abidjan abritera la 9\u00e8 \u00e9dition du Salon National des \u00c9tudiants et Cadres Comptables (SNEC) le 04 juin prochain - Amanien| L&#039;actualit\u00e9 Ivoirienne et Internationale<\/title>\n<meta name=\"robots\" content=\"index, follow, max-snippet:-1, max-image-preview:large, max-video-preview:-1\" \/>\n<link rel=\"canonical\" href=\"https:\/\/www.amanien.info\/news\/abidjan-abritera-la-9e-edition-du-salon-national-des-etudiants-et-cadres-comptables-snec-le-04-juin-prochain\/\" \/>\n<meta property=\"og:locale\" content=\"fr_FR\" \/>\n<meta property=\"og:type\" content=\"article\" \/>\n<meta property=\"og:title\" content=\"Abidjan abritera la 9\u00e8 \u00e9dition du Salon National des \u00c9tudiants et Cadres Comptables (SNEC) le 04 juin prochain - Amanien| L&#039;actualit\u00e9 Ivoirienne et Internationale\" \/>\n<meta property=\"og:description\" content=\"La 9\u00e8 \u00e9dition du Salon National des \u00c9tudiants et Cadres Comptables (SNEC) se tiendra le samedi 04 juin 2022 dans la capitale \u00e9conomique ivoirienne, Abidjan, pr\u00e9cis\u00e9ment au CNMS ( Centre National de Mat\u00e9riels Scientifiques) sis \u00e0 Cocody. Plac\u00e9 sous le patronage du Ministre de l&rsquo;Economie et des Finances, Adama Coulibaly, l&rsquo;\u00e9dition 2022 du SNEC aura [&hellip;]\" \/>\n<meta property=\"og:url\" content=\"https:\/\/www.amanien.info\/news\/abidjan-abritera-la-9e-edition-du-salon-national-des-etudiants-et-cadres-comptables-snec-le-04-juin-prochain\/\" \/>\n<meta property=\"og:site_name\" content=\"Amanien| L&#039;actualit\u00e9 Ivoirienne et Internationale\" \/>\n<meta property=\"article:published_time\" content=\"2022-05-27T07:05:55+00:00\" \/>\n<meta property=\"article:modified_time\" content=\"2022-05-27T07:07:36+00:00\" \/>\n<meta property=\"og:image\" content=\"https:\/\/www.amanien.info\/news\/wp-content\/uploads\/2022\/05\/thumbnail-9.jpg\" \/>\n\t<meta property=\"og:image:width\" content=\"1080\" \/>\n\t<meta property=\"og:image:height\" content=\"720\" \/>\n\t<meta property=\"og:image:type\" content=\"image\/jpeg\" \/>\n<meta name=\"author\" content=\"Germain Ndri\" \/>\n<meta name=\"twitter:card\" content=\"summary_large_image\" \/>\n<meta name=\"twitter:label1\" content=\"\u00c9crit par\" \/>\n\t<meta name=\"twitter:data1\" content=\"Germain Ndri\" \/>\n\t<meta name=\"twitter:label2\" content=\"Dur\u00e9e de lecture estim\u00e9e\" \/>\n\t<meta name=\"twitter:data2\" content=\"2 minutes\" \/>\n<script type=\"application\/ld+json\" class=\"yoast-schema-graph\">{\"@context\":\"https:\\\/\\\/schema.org\",\"@graph\":[{\"@type\":\"Article\",\"@id\":\"https:\\\/\\\/www.amanien.info\\\/news\\\/abidjan-abritera-la-9e-edition-du-salon-national-des-etudiants-et-cadres-comptables-snec-le-04-juin-prochain\\\/#article\",\"isPartOf\":{\"@id\":\"https:\\\/\\\/www.amanien.info\\\/news\\\/abidjan-abritera-la-9e-edition-du-salon-national-des-etudiants-et-cadres-comptables-snec-le-04-juin-prochain\\\/\"},\"author\":{\"name\":\"Germain Ndri\",\"@id\":\"https:\\\/\\\/www.amanien.info\\\/news\\\/#\\\/schema\\\/person\\\/b21093345753a1a98242d505bd894f42\"},\"headline\":\"Abidjan abritera la 9\u00e8 \u00e9dition du Salon National des \u00c9tudiants et Cadres Comptables (SNEC) le 04 juin prochain\",\"datePublished\":\"2022-05-27T07:05:55+00:00\",\"dateModified\":\"2022-05-27T07:07:36+00:00\",\"mainEntityOfPage\":{\"@id\":\"https:\\\/\\\/www.amanien.info\\\/news\\\/abidjan-abritera-la-9e-edition-du-salon-national-des-etudiants-et-cadres-comptables-snec-le-04-juin-prochain\\\/\"},\"wordCount\":408,\"image\":{\"@id\":\"https:\\\/\\\/www.amanien.info\\\/news\\\/abidjan-abritera-la-9e-edition-du-salon-national-des-etudiants-et-cadres-comptables-snec-le-04-juin-prochain\\\/#primaryimage\"},\"thumbnailUrl\":\"https:\\\/\\\/www.amanien.info\\\/news\\\/wp-content\\\/uploads\\\/2022\\\/05\\\/thumbnail-9.jpg\",\"inLanguage\":\"fr-FR\"},{\"@type\":\"WebPage\",\"@id\":\"https:\\\/\\\/www.amanien.info\\\/news\\\/abidjan-abritera-la-9e-edition-du-salon-national-des-etudiants-et-cadres-comptables-snec-le-04-juin-prochain\\\/\",\"url\":\"https:\\\/\\\/www.amanien.info\\\/news\\\/abidjan-abritera-la-9e-edition-du-salon-national-des-etudiants-et-cadres-comptables-snec-le-04-juin-prochain\\\/\",\"name\":\"Abidjan abritera la 9\u00e8 \u00e9dition du Salon National des \u00c9tudiants et Cadres Comptables (SNEC) le 04 juin prochain - Amanien| L&#039;actualit\u00e9 Ivoirienne et Internationale\",\"isPartOf\":{\"@id\":\"https:\\\/\\\/www.amanien.info\\\/news\\\/#website\"},\"primaryImageOfPage\":{\"@id\":\"https:\\\/\\\/www.amanien.info\\\/news\\\/abidjan-abritera-la-9e-edition-du-salon-national-des-etudiants-et-cadres-comptables-snec-le-04-juin-prochain\\\/#primaryimage\"},\"image\":{\"@id\":\"https:\\\/\\\/www.amanien.info\\\/news\\\/abidjan-abritera-la-9e-edition-du-salon-national-des-etudiants-et-cadres-comptables-snec-le-04-juin-prochain\\\/#primaryimage\"},\"thumbnailUrl\":\"https:\\\/\\\/www.amanien.info\\\/news\\\/wp-content\\\/uploads\\\/2022\\\/05\\\/thumbnail-9.jpg\",\"datePublished\":\"2022-05-27T07:05:55+00:00\",\"dateModified\":\"2022-05-27T07:07:36+00:00\",\"author\":{\"@id\":\"https:\\\/\\\/www.amanien.info\\\/news\\\/#\\\/schema\\\/person\\\/b21093345753a1a98242d505bd894f42\"},\"breadcrumb\":{\"@id\":\"https:\\\/\\\/www.amanien.info\\\/news\\\/abidjan-abritera-la-9e-edition-du-salon-national-des-etudiants-et-cadres-comptables-snec-le-04-juin-prochain\\\/#breadcrumb\"},\"inLanguage\":\"fr-FR\",\"potentialAction\":[{\"@type\":\"ReadAction\",\"target\":[\"https:\\\/\\\/www.amanien.info\\\/news\\\/abidjan-abritera-la-9e-edition-du-salon-national-des-etudiants-et-cadres-comptables-snec-le-04-juin-prochain\\\/\"]}]},{\"@type\":\"ImageObject\",\"inLanguage\":\"fr-FR\",\"@id\":\"https:\\\/\\\/www.amanien.info\\\/news\\\/abidjan-abritera-la-9e-edition-du-salon-national-des-etudiants-et-cadres-comptables-snec-le-04-juin-prochain\\\/#primaryimage\",\"url\":\"https:\\\/\\\/www.amanien.info\\\/news\\\/wp-content\\\/uploads\\\/2022\\\/05\\\/thumbnail-9.jpg\",\"contentUrl\":\"https:\\\/\\\/www.amanien.info\\\/news\\\/wp-content\\\/uploads\\\/2022\\\/05\\\/thumbnail-9.jpg\",\"width\":1080,\"height\":720},{\"@type\":\"BreadcrumbList\",\"@id\":\"https:\\\/\\\/www.amanien.info\\\/news\\\/abidjan-abritera-la-9e-edition-du-salon-national-des-etudiants-et-cadres-comptables-snec-le-04-juin-prochain\\\/#breadcrumb\",\"itemListElement\":[{\"@type\":\"ListItem\",\"position\":1,\"name\":\"Accueil\",\"item\":\"https:\\\/\\\/www.amanien.info\\\/news\\\/\"},{\"@type\":\"ListItem\",\"position\":2,\"name\":\"Abidjan abritera la 9\u00e8 \u00e9dition du Salon National des \u00c9tudiants et Cadres Comptables (SNEC) le 04 juin prochain\"}]},{\"@type\":\"WebSite\",\"@id\":\"https:\\\/\\\/www.amanien.info\\\/news\\\/#website\",\"url\":\"https:\\\/\\\/www.amanien.info\\\/news\\\/\",\"name\":\"Amanien| L&#039;actualit\u00e9 Ivoirienne et Internationale\",\"description\":\"L&#039;actualit\u00e9 Ivoirienne et Internationale\",\"potentialAction\":[{\"@type\":\"SearchAction\",\"target\":{\"@type\":\"EntryPoint\",\"urlTemplate\":\"https:\\\/\\\/www.amanien.info\\\/news\\\/?s={search_term_string}\"},\"query-input\":{\"@type\":\"PropertyValueSpecification\",\"valueRequired\":true,\"valueName\":\"search_term_string\"}}],\"inLanguage\":\"fr-FR\"},{\"@type\":\"Person\",\"@id\":\"https:\\\/\\\/www.amanien.info\\\/news\\\/#\\\/schema\\\/person\\\/b21093345753a1a98242d505bd894f42\",\"name\":\"Germain Ndri\",\"url\":\"https:\\\/\\\/www.amanien.info\\\/news\\\/author\\\/amanien-infos\\\/\"}]}<\/script>\n<!-- \/ Yoast SEO plugin. -->","yoast_head_json":{"title":"Abidjan abritera la 9\u00e8 \u00e9dition du Salon National des \u00c9tudiants et Cadres Comptables (SNEC) le 04 juin prochain - Amanien| L&#039;actualit\u00e9 Ivoirienne et Internationale","robots":{"index":"index","follow":"follow","max-snippet":"max-snippet:-1","max-image-preview":"max-image-preview:large","max-video-preview":"max-video-preview:-1"},"canonical":"https:\/\/www.amanien.info\/news\/abidjan-abritera-la-9e-edition-du-salon-national-des-etudiants-et-cadres-comptables-snec-le-04-juin-prochain\/","og_locale":"fr_FR","og_type":"article","og_title":"Abidjan abritera la 9\u00e8 \u00e9dition du Salon National des \u00c9tudiants et Cadres Comptables (SNEC) le 04 juin prochain - Amanien| L&#039;actualit\u00e9 Ivoirienne et Internationale","og_description":"La 9\u00e8 \u00e9dition du Salon National des \u00c9tudiants et Cadres Comptables (SNEC) se tiendra le samedi 04 juin 2022 dans la capitale \u00e9conomique ivoirienne, Abidjan, pr\u00e9cis\u00e9ment au CNMS ( Centre National de Mat\u00e9riels Scientifiques) sis \u00e0 Cocody. Plac\u00e9 sous le patronage du Ministre de l&rsquo;Economie et des Finances, Adama Coulibaly, l&rsquo;\u00e9dition 2022 du SNEC aura [&hellip;]","og_url":"https:\/\/www.amanien.info\/news\/abidjan-abritera-la-9e-edition-du-salon-national-des-etudiants-et-cadres-comptables-snec-le-04-juin-prochain\/","og_site_name":"Amanien| L&#039;actualit\u00e9 Ivoirienne et Internationale","article_published_time":"2022-05-27T07:05:55+00:00","article_modified_time":"2022-05-27T07:07:36+00:00","og_image":[{"width":1080,"height":720,"url":"https:\/\/www.amanien.info\/news\/wp-content\/uploads\/2022\/05\/thumbnail-9.jpg","type":"image\/jpeg"}],"author":"Germain Ndri","twitter_card":"summary_large_image","twitter_misc":{"\u00c9crit par":"Germain Ndri","Dur\u00e9e de lecture estim\u00e9e":"2 minutes"},"schema":{"@context":"https:\/\/schema.org","@graph":[{"@type":"Article","@id":"https:\/\/www.amanien.info\/news\/abidjan-abritera-la-9e-edition-du-salon-national-des-etudiants-et-cadres-comptables-snec-le-04-juin-prochain\/#article","isPartOf":{"@id":"https:\/\/www.amanien.info\/news\/abidjan-abritera-la-9e-edition-du-salon-national-des-etudiants-et-cadres-comptables-snec-le-04-juin-prochain\/"},"author":{"name":"Germain Ndri","@id":"https:\/\/www.amanien.info\/news\/#\/schema\/person\/b21093345753a1a98242d505bd894f42"},"headline":"Abidjan abritera la 9\u00e8 \u00e9dition du Salon National des \u00c9tudiants et Cadres Comptables (SNEC) le 04 juin prochain","datePublished":"2022-05-27T07:05:55+00:00","dateModified":"2022-05-27T07:07:36+00:00","mainEntityOfPage":{"@id":"https:\/\/www.amanien.info\/news\/abidjan-abritera-la-9e-edition-du-salon-national-des-etudiants-et-cadres-comptables-snec-le-04-juin-prochain\/"},"wordCount":408,"image":{"@id":"https:\/\/www.amanien.info\/news\/abidjan-abritera-la-9e-edition-du-salon-national-des-etudiants-et-cadres-comptables-snec-le-04-juin-prochain\/#primaryimage"},"thumbnailUrl":"https:\/\/www.amanien.info\/news\/wp-content\/uploads\/2022\/05\/thumbnail-9.jpg","inLanguage":"fr-FR"},{"@type":"WebPage","@id":"https:\/\/www.amanien.info\/news\/abidjan-abritera-la-9e-edition-du-salon-national-des-etudiants-et-cadres-comptables-snec-le-04-juin-prochain\/","url":"https:\/\/www.amanien.info\/news\/abidjan-abritera-la-9e-edition-du-salon-national-des-etudiants-et-cadres-comptables-snec-le-04-juin-prochain\/","name":"Abidjan abritera la 9\u00e8 \u00e9dition du Salon National des \u00c9tudiants et Cadres Comptables (SNEC) le 04 juin prochain - Amanien| L&#039;actualit\u00e9 Ivoirienne et Internationale","isPartOf":{"@id":"https:\/\/www.amanien.info\/news\/#website"},"primaryImageOfPage":{"@id":"https:\/\/www.amanien.info\/news\/abidjan-abritera-la-9e-edition-du-salon-national-des-etudiants-et-cadres-comptables-snec-le-04-juin-prochain\/#primaryimage"},"image":{"@id":"https:\/\/www.amanien.info\/news\/abidjan-abritera-la-9e-edition-du-salon-national-des-etudiants-et-cadres-comptables-snec-le-04-juin-prochain\/#primaryimage"},"thumbnailUrl":"https:\/\/www.amanien.info\/news\/wp-content\/uploads\/2022\/05\/thumbnail-9.jpg","datePublished":"2022-05-27T07:05:55+00:00","dateModified":"2022-05-27T07:07:36+00:00","author":{"@id":"https:\/\/www.amanien.info\/news\/#\/schema\/person\/b21093345753a1a98242d505bd894f42"},"breadcrumb":{"@id":"https:\/\/www.amanien.info\/news\/abidjan-abritera-la-9e-edition-du-salon-national-des-etudiants-et-cadres-comptables-snec-le-04-juin-prochain\/#breadcrumb"},"inLanguage":"fr-FR","potentialAction":[{"@type":"ReadAction","target":["https:\/\/www.amanien.info\/news\/abidjan-abritera-la-9e-edition-du-salon-national-des-etudiants-et-cadres-comptables-snec-le-04-juin-prochain\/"]}]},{"@type":"ImageObject","inLanguage":"fr-FR","@id":"https:\/\/www.amanien.info\/news\/abidjan-abritera-la-9e-edition-du-salon-national-des-etudiants-et-cadres-comptables-snec-le-04-juin-prochain\/#primaryimage","url":"https:\/\/www.amanien.info\/news\/wp-content\/uploads\/2022\/05\/thumbnail-9.jpg","contentUrl":"https:\/\/www.amanien.info\/news\/wp-content\/uploads\/2022\/05\/thumbnail-9.jpg","width":1080,"height":720},{"@type":"BreadcrumbList","@id":"https:\/\/www.amanien.info\/news\/abidjan-abritera-la-9e-edition-du-salon-national-des-etudiants-et-cadres-comptables-snec-le-04-juin-prochain\/#breadcrumb","itemListElement":[{"@type":"ListItem","position":1,"name":"Accueil","item":"https:\/\/www.amanien.info\/news\/"},{"@type":"ListItem","position":2,"name":"Abidjan abritera la 9\u00e8 \u00e9dition du Salon National des \u00c9tudiants et Cadres Comptables (SNEC) le 04 juin prochain"}]},{"@type":"WebSite","@id":"https:\/\/www.amanien.info\/news\/#website","url":"https:\/\/www.amanien.info\/news\/","name":"Amanien| L&#039;actualit\u00e9 Ivoirienne et Internationale","description":"L&#039;actualit\u00e9 Ivoirienne et Internationale","potentialAction":[{"@type":"SearchAction","target":{"@type":"EntryPoint","urlTemplate":"https:\/\/www.amanien.info\/news\/?s={search_term_string}"},"query-input":{"@type":"PropertyValueSpecification","valueRequired":true,"valueName":"search_term_string"}}],"inLanguage":"fr-FR"},{"@type":"Person","@id":"https:\/\/www.amanien.info\/news\/#\/schema\/person\/b21093345753a1a98242d505bd894f42","name":"Germain Ndri","url":"https:\/\/www.amanien.info\/news\/author\/amanien-infos\/"}]}},"_links":{"self":[{"href":"https:\/\/www.amanien.info\/news\/wp-json\/wp\/v2\/posts\/3483","targetHints":{"allow":["GET"]}}],"collection":[{"href":"https:\/\/www.amanien.info\/news\/wp-json\/wp\/v2\/posts"}],"about":[{"href":"https:\/\/www.amanien.info\/news\/wp-json\/wp\/v2\/types\/post"}],"author":[{"embeddable":true,"href":"https:\/\/www.amanien.info\/news\/wp-json\/wp\/v2\/users\/2"}],"replies":[{"embeddable":true,"href":"https:\/\/www.amanien.info\/news\/wp-json\/wp\/v2\/comments?post=3483"}],"version-history":[{"count":1,"href":"https:\/\/www.amanien.info\/news\/wp-json\/wp\/v2\/posts\/3483\/revisions"}],"predecessor-version":[{"id":3485,"href":"https:\/\/www.amanien.info\/news\/wp-json\/wp\/v2\/posts\/3483\/revisions\/3485"}],"wp:featuredmedia":[{"embeddable":true,"href":"https:\/\/www.amanien.info\/news\/wp-json\/wp\/v2\/media\/3484"}],"wp:attachment":[{"href":"https:\/\/www.amanien.info\/news\/wp-json\/wp\/v2\/media?parent=3483"}],"wp:term":[{"taxonomy":"category","embeddable":true,"href":"https:\/\/www.amanien.info\/news\/wp-json\/wp\/v2\/categories?post=3483"},{"taxonomy":"post_tag","embeddable":true,"href":"https:\/\/www.amanien.info\/news\/wp-json\/wp\/v2\/tags?post=3483"}],"curies":[{"name":"wp","href":"https:\/\/api.w.org\/{rel}","templated":true}]}}