{"id":3475,"date":"2022-05-16T19:55:36","date_gmt":"2022-05-16T19:55:36","guid":{"rendered":"https:\/\/www.https:\/\/zozo.buyee.jp\/\/news\/?p=3475"},"modified":"2022-05-16T19:56:14","modified_gmt":"2022-05-16T19:56:14","slug":"songon-ceremonie-de-lancement-officiel-du-fan-club-loba-patrice-le-ministre-gouverneur-robert-beugre-mambe-invite-les-jeunes-au-travail","status":"publish","type":"post","link":"https:\/\/www.amanien.info\/news\/songon-ceremonie-de-lancement-officiel-du-fan-club-loba-patrice-le-ministre-gouverneur-robert-beugre-mambe-invite-les-jeunes-au-travail\/","title":{"rendered":"Songon \/ C\u00e9r\u00e9monie de lancement officiel du Fan Club Loba Patrice : Le Ministre-Gouverneur, Robert Beugr\u00e9 Mamb\u00e9 invite les jeunes au travail"},"content":{"rendered":"<div>Le Ministre-Gouverneur du District Autonome d&rsquo;Abidjan et D\u00e9put\u00e9 de Songon, Robert Beugr\u00e9 Mamb\u00e9 a proc\u00e9d\u00e9, ce samedi 07 mai 2022 \u00e0 Songon, au lancement officiel du Fan Club Loba Patrice.<\/div>\n<div><\/div>\n<div>A cette occasion, Robert Beugr\u00e9 Mamb\u00e9 a r\u00e9affirm\u00e9 son soutien \u00e0 la jeunesse de Songon et l&rsquo;invit\u00e9e au travail et \u00e0 d\u00e9finir des projets r\u00e9alisables imm\u00e9diatement.<\/div>\n<div>&lt;&lt;Il faut que la jeunesse prenne conscience que pour avancer, il faut des vertus. D&rsquo;abord, il faudrait que la jeunesse, celle qui a arr\u00eat\u00e9 d&rsquo;aller \u00e0 l&rsquo;\u00e9cole d\u00e9finisse des projets r\u00e9alisables imm\u00e9diatement. Ensuite, la r\u00e9alisation de ces projets demande que nous puissions les accompagner et nous sommes pr\u00eat \u00e0 les accompagner. Mais il est important que ces jeunes aient connaissance des r\u00e8gles de gestion de ces projets. C&rsquo;est pourquoi, je leur ai dit de ne pas \u00e9pouser la facilit\u00e9&gt;&gt; a fait savoir le D\u00e9put\u00e9 de Songon.<\/div>\n<div>Avant d&rsquo;ajouter : \u00ab\u00a0Demain (l&rsquo;avenir) appartient \u00e0 la jeunesse. Mais pour que demain appartienne \u00e0 la jeunesse, il faudrait qu&rsquo;elle s&rsquo;approprie les r\u00e8gles qui r\u00e9gissent la pr\u00e9paration de demain\u00a0\u00bba-t-indiqu\u00e9.<\/div>\n<div><\/div>\n<div>Robert Beugr\u00e9 Mamb\u00e9 a \u00e9galement indiqu\u00e9 que des jeunes qui ont un projet \u00e0 r\u00e9aliser seront encadr\u00e9s de fa\u00e7on permanente. Pour cela, un monitoring sera\u00a0 fait afin de s&rsquo;assurer que le suivi (du projet) a port\u00e9 ses fruits.<\/div>\n<div><\/div>\n<div><\/div>\n<div>Pour sa part, le Pr\u00e9sident National du Fan Club, Ak\u00e9 Yao Jean Hugues a indiqu\u00e9 que l&rsquo;objectif du Fan Club Loba Patrice est le financement des projets des jeunes.<\/div>\n<div>&lt;&lt;La Fan Club Loba Patrice existe pour encadrer les jeunes afin qu&rsquo;ils puissent mener \u00e0 bien leurs activit\u00e9s (les activit\u00e9s g\u00e9n\u00e9ratrices de revenus,\u00a0 l&rsquo;\u00e9levage, l&rsquo;agriculture..<\/div>\n<div>)&gt;&gt; a-t-il soulign\u00e9.<\/div>\n<div>L&rsquo;objectif vis\u00e9 est d&rsquo;aider environ 100 jeunes par mois. Huit(08) projets (sur 10 projets \u00e9tudi\u00e9s) ont \u00e9t\u00e9 d\u00e9j\u00e0 retenus. Les fonds sont d\u00e9j\u00e0 disponibles, selon le Pr\u00e9sident du Fan Club, pour ces 08 projets et les jeunes recevront leur financement \u00e0 la fin de ce mois de mai. Le co\u00fbt de ces 08 projets retenus est estim\u00e9 \u00e0 10 millions de FCFA. S&rsquo;agissant du co\u00fbt des projets \u00e0 financer ( les besoins du Fan Club), ils sont estim\u00e9s \u00e0 environ 100 millions de FCFA.<\/div>\n<div><\/div>\n<div><\/div>\n<div>Le Parrain du Fan Club, LEGUE Loba Patrice, l&rsquo;initiateur a, quant \u00e0 lui, invit\u00e9 les jeunes \u00e0 adh\u00e9rer au Fan Club afin de jouer, dit-il, \u00ab\u00a0leur partition dans le d\u00e9veloppement de la commune de Songon\u00a0\u00bb.<\/div>\n<div>&lt;&lt; Le message que je lance \u00e0 la jeunesse de Songon aujourd&rsquo;hui, c&rsquo;est de se r\u00e9unir autour du Fan Club Loba Patrice parce que nous ex\u00e9cutons nos projets, nous allons toujours au bout de nos id\u00e9es. Nous allons trouver tous les moyens pour financer tous ces projets.&gt;&gt; a rassur\u00e9 Loba Patrice.<\/div>\n<div><\/div>\n<div>Pour rappel, le Fan Club Loba Patrice a \u00e9t\u00e9 cr\u00e9\u00e9 pour organiser, former, encadrer les jeunes de la commune de Songon, leur donner des moyens n\u00e9cessaires pour se prendre en charge. Il compte, \u00e0 ce jour, 4 876 adh\u00e9rents. Les responsables envisagent atteindre 15 000 adh\u00e9rents. Les conditions pour \u00eatre adh\u00e9rent sont les suivantes : \u00eatre ivoirien, \u00eatre r\u00e9sident \u00e0 Songon, appartenir au Fan Club Loba Patrice. Aucun apport initial n&rsquo;est pr\u00e9vu pour l&rsquo;adh\u00e9sion.<\/div>\n<div><\/div>\n<div><\/div>\n<div><b>Sunday<\/b>\u00a0<b>ALAIN<\/b><\/div>\n<div><\/div>\n","protected":false},"excerpt":{"rendered":"<p>Le Ministre-Gouverneur du District Autonome d&rsquo;Abidjan et D\u00e9put\u00e9 de Songon, Robert Beugr\u00e9 Mamb\u00e9 a proc\u00e9d\u00e9, ce samedi 07 mai 2022 \u00e0 Songon, au lancement officiel du Fan Club Loba Patrice. A cette occasion, Robert Beugr\u00e9 Mamb\u00e9 a r\u00e9affirm\u00e9 son soutien \u00e0 la jeunesse de Songon et l&rsquo;invit\u00e9e au travail et \u00e0 d\u00e9finir des projets r\u00e9alisables [&hellip;]<\/p>\n","protected":false},"author":2,"featured_media":3476,"comment_status":"closed","ping_status":"closed","sticky":true,"template":"","format":"standard","meta":{"_acf_changed":false,"footnotes":""},"categories":[],"tags":[],"class_list":["post-3475","post","type-post","status-publish","format-standard","has-post-thumbnail","hentry"],"acf":[],"yoast_head":"<!-- This site is optimized with the Yoast SEO plugin v27.5 - https:\/\/yoast.com\/product\/yoast-seo-wordpress\/ -->\n<title>Songon \/ C\u00e9r\u00e9monie de lancement officiel du Fan Club Loba Patrice : Le Ministre-Gouverneur, Robert Beugr\u00e9 Mamb\u00e9 invite les jeunes au travail - Amanien| L&#039;actualit\u00e9 Ivoirienne et Internationale<\/title>\n<meta name=\"robots\" content=\"index, follow, max-snippet:-1, max-image-preview:large, max-video-preview:-1\" \/>\n<link rel=\"canonical\" href=\"https:\/\/www.amanien.info\/news\/songon-ceremonie-de-lancement-officiel-du-fan-club-loba-patrice-le-ministre-gouverneur-robert-beugre-mambe-invite-les-jeunes-au-travail\/\" \/>\n<meta property=\"og:locale\" content=\"fr_FR\" \/>\n<meta property=\"og:type\" content=\"article\" \/>\n<meta property=\"og:title\" content=\"Songon \/ C\u00e9r\u00e9monie de lancement officiel du Fan Club Loba Patrice : Le Ministre-Gouverneur, Robert Beugr\u00e9 Mamb\u00e9 invite les jeunes au travail - Amanien| L&#039;actualit\u00e9 Ivoirienne et Internationale\" \/>\n<meta property=\"og:description\" content=\"Le Ministre-Gouverneur du District Autonome d&rsquo;Abidjan et D\u00e9put\u00e9 de Songon, Robert Beugr\u00e9 Mamb\u00e9 a proc\u00e9d\u00e9, ce samedi 07 mai 2022 \u00e0 Songon, au lancement officiel du Fan Club Loba Patrice. A cette occasion, Robert Beugr\u00e9 Mamb\u00e9 a r\u00e9affirm\u00e9 son soutien \u00e0 la jeunesse de Songon et l&rsquo;invit\u00e9e au travail et \u00e0 d\u00e9finir des projets r\u00e9alisables [&hellip;]\" \/>\n<meta property=\"og:url\" content=\"https:\/\/www.amanien.info\/news\/songon-ceremonie-de-lancement-officiel-du-fan-club-loba-patrice-le-ministre-gouverneur-robert-beugre-mambe-invite-les-jeunes-au-travail\/\" \/>\n<meta property=\"og:site_name\" content=\"Amanien| L&#039;actualit\u00e9 Ivoirienne et Internationale\" \/>\n<meta property=\"article:published_time\" content=\"2022-05-16T19:55:36+00:00\" \/>\n<meta property=\"article:modified_time\" content=\"2022-05-16T19:56:14+00:00\" \/>\n<meta property=\"og:image\" content=\"https:\/\/www.amanien.info\/news\/wp-content\/uploads\/2022\/05\/thumbnail-8.jpg\" \/>\n\t<meta property=\"og:image:width\" content=\"1080\" \/>\n\t<meta property=\"og:image:height\" content=\"809\" \/>\n\t<meta property=\"og:image:type\" content=\"image\/jpeg\" \/>\n<meta name=\"author\" content=\"Germain Ndri\" \/>\n<meta name=\"twitter:card\" content=\"summary_large_image\" \/>\n<meta name=\"twitter:label1\" content=\"\u00c9crit par\" \/>\n\t<meta name=\"twitter:data1\" content=\"Germain Ndri\" \/>\n\t<meta name=\"twitter:label2\" content=\"Dur\u00e9e de lecture estim\u00e9e\" \/>\n\t<meta name=\"twitter:data2\" content=\"3 minutes\" \/>\n<script type=\"application\/ld+json\" class=\"yoast-schema-graph\">{\"@context\":\"https:\\\/\\\/schema.org\",\"@graph\":[{\"@type\":\"Article\",\"@id\":\"https:\\\/\\\/www.amanien.info\\\/news\\\/songon-ceremonie-de-lancement-officiel-du-fan-club-loba-patrice-le-ministre-gouverneur-robert-beugre-mambe-invite-les-jeunes-au-travail\\\/#article\",\"isPartOf\":{\"@id\":\"https:\\\/\\\/www.amanien.info\\\/news\\\/songon-ceremonie-de-lancement-officiel-du-fan-club-loba-patrice-le-ministre-gouverneur-robert-beugre-mambe-invite-les-jeunes-au-travail\\\/\"},\"author\":{\"name\":\"Germain Ndri\",\"@id\":\"https:\\\/\\\/www.amanien.info\\\/news\\\/#\\\/schema\\\/person\\\/b21093345753a1a98242d505bd894f42\"},\"headline\":\"Songon \\\/ C\u00e9r\u00e9monie de lancement officiel du Fan Club Loba Patrice : Le Ministre-Gouverneur, Robert Beugr\u00e9 Mamb\u00e9 invite les jeunes au travail\",\"datePublished\":\"2022-05-16T19:55:36+00:00\",\"dateModified\":\"2022-05-16T19:56:14+00:00\",\"mainEntityOfPage\":{\"@id\":\"https:\\\/\\\/www.amanien.info\\\/news\\\/songon-ceremonie-de-lancement-officiel-du-fan-club-loba-patrice-le-ministre-gouverneur-robert-beugre-mambe-invite-les-jeunes-au-travail\\\/\"},\"wordCount\":580,\"image\":{\"@id\":\"https:\\\/\\\/www.amanien.info\\\/news\\\/songon-ceremonie-de-lancement-officiel-du-fan-club-loba-patrice-le-ministre-gouverneur-robert-beugre-mambe-invite-les-jeunes-au-travail\\\/#primaryimage\"},\"thumbnailUrl\":\"https:\\\/\\\/www.amanien.info\\\/news\\\/wp-content\\\/uploads\\\/2022\\\/05\\\/thumbnail-8.jpg\",\"inLanguage\":\"fr-FR\"},{\"@type\":\"WebPage\",\"@id\":\"https:\\\/\\\/www.amanien.info\\\/news\\\/songon-ceremonie-de-lancement-officiel-du-fan-club-loba-patrice-le-ministre-gouverneur-robert-beugre-mambe-invite-les-jeunes-au-travail\\\/\",\"url\":\"https:\\\/\\\/www.amanien.info\\\/news\\\/songon-ceremonie-de-lancement-officiel-du-fan-club-loba-patrice-le-ministre-gouverneur-robert-beugre-mambe-invite-les-jeunes-au-travail\\\/\",\"name\":\"Songon \\\/ C\u00e9r\u00e9monie de lancement officiel du Fan Club Loba Patrice : Le Ministre-Gouverneur, Robert Beugr\u00e9 Mamb\u00e9 invite les jeunes au travail - Amanien| L&#039;actualit\u00e9 Ivoirienne et Internationale\",\"isPartOf\":{\"@id\":\"https:\\\/\\\/www.amanien.info\\\/news\\\/#website\"},\"primaryImageOfPage\":{\"@id\":\"https:\\\/\\\/www.amanien.info\\\/news\\\/songon-ceremonie-de-lancement-officiel-du-fan-club-loba-patrice-le-ministre-gouverneur-robert-beugre-mambe-invite-les-jeunes-au-travail\\\/#primaryimage\"},\"image\":{\"@id\":\"https:\\\/\\\/www.amanien.info\\\/news\\\/songon-ceremonie-de-lancement-officiel-du-fan-club-loba-patrice-le-ministre-gouverneur-robert-beugre-mambe-invite-les-jeunes-au-travail\\\/#primaryimage\"},\"thumbnailUrl\":\"https:\\\/\\\/www.amanien.info\\\/news\\\/wp-content\\\/uploads\\\/2022\\\/05\\\/thumbnail-8.jpg\",\"datePublished\":\"2022-05-16T19:55:36+00:00\",\"dateModified\":\"2022-05-16T19:56:14+00:00\",\"author\":{\"@id\":\"https:\\\/\\\/www.amanien.info\\\/news\\\/#\\\/schema\\\/person\\\/b21093345753a1a98242d505bd894f42\"},\"breadcrumb\":{\"@id\":\"https:\\\/\\\/www.amanien.info\\\/news\\\/songon-ceremonie-de-lancement-officiel-du-fan-club-loba-patrice-le-ministre-gouverneur-robert-beugre-mambe-invite-les-jeunes-au-travail\\\/#breadcrumb\"},\"inLanguage\":\"fr-FR\",\"potentialAction\":[{\"@type\":\"ReadAction\",\"target\":[\"https:\\\/\\\/www.amanien.info\\\/news\\\/songon-ceremonie-de-lancement-officiel-du-fan-club-loba-patrice-le-ministre-gouverneur-robert-beugre-mambe-invite-les-jeunes-au-travail\\\/\"]}]},{\"@type\":\"ImageObject\",\"inLanguage\":\"fr-FR\",\"@id\":\"https:\\\/\\\/www.amanien.info\\\/news\\\/songon-ceremonie-de-lancement-officiel-du-fan-club-loba-patrice-le-ministre-gouverneur-robert-beugre-mambe-invite-les-jeunes-au-travail\\\/#primaryimage\",\"url\":\"https:\\\/\\\/www.amanien.info\\\/news\\\/wp-content\\\/uploads\\\/2022\\\/05\\\/thumbnail-8.jpg\",\"contentUrl\":\"https:\\\/\\\/www.amanien.info\\\/news\\\/wp-content\\\/uploads\\\/2022\\\/05\\\/thumbnail-8.jpg\",\"width\":1080,\"height\":809},{\"@type\":\"BreadcrumbList\",\"@id\":\"https:\\\/\\\/www.amanien.info\\\/news\\\/songon-ceremonie-de-lancement-officiel-du-fan-club-loba-patrice-le-ministre-gouverneur-robert-beugre-mambe-invite-les-jeunes-au-travail\\\/#breadcrumb\",\"itemListElement\":[{\"@type\":\"ListItem\",\"position\":1,\"name\":\"Accueil\",\"item\":\"https:\\\/\\\/www.amanien.info\\\/news\\\/\"},{\"@type\":\"ListItem\",\"position\":2,\"name\":\"Songon \\\/ C\u00e9r\u00e9monie de lancement officiel du Fan Club Loba Patrice : Le Ministre-Gouverneur, Robert Beugr\u00e9 Mamb\u00e9 invite les jeunes au travail\"}]},{\"@type\":\"WebSite\",\"@id\":\"https:\\\/\\\/www.amanien.info\\\/news\\\/#website\",\"url\":\"https:\\\/\\\/www.amanien.info\\\/news\\\/\",\"name\":\"Amanien| L&#039;actualit\u00e9 Ivoirienne et Internationale\",\"description\":\"L&#039;actualit\u00e9 Ivoirienne et Internationale\",\"potentialAction\":[{\"@type\":\"SearchAction\",\"target\":{\"@type\":\"EntryPoint\",\"urlTemplate\":\"https:\\\/\\\/www.amanien.info\\\/news\\\/?s={search_term_string}\"},\"query-input\":{\"@type\":\"PropertyValueSpecification\",\"valueRequired\":true,\"valueName\":\"search_term_string\"}}],\"inLanguage\":\"fr-FR\"},{\"@type\":\"Person\",\"@id\":\"https:\\\/\\\/www.amanien.info\\\/news\\\/#\\\/schema\\\/person\\\/b21093345753a1a98242d505bd894f42\",\"name\":\"Germain Ndri\",\"url\":\"https:\\\/\\\/www.amanien.info\\\/news\\\/author\\\/amanien-infos\\\/\"}]}<\/script>\n<!-- \/ Yoast SEO plugin. -->","yoast_head_json":{"title":"Songon \/ C\u00e9r\u00e9monie de lancement officiel du Fan Club Loba Patrice : Le Ministre-Gouverneur, Robert Beugr\u00e9 Mamb\u00e9 invite les jeunes au travail - Amanien| L&#039;actualit\u00e9 Ivoirienne et Internationale","robots":{"index":"index","follow":"follow","max-snippet":"max-snippet:-1","max-image-preview":"max-image-preview:large","max-video-preview":"max-video-preview:-1"},"canonical":"https:\/\/www.amanien.info\/news\/songon-ceremonie-de-lancement-officiel-du-fan-club-loba-patrice-le-ministre-gouverneur-robert-beugre-mambe-invite-les-jeunes-au-travail\/","og_locale":"fr_FR","og_type":"article","og_title":"Songon \/ C\u00e9r\u00e9monie de lancement officiel du Fan Club Loba Patrice : Le Ministre-Gouverneur, Robert Beugr\u00e9 Mamb\u00e9 invite les jeunes au travail - Amanien| L&#039;actualit\u00e9 Ivoirienne et Internationale","og_description":"Le Ministre-Gouverneur du District Autonome d&rsquo;Abidjan et D\u00e9put\u00e9 de Songon, Robert Beugr\u00e9 Mamb\u00e9 a proc\u00e9d\u00e9, ce samedi 07 mai 2022 \u00e0 Songon, au lancement officiel du Fan Club Loba Patrice. A cette occasion, Robert Beugr\u00e9 Mamb\u00e9 a r\u00e9affirm\u00e9 son soutien \u00e0 la jeunesse de Songon et l&rsquo;invit\u00e9e au travail et \u00e0 d\u00e9finir des projets r\u00e9alisables [&hellip;]","og_url":"https:\/\/www.amanien.info\/news\/songon-ceremonie-de-lancement-officiel-du-fan-club-loba-patrice-le-ministre-gouverneur-robert-beugre-mambe-invite-les-jeunes-au-travail\/","og_site_name":"Amanien| L&#039;actualit\u00e9 Ivoirienne et Internationale","article_published_time":"2022-05-16T19:55:36+00:00","article_modified_time":"2022-05-16T19:56:14+00:00","og_image":[{"width":1080,"height":809,"url":"https:\/\/www.amanien.info\/news\/wp-content\/uploads\/2022\/05\/thumbnail-8.jpg","type":"image\/jpeg"}],"author":"Germain Ndri","twitter_card":"summary_large_image","twitter_misc":{"\u00c9crit par":"Germain Ndri","Dur\u00e9e de lecture estim\u00e9e":"3 minutes"},"schema":{"@context":"https:\/\/schema.org","@graph":[{"@type":"Article","@id":"https:\/\/www.amanien.info\/news\/songon-ceremonie-de-lancement-officiel-du-fan-club-loba-patrice-le-ministre-gouverneur-robert-beugre-mambe-invite-les-jeunes-au-travail\/#article","isPartOf":{"@id":"https:\/\/www.amanien.info\/news\/songon-ceremonie-de-lancement-officiel-du-fan-club-loba-patrice-le-ministre-gouverneur-robert-beugre-mambe-invite-les-jeunes-au-travail\/"},"author":{"name":"Germain Ndri","@id":"https:\/\/www.amanien.info\/news\/#\/schema\/person\/b21093345753a1a98242d505bd894f42"},"headline":"Songon \/ C\u00e9r\u00e9monie de lancement officiel du Fan Club Loba Patrice : Le Ministre-Gouverneur, Robert Beugr\u00e9 Mamb\u00e9 invite les jeunes au travail","datePublished":"2022-05-16T19:55:36+00:00","dateModified":"2022-05-16T19:56:14+00:00","mainEntityOfPage":{"@id":"https:\/\/www.amanien.info\/news\/songon-ceremonie-de-lancement-officiel-du-fan-club-loba-patrice-le-ministre-gouverneur-robert-beugre-mambe-invite-les-jeunes-au-travail\/"},"wordCount":580,"image":{"@id":"https:\/\/www.amanien.info\/news\/songon-ceremonie-de-lancement-officiel-du-fan-club-loba-patrice-le-ministre-gouverneur-robert-beugre-mambe-invite-les-jeunes-au-travail\/#primaryimage"},"thumbnailUrl":"https:\/\/www.amanien.info\/news\/wp-content\/uploads\/2022\/05\/thumbnail-8.jpg","inLanguage":"fr-FR"},{"@type":"WebPage","@id":"https:\/\/www.amanien.info\/news\/songon-ceremonie-de-lancement-officiel-du-fan-club-loba-patrice-le-ministre-gouverneur-robert-beugre-mambe-invite-les-jeunes-au-travail\/","url":"https:\/\/www.amanien.info\/news\/songon-ceremonie-de-lancement-officiel-du-fan-club-loba-patrice-le-ministre-gouverneur-robert-beugre-mambe-invite-les-jeunes-au-travail\/","name":"Songon \/ C\u00e9r\u00e9monie de lancement officiel du Fan Club Loba Patrice : Le Ministre-Gouverneur, Robert Beugr\u00e9 Mamb\u00e9 invite les jeunes au travail - Amanien| L&#039;actualit\u00e9 Ivoirienne et Internationale","isPartOf":{"@id":"https:\/\/www.amanien.info\/news\/#website"},"primaryImageOfPage":{"@id":"https:\/\/www.amanien.info\/news\/songon-ceremonie-de-lancement-officiel-du-fan-club-loba-patrice-le-ministre-gouverneur-robert-beugre-mambe-invite-les-jeunes-au-travail\/#primaryimage"},"image":{"@id":"https:\/\/www.amanien.info\/news\/songon-ceremonie-de-lancement-officiel-du-fan-club-loba-patrice-le-ministre-gouverneur-robert-beugre-mambe-invite-les-jeunes-au-travail\/#primaryimage"},"thumbnailUrl":"https:\/\/www.amanien.info\/news\/wp-content\/uploads\/2022\/05\/thumbnail-8.jpg","datePublished":"2022-05-16T19:55:36+00:00","dateModified":"2022-05-16T19:56:14+00:00","author":{"@id":"https:\/\/www.amanien.info\/news\/#\/schema\/person\/b21093345753a1a98242d505bd894f42"},"breadcrumb":{"@id":"https:\/\/www.amanien.info\/news\/songon-ceremonie-de-lancement-officiel-du-fan-club-loba-patrice-le-ministre-gouverneur-robert-beugre-mambe-invite-les-jeunes-au-travail\/#breadcrumb"},"inLanguage":"fr-FR","potentialAction":[{"@type":"ReadAction","target":["https:\/\/www.amanien.info\/news\/songon-ceremonie-de-lancement-officiel-du-fan-club-loba-patrice-le-ministre-gouverneur-robert-beugre-mambe-invite-les-jeunes-au-travail\/"]}]},{"@type":"ImageObject","inLanguage":"fr-FR","@id":"https:\/\/www.amanien.info\/news\/songon-ceremonie-de-lancement-officiel-du-fan-club-loba-patrice-le-ministre-gouverneur-robert-beugre-mambe-invite-les-jeunes-au-travail\/#primaryimage","url":"https:\/\/www.amanien.info\/news\/wp-content\/uploads\/2022\/05\/thumbnail-8.jpg","contentUrl":"https:\/\/www.amanien.info\/news\/wp-content\/uploads\/2022\/05\/thumbnail-8.jpg","width":1080,"height":809},{"@type":"BreadcrumbList","@id":"https:\/\/www.amanien.info\/news\/songon-ceremonie-de-lancement-officiel-du-fan-club-loba-patrice-le-ministre-gouverneur-robert-beugre-mambe-invite-les-jeunes-au-travail\/#breadcrumb","itemListElement":[{"@type":"ListItem","position":1,"name":"Accueil","item":"https:\/\/www.amanien.info\/news\/"},{"@type":"ListItem","position":2,"name":"Songon \/ C\u00e9r\u00e9monie de lancement officiel du Fan Club Loba Patrice : Le Ministre-Gouverneur, Robert Beugr\u00e9 Mamb\u00e9 invite les jeunes au travail"}]},{"@type":"WebSite","@id":"https:\/\/www.amanien.info\/news\/#website","url":"https:\/\/www.amanien.info\/news\/","name":"Amanien| L&#039;actualit\u00e9 Ivoirienne et Internationale","description":"L&#039;actualit\u00e9 Ivoirienne et Internationale","potentialAction":[{"@type":"SearchAction","target":{"@type":"EntryPoint","urlTemplate":"https:\/\/www.amanien.info\/news\/?s={search_term_string}"},"query-input":{"@type":"PropertyValueSpecification","valueRequired":true,"valueName":"search_term_string"}}],"inLanguage":"fr-FR"},{"@type":"Person","@id":"https:\/\/www.amanien.info\/news\/#\/schema\/person\/b21093345753a1a98242d505bd894f42","name":"Germain Ndri","url":"https:\/\/www.amanien.info\/news\/author\/amanien-infos\/"}]}},"_links":{"self":[{"href":"https:\/\/www.amanien.info\/news\/wp-json\/wp\/v2\/posts\/3475","targetHints":{"allow":["GET"]}}],"collection":[{"href":"https:\/\/www.amanien.info\/news\/wp-json\/wp\/v2\/posts"}],"about":[{"href":"https:\/\/www.amanien.info\/news\/wp-json\/wp\/v2\/types\/post"}],"author":[{"embeddable":true,"href":"https:\/\/www.amanien.info\/news\/wp-json\/wp\/v2\/users\/2"}],"replies":[{"embeddable":true,"href":"https:\/\/www.amanien.info\/news\/wp-json\/wp\/v2\/comments?post=3475"}],"version-history":[{"count":1,"href":"https:\/\/www.amanien.info\/news\/wp-json\/wp\/v2\/posts\/3475\/revisions"}],"predecessor-version":[{"id":3477,"href":"https:\/\/www.amanien.info\/news\/wp-json\/wp\/v2\/posts\/3475\/revisions\/3477"}],"wp:featuredmedia":[{"embeddable":true,"href":"https:\/\/www.amanien.info\/news\/wp-json\/wp\/v2\/media\/3476"}],"wp:attachment":[{"href":"https:\/\/www.amanien.info\/news\/wp-json\/wp\/v2\/media?parent=3475"}],"wp:term":[{"taxonomy":"category","embeddable":true,"href":"https:\/\/www.amanien.info\/news\/wp-json\/wp\/v2\/categories?post=3475"},{"taxonomy":"post_tag","embeddable":true,"href":"https:\/\/www.amanien.info\/news\/wp-json\/wp\/v2\/tags?post=3475"}],"curies":[{"name":"wp","href":"https:\/\/api.w.org\/{rel}","templated":true}]}}