{"id":3472,"date":"2022-05-16T19:51:42","date_gmt":"2022-05-16T19:51:42","guid":{"rendered":"https:\/\/www.https:\/\/zozo.buyee.jp\/\/news\/?p=3472"},"modified":"2022-05-16T19:52:20","modified_gmt":"2022-05-16T19:52:20","slug":"art-et-humour-on-est-deja-ne-2-joel-annonce-un-spectacle-inedit-le-12-juin-prochain-a-abidjan","status":"publish","type":"post","link":"https:\/\/www.amanien.info\/news\/art-et-humour-on-est-deja-ne-2-joel-annonce-un-spectacle-inedit-le-12-juin-prochain-a-abidjan\/","title":{"rendered":"Art et Humour \/ \u00ab\u00a0On est d\u00e9j\u00e0 n\u00e9 2\u00a0\u00bb :\u00a0 Jo\u00ebl annonce un spectacle in\u00e9dit le 12 juin prochain \u00e0 Abidjan"},"content":{"rendered":"<div>Apr\u00e8s la premi\u00e8re \u00e9dition(le premier volet) qui a eu lieu le 29 ao\u00fbt dernier, l&rsquo;Artiste-chanteur et Humoriste, N&rsquo;GADI Jo\u00ebl \u00c9ric dit JOEL a annonc\u00e9, ce jeudi 12 mai 2022, le second volet de son spectacle d\u00e9nomm\u00e9 &lt;&lt;On est d\u00e9j\u00e0 n\u00e9 2 &gt;&gt;, la deuxi\u00e8me partie de la saga d\u00e9but\u00e9e l&rsquo;an dernier et qui s&rsquo;inscrit dans la continuit\u00e9 du premier spectacle.<\/div>\n<div>L&rsquo;annonce a \u00e9t\u00e9 faite lors d&rsquo;une conf\u00e9rence de presse qu&rsquo;il a anim\u00e9e au Plateau. Il avait \u00e0 ses c\u00f4t\u00e9s, ses deux metteurs en sc\u00e8ne et Mlle KALANFE Rafiath de la Bo\u00eete \u00e0 id\u00e9es.<\/div>\n<div>Quatre mille (4 000) spectateurs sont attendus \u00e0 ce spectacle \u00ab\u00a0in\u00e9dit\u00a0\u00bb qui aura lieu le dimanche 12 mai prochain sur le coup de 16h \u00e0 la salle Anoumabo du Palais de la Culture d&rsquo;Abidjan-Treichville.<\/div>\n<div><\/div>\n<div>&lt;&lt; On est d\u00e9j\u00e0 n\u00e9 2&gt;&gt; est une \u0153uvre artistique dans laquelle, avec une bonne dose d&rsquo;humour, JO\u00cbL met en lumi\u00e8re le mindest de l&rsquo;ivoirien, son point de vue sur la vie et la soci\u00e9t\u00e9.<\/div>\n<div><\/div>\n<div>Dans ce spectacle, le meilleur Humoriste de l&rsquo;ann\u00e9e 2021 montre la capacit\u00e9 de r\u00e9silience de l&rsquo;ivoirien, ce qui fait, certes, sa force mais peut \u00eatre \u00e9galement un point faible pour lui.<\/div>\n<div><\/div>\n<div>Durant une heure et demie (1h30), cette trame sera racont\u00e9e par l&rsquo;artiste avec quelques surprises en bonus.<\/div>\n<div>L&rsquo;objectif, pour l&rsquo;artiste, est de communier avec son public, ses fans, qui, dit-il, \u00ab\u00a0l&rsquo;ont port\u00e9 l\u00e0 o\u00f9 il est aujourd&rsquo;hui\u00a0\u00bb.<\/div>\n<div><\/div>\n<div>Outre ce spectacle du 12 juin prochain, JO\u00cbL communiera aussi avec son public de l&rsquo;int\u00e9rieur du pays.<\/div>\n<div>\u00ab\u00a0Apr\u00e8s ce spectacle, on aura une tourn\u00e9e le 17 juin \u00e0 Bouak\u00e9, le 18 juin \u00e0 Yamoussoukro, le 25 juin \u00e0 San P\u00e9dro et le 02 juillet \u00e0 Grand Bassam\u00a0\u00bb a annonc\u00e9 l&rsquo;ambassadeur de lutte contre le cancer au Congo, promettant encore des spectacles in\u00e9dits.<\/div>\n<div><\/div>\n<div>Laur\u00e9at de plusieurs Prix dont le Grand Prix Ivoire Humour, JOEL est un artiste-chanteur et Humoriste qui traite des faits, des sujets de soci\u00e9t\u00e9 avec une grande d\u00e9rision. Parce que, indique-t-il, c&rsquo;est \u00e7a le but, \u00ab\u00a0rire de nous, de nos comportements, nos agissements\u00a0\u00bb.<\/div>\n<div><\/div>\n<div>Totalisant aujourd&rsquo;hui plus d&rsquo;une dizaine d&rsquo;ann\u00e9es de carri\u00e8re, JO\u00cbL ne cesse de se bonifier en gratifiant les sc\u00e8nes qu&rsquo;il c\u00f4toie, des prestations de qualit\u00e9, ce qui lui vaut le respect et la consid\u00e9ration de ses coll\u00e8gues Humoristes, toute la communaut\u00e9 artistique ainsi que tous ses fans. Il totalise, \u00e0 son actif, trois (3) One man show.<\/div>\n<div><\/div>\n<div><\/div>\n<div><\/div>\n<div><b>S.A<\/b>.<\/div>\n","protected":false},"excerpt":{"rendered":"<p>Apr\u00e8s la premi\u00e8re \u00e9dition(le premier volet) qui a eu lieu le 29 ao\u00fbt dernier, l&rsquo;Artiste-chanteur et Humoriste, N&rsquo;GADI Jo\u00ebl \u00c9ric dit JOEL a annonc\u00e9, ce jeudi 12 mai 2022, le second volet de son spectacle d\u00e9nomm\u00e9 &lt;&lt;On est d\u00e9j\u00e0 n\u00e9 2 &gt;&gt;, la deuxi\u00e8me partie de la saga d\u00e9but\u00e9e l&rsquo;an dernier et qui s&rsquo;inscrit dans [&hellip;]<\/p>\n","protected":false},"author":2,"featured_media":3473,"comment_status":"closed","ping_status":"closed","sticky":true,"template":"","format":"standard","meta":{"_acf_changed":false,"footnotes":""},"categories":[],"tags":[],"class_list":["post-3472","post","type-post","status-publish","format-standard","has-post-thumbnail","hentry"],"acf":[],"yoast_head":"<!-- This site is optimized with the Yoast SEO plugin v27.5 - https:\/\/yoast.com\/product\/yoast-seo-wordpress\/ -->\n<title>Art et Humour \/ &quot;On est d\u00e9j\u00e0 n\u00e9 2&quot; :\u00a0 Jo\u00ebl annonce un spectacle in\u00e9dit le 12 juin prochain \u00e0 Abidjan - Amanien| L&#039;actualit\u00e9 Ivoirienne et Internationale<\/title>\n<meta name=\"robots\" content=\"index, follow, max-snippet:-1, max-image-preview:large, max-video-preview:-1\" \/>\n<link rel=\"canonical\" href=\"https:\/\/www.amanien.info\/news\/art-et-humour-on-est-deja-ne-2-joel-annonce-un-spectacle-inedit-le-12-juin-prochain-a-abidjan\/\" \/>\n<meta property=\"og:locale\" content=\"fr_FR\" \/>\n<meta property=\"og:type\" content=\"article\" \/>\n<meta property=\"og:title\" content=\"Art et Humour \/ &quot;On est d\u00e9j\u00e0 n\u00e9 2&quot; :\u00a0 Jo\u00ebl annonce un spectacle in\u00e9dit le 12 juin prochain \u00e0 Abidjan - Amanien| L&#039;actualit\u00e9 Ivoirienne et Internationale\" \/>\n<meta property=\"og:description\" content=\"Apr\u00e8s la premi\u00e8re \u00e9dition(le premier volet) qui a eu lieu le 29 ao\u00fbt dernier, l&rsquo;Artiste-chanteur et Humoriste, N&rsquo;GADI Jo\u00ebl \u00c9ric dit JOEL a annonc\u00e9, ce jeudi 12 mai 2022, le second volet de son spectacle d\u00e9nomm\u00e9 &lt;&lt;On est d\u00e9j\u00e0 n\u00e9 2 &gt;&gt;, la deuxi\u00e8me partie de la saga d\u00e9but\u00e9e l&rsquo;an dernier et qui s&rsquo;inscrit dans [&hellip;]\" \/>\n<meta property=\"og:url\" content=\"https:\/\/www.amanien.info\/news\/art-et-humour-on-est-deja-ne-2-joel-annonce-un-spectacle-inedit-le-12-juin-prochain-a-abidjan\/\" \/>\n<meta property=\"og:site_name\" content=\"Amanien| L&#039;actualit\u00e9 Ivoirienne et Internationale\" \/>\n<meta property=\"article:published_time\" content=\"2022-05-16T19:51:42+00:00\" \/>\n<meta property=\"article:modified_time\" content=\"2022-05-16T19:52:20+00:00\" \/>\n<meta property=\"og:image\" content=\"https:\/\/www.amanien.info\/news\/wp-content\/uploads\/2022\/05\/thumbnail-7.jpg\" \/>\n\t<meta property=\"og:image:width\" content=\"1080\" \/>\n\t<meta property=\"og:image:height\" content=\"608\" \/>\n\t<meta property=\"og:image:type\" content=\"image\/jpeg\" \/>\n<meta name=\"author\" content=\"Germain Ndri\" \/>\n<meta name=\"twitter:card\" content=\"summary_large_image\" \/>\n<meta name=\"twitter:label1\" content=\"\u00c9crit par\" \/>\n\t<meta name=\"twitter:data1\" content=\"Germain Ndri\" \/>\n\t<meta name=\"twitter:label2\" content=\"Dur\u00e9e de lecture estim\u00e9e\" \/>\n\t<meta name=\"twitter:data2\" content=\"3 minutes\" \/>\n<script type=\"application\/ld+json\" class=\"yoast-schema-graph\">{\"@context\":\"https:\\\/\\\/schema.org\",\"@graph\":[{\"@type\":\"Article\",\"@id\":\"https:\\\/\\\/www.amanien.info\\\/news\\\/art-et-humour-on-est-deja-ne-2-joel-annonce-un-spectacle-inedit-le-12-juin-prochain-a-abidjan\\\/#article\",\"isPartOf\":{\"@id\":\"https:\\\/\\\/www.amanien.info\\\/news\\\/art-et-humour-on-est-deja-ne-2-joel-annonce-un-spectacle-inedit-le-12-juin-prochain-a-abidjan\\\/\"},\"author\":{\"name\":\"Germain Ndri\",\"@id\":\"https:\\\/\\\/www.amanien.info\\\/news\\\/#\\\/schema\\\/person\\\/b21093345753a1a98242d505bd894f42\"},\"headline\":\"Art et Humour \\\/ \u00ab\u00a0On est d\u00e9j\u00e0 n\u00e9 2\u00a0\u00bb :\u00a0 Jo\u00ebl annonce un spectacle in\u00e9dit le 12 juin prochain \u00e0 Abidjan\",\"datePublished\":\"2022-05-16T19:51:42+00:00\",\"dateModified\":\"2022-05-16T19:52:20+00:00\",\"mainEntityOfPage\":{\"@id\":\"https:\\\/\\\/www.amanien.info\\\/news\\\/art-et-humour-on-est-deja-ne-2-joel-annonce-un-spectacle-inedit-le-12-juin-prochain-a-abidjan\\\/\"},\"wordCount\":459,\"image\":{\"@id\":\"https:\\\/\\\/www.amanien.info\\\/news\\\/art-et-humour-on-est-deja-ne-2-joel-annonce-un-spectacle-inedit-le-12-juin-prochain-a-abidjan\\\/#primaryimage\"},\"thumbnailUrl\":\"https:\\\/\\\/www.amanien.info\\\/news\\\/wp-content\\\/uploads\\\/2022\\\/05\\\/thumbnail-7.jpg\",\"inLanguage\":\"fr-FR\"},{\"@type\":\"WebPage\",\"@id\":\"https:\\\/\\\/www.amanien.info\\\/news\\\/art-et-humour-on-est-deja-ne-2-joel-annonce-un-spectacle-inedit-le-12-juin-prochain-a-abidjan\\\/\",\"url\":\"https:\\\/\\\/www.amanien.info\\\/news\\\/art-et-humour-on-est-deja-ne-2-joel-annonce-un-spectacle-inedit-le-12-juin-prochain-a-abidjan\\\/\",\"name\":\"Art et Humour \\\/ \\\"On est d\u00e9j\u00e0 n\u00e9 2\\\" :\u00a0 Jo\u00ebl annonce un spectacle in\u00e9dit le 12 juin prochain \u00e0 Abidjan - Amanien| L&#039;actualit\u00e9 Ivoirienne et Internationale\",\"isPartOf\":{\"@id\":\"https:\\\/\\\/www.amanien.info\\\/news\\\/#website\"},\"primaryImageOfPage\":{\"@id\":\"https:\\\/\\\/www.amanien.info\\\/news\\\/art-et-humour-on-est-deja-ne-2-joel-annonce-un-spectacle-inedit-le-12-juin-prochain-a-abidjan\\\/#primaryimage\"},\"image\":{\"@id\":\"https:\\\/\\\/www.amanien.info\\\/news\\\/art-et-humour-on-est-deja-ne-2-joel-annonce-un-spectacle-inedit-le-12-juin-prochain-a-abidjan\\\/#primaryimage\"},\"thumbnailUrl\":\"https:\\\/\\\/www.amanien.info\\\/news\\\/wp-content\\\/uploads\\\/2022\\\/05\\\/thumbnail-7.jpg\",\"datePublished\":\"2022-05-16T19:51:42+00:00\",\"dateModified\":\"2022-05-16T19:52:20+00:00\",\"author\":{\"@id\":\"https:\\\/\\\/www.amanien.info\\\/news\\\/#\\\/schema\\\/person\\\/b21093345753a1a98242d505bd894f42\"},\"breadcrumb\":{\"@id\":\"https:\\\/\\\/www.amanien.info\\\/news\\\/art-et-humour-on-est-deja-ne-2-joel-annonce-un-spectacle-inedit-le-12-juin-prochain-a-abidjan\\\/#breadcrumb\"},\"inLanguage\":\"fr-FR\",\"potentialAction\":[{\"@type\":\"ReadAction\",\"target\":[\"https:\\\/\\\/www.amanien.info\\\/news\\\/art-et-humour-on-est-deja-ne-2-joel-annonce-un-spectacle-inedit-le-12-juin-prochain-a-abidjan\\\/\"]}]},{\"@type\":\"ImageObject\",\"inLanguage\":\"fr-FR\",\"@id\":\"https:\\\/\\\/www.amanien.info\\\/news\\\/art-et-humour-on-est-deja-ne-2-joel-annonce-un-spectacle-inedit-le-12-juin-prochain-a-abidjan\\\/#primaryimage\",\"url\":\"https:\\\/\\\/www.amanien.info\\\/news\\\/wp-content\\\/uploads\\\/2022\\\/05\\\/thumbnail-7.jpg\",\"contentUrl\":\"https:\\\/\\\/www.amanien.info\\\/news\\\/wp-content\\\/uploads\\\/2022\\\/05\\\/thumbnail-7.jpg\",\"width\":1080,\"height\":608},{\"@type\":\"BreadcrumbList\",\"@id\":\"https:\\\/\\\/www.amanien.info\\\/news\\\/art-et-humour-on-est-deja-ne-2-joel-annonce-un-spectacle-inedit-le-12-juin-prochain-a-abidjan\\\/#breadcrumb\",\"itemListElement\":[{\"@type\":\"ListItem\",\"position\":1,\"name\":\"Accueil\",\"item\":\"https:\\\/\\\/www.amanien.info\\\/news\\\/\"},{\"@type\":\"ListItem\",\"position\":2,\"name\":\"Art et Humour \\\/ \u00ab\u00a0On est d\u00e9j\u00e0 n\u00e9 2\u00a0\u00bb :\u00a0 Jo\u00ebl annonce un spectacle in\u00e9dit le 12 juin prochain \u00e0 Abidjan\"}]},{\"@type\":\"WebSite\",\"@id\":\"https:\\\/\\\/www.amanien.info\\\/news\\\/#website\",\"url\":\"https:\\\/\\\/www.amanien.info\\\/news\\\/\",\"name\":\"Amanien| L&#039;actualit\u00e9 Ivoirienne et Internationale\",\"description\":\"L&#039;actualit\u00e9 Ivoirienne et Internationale\",\"potentialAction\":[{\"@type\":\"SearchAction\",\"target\":{\"@type\":\"EntryPoint\",\"urlTemplate\":\"https:\\\/\\\/www.amanien.info\\\/news\\\/?s={search_term_string}\"},\"query-input\":{\"@type\":\"PropertyValueSpecification\",\"valueRequired\":true,\"valueName\":\"search_term_string\"}}],\"inLanguage\":\"fr-FR\"},{\"@type\":\"Person\",\"@id\":\"https:\\\/\\\/www.amanien.info\\\/news\\\/#\\\/schema\\\/person\\\/b21093345753a1a98242d505bd894f42\",\"name\":\"Germain Ndri\",\"url\":\"https:\\\/\\\/www.amanien.info\\\/news\\\/author\\\/amanien-infos\\\/\"}]}<\/script>\n<!-- \/ Yoast SEO plugin. -->","yoast_head_json":{"title":"Art et Humour \/ \"On est d\u00e9j\u00e0 n\u00e9 2\" :\u00a0 Jo\u00ebl annonce un spectacle in\u00e9dit le 12 juin prochain \u00e0 Abidjan - Amanien| L&#039;actualit\u00e9 Ivoirienne et Internationale","robots":{"index":"index","follow":"follow","max-snippet":"max-snippet:-1","max-image-preview":"max-image-preview:large","max-video-preview":"max-video-preview:-1"},"canonical":"https:\/\/www.amanien.info\/news\/art-et-humour-on-est-deja-ne-2-joel-annonce-un-spectacle-inedit-le-12-juin-prochain-a-abidjan\/","og_locale":"fr_FR","og_type":"article","og_title":"Art et Humour \/ \"On est d\u00e9j\u00e0 n\u00e9 2\" :\u00a0 Jo\u00ebl annonce un spectacle in\u00e9dit le 12 juin prochain \u00e0 Abidjan - Amanien| L&#039;actualit\u00e9 Ivoirienne et Internationale","og_description":"Apr\u00e8s la premi\u00e8re \u00e9dition(le premier volet) qui a eu lieu le 29 ao\u00fbt dernier, l&rsquo;Artiste-chanteur et Humoriste, N&rsquo;GADI Jo\u00ebl \u00c9ric dit JOEL a annonc\u00e9, ce jeudi 12 mai 2022, le second volet de son spectacle d\u00e9nomm\u00e9 &lt;&lt;On est d\u00e9j\u00e0 n\u00e9 2 &gt;&gt;, la deuxi\u00e8me partie de la saga d\u00e9but\u00e9e l&rsquo;an dernier et qui s&rsquo;inscrit dans [&hellip;]","og_url":"https:\/\/www.amanien.info\/news\/art-et-humour-on-est-deja-ne-2-joel-annonce-un-spectacle-inedit-le-12-juin-prochain-a-abidjan\/","og_site_name":"Amanien| L&#039;actualit\u00e9 Ivoirienne et Internationale","article_published_time":"2022-05-16T19:51:42+00:00","article_modified_time":"2022-05-16T19:52:20+00:00","og_image":[{"width":1080,"height":608,"url":"https:\/\/www.amanien.info\/news\/wp-content\/uploads\/2022\/05\/thumbnail-7.jpg","type":"image\/jpeg"}],"author":"Germain Ndri","twitter_card":"summary_large_image","twitter_misc":{"\u00c9crit par":"Germain Ndri","Dur\u00e9e de lecture estim\u00e9e":"3 minutes"},"schema":{"@context":"https:\/\/schema.org","@graph":[{"@type":"Article","@id":"https:\/\/www.amanien.info\/news\/art-et-humour-on-est-deja-ne-2-joel-annonce-un-spectacle-inedit-le-12-juin-prochain-a-abidjan\/#article","isPartOf":{"@id":"https:\/\/www.amanien.info\/news\/art-et-humour-on-est-deja-ne-2-joel-annonce-un-spectacle-inedit-le-12-juin-prochain-a-abidjan\/"},"author":{"name":"Germain Ndri","@id":"https:\/\/www.amanien.info\/news\/#\/schema\/person\/b21093345753a1a98242d505bd894f42"},"headline":"Art et Humour \/ \u00ab\u00a0On est d\u00e9j\u00e0 n\u00e9 2\u00a0\u00bb :\u00a0 Jo\u00ebl annonce un spectacle in\u00e9dit le 12 juin prochain \u00e0 Abidjan","datePublished":"2022-05-16T19:51:42+00:00","dateModified":"2022-05-16T19:52:20+00:00","mainEntityOfPage":{"@id":"https:\/\/www.amanien.info\/news\/art-et-humour-on-est-deja-ne-2-joel-annonce-un-spectacle-inedit-le-12-juin-prochain-a-abidjan\/"},"wordCount":459,"image":{"@id":"https:\/\/www.amanien.info\/news\/art-et-humour-on-est-deja-ne-2-joel-annonce-un-spectacle-inedit-le-12-juin-prochain-a-abidjan\/#primaryimage"},"thumbnailUrl":"https:\/\/www.amanien.info\/news\/wp-content\/uploads\/2022\/05\/thumbnail-7.jpg","inLanguage":"fr-FR"},{"@type":"WebPage","@id":"https:\/\/www.amanien.info\/news\/art-et-humour-on-est-deja-ne-2-joel-annonce-un-spectacle-inedit-le-12-juin-prochain-a-abidjan\/","url":"https:\/\/www.amanien.info\/news\/art-et-humour-on-est-deja-ne-2-joel-annonce-un-spectacle-inedit-le-12-juin-prochain-a-abidjan\/","name":"Art et Humour \/ \"On est d\u00e9j\u00e0 n\u00e9 2\" :\u00a0 Jo\u00ebl annonce un spectacle in\u00e9dit le 12 juin prochain \u00e0 Abidjan - Amanien| L&#039;actualit\u00e9 Ivoirienne et Internationale","isPartOf":{"@id":"https:\/\/www.amanien.info\/news\/#website"},"primaryImageOfPage":{"@id":"https:\/\/www.amanien.info\/news\/art-et-humour-on-est-deja-ne-2-joel-annonce-un-spectacle-inedit-le-12-juin-prochain-a-abidjan\/#primaryimage"},"image":{"@id":"https:\/\/www.amanien.info\/news\/art-et-humour-on-est-deja-ne-2-joel-annonce-un-spectacle-inedit-le-12-juin-prochain-a-abidjan\/#primaryimage"},"thumbnailUrl":"https:\/\/www.amanien.info\/news\/wp-content\/uploads\/2022\/05\/thumbnail-7.jpg","datePublished":"2022-05-16T19:51:42+00:00","dateModified":"2022-05-16T19:52:20+00:00","author":{"@id":"https:\/\/www.amanien.info\/news\/#\/schema\/person\/b21093345753a1a98242d505bd894f42"},"breadcrumb":{"@id":"https:\/\/www.amanien.info\/news\/art-et-humour-on-est-deja-ne-2-joel-annonce-un-spectacle-inedit-le-12-juin-prochain-a-abidjan\/#breadcrumb"},"inLanguage":"fr-FR","potentialAction":[{"@type":"ReadAction","target":["https:\/\/www.amanien.info\/news\/art-et-humour-on-est-deja-ne-2-joel-annonce-un-spectacle-inedit-le-12-juin-prochain-a-abidjan\/"]}]},{"@type":"ImageObject","inLanguage":"fr-FR","@id":"https:\/\/www.amanien.info\/news\/art-et-humour-on-est-deja-ne-2-joel-annonce-un-spectacle-inedit-le-12-juin-prochain-a-abidjan\/#primaryimage","url":"https:\/\/www.amanien.info\/news\/wp-content\/uploads\/2022\/05\/thumbnail-7.jpg","contentUrl":"https:\/\/www.amanien.info\/news\/wp-content\/uploads\/2022\/05\/thumbnail-7.jpg","width":1080,"height":608},{"@type":"BreadcrumbList","@id":"https:\/\/www.amanien.info\/news\/art-et-humour-on-est-deja-ne-2-joel-annonce-un-spectacle-inedit-le-12-juin-prochain-a-abidjan\/#breadcrumb","itemListElement":[{"@type":"ListItem","position":1,"name":"Accueil","item":"https:\/\/www.amanien.info\/news\/"},{"@type":"ListItem","position":2,"name":"Art et Humour \/ \u00ab\u00a0On est d\u00e9j\u00e0 n\u00e9 2\u00a0\u00bb :\u00a0 Jo\u00ebl annonce un spectacle in\u00e9dit le 12 juin prochain \u00e0 Abidjan"}]},{"@type":"WebSite","@id":"https:\/\/www.amanien.info\/news\/#website","url":"https:\/\/www.amanien.info\/news\/","name":"Amanien| L&#039;actualit\u00e9 Ivoirienne et Internationale","description":"L&#039;actualit\u00e9 Ivoirienne et Internationale","potentialAction":[{"@type":"SearchAction","target":{"@type":"EntryPoint","urlTemplate":"https:\/\/www.amanien.info\/news\/?s={search_term_string}"},"query-input":{"@type":"PropertyValueSpecification","valueRequired":true,"valueName":"search_term_string"}}],"inLanguage":"fr-FR"},{"@type":"Person","@id":"https:\/\/www.amanien.info\/news\/#\/schema\/person\/b21093345753a1a98242d505bd894f42","name":"Germain Ndri","url":"https:\/\/www.amanien.info\/news\/author\/amanien-infos\/"}]}},"_links":{"self":[{"href":"https:\/\/www.amanien.info\/news\/wp-json\/wp\/v2\/posts\/3472","targetHints":{"allow":["GET"]}}],"collection":[{"href":"https:\/\/www.amanien.info\/news\/wp-json\/wp\/v2\/posts"}],"about":[{"href":"https:\/\/www.amanien.info\/news\/wp-json\/wp\/v2\/types\/post"}],"author":[{"embeddable":true,"href":"https:\/\/www.amanien.info\/news\/wp-json\/wp\/v2\/users\/2"}],"replies":[{"embeddable":true,"href":"https:\/\/www.amanien.info\/news\/wp-json\/wp\/v2\/comments?post=3472"}],"version-history":[{"count":1,"href":"https:\/\/www.amanien.info\/news\/wp-json\/wp\/v2\/posts\/3472\/revisions"}],"predecessor-version":[{"id":3474,"href":"https:\/\/www.amanien.info\/news\/wp-json\/wp\/v2\/posts\/3472\/revisions\/3474"}],"wp:featuredmedia":[{"embeddable":true,"href":"https:\/\/www.amanien.info\/news\/wp-json\/wp\/v2\/media\/3473"}],"wp:attachment":[{"href":"https:\/\/www.amanien.info\/news\/wp-json\/wp\/v2\/media?parent=3472"}],"wp:term":[{"taxonomy":"category","embeddable":true,"href":"https:\/\/www.amanien.info\/news\/wp-json\/wp\/v2\/categories?post=3472"},{"taxonomy":"post_tag","embeddable":true,"href":"https:\/\/www.amanien.info\/news\/wp-json\/wp\/v2\/tags?post=3472"}],"curies":[{"name":"wp","href":"https:\/\/api.w.org\/{rel}","templated":true}]}}