{"id":3433,"date":"2022-04-28T10:36:56","date_gmt":"2022-04-28T10:36:56","guid":{"rendered":"https:\/\/www.https:\/\/zozo.buyee.jp\/\/news\/?p=3433"},"modified":"2022-05-03T21:23:06","modified_gmt":"2022-05-03T21:23:06","slug":"1ere-edition-de-la-nuit-des-emeraudes-we-l-association-pour-la-promotion-de-la-culture-we-honore-30-femmes","status":"publish","type":"post","link":"https:\/\/www.amanien.info\/news\/1ere-edition-de-la-nuit-des-emeraudes-we-l-association-pour-la-promotion-de-la-culture-we-honore-30-femmes\/","title":{"rendered":"1\u00e8re \u00e9dition de la Nuit des \u00c9meraudes W\u00ea : L &lsquo;Association pour la Promotion de la Culture W\u00ea honore 30 femmes"},"content":{"rendered":"<div>L&rsquo; Association pour la Promotion de la Culture (APC) W\u00ea a organis\u00e9, dimanche 24 avril 2022 \u00e0 Yopougon, la premi\u00e8re \u00e9dition de la Nuit des \u00c9meraudes W\u00ea.\u00a0 Au cours de cette c\u00e9r\u00e9monie, trente (30) femmes ( Pr\u00e9sidentes d&rsquo;ONG, Chefs d&rsquo;entreprise, femmes d&rsquo;organisations priv\u00e9es et publiques, Journalistes, Animatrices, Artistes, Cin\u00e9astes,\u00a0 Commer\u00e7antes, etc) issues des r\u00e9gions du Gu\u00e9mon et du Cavally ont \u00e9t\u00e9 honor\u00e9es.<\/div>\n<div><\/div>\n<div>L&rsquo;objectif est de montrer, aux dires de la Pr\u00e9sidente de l&rsquo;APC W\u00ea, KEASSIO Juliette Epse Yao, \u00e0 tout le monde entier que les femmes W\u00ea sont de braves femmes et battantes, f\u00e9d\u00e9rer leurs forces afin qu&rsquo;elles soient dynamiques et efficaces,\u00a0 cr\u00e9er un cadre d&rsquo;\u00e9changes et de partage entre ces femmes leaders.<\/div>\n<div>&lt;&lt;La femme W\u00ea est une femme entreprenante, battante. Mais cela n&rsquo;est pas su de tous ou alors les gens ne retiennent que l&rsquo;id\u00e9e p\u00e9jorative de la femme W\u00ea (sa paresse). Et pourtant, il y a des femmes W\u00ea ministres parmi nous. La ministre de la fonction publique, Anne D\u00e9sir\u00e9e Ouloto, par exemple. Lorsqu&rsquo;une femme W\u00ea m\u00e8ne une activit\u00e9, elle la fait avec passion, avec d\u00e9votion. Donc, je me suis dit qu&rsquo;il faut qu&rsquo;on honore ces femmes-l\u00e0( pr\u00e9sidentes d&rsquo;associations, responsables d&rsquo;ONG menant des actions de d\u00e9veloppement dans nos r\u00e9gions et qui ne sont pas connues ou qui ne sont pas sues de tous). C&rsquo;est ce qu&rsquo;on veut mettre en lumi\u00e8re aujourd&rsquo;hui, reconna\u00eetre tous les efforts de ces femmes, leur dire merci&gt;&gt; a fait savoir la pr\u00e9sidente de l&rsquo;APC W\u00ea, KEASSIO Juliette Epse Yao, par ailleurs Commissaire G\u00e9n\u00e9rale du festival des arts culinaires W\u00ea.<\/div>\n<div><\/div>\n<div>Nous irons, ajoute-t-elle, \u00ab\u00a0plus loin en regroupant nos s\u0153urs qui sont dans les zones rurales qui ne travaillent pas encore, les mettre en coop\u00e9ratives, dans les associations afin qu&rsquo;elles puissent sortir de leur situation pr\u00e9caire, les amener \u00e0 \u00eatre autonomes\u00a0\u00bb a-t-elle indiqu\u00e9.<\/div>\n<div><\/div>\n<div><\/div>\n<div>Elle a \u00e9galement invit\u00e9 les femmes W\u00ea \u00e0 s&rsquo;unir, f\u00e9d\u00e9rer leurs forces et demand\u00e9 aux cadres et autorit\u00e9s de la r\u00e9gion \u00e0 voler au secours des femmes. \u00ab\u00a0Que les autorit\u00e9s et les cadres nous aident, qu&rsquo;ils nous ouvrent leurs portes\u00a0\u00bba-t-elle plaid\u00e9.<\/div>\n<div><\/div>\n<div>Notons que la pr\u00e9sence effective de Mme Laure Baflan Donwahi, Marraine, S\u00e9natrice de la R\u00e9gion de la Nawa et Maire de Mayo, a rehauss\u00e9 l&rsquo;\u00e9clat de cette prestigieuse c\u00e9r\u00e9monie de c\u00e9l\u00e9bration des \u00c9meraudes W\u00ea.<\/div>\n<div><\/div>\n<div>Pour rappel, l&rsquo;APC W\u00ea est une association qui \u0153uvre \u00e0 la promotion et \u00e0 la valorisation de la culture W\u00ea. Elle existe depuis 4 ans.<\/div>\n<div><\/div>\n<div><\/div>\n<div><b>Voici<\/b> <b>la<\/b> <b>liste<\/b> <b>compl\u00e8te<\/b> <b>des<\/b> <b>30<\/b> <b>\u00e9meraudes<\/b> <b>W\u00ea<\/b>\u00a0<b>:<\/b><\/div>\n<div>\n<p>1-Mme Anne D\u00e9sir\u00e9e Ouloto, 1ere femme Ministre de la fonction publique et Pr\u00e9sidente du Conseil R\u00e9gional du Cavally<\/p>\n<p>2-Mme Laure Baflan Donwahi, S\u00e9natrice de la Nawa et Maire de Mayo<\/p>\n<p>3-Mme Guidy WANDJA Josephine, 1ere femme agr\u00e9g\u00e9e et Docteur d&rsquo;Etat en Math\u00e9matiques.<\/p>\n<p>4-Mme Oula\u00ef Madeleine, D\u00e9put\u00e9e de Blolequin, 1\u00e8re Vice-pr\u00e9sidente du conseil r\u00e9gional du Cavally et PCA de la Gestoci.<\/p>\n<p>5-Mme Rose Marie Guiro fondatrice de l&rsquo;EDEC\/MR<\/p>\n<p>6-Mme B\u00e9at Seki, Avocate G\u00e9n\u00e9rale \u00e0 la cour d&rsquo;appel d&rsquo;Abidjan<\/p>\n<p>7-Mme Patricia Ouli, Cr\u00e9atrice de mode<\/p>\n<p>8-Mme Gbaz\u00e9 Th\u00e9r\u00e8se, Artiste- com\u00e9dienne<\/p>\n<p>9-Mlle Yan Baou, animatrice radio- t\u00e9l\u00e9,<\/p>\n<p>10-Mme Marcelline Tiemoko,<br \/>\nPCA FALFK \/FDCE\/ABEHEO<br \/>\nPdte Guemon Cavally UK<\/p>\n<p>11-Mme Germaine Trouve, Pr\u00e9sidente de l&rsquo;ONG tch\u00ead\u00e9<\/p>\n<p>12-Bah Viviane, Commissaire g\u00e9n\u00e9rale d&rsquo; Akinhindy Festival<\/p>\n<p>13-Mme Bozon Juliette, Pr\u00e9sidente de l&rsquo; AMA-W\u00ca,<\/p>\n<p>14-Mme Fah\u00e9 Antoinette, Pr\u00e9sidente de l&rsquo;ONG la manne du ciel,<\/p>\n<p>15-Mme GIELEN n\u00e9e Soudan Georgette dite \u00a0\u00bb maman Boya\u00a0\u00bb, Pr\u00e9sidente de l&rsquo;ONG conscience propre et chef d&rsquo;entreprise<\/p>\n<p>16-Mme Nioul\u00e9 Tiecoura Nicole, Pr\u00e9sidente de l&rsquo;ONG AFUPCS-CI<\/p>\n<p>17-Mme Charlene Gueye, Pr\u00e9sidente des merveilles du Guemon<\/p>\n<p>18-Mme Monka C\u00e9leste Oula\u00ef, Pr\u00e9sidente de l&rsquo;ONG Appossoumbo<\/p>\n<p>19-Mme Elvire Kissi, Pr\u00e9sidente de la Fondation Afrik&rsquo;Orizon<\/p>\n<p>20-Mme La Baronne 5 \u00e9toiles, Fondatrice d&rsquo;harmonie Communication,<\/p>\n<p>21-Mme Chantal Nemin Epse Bah, Inspecteur du tr\u00e9sor<\/p>\n<p>22-Mme LEA GOULOHI, Administrateur Principal des services financiers,<\/p>\n<p>23-Mlle Ulrich Tina Doh, Pr\u00e9sidente de l&rsquo;association Wehounsiaho<\/p>\n<p>24-Mme Viviane Bah, Commissaire G\u00e9n\u00e9ral d&rsquo;Akenhindy festival<\/p>\n<p>25-Mme De-Maya Berenice Sahi, Inspecteur de tr\u00e9sor<\/p>\n<p>26-Mme Lemmens Julie<br \/>\nPr\u00e9sidente Fondatrice<br \/>\nde l&rsquo;ONG RSA d\u00e9nomm\u00e9<br \/>\nR\u00e9seau de solidarit\u00e9 pour l&rsquo;Afrique<\/p>\n<p>27-Mme Tossio Ange F\u00e9licit\u00e9 \u00e9pse de Wolf, Pr\u00e9sidente de l&rsquo;ONG internationale Manimbo Amiti\u00e9 et Partage,<\/p>\n<p>28-Danielle Gnonssoa epse Mombley, Pr\u00e9sidente de l&rsquo;ONG KMOODEE Angleterre et C\u00f4te d&rsquo;Ivoire et aussi Pr\u00e9sidente de l\u2019association Women Of Influence en Angleterre. Elue<br \/>\nAmbassadrice De La Culture W\u00ea de la Diaspora 2021 en France,<\/p>\n<p>29-Mlle Nash, Artiste musicienne<\/p>\n<p>30-Mme \u00c9mile Bl\u00e9, Pr\u00e9sidente de l&rsquo;Ong repas d&rsquo;amour.<\/p>\n<\/div>\n<div><\/div>\n<div>\n<div>\n<div>\n<div><\/div>\n<div><b>Sunday<\/b> <b>ALAIN<\/b><\/div>\n<div><\/div>\n<div><\/div>\n<\/div>\n<\/div>\n<\/div>\n","protected":false},"excerpt":{"rendered":"<p>L&rsquo; Association pour la Promotion de la Culture (APC) W\u00ea a organis\u00e9, dimanche 24 avril 2022 \u00e0 Yopougon, la premi\u00e8re \u00e9dition de la Nuit des \u00c9meraudes W\u00ea.\u00a0 Au cours de cette c\u00e9r\u00e9monie, trente (30) femmes ( Pr\u00e9sidentes d&rsquo;ONG, Chefs d&rsquo;entreprise, femmes d&rsquo;organisations priv\u00e9es et publiques, Journalistes, Animatrices, Artistes, Cin\u00e9astes,\u00a0 Commer\u00e7antes, etc) issues des r\u00e9gions du [&hellip;]<\/p>\n","protected":false},"author":2,"featured_media":3434,"comment_status":"closed","ping_status":"closed","sticky":true,"template":"","format":"standard","meta":{"_acf_changed":false,"footnotes":""},"categories":[],"tags":[],"class_list":["post-3433","post","type-post","status-publish","format-standard","has-post-thumbnail","hentry"],"acf":[],"yoast_head":"<!-- This site is optimized with the Yoast SEO plugin v27.5 - https:\/\/yoast.com\/product\/yoast-seo-wordpress\/ -->\n<title>1\u00e8re \u00e9dition de la Nuit des \u00c9meraudes W\u00ea : L &#039;Association pour la Promotion de la Culture W\u00ea honore 30 femmes - Amanien| L&#039;actualit\u00e9 Ivoirienne et Internationale<\/title>\n<meta name=\"robots\" content=\"index, follow, max-snippet:-1, max-image-preview:large, max-video-preview:-1\" \/>\n<link rel=\"canonical\" href=\"https:\/\/www.amanien.info\/news\/1ere-edition-de-la-nuit-des-emeraudes-we-l-association-pour-la-promotion-de-la-culture-we-honore-30-femmes\/\" \/>\n<meta property=\"og:locale\" content=\"fr_FR\" \/>\n<meta property=\"og:type\" content=\"article\" \/>\n<meta property=\"og:title\" content=\"1\u00e8re \u00e9dition de la Nuit des \u00c9meraudes W\u00ea : L &#039;Association pour la Promotion de la Culture W\u00ea honore 30 femmes - Amanien| L&#039;actualit\u00e9 Ivoirienne et Internationale\" \/>\n<meta property=\"og:description\" content=\"L&rsquo; Association pour la Promotion de la Culture (APC) W\u00ea a organis\u00e9, dimanche 24 avril 2022 \u00e0 Yopougon, la premi\u00e8re \u00e9dition de la Nuit des \u00c9meraudes W\u00ea.\u00a0 Au cours de cette c\u00e9r\u00e9monie, trente (30) femmes ( Pr\u00e9sidentes d&rsquo;ONG, Chefs d&rsquo;entreprise, femmes d&rsquo;organisations priv\u00e9es et publiques, Journalistes, Animatrices, Artistes, Cin\u00e9astes,\u00a0 Commer\u00e7antes, etc) issues des r\u00e9gions du [&hellip;]\" \/>\n<meta property=\"og:url\" content=\"https:\/\/www.amanien.info\/news\/1ere-edition-de-la-nuit-des-emeraudes-we-l-association-pour-la-promotion-de-la-culture-we-honore-30-femmes\/\" \/>\n<meta property=\"og:site_name\" content=\"Amanien| L&#039;actualit\u00e9 Ivoirienne et Internationale\" \/>\n<meta property=\"article:published_time\" content=\"2022-04-28T10:36:56+00:00\" \/>\n<meta property=\"article:modified_time\" content=\"2022-05-03T21:23:06+00:00\" \/>\n<meta property=\"og:image\" content=\"https:\/\/www.amanien.info\/news\/wp-content\/uploads\/2022\/04\/thumbnail-5.jpg\" \/>\n\t<meta property=\"og:image:width\" content=\"1080\" \/>\n\t<meta property=\"og:image:height\" content=\"720\" \/>\n\t<meta property=\"og:image:type\" content=\"image\/jpeg\" \/>\n<meta name=\"author\" content=\"Germain Ndri\" \/>\n<meta name=\"twitter:card\" content=\"summary_large_image\" \/>\n<meta name=\"twitter:label1\" content=\"\u00c9crit par\" \/>\n\t<meta name=\"twitter:data1\" content=\"Germain Ndri\" \/>\n\t<meta name=\"twitter:label2\" content=\"Dur\u00e9e de lecture estim\u00e9e\" \/>\n\t<meta name=\"twitter:data2\" content=\"4 minutes\" \/>\n<script type=\"application\/ld+json\" class=\"yoast-schema-graph\">{\"@context\":\"https:\\\/\\\/schema.org\",\"@graph\":[{\"@type\":\"Article\",\"@id\":\"https:\\\/\\\/www.amanien.info\\\/news\\\/1ere-edition-de-la-nuit-des-emeraudes-we-l-association-pour-la-promotion-de-la-culture-we-honore-30-femmes\\\/#article\",\"isPartOf\":{\"@id\":\"https:\\\/\\\/www.amanien.info\\\/news\\\/1ere-edition-de-la-nuit-des-emeraudes-we-l-association-pour-la-promotion-de-la-culture-we-honore-30-femmes\\\/\"},\"author\":{\"name\":\"Germain Ndri\",\"@id\":\"https:\\\/\\\/www.amanien.info\\\/news\\\/#\\\/schema\\\/person\\\/b21093345753a1a98242d505bd894f42\"},\"headline\":\"1\u00e8re \u00e9dition de la Nuit des \u00c9meraudes W\u00ea : L &lsquo;Association pour la Promotion de la Culture W\u00ea honore 30 femmes\",\"datePublished\":\"2022-04-28T10:36:56+00:00\",\"dateModified\":\"2022-05-03T21:23:06+00:00\",\"mainEntityOfPage\":{\"@id\":\"https:\\\/\\\/www.amanien.info\\\/news\\\/1ere-edition-de-la-nuit-des-emeraudes-we-l-association-pour-la-promotion-de-la-culture-we-honore-30-femmes\\\/\"},\"wordCount\":857,\"image\":{\"@id\":\"https:\\\/\\\/www.amanien.info\\\/news\\\/1ere-edition-de-la-nuit-des-emeraudes-we-l-association-pour-la-promotion-de-la-culture-we-honore-30-femmes\\\/#primaryimage\"},\"thumbnailUrl\":\"https:\\\/\\\/www.amanien.info\\\/news\\\/wp-content\\\/uploads\\\/2022\\\/04\\\/thumbnail-5.jpg\",\"inLanguage\":\"fr-FR\"},{\"@type\":\"WebPage\",\"@id\":\"https:\\\/\\\/www.amanien.info\\\/news\\\/1ere-edition-de-la-nuit-des-emeraudes-we-l-association-pour-la-promotion-de-la-culture-we-honore-30-femmes\\\/\",\"url\":\"https:\\\/\\\/www.amanien.info\\\/news\\\/1ere-edition-de-la-nuit-des-emeraudes-we-l-association-pour-la-promotion-de-la-culture-we-honore-30-femmes\\\/\",\"name\":\"1\u00e8re \u00e9dition de la Nuit des \u00c9meraudes W\u00ea : L 'Association pour la Promotion de la Culture W\u00ea honore 30 femmes - Amanien| L&#039;actualit\u00e9 Ivoirienne et Internationale\",\"isPartOf\":{\"@id\":\"https:\\\/\\\/www.amanien.info\\\/news\\\/#website\"},\"primaryImageOfPage\":{\"@id\":\"https:\\\/\\\/www.amanien.info\\\/news\\\/1ere-edition-de-la-nuit-des-emeraudes-we-l-association-pour-la-promotion-de-la-culture-we-honore-30-femmes\\\/#primaryimage\"},\"image\":{\"@id\":\"https:\\\/\\\/www.amanien.info\\\/news\\\/1ere-edition-de-la-nuit-des-emeraudes-we-l-association-pour-la-promotion-de-la-culture-we-honore-30-femmes\\\/#primaryimage\"},\"thumbnailUrl\":\"https:\\\/\\\/www.amanien.info\\\/news\\\/wp-content\\\/uploads\\\/2022\\\/04\\\/thumbnail-5.jpg\",\"datePublished\":\"2022-04-28T10:36:56+00:00\",\"dateModified\":\"2022-05-03T21:23:06+00:00\",\"author\":{\"@id\":\"https:\\\/\\\/www.amanien.info\\\/news\\\/#\\\/schema\\\/person\\\/b21093345753a1a98242d505bd894f42\"},\"breadcrumb\":{\"@id\":\"https:\\\/\\\/www.amanien.info\\\/news\\\/1ere-edition-de-la-nuit-des-emeraudes-we-l-association-pour-la-promotion-de-la-culture-we-honore-30-femmes\\\/#breadcrumb\"},\"inLanguage\":\"fr-FR\",\"potentialAction\":[{\"@type\":\"ReadAction\",\"target\":[\"https:\\\/\\\/www.amanien.info\\\/news\\\/1ere-edition-de-la-nuit-des-emeraudes-we-l-association-pour-la-promotion-de-la-culture-we-honore-30-femmes\\\/\"]}]},{\"@type\":\"ImageObject\",\"inLanguage\":\"fr-FR\",\"@id\":\"https:\\\/\\\/www.amanien.info\\\/news\\\/1ere-edition-de-la-nuit-des-emeraudes-we-l-association-pour-la-promotion-de-la-culture-we-honore-30-femmes\\\/#primaryimage\",\"url\":\"https:\\\/\\\/www.amanien.info\\\/news\\\/wp-content\\\/uploads\\\/2022\\\/04\\\/thumbnail-5.jpg\",\"contentUrl\":\"https:\\\/\\\/www.amanien.info\\\/news\\\/wp-content\\\/uploads\\\/2022\\\/04\\\/thumbnail-5.jpg\",\"width\":1080,\"height\":720},{\"@type\":\"BreadcrumbList\",\"@id\":\"https:\\\/\\\/www.amanien.info\\\/news\\\/1ere-edition-de-la-nuit-des-emeraudes-we-l-association-pour-la-promotion-de-la-culture-we-honore-30-femmes\\\/#breadcrumb\",\"itemListElement\":[{\"@type\":\"ListItem\",\"position\":1,\"name\":\"Accueil\",\"item\":\"https:\\\/\\\/www.amanien.info\\\/news\\\/\"},{\"@type\":\"ListItem\",\"position\":2,\"name\":\"1\u00e8re \u00e9dition de la Nuit des \u00c9meraudes W\u00ea : L &lsquo;Association pour la Promotion de la Culture W\u00ea honore 30 femmes\"}]},{\"@type\":\"WebSite\",\"@id\":\"https:\\\/\\\/www.amanien.info\\\/news\\\/#website\",\"url\":\"https:\\\/\\\/www.amanien.info\\\/news\\\/\",\"name\":\"Amanien| L&#039;actualit\u00e9 Ivoirienne et Internationale\",\"description\":\"L&#039;actualit\u00e9 Ivoirienne et Internationale\",\"potentialAction\":[{\"@type\":\"SearchAction\",\"target\":{\"@type\":\"EntryPoint\",\"urlTemplate\":\"https:\\\/\\\/www.amanien.info\\\/news\\\/?s={search_term_string}\"},\"query-input\":{\"@type\":\"PropertyValueSpecification\",\"valueRequired\":true,\"valueName\":\"search_term_string\"}}],\"inLanguage\":\"fr-FR\"},{\"@type\":\"Person\",\"@id\":\"https:\\\/\\\/www.amanien.info\\\/news\\\/#\\\/schema\\\/person\\\/b21093345753a1a98242d505bd894f42\",\"name\":\"Germain Ndri\",\"url\":\"https:\\\/\\\/www.amanien.info\\\/news\\\/author\\\/amanien-infos\\\/\"}]}<\/script>\n<!-- \/ Yoast SEO plugin. -->","yoast_head_json":{"title":"1\u00e8re \u00e9dition de la Nuit des \u00c9meraudes W\u00ea : L 'Association pour la Promotion de la Culture W\u00ea honore 30 femmes - Amanien| L&#039;actualit\u00e9 Ivoirienne et Internationale","robots":{"index":"index","follow":"follow","max-snippet":"max-snippet:-1","max-image-preview":"max-image-preview:large","max-video-preview":"max-video-preview:-1"},"canonical":"https:\/\/www.amanien.info\/news\/1ere-edition-de-la-nuit-des-emeraudes-we-l-association-pour-la-promotion-de-la-culture-we-honore-30-femmes\/","og_locale":"fr_FR","og_type":"article","og_title":"1\u00e8re \u00e9dition de la Nuit des \u00c9meraudes W\u00ea : L 'Association pour la Promotion de la Culture W\u00ea honore 30 femmes - Amanien| L&#039;actualit\u00e9 Ivoirienne et Internationale","og_description":"L&rsquo; Association pour la Promotion de la Culture (APC) W\u00ea a organis\u00e9, dimanche 24 avril 2022 \u00e0 Yopougon, la premi\u00e8re \u00e9dition de la Nuit des \u00c9meraudes W\u00ea.\u00a0 Au cours de cette c\u00e9r\u00e9monie, trente (30) femmes ( Pr\u00e9sidentes d&rsquo;ONG, Chefs d&rsquo;entreprise, femmes d&rsquo;organisations priv\u00e9es et publiques, Journalistes, Animatrices, Artistes, Cin\u00e9astes,\u00a0 Commer\u00e7antes, etc) issues des r\u00e9gions du [&hellip;]","og_url":"https:\/\/www.amanien.info\/news\/1ere-edition-de-la-nuit-des-emeraudes-we-l-association-pour-la-promotion-de-la-culture-we-honore-30-femmes\/","og_site_name":"Amanien| L&#039;actualit\u00e9 Ivoirienne et Internationale","article_published_time":"2022-04-28T10:36:56+00:00","article_modified_time":"2022-05-03T21:23:06+00:00","og_image":[{"width":1080,"height":720,"url":"https:\/\/www.amanien.info\/news\/wp-content\/uploads\/2022\/04\/thumbnail-5.jpg","type":"image\/jpeg"}],"author":"Germain Ndri","twitter_card":"summary_large_image","twitter_misc":{"\u00c9crit par":"Germain Ndri","Dur\u00e9e de lecture estim\u00e9e":"4 minutes"},"schema":{"@context":"https:\/\/schema.org","@graph":[{"@type":"Article","@id":"https:\/\/www.amanien.info\/news\/1ere-edition-de-la-nuit-des-emeraudes-we-l-association-pour-la-promotion-de-la-culture-we-honore-30-femmes\/#article","isPartOf":{"@id":"https:\/\/www.amanien.info\/news\/1ere-edition-de-la-nuit-des-emeraudes-we-l-association-pour-la-promotion-de-la-culture-we-honore-30-femmes\/"},"author":{"name":"Germain Ndri","@id":"https:\/\/www.amanien.info\/news\/#\/schema\/person\/b21093345753a1a98242d505bd894f42"},"headline":"1\u00e8re \u00e9dition de la Nuit des \u00c9meraudes W\u00ea : L &lsquo;Association pour la Promotion de la Culture W\u00ea honore 30 femmes","datePublished":"2022-04-28T10:36:56+00:00","dateModified":"2022-05-03T21:23:06+00:00","mainEntityOfPage":{"@id":"https:\/\/www.amanien.info\/news\/1ere-edition-de-la-nuit-des-emeraudes-we-l-association-pour-la-promotion-de-la-culture-we-honore-30-femmes\/"},"wordCount":857,"image":{"@id":"https:\/\/www.amanien.info\/news\/1ere-edition-de-la-nuit-des-emeraudes-we-l-association-pour-la-promotion-de-la-culture-we-honore-30-femmes\/#primaryimage"},"thumbnailUrl":"https:\/\/www.amanien.info\/news\/wp-content\/uploads\/2022\/04\/thumbnail-5.jpg","inLanguage":"fr-FR"},{"@type":"WebPage","@id":"https:\/\/www.amanien.info\/news\/1ere-edition-de-la-nuit-des-emeraudes-we-l-association-pour-la-promotion-de-la-culture-we-honore-30-femmes\/","url":"https:\/\/www.amanien.info\/news\/1ere-edition-de-la-nuit-des-emeraudes-we-l-association-pour-la-promotion-de-la-culture-we-honore-30-femmes\/","name":"1\u00e8re \u00e9dition de la Nuit des \u00c9meraudes W\u00ea : L 'Association pour la Promotion de la Culture W\u00ea honore 30 femmes - Amanien| L&#039;actualit\u00e9 Ivoirienne et Internationale","isPartOf":{"@id":"https:\/\/www.amanien.info\/news\/#website"},"primaryImageOfPage":{"@id":"https:\/\/www.amanien.info\/news\/1ere-edition-de-la-nuit-des-emeraudes-we-l-association-pour-la-promotion-de-la-culture-we-honore-30-femmes\/#primaryimage"},"image":{"@id":"https:\/\/www.amanien.info\/news\/1ere-edition-de-la-nuit-des-emeraudes-we-l-association-pour-la-promotion-de-la-culture-we-honore-30-femmes\/#primaryimage"},"thumbnailUrl":"https:\/\/www.amanien.info\/news\/wp-content\/uploads\/2022\/04\/thumbnail-5.jpg","datePublished":"2022-04-28T10:36:56+00:00","dateModified":"2022-05-03T21:23:06+00:00","author":{"@id":"https:\/\/www.amanien.info\/news\/#\/schema\/person\/b21093345753a1a98242d505bd894f42"},"breadcrumb":{"@id":"https:\/\/www.amanien.info\/news\/1ere-edition-de-la-nuit-des-emeraudes-we-l-association-pour-la-promotion-de-la-culture-we-honore-30-femmes\/#breadcrumb"},"inLanguage":"fr-FR","potentialAction":[{"@type":"ReadAction","target":["https:\/\/www.amanien.info\/news\/1ere-edition-de-la-nuit-des-emeraudes-we-l-association-pour-la-promotion-de-la-culture-we-honore-30-femmes\/"]}]},{"@type":"ImageObject","inLanguage":"fr-FR","@id":"https:\/\/www.amanien.info\/news\/1ere-edition-de-la-nuit-des-emeraudes-we-l-association-pour-la-promotion-de-la-culture-we-honore-30-femmes\/#primaryimage","url":"https:\/\/www.amanien.info\/news\/wp-content\/uploads\/2022\/04\/thumbnail-5.jpg","contentUrl":"https:\/\/www.amanien.info\/news\/wp-content\/uploads\/2022\/04\/thumbnail-5.jpg","width":1080,"height":720},{"@type":"BreadcrumbList","@id":"https:\/\/www.amanien.info\/news\/1ere-edition-de-la-nuit-des-emeraudes-we-l-association-pour-la-promotion-de-la-culture-we-honore-30-femmes\/#breadcrumb","itemListElement":[{"@type":"ListItem","position":1,"name":"Accueil","item":"https:\/\/www.amanien.info\/news\/"},{"@type":"ListItem","position":2,"name":"1\u00e8re \u00e9dition de la Nuit des \u00c9meraudes W\u00ea : L &lsquo;Association pour la Promotion de la Culture W\u00ea honore 30 femmes"}]},{"@type":"WebSite","@id":"https:\/\/www.amanien.info\/news\/#website","url":"https:\/\/www.amanien.info\/news\/","name":"Amanien| L&#039;actualit\u00e9 Ivoirienne et Internationale","description":"L&#039;actualit\u00e9 Ivoirienne et Internationale","potentialAction":[{"@type":"SearchAction","target":{"@type":"EntryPoint","urlTemplate":"https:\/\/www.amanien.info\/news\/?s={search_term_string}"},"query-input":{"@type":"PropertyValueSpecification","valueRequired":true,"valueName":"search_term_string"}}],"inLanguage":"fr-FR"},{"@type":"Person","@id":"https:\/\/www.amanien.info\/news\/#\/schema\/person\/b21093345753a1a98242d505bd894f42","name":"Germain Ndri","url":"https:\/\/www.amanien.info\/news\/author\/amanien-infos\/"}]}},"_links":{"self":[{"href":"https:\/\/www.amanien.info\/news\/wp-json\/wp\/v2\/posts\/3433","targetHints":{"allow":["GET"]}}],"collection":[{"href":"https:\/\/www.amanien.info\/news\/wp-json\/wp\/v2\/posts"}],"about":[{"href":"https:\/\/www.amanien.info\/news\/wp-json\/wp\/v2\/types\/post"}],"author":[{"embeddable":true,"href":"https:\/\/www.amanien.info\/news\/wp-json\/wp\/v2\/users\/2"}],"replies":[{"embeddable":true,"href":"https:\/\/www.amanien.info\/news\/wp-json\/wp\/v2\/comments?post=3433"}],"version-history":[{"count":3,"href":"https:\/\/www.amanien.info\/news\/wp-json\/wp\/v2\/posts\/3433\/revisions"}],"predecessor-version":[{"id":3443,"href":"https:\/\/www.amanien.info\/news\/wp-json\/wp\/v2\/posts\/3433\/revisions\/3443"}],"wp:featuredmedia":[{"embeddable":true,"href":"https:\/\/www.amanien.info\/news\/wp-json\/wp\/v2\/media\/3434"}],"wp:attachment":[{"href":"https:\/\/www.amanien.info\/news\/wp-json\/wp\/v2\/media?parent=3433"}],"wp:term":[{"taxonomy":"category","embeddable":true,"href":"https:\/\/www.amanien.info\/news\/wp-json\/wp\/v2\/categories?post=3433"},{"taxonomy":"post_tag","embeddable":true,"href":"https:\/\/www.amanien.info\/news\/wp-json\/wp\/v2\/tags?post=3433"}],"curies":[{"name":"wp","href":"https:\/\/api.w.org\/{rel}","templated":true}]}}