{"id":3430,"date":"2022-04-28T10:32:14","date_gmt":"2022-04-28T10:32:14","guid":{"rendered":"https:\/\/www.https:\/\/zozo.buyee.jp\/\/news\/?p=3430"},"modified":"2022-04-28T10:33:08","modified_gmt":"2022-04-28T10:33:08","slug":"cote-divoire-une-nouvelle-base-logistique-moderne-souvre-bientot-a-abidjan","status":"publish","type":"post","link":"https:\/\/www.amanien.info\/news\/cote-divoire-une-nouvelle-base-logistique-moderne-souvre-bientot-a-abidjan\/","title":{"rendered":"C\u00f4te d\u2019Ivoire\u00a0: une nouvelle base logistique moderne s\u2019ouvre bient\u00f4t \u00e0 Abidjan"},"content":{"rendered":"<div dir=\"ltr\">\n<div>\n<p class=\"yiv5323594442ydpd838ec35MsoNormal\">En septembre prochain, Bollor\u00e9 Transport &amp; Logistics C\u00f4te d\u2019Ivoire va inaugurer, dans la zone a\u00e9roportuaire d\u2019Abidjan, une base logistique moderne d\u2019une superficie totale de 9 000 m2.<\/p>\n<p class=\"yiv5323594442ydpd838ec35MsoNormal\">Con\u00e7ue pour renforcer son offre de services li\u00e9e \u00e0 l\u2019importation et l\u2019exportation de marchandises par voie a\u00e9rienne, cette nouvelle infrastructure aura n\u00e9cessit\u00e9 18 mois de travaux et un investissement de 3,4 milliards de Francs CFA.<\/p>\n<p class=\"yiv5323594442ydpd838ec35MsoNormal\">Au sein de cette nouvelle plateforme, des am\u00e9nagements seront par ailleurs r\u00e9alis\u00e9s pour faciliter le conditionnement des produits pharmaceutiques et offrir un stockage \u00e0 valeur ajout\u00e9e pour tout type de fret, notamment les denr\u00e9es p\u00e9rissables destin\u00e9es au march\u00e9 ivoirien ou aux pays europ\u00e9ens. Ces services seront assur\u00e9s par les \u00e9quipes en charge du fret conventionnel et du transport express install\u00e9es \u00e0 proximit\u00e9 des sites d\u2019exploitation.<\/p>\n<p class=\"yiv5323594442ydpd838ec35MsoNormal\">\u00ab Cet investissement fait partie des projets structurants dans lesquels nous nous sommes engag\u00e9s depuis quelques ann\u00e9es pour moderniser les infrastructures logistiques en C\u00f4te d\u2019Ivoire. Deux ans apr\u00e8s l\u2019inauguration de l\u2019A\u00e9rohub, nous nous appr\u00eatons \u00e0 mettre en service une infrastructure moderne nous permettant de r\u00e9pondre aux besoins croissants de notre client\u00e8le et de renforcer notre r\u00f4le de hub logistique r\u00e9gional. \u00bb, a d\u00e9clar\u00e9 Jo\u00ebl HOUNSINOU, Directeur g\u00e9n\u00e9ral de Bollor\u00e9 Transport &amp; Logistics C\u00f4te d\u2019Ivoire.<\/p>\n<p class=\"yiv5323594442ydpd838ec35MsoNormal\">Connect\u00e9 \u00e0 l\u2019a\u00e9roport International et \u00e0 la ville d\u2019Abidjan, ce hub logistique comprendra une zone d\u2019exploitation de 7 500 m\u00b2 et 1 500 m\u00b2 de bureaux. Il abritera \u00e9galement un entrep\u00f4t de 3 500 m\u00b2 dot\u00e9 d\u2019\u00e9quipements modernes tels qu\u2019un pont bascule, un niveleur de quai, une fosse de palettisation et une chambre froide.<\/p>\n<p class=\"yiv5323594442ydpd838ec35MsoNormal\">Toum avec sercom<\/p>\n<\/div>\n<\/div>\n<div><\/div>\n","protected":false},"excerpt":{"rendered":"<p>En septembre prochain, Bollor\u00e9 Transport &amp; Logistics C\u00f4te d\u2019Ivoire va inaugurer, dans la zone a\u00e9roportuaire d\u2019Abidjan, une base logistique moderne d\u2019une superficie totale de 9 000 m2. Con\u00e7ue pour renforcer son offre de services li\u00e9e \u00e0 l\u2019importation et l\u2019exportation de marchandises par voie a\u00e9rienne, cette nouvelle infrastructure aura n\u00e9cessit\u00e9 18 mois de travaux et un [&hellip;]<\/p>\n","protected":false},"author":2,"featured_media":3431,"comment_status":"closed","ping_status":"closed","sticky":true,"template":"","format":"standard","meta":{"_acf_changed":false,"footnotes":""},"categories":[],"tags":[],"class_list":["post-3430","post","type-post","status-publish","format-standard","has-post-thumbnail","hentry"],"acf":[],"yoast_head":"<!-- This site is optimized with the Yoast SEO plugin v27.5 - https:\/\/yoast.com\/product\/yoast-seo-wordpress\/ -->\n<title>C\u00f4te d\u2019Ivoire\u00a0: une nouvelle base logistique moderne s\u2019ouvre bient\u00f4t \u00e0 Abidjan - Amanien| L&#039;actualit\u00e9 Ivoirienne et Internationale<\/title>\n<meta name=\"robots\" content=\"index, follow, max-snippet:-1, max-image-preview:large, max-video-preview:-1\" \/>\n<link rel=\"canonical\" href=\"https:\/\/www.amanien.info\/news\/cote-divoire-une-nouvelle-base-logistique-moderne-souvre-bientot-a-abidjan\/\" \/>\n<meta property=\"og:locale\" content=\"fr_FR\" \/>\n<meta property=\"og:type\" content=\"article\" \/>\n<meta property=\"og:title\" content=\"C\u00f4te d\u2019Ivoire\u00a0: une nouvelle base logistique moderne s\u2019ouvre bient\u00f4t \u00e0 Abidjan - Amanien| L&#039;actualit\u00e9 Ivoirienne et Internationale\" \/>\n<meta property=\"og:description\" content=\"En septembre prochain, Bollor\u00e9 Transport &amp; Logistics C\u00f4te d\u2019Ivoire va inaugurer, dans la zone a\u00e9roportuaire d\u2019Abidjan, une base logistique moderne d\u2019une superficie totale de 9 000 m2. Con\u00e7ue pour renforcer son offre de services li\u00e9e \u00e0 l\u2019importation et l\u2019exportation de marchandises par voie a\u00e9rienne, cette nouvelle infrastructure aura n\u00e9cessit\u00e9 18 mois de travaux et un [&hellip;]\" \/>\n<meta property=\"og:url\" content=\"https:\/\/www.amanien.info\/news\/cote-divoire-une-nouvelle-base-logistique-moderne-souvre-bientot-a-abidjan\/\" \/>\n<meta property=\"og:site_name\" content=\"Amanien| L&#039;actualit\u00e9 Ivoirienne et Internationale\" \/>\n<meta property=\"article:published_time\" content=\"2022-04-28T10:32:14+00:00\" \/>\n<meta property=\"article:modified_time\" content=\"2022-04-28T10:33:08+00:00\" \/>\n<meta property=\"og:image\" content=\"https:\/\/www.amanien.info\/news\/wp-content\/uploads\/2022\/04\/thumbnail-4.jpg\" \/>\n\t<meta property=\"og:image:width\" content=\"1052\" \/>\n\t<meta property=\"og:image:height\" content=\"432\" \/>\n\t<meta property=\"og:image:type\" content=\"image\/jpeg\" \/>\n<meta name=\"author\" content=\"Germain Ndri\" \/>\n<meta name=\"twitter:card\" content=\"summary_large_image\" \/>\n<meta name=\"twitter:label1\" content=\"\u00c9crit par\" \/>\n\t<meta name=\"twitter:data1\" content=\"Germain Ndri\" \/>\n\t<meta name=\"twitter:label2\" content=\"Dur\u00e9e de lecture estim\u00e9e\" \/>\n\t<meta name=\"twitter:data2\" content=\"2 minutes\" \/>\n<script type=\"application\/ld+json\" class=\"yoast-schema-graph\">{\"@context\":\"https:\\\/\\\/schema.org\",\"@graph\":[{\"@type\":\"Article\",\"@id\":\"https:\\\/\\\/www.amanien.info\\\/news\\\/cote-divoire-une-nouvelle-base-logistique-moderne-souvre-bientot-a-abidjan\\\/#article\",\"isPartOf\":{\"@id\":\"https:\\\/\\\/www.amanien.info\\\/news\\\/cote-divoire-une-nouvelle-base-logistique-moderne-souvre-bientot-a-abidjan\\\/\"},\"author\":{\"name\":\"Germain Ndri\",\"@id\":\"https:\\\/\\\/www.amanien.info\\\/news\\\/#\\\/schema\\\/person\\\/b21093345753a1a98242d505bd894f42\"},\"headline\":\"C\u00f4te d\u2019Ivoire\u00a0: une nouvelle base logistique moderne s\u2019ouvre bient\u00f4t \u00e0 Abidjan\",\"datePublished\":\"2022-04-28T10:32:14+00:00\",\"dateModified\":\"2022-04-28T10:33:08+00:00\",\"mainEntityOfPage\":{\"@id\":\"https:\\\/\\\/www.amanien.info\\\/news\\\/cote-divoire-une-nouvelle-base-logistique-moderne-souvre-bientot-a-abidjan\\\/\"},\"wordCount\":302,\"image\":{\"@id\":\"https:\\\/\\\/www.amanien.info\\\/news\\\/cote-divoire-une-nouvelle-base-logistique-moderne-souvre-bientot-a-abidjan\\\/#primaryimage\"},\"thumbnailUrl\":\"https:\\\/\\\/www.amanien.info\\\/news\\\/wp-content\\\/uploads\\\/2022\\\/04\\\/thumbnail-4.jpg\",\"inLanguage\":\"fr-FR\"},{\"@type\":\"WebPage\",\"@id\":\"https:\\\/\\\/www.amanien.info\\\/news\\\/cote-divoire-une-nouvelle-base-logistique-moderne-souvre-bientot-a-abidjan\\\/\",\"url\":\"https:\\\/\\\/www.amanien.info\\\/news\\\/cote-divoire-une-nouvelle-base-logistique-moderne-souvre-bientot-a-abidjan\\\/\",\"name\":\"C\u00f4te d\u2019Ivoire\u00a0: une nouvelle base logistique moderne s\u2019ouvre bient\u00f4t \u00e0 Abidjan - Amanien| L&#039;actualit\u00e9 Ivoirienne et Internationale\",\"isPartOf\":{\"@id\":\"https:\\\/\\\/www.amanien.info\\\/news\\\/#website\"},\"primaryImageOfPage\":{\"@id\":\"https:\\\/\\\/www.amanien.info\\\/news\\\/cote-divoire-une-nouvelle-base-logistique-moderne-souvre-bientot-a-abidjan\\\/#primaryimage\"},\"image\":{\"@id\":\"https:\\\/\\\/www.amanien.info\\\/news\\\/cote-divoire-une-nouvelle-base-logistique-moderne-souvre-bientot-a-abidjan\\\/#primaryimage\"},\"thumbnailUrl\":\"https:\\\/\\\/www.amanien.info\\\/news\\\/wp-content\\\/uploads\\\/2022\\\/04\\\/thumbnail-4.jpg\",\"datePublished\":\"2022-04-28T10:32:14+00:00\",\"dateModified\":\"2022-04-28T10:33:08+00:00\",\"author\":{\"@id\":\"https:\\\/\\\/www.amanien.info\\\/news\\\/#\\\/schema\\\/person\\\/b21093345753a1a98242d505bd894f42\"},\"breadcrumb\":{\"@id\":\"https:\\\/\\\/www.amanien.info\\\/news\\\/cote-divoire-une-nouvelle-base-logistique-moderne-souvre-bientot-a-abidjan\\\/#breadcrumb\"},\"inLanguage\":\"fr-FR\",\"potentialAction\":[{\"@type\":\"ReadAction\",\"target\":[\"https:\\\/\\\/www.amanien.info\\\/news\\\/cote-divoire-une-nouvelle-base-logistique-moderne-souvre-bientot-a-abidjan\\\/\"]}]},{\"@type\":\"ImageObject\",\"inLanguage\":\"fr-FR\",\"@id\":\"https:\\\/\\\/www.amanien.info\\\/news\\\/cote-divoire-une-nouvelle-base-logistique-moderne-souvre-bientot-a-abidjan\\\/#primaryimage\",\"url\":\"https:\\\/\\\/www.amanien.info\\\/news\\\/wp-content\\\/uploads\\\/2022\\\/04\\\/thumbnail-4.jpg\",\"contentUrl\":\"https:\\\/\\\/www.amanien.info\\\/news\\\/wp-content\\\/uploads\\\/2022\\\/04\\\/thumbnail-4.jpg\",\"width\":1052,\"height\":432},{\"@type\":\"BreadcrumbList\",\"@id\":\"https:\\\/\\\/www.amanien.info\\\/news\\\/cote-divoire-une-nouvelle-base-logistique-moderne-souvre-bientot-a-abidjan\\\/#breadcrumb\",\"itemListElement\":[{\"@type\":\"ListItem\",\"position\":1,\"name\":\"Accueil\",\"item\":\"https:\\\/\\\/www.amanien.info\\\/news\\\/\"},{\"@type\":\"ListItem\",\"position\":2,\"name\":\"C\u00f4te d\u2019Ivoire\u00a0: une nouvelle base logistique moderne s\u2019ouvre bient\u00f4t \u00e0 Abidjan\"}]},{\"@type\":\"WebSite\",\"@id\":\"https:\\\/\\\/www.amanien.info\\\/news\\\/#website\",\"url\":\"https:\\\/\\\/www.amanien.info\\\/news\\\/\",\"name\":\"Amanien| L&#039;actualit\u00e9 Ivoirienne et Internationale\",\"description\":\"L&#039;actualit\u00e9 Ivoirienne et Internationale\",\"potentialAction\":[{\"@type\":\"SearchAction\",\"target\":{\"@type\":\"EntryPoint\",\"urlTemplate\":\"https:\\\/\\\/www.amanien.info\\\/news\\\/?s={search_term_string}\"},\"query-input\":{\"@type\":\"PropertyValueSpecification\",\"valueRequired\":true,\"valueName\":\"search_term_string\"}}],\"inLanguage\":\"fr-FR\"},{\"@type\":\"Person\",\"@id\":\"https:\\\/\\\/www.amanien.info\\\/news\\\/#\\\/schema\\\/person\\\/b21093345753a1a98242d505bd894f42\",\"name\":\"Germain Ndri\",\"url\":\"https:\\\/\\\/www.amanien.info\\\/news\\\/author\\\/amanien-infos\\\/\"}]}<\/script>\n<!-- \/ Yoast SEO plugin. -->","yoast_head_json":{"title":"C\u00f4te d\u2019Ivoire\u00a0: une nouvelle base logistique moderne s\u2019ouvre bient\u00f4t \u00e0 Abidjan - Amanien| L&#039;actualit\u00e9 Ivoirienne et Internationale","robots":{"index":"index","follow":"follow","max-snippet":"max-snippet:-1","max-image-preview":"max-image-preview:large","max-video-preview":"max-video-preview:-1"},"canonical":"https:\/\/www.amanien.info\/news\/cote-divoire-une-nouvelle-base-logistique-moderne-souvre-bientot-a-abidjan\/","og_locale":"fr_FR","og_type":"article","og_title":"C\u00f4te d\u2019Ivoire\u00a0: une nouvelle base logistique moderne s\u2019ouvre bient\u00f4t \u00e0 Abidjan - Amanien| L&#039;actualit\u00e9 Ivoirienne et Internationale","og_description":"En septembre prochain, Bollor\u00e9 Transport &amp; Logistics C\u00f4te d\u2019Ivoire va inaugurer, dans la zone a\u00e9roportuaire d\u2019Abidjan, une base logistique moderne d\u2019une superficie totale de 9 000 m2. Con\u00e7ue pour renforcer son offre de services li\u00e9e \u00e0 l\u2019importation et l\u2019exportation de marchandises par voie a\u00e9rienne, cette nouvelle infrastructure aura n\u00e9cessit\u00e9 18 mois de travaux et un [&hellip;]","og_url":"https:\/\/www.amanien.info\/news\/cote-divoire-une-nouvelle-base-logistique-moderne-souvre-bientot-a-abidjan\/","og_site_name":"Amanien| L&#039;actualit\u00e9 Ivoirienne et Internationale","article_published_time":"2022-04-28T10:32:14+00:00","article_modified_time":"2022-04-28T10:33:08+00:00","og_image":[{"width":1052,"height":432,"url":"https:\/\/www.amanien.info\/news\/wp-content\/uploads\/2022\/04\/thumbnail-4.jpg","type":"image\/jpeg"}],"author":"Germain Ndri","twitter_card":"summary_large_image","twitter_misc":{"\u00c9crit par":"Germain Ndri","Dur\u00e9e de lecture estim\u00e9e":"2 minutes"},"schema":{"@context":"https:\/\/schema.org","@graph":[{"@type":"Article","@id":"https:\/\/www.amanien.info\/news\/cote-divoire-une-nouvelle-base-logistique-moderne-souvre-bientot-a-abidjan\/#article","isPartOf":{"@id":"https:\/\/www.amanien.info\/news\/cote-divoire-une-nouvelle-base-logistique-moderne-souvre-bientot-a-abidjan\/"},"author":{"name":"Germain Ndri","@id":"https:\/\/www.amanien.info\/news\/#\/schema\/person\/b21093345753a1a98242d505bd894f42"},"headline":"C\u00f4te d\u2019Ivoire\u00a0: une nouvelle base logistique moderne s\u2019ouvre bient\u00f4t \u00e0 Abidjan","datePublished":"2022-04-28T10:32:14+00:00","dateModified":"2022-04-28T10:33:08+00:00","mainEntityOfPage":{"@id":"https:\/\/www.amanien.info\/news\/cote-divoire-une-nouvelle-base-logistique-moderne-souvre-bientot-a-abidjan\/"},"wordCount":302,"image":{"@id":"https:\/\/www.amanien.info\/news\/cote-divoire-une-nouvelle-base-logistique-moderne-souvre-bientot-a-abidjan\/#primaryimage"},"thumbnailUrl":"https:\/\/www.amanien.info\/news\/wp-content\/uploads\/2022\/04\/thumbnail-4.jpg","inLanguage":"fr-FR"},{"@type":"WebPage","@id":"https:\/\/www.amanien.info\/news\/cote-divoire-une-nouvelle-base-logistique-moderne-souvre-bientot-a-abidjan\/","url":"https:\/\/www.amanien.info\/news\/cote-divoire-une-nouvelle-base-logistique-moderne-souvre-bientot-a-abidjan\/","name":"C\u00f4te d\u2019Ivoire\u00a0: une nouvelle base logistique moderne s\u2019ouvre bient\u00f4t \u00e0 Abidjan - Amanien| L&#039;actualit\u00e9 Ivoirienne et Internationale","isPartOf":{"@id":"https:\/\/www.amanien.info\/news\/#website"},"primaryImageOfPage":{"@id":"https:\/\/www.amanien.info\/news\/cote-divoire-une-nouvelle-base-logistique-moderne-souvre-bientot-a-abidjan\/#primaryimage"},"image":{"@id":"https:\/\/www.amanien.info\/news\/cote-divoire-une-nouvelle-base-logistique-moderne-souvre-bientot-a-abidjan\/#primaryimage"},"thumbnailUrl":"https:\/\/www.amanien.info\/news\/wp-content\/uploads\/2022\/04\/thumbnail-4.jpg","datePublished":"2022-04-28T10:32:14+00:00","dateModified":"2022-04-28T10:33:08+00:00","author":{"@id":"https:\/\/www.amanien.info\/news\/#\/schema\/person\/b21093345753a1a98242d505bd894f42"},"breadcrumb":{"@id":"https:\/\/www.amanien.info\/news\/cote-divoire-une-nouvelle-base-logistique-moderne-souvre-bientot-a-abidjan\/#breadcrumb"},"inLanguage":"fr-FR","potentialAction":[{"@type":"ReadAction","target":["https:\/\/www.amanien.info\/news\/cote-divoire-une-nouvelle-base-logistique-moderne-souvre-bientot-a-abidjan\/"]}]},{"@type":"ImageObject","inLanguage":"fr-FR","@id":"https:\/\/www.amanien.info\/news\/cote-divoire-une-nouvelle-base-logistique-moderne-souvre-bientot-a-abidjan\/#primaryimage","url":"https:\/\/www.amanien.info\/news\/wp-content\/uploads\/2022\/04\/thumbnail-4.jpg","contentUrl":"https:\/\/www.amanien.info\/news\/wp-content\/uploads\/2022\/04\/thumbnail-4.jpg","width":1052,"height":432},{"@type":"BreadcrumbList","@id":"https:\/\/www.amanien.info\/news\/cote-divoire-une-nouvelle-base-logistique-moderne-souvre-bientot-a-abidjan\/#breadcrumb","itemListElement":[{"@type":"ListItem","position":1,"name":"Accueil","item":"https:\/\/www.amanien.info\/news\/"},{"@type":"ListItem","position":2,"name":"C\u00f4te d\u2019Ivoire\u00a0: une nouvelle base logistique moderne s\u2019ouvre bient\u00f4t \u00e0 Abidjan"}]},{"@type":"WebSite","@id":"https:\/\/www.amanien.info\/news\/#website","url":"https:\/\/www.amanien.info\/news\/","name":"Amanien| L&#039;actualit\u00e9 Ivoirienne et Internationale","description":"L&#039;actualit\u00e9 Ivoirienne et Internationale","potentialAction":[{"@type":"SearchAction","target":{"@type":"EntryPoint","urlTemplate":"https:\/\/www.amanien.info\/news\/?s={search_term_string}"},"query-input":{"@type":"PropertyValueSpecification","valueRequired":true,"valueName":"search_term_string"}}],"inLanguage":"fr-FR"},{"@type":"Person","@id":"https:\/\/www.amanien.info\/news\/#\/schema\/person\/b21093345753a1a98242d505bd894f42","name":"Germain Ndri","url":"https:\/\/www.amanien.info\/news\/author\/amanien-infos\/"}]}},"_links":{"self":[{"href":"https:\/\/www.amanien.info\/news\/wp-json\/wp\/v2\/posts\/3430","targetHints":{"allow":["GET"]}}],"collection":[{"href":"https:\/\/www.amanien.info\/news\/wp-json\/wp\/v2\/posts"}],"about":[{"href":"https:\/\/www.amanien.info\/news\/wp-json\/wp\/v2\/types\/post"}],"author":[{"embeddable":true,"href":"https:\/\/www.amanien.info\/news\/wp-json\/wp\/v2\/users\/2"}],"replies":[{"embeddable":true,"href":"https:\/\/www.amanien.info\/news\/wp-json\/wp\/v2\/comments?post=3430"}],"version-history":[{"count":1,"href":"https:\/\/www.amanien.info\/news\/wp-json\/wp\/v2\/posts\/3430\/revisions"}],"predecessor-version":[{"id":3432,"href":"https:\/\/www.amanien.info\/news\/wp-json\/wp\/v2\/posts\/3430\/revisions\/3432"}],"wp:featuredmedia":[{"embeddable":true,"href":"https:\/\/www.amanien.info\/news\/wp-json\/wp\/v2\/media\/3431"}],"wp:attachment":[{"href":"https:\/\/www.amanien.info\/news\/wp-json\/wp\/v2\/media?parent=3430"}],"wp:term":[{"taxonomy":"category","embeddable":true,"href":"https:\/\/www.amanien.info\/news\/wp-json\/wp\/v2\/categories?post=3430"},{"taxonomy":"post_tag","embeddable":true,"href":"https:\/\/www.amanien.info\/news\/wp-json\/wp\/v2\/tags?post=3430"}],"curies":[{"name":"wp","href":"https:\/\/api.w.org\/{rel}","templated":true}]}}