{"id":3425,"date":"2022-04-25T11:22:36","date_gmt":"2022-04-25T11:22:36","guid":{"rendered":"https:\/\/www.https:\/\/zozo.buyee.jp\/\/news\/?p=3425"},"modified":"2022-04-25T11:23:30","modified_gmt":"2022-04-25T11:23:30","slug":"emmanuel-macron-reelu-a-la-presidence-de-la-republique-francaise","status":"publish","type":"post","link":"https:\/\/www.amanien.info\/news\/emmanuel-macron-reelu-a-la-presidence-de-la-republique-francaise\/","title":{"rendered":"Emmanuel Macron r\u00e9\u00e9lu \u00e0 la pr\u00e9sidence de la R\u00e9publique fran\u00e7aise"},"content":{"rendered":"<p>Le pr\u00e9sident sortant\u00a0<a href=\"https:\/\/www.france24.com\/fr\/france\/20220424-pr\u00e9sidentielle-emmanuel-macron-l-insolente-r\u00e9\u00e9lection\" target=\"_self\" rel=\"noopener\">Emmanuel Macron<\/a> a recueilli 58,54\u00a0% des voix lors du second tour de <a href=\"https:\/\/www.france24.com\/fr\/\u00e9lection-pr\u00e9sidentielle-2022\/\" target=\"_self\" rel=\"noopener\">l&rsquo;\u00e9lection\u00a0pr\u00e9sidentielle<\/a>, dimanche 24\u00a0avril, contre 41,46\u00a0% pour <a href=\"https:\/\/www.france24.com\/fr\/france\/20220424-pr\u00e9sidentielle-marine-le-pen-l-animal-politique-qui-r\u00eavait-de-conqu\u00e9rir-l-\u00e9lys\u00e9e\" target=\"_self\" rel=\"noopener\">Marine Le Pen<\/a>, selon les r\u00e9sultats d\u00e9finitifs.<\/p>\n<p>\u2022 Lors d&rsquo;une allocution prononc\u00e9e devant ses partisans sur le Champ-de-Mars,\u00a0\u00e0 Paris, Emmanuel Macron a remerci\u00e9 les \u00e9lecteurs ayant vot\u00e9 pour lui \u00ab\u00a0non pour soutenir\u00a0\u00bb ses id\u00e9es, \u00ab\u00a0mais pour faire barrage \u00e0 celles de l&rsquo;extr\u00eame droite\u00a0\u00bb, ajoutant qu&rsquo;il avait \u00ab\u00a0conscience que ce vote (l)&rsquo;oblige pour les ann\u00e9es \u00e0 venir\u00a0\u00bb.<\/p>\n<p>\u2022 \u00ab\u00a0Cette \u00e8re nouvelle ne sera pas la continuit\u00e9 du quinquennat qui s&rsquo;ach\u00e8ve mais l&rsquo;invention collective d&rsquo;une m\u00e9thode refond\u00e9e pour cinq ann\u00e9es de mieux au service de notre pays, de notre jeunesse\u00a0\u00bb, a promis Emmanuel Macron.<\/p>\n<p>\u2022 Marine Le Pen s&rsquo;est exprim\u00e9e rapidement apr\u00e8s l&rsquo;annonce des r\u00e9sultats. \u00ab\u00a0Les id\u00e9es que nous repr\u00e9sentons arrivent \u00e0 des sommets (&#8230;) Le r\u00e9sultat repr\u00e9sente en lui-m\u00eame une \u00e9clatante victoire\u00a0\u00bb, a-t-elle d\u00e9clar\u00e9 depuis son QG \u00e9lectoral.<\/p>\n<div id=\"tms-block-876790554454152\" class=\"o-self-promo o-self-promo--nl\" data-selfpromo-newsletter=\"\">\n<div class=\"o-self-promo-wrapper\">\n<p>Arriv\u00e9 en 3<sup>e<\/sup>\u00a0position lors du premier tour, Jean-Luc M\u00e9lenchon a estim\u00e9 que la d\u00e9faite de Marine Le Pen est \u00ab\u00a0une tr\u00e8s bonne nouvelle pour l&rsquo;unit\u00e9 de notre peuple\u00a0\u00bb, tout en soulignant qu&rsquo;Emmanuel Macron \u00e9tait \u00ab\u00a0le plus mal \u00e9lu des pr\u00e9sidents de la V<sup>e<\/sup>\u00a0R\u00e9publique\u00a0\u00bb.<\/p>\n<p>\u2022 Marine Le Pen comme Jean-Luc M\u00e9lenchon ont insist\u00e9 lors de\u00a0leurs interventions sur <a href=\"https:\/\/www.france24.com\/fr\/france\/20220424-pr\u00e9sidentielle-le-pen-et-m\u00e9lenchon-d\u00e9j\u00e0-tourn\u00e9s-vers-le-troisi\u00e8me-tour-des-l\u00e9gislatives\" target=\"_self\" rel=\"noopener\">les l\u00e9gislatives \u00e0 venir, les 12 et 19\u00a0juin<\/a>, pour lesquelles ils esp\u00e8rent mobiliser les \u00e9lecteurs.<\/p>\n<p>\u2022 L&rsquo;abstention s&rsquo;est \u00e9lev\u00e9e \u00e0 28,01 %, contre 25,44\u00a0% lors du second tour de 2017.<\/p>\n<p>Source: France24<\/p>\n<\/div>\n<\/div>\n","protected":false},"excerpt":{"rendered":"<p>Le pr\u00e9sident sortant\u00a0Emmanuel Macron a recueilli 58,54\u00a0% des voix lors du second tour de l&rsquo;\u00e9lection\u00a0pr\u00e9sidentielle, dimanche 24\u00a0avril, contre 41,46\u00a0% pour Marine Le Pen, selon les r\u00e9sultats d\u00e9finitifs. \u2022 Lors d&rsquo;une allocution prononc\u00e9e devant ses partisans sur le Champ-de-Mars,\u00a0\u00e0 Paris, Emmanuel Macron a remerci\u00e9 les \u00e9lecteurs ayant vot\u00e9 pour lui \u00ab\u00a0non pour soutenir\u00a0\u00bb ses id\u00e9es, \u00ab\u00a0mais [&hellip;]<\/p>\n","protected":false},"author":2,"featured_media":3426,"comment_status":"closed","ping_status":"closed","sticky":true,"template":"","format":"standard","meta":{"_acf_changed":false,"footnotes":""},"categories":[],"tags":[],"class_list":["post-3425","post","type-post","status-publish","format-standard","has-post-thumbnail","hentry"],"acf":[],"yoast_head":"<!-- This site is optimized with the Yoast SEO plugin v27.5 - https:\/\/yoast.com\/product\/yoast-seo-wordpress\/ -->\n<title>Emmanuel Macron r\u00e9\u00e9lu \u00e0 la pr\u00e9sidence de la R\u00e9publique fran\u00e7aise - Amanien| L&#039;actualit\u00e9 Ivoirienne et Internationale<\/title>\n<meta name=\"robots\" content=\"index, follow, max-snippet:-1, max-image-preview:large, max-video-preview:-1\" \/>\n<link rel=\"canonical\" href=\"https:\/\/www.amanien.info\/news\/emmanuel-macron-reelu-a-la-presidence-de-la-republique-francaise\/\" \/>\n<meta property=\"og:locale\" content=\"fr_FR\" \/>\n<meta property=\"og:type\" content=\"article\" \/>\n<meta property=\"og:title\" content=\"Emmanuel Macron r\u00e9\u00e9lu \u00e0 la pr\u00e9sidence de la R\u00e9publique fran\u00e7aise - Amanien| L&#039;actualit\u00e9 Ivoirienne et Internationale\" \/>\n<meta property=\"og:description\" content=\"Le pr\u00e9sident sortant\u00a0Emmanuel Macron a recueilli 58,54\u00a0% des voix lors du second tour de l&rsquo;\u00e9lection\u00a0pr\u00e9sidentielle, dimanche 24\u00a0avril, contre 41,46\u00a0% pour Marine Le Pen, selon les r\u00e9sultats d\u00e9finitifs. \u2022 Lors d&rsquo;une allocution prononc\u00e9e devant ses partisans sur le Champ-de-Mars,\u00a0\u00e0 Paris, Emmanuel Macron a remerci\u00e9 les \u00e9lecteurs ayant vot\u00e9 pour lui \u00ab\u00a0non pour soutenir\u00a0\u00bb ses id\u00e9es, \u00ab\u00a0mais [&hellip;]\" \/>\n<meta property=\"og:url\" content=\"https:\/\/www.amanien.info\/news\/emmanuel-macron-reelu-a-la-presidence-de-la-republique-francaise\/\" \/>\n<meta property=\"og:site_name\" content=\"Amanien| L&#039;actualit\u00e9 Ivoirienne et Internationale\" \/>\n<meta property=\"article:published_time\" content=\"2022-04-25T11:22:36+00:00\" \/>\n<meta property=\"article:modified_time\" content=\"2022-04-25T11:23:30+00:00\" \/>\n<meta property=\"og:image\" content=\"https:\/\/www.amanien.info\/news\/wp-content\/uploads\/2022\/04\/images.jpg\" \/>\n\t<meta property=\"og:image:width\" content=\"300\" \/>\n\t<meta property=\"og:image:height\" content=\"168\" \/>\n\t<meta property=\"og:image:type\" content=\"image\/jpeg\" \/>\n<meta name=\"author\" content=\"Germain Ndri\" \/>\n<meta name=\"twitter:card\" content=\"summary_large_image\" \/>\n<meta name=\"twitter:label1\" content=\"\u00c9crit par\" \/>\n\t<meta name=\"twitter:data1\" content=\"Germain Ndri\" \/>\n\t<meta name=\"twitter:label2\" content=\"Dur\u00e9e de lecture estim\u00e9e\" \/>\n\t<meta name=\"twitter:data2\" content=\"2 minutes\" \/>\n<script type=\"application\/ld+json\" class=\"yoast-schema-graph\">{\"@context\":\"https:\\\/\\\/schema.org\",\"@graph\":[{\"@type\":\"Article\",\"@id\":\"https:\\\/\\\/www.amanien.info\\\/news\\\/emmanuel-macron-reelu-a-la-presidence-de-la-republique-francaise\\\/#article\",\"isPartOf\":{\"@id\":\"https:\\\/\\\/www.amanien.info\\\/news\\\/emmanuel-macron-reelu-a-la-presidence-de-la-republique-francaise\\\/\"},\"author\":{\"name\":\"Germain Ndri\",\"@id\":\"https:\\\/\\\/www.amanien.info\\\/news\\\/#\\\/schema\\\/person\\\/b21093345753a1a98242d505bd894f42\"},\"headline\":\"Emmanuel Macron r\u00e9\u00e9lu \u00e0 la pr\u00e9sidence de la R\u00e9publique fran\u00e7aise\",\"datePublished\":\"2022-04-25T11:22:36+00:00\",\"dateModified\":\"2022-04-25T11:23:30+00:00\",\"mainEntityOfPage\":{\"@id\":\"https:\\\/\\\/www.amanien.info\\\/news\\\/emmanuel-macron-reelu-a-la-presidence-de-la-republique-francaise\\\/\"},\"wordCount\":279,\"image\":{\"@id\":\"https:\\\/\\\/www.amanien.info\\\/news\\\/emmanuel-macron-reelu-a-la-presidence-de-la-republique-francaise\\\/#primaryimage\"},\"thumbnailUrl\":\"https:\\\/\\\/www.amanien.info\\\/news\\\/wp-content\\\/uploads\\\/2022\\\/04\\\/images.jpg\",\"inLanguage\":\"fr-FR\"},{\"@type\":\"WebPage\",\"@id\":\"https:\\\/\\\/www.amanien.info\\\/news\\\/emmanuel-macron-reelu-a-la-presidence-de-la-republique-francaise\\\/\",\"url\":\"https:\\\/\\\/www.amanien.info\\\/news\\\/emmanuel-macron-reelu-a-la-presidence-de-la-republique-francaise\\\/\",\"name\":\"Emmanuel Macron r\u00e9\u00e9lu \u00e0 la pr\u00e9sidence de la R\u00e9publique fran\u00e7aise - Amanien| L&#039;actualit\u00e9 Ivoirienne et Internationale\",\"isPartOf\":{\"@id\":\"https:\\\/\\\/www.amanien.info\\\/news\\\/#website\"},\"primaryImageOfPage\":{\"@id\":\"https:\\\/\\\/www.amanien.info\\\/news\\\/emmanuel-macron-reelu-a-la-presidence-de-la-republique-francaise\\\/#primaryimage\"},\"image\":{\"@id\":\"https:\\\/\\\/www.amanien.info\\\/news\\\/emmanuel-macron-reelu-a-la-presidence-de-la-republique-francaise\\\/#primaryimage\"},\"thumbnailUrl\":\"https:\\\/\\\/www.amanien.info\\\/news\\\/wp-content\\\/uploads\\\/2022\\\/04\\\/images.jpg\",\"datePublished\":\"2022-04-25T11:22:36+00:00\",\"dateModified\":\"2022-04-25T11:23:30+00:00\",\"author\":{\"@id\":\"https:\\\/\\\/www.amanien.info\\\/news\\\/#\\\/schema\\\/person\\\/b21093345753a1a98242d505bd894f42\"},\"breadcrumb\":{\"@id\":\"https:\\\/\\\/www.amanien.info\\\/news\\\/emmanuel-macron-reelu-a-la-presidence-de-la-republique-francaise\\\/#breadcrumb\"},\"inLanguage\":\"fr-FR\",\"potentialAction\":[{\"@type\":\"ReadAction\",\"target\":[\"https:\\\/\\\/www.amanien.info\\\/news\\\/emmanuel-macron-reelu-a-la-presidence-de-la-republique-francaise\\\/\"]}]},{\"@type\":\"ImageObject\",\"inLanguage\":\"fr-FR\",\"@id\":\"https:\\\/\\\/www.amanien.info\\\/news\\\/emmanuel-macron-reelu-a-la-presidence-de-la-republique-francaise\\\/#primaryimage\",\"url\":\"https:\\\/\\\/www.amanien.info\\\/news\\\/wp-content\\\/uploads\\\/2022\\\/04\\\/images.jpg\",\"contentUrl\":\"https:\\\/\\\/www.amanien.info\\\/news\\\/wp-content\\\/uploads\\\/2022\\\/04\\\/images.jpg\",\"width\":300,\"height\":168},{\"@type\":\"BreadcrumbList\",\"@id\":\"https:\\\/\\\/www.amanien.info\\\/news\\\/emmanuel-macron-reelu-a-la-presidence-de-la-republique-francaise\\\/#breadcrumb\",\"itemListElement\":[{\"@type\":\"ListItem\",\"position\":1,\"name\":\"Accueil\",\"item\":\"https:\\\/\\\/www.amanien.info\\\/news\\\/\"},{\"@type\":\"ListItem\",\"position\":2,\"name\":\"Emmanuel Macron r\u00e9\u00e9lu \u00e0 la pr\u00e9sidence de la R\u00e9publique fran\u00e7aise\"}]},{\"@type\":\"WebSite\",\"@id\":\"https:\\\/\\\/www.amanien.info\\\/news\\\/#website\",\"url\":\"https:\\\/\\\/www.amanien.info\\\/news\\\/\",\"name\":\"Amanien| L&#039;actualit\u00e9 Ivoirienne et Internationale\",\"description\":\"L&#039;actualit\u00e9 Ivoirienne et Internationale\",\"potentialAction\":[{\"@type\":\"SearchAction\",\"target\":{\"@type\":\"EntryPoint\",\"urlTemplate\":\"https:\\\/\\\/www.amanien.info\\\/news\\\/?s={search_term_string}\"},\"query-input\":{\"@type\":\"PropertyValueSpecification\",\"valueRequired\":true,\"valueName\":\"search_term_string\"}}],\"inLanguage\":\"fr-FR\"},{\"@type\":\"Person\",\"@id\":\"https:\\\/\\\/www.amanien.info\\\/news\\\/#\\\/schema\\\/person\\\/b21093345753a1a98242d505bd894f42\",\"name\":\"Germain Ndri\",\"url\":\"https:\\\/\\\/www.amanien.info\\\/news\\\/author\\\/amanien-infos\\\/\"}]}<\/script>\n<!-- \/ Yoast SEO plugin. -->","yoast_head_json":{"title":"Emmanuel Macron r\u00e9\u00e9lu \u00e0 la pr\u00e9sidence de la R\u00e9publique fran\u00e7aise - Amanien| L&#039;actualit\u00e9 Ivoirienne et Internationale","robots":{"index":"index","follow":"follow","max-snippet":"max-snippet:-1","max-image-preview":"max-image-preview:large","max-video-preview":"max-video-preview:-1"},"canonical":"https:\/\/www.amanien.info\/news\/emmanuel-macron-reelu-a-la-presidence-de-la-republique-francaise\/","og_locale":"fr_FR","og_type":"article","og_title":"Emmanuel Macron r\u00e9\u00e9lu \u00e0 la pr\u00e9sidence de la R\u00e9publique fran\u00e7aise - Amanien| L&#039;actualit\u00e9 Ivoirienne et Internationale","og_description":"Le pr\u00e9sident sortant\u00a0Emmanuel Macron a recueilli 58,54\u00a0% des voix lors du second tour de l&rsquo;\u00e9lection\u00a0pr\u00e9sidentielle, dimanche 24\u00a0avril, contre 41,46\u00a0% pour Marine Le Pen, selon les r\u00e9sultats d\u00e9finitifs. \u2022 Lors d&rsquo;une allocution prononc\u00e9e devant ses partisans sur le Champ-de-Mars,\u00a0\u00e0 Paris, Emmanuel Macron a remerci\u00e9 les \u00e9lecteurs ayant vot\u00e9 pour lui \u00ab\u00a0non pour soutenir\u00a0\u00bb ses id\u00e9es, \u00ab\u00a0mais [&hellip;]","og_url":"https:\/\/www.amanien.info\/news\/emmanuel-macron-reelu-a-la-presidence-de-la-republique-francaise\/","og_site_name":"Amanien| L&#039;actualit\u00e9 Ivoirienne et Internationale","article_published_time":"2022-04-25T11:22:36+00:00","article_modified_time":"2022-04-25T11:23:30+00:00","og_image":[{"width":300,"height":168,"url":"https:\/\/www.amanien.info\/news\/wp-content\/uploads\/2022\/04\/images.jpg","type":"image\/jpeg"}],"author":"Germain Ndri","twitter_card":"summary_large_image","twitter_misc":{"\u00c9crit par":"Germain Ndri","Dur\u00e9e de lecture estim\u00e9e":"2 minutes"},"schema":{"@context":"https:\/\/schema.org","@graph":[{"@type":"Article","@id":"https:\/\/www.amanien.info\/news\/emmanuel-macron-reelu-a-la-presidence-de-la-republique-francaise\/#article","isPartOf":{"@id":"https:\/\/www.amanien.info\/news\/emmanuel-macron-reelu-a-la-presidence-de-la-republique-francaise\/"},"author":{"name":"Germain Ndri","@id":"https:\/\/www.amanien.info\/news\/#\/schema\/person\/b21093345753a1a98242d505bd894f42"},"headline":"Emmanuel Macron r\u00e9\u00e9lu \u00e0 la pr\u00e9sidence de la R\u00e9publique fran\u00e7aise","datePublished":"2022-04-25T11:22:36+00:00","dateModified":"2022-04-25T11:23:30+00:00","mainEntityOfPage":{"@id":"https:\/\/www.amanien.info\/news\/emmanuel-macron-reelu-a-la-presidence-de-la-republique-francaise\/"},"wordCount":279,"image":{"@id":"https:\/\/www.amanien.info\/news\/emmanuel-macron-reelu-a-la-presidence-de-la-republique-francaise\/#primaryimage"},"thumbnailUrl":"https:\/\/www.amanien.info\/news\/wp-content\/uploads\/2022\/04\/images.jpg","inLanguage":"fr-FR"},{"@type":"WebPage","@id":"https:\/\/www.amanien.info\/news\/emmanuel-macron-reelu-a-la-presidence-de-la-republique-francaise\/","url":"https:\/\/www.amanien.info\/news\/emmanuel-macron-reelu-a-la-presidence-de-la-republique-francaise\/","name":"Emmanuel Macron r\u00e9\u00e9lu \u00e0 la pr\u00e9sidence de la R\u00e9publique fran\u00e7aise - Amanien| L&#039;actualit\u00e9 Ivoirienne et Internationale","isPartOf":{"@id":"https:\/\/www.amanien.info\/news\/#website"},"primaryImageOfPage":{"@id":"https:\/\/www.amanien.info\/news\/emmanuel-macron-reelu-a-la-presidence-de-la-republique-francaise\/#primaryimage"},"image":{"@id":"https:\/\/www.amanien.info\/news\/emmanuel-macron-reelu-a-la-presidence-de-la-republique-francaise\/#primaryimage"},"thumbnailUrl":"https:\/\/www.amanien.info\/news\/wp-content\/uploads\/2022\/04\/images.jpg","datePublished":"2022-04-25T11:22:36+00:00","dateModified":"2022-04-25T11:23:30+00:00","author":{"@id":"https:\/\/www.amanien.info\/news\/#\/schema\/person\/b21093345753a1a98242d505bd894f42"},"breadcrumb":{"@id":"https:\/\/www.amanien.info\/news\/emmanuel-macron-reelu-a-la-presidence-de-la-republique-francaise\/#breadcrumb"},"inLanguage":"fr-FR","potentialAction":[{"@type":"ReadAction","target":["https:\/\/www.amanien.info\/news\/emmanuel-macron-reelu-a-la-presidence-de-la-republique-francaise\/"]}]},{"@type":"ImageObject","inLanguage":"fr-FR","@id":"https:\/\/www.amanien.info\/news\/emmanuel-macron-reelu-a-la-presidence-de-la-republique-francaise\/#primaryimage","url":"https:\/\/www.amanien.info\/news\/wp-content\/uploads\/2022\/04\/images.jpg","contentUrl":"https:\/\/www.amanien.info\/news\/wp-content\/uploads\/2022\/04\/images.jpg","width":300,"height":168},{"@type":"BreadcrumbList","@id":"https:\/\/www.amanien.info\/news\/emmanuel-macron-reelu-a-la-presidence-de-la-republique-francaise\/#breadcrumb","itemListElement":[{"@type":"ListItem","position":1,"name":"Accueil","item":"https:\/\/www.amanien.info\/news\/"},{"@type":"ListItem","position":2,"name":"Emmanuel Macron r\u00e9\u00e9lu \u00e0 la pr\u00e9sidence de la R\u00e9publique fran\u00e7aise"}]},{"@type":"WebSite","@id":"https:\/\/www.amanien.info\/news\/#website","url":"https:\/\/www.amanien.info\/news\/","name":"Amanien| L&#039;actualit\u00e9 Ivoirienne et Internationale","description":"L&#039;actualit\u00e9 Ivoirienne et Internationale","potentialAction":[{"@type":"SearchAction","target":{"@type":"EntryPoint","urlTemplate":"https:\/\/www.amanien.info\/news\/?s={search_term_string}"},"query-input":{"@type":"PropertyValueSpecification","valueRequired":true,"valueName":"search_term_string"}}],"inLanguage":"fr-FR"},{"@type":"Person","@id":"https:\/\/www.amanien.info\/news\/#\/schema\/person\/b21093345753a1a98242d505bd894f42","name":"Germain Ndri","url":"https:\/\/www.amanien.info\/news\/author\/amanien-infos\/"}]}},"_links":{"self":[{"href":"https:\/\/www.amanien.info\/news\/wp-json\/wp\/v2\/posts\/3425","targetHints":{"allow":["GET"]}}],"collection":[{"href":"https:\/\/www.amanien.info\/news\/wp-json\/wp\/v2\/posts"}],"about":[{"href":"https:\/\/www.amanien.info\/news\/wp-json\/wp\/v2\/types\/post"}],"author":[{"embeddable":true,"href":"https:\/\/www.amanien.info\/news\/wp-json\/wp\/v2\/users\/2"}],"replies":[{"embeddable":true,"href":"https:\/\/www.amanien.info\/news\/wp-json\/wp\/v2\/comments?post=3425"}],"version-history":[{"count":1,"href":"https:\/\/www.amanien.info\/news\/wp-json\/wp\/v2\/posts\/3425\/revisions"}],"predecessor-version":[{"id":3427,"href":"https:\/\/www.amanien.info\/news\/wp-json\/wp\/v2\/posts\/3425\/revisions\/3427"}],"wp:featuredmedia":[{"embeddable":true,"href":"https:\/\/www.amanien.info\/news\/wp-json\/wp\/v2\/media\/3426"}],"wp:attachment":[{"href":"https:\/\/www.amanien.info\/news\/wp-json\/wp\/v2\/media?parent=3425"}],"wp:term":[{"taxonomy":"category","embeddable":true,"href":"https:\/\/www.amanien.info\/news\/wp-json\/wp\/v2\/categories?post=3425"},{"taxonomy":"post_tag","embeddable":true,"href":"https:\/\/www.amanien.info\/news\/wp-json\/wp\/v2\/tags?post=3425"}],"curies":[{"name":"wp","href":"https:\/\/api.w.org\/{rel}","templated":true}]}}