{"id":3397,"date":"2022-03-23T17:00:55","date_gmt":"2022-03-23T17:00:55","guid":{"rendered":"https:\/\/www.https:\/\/zozo.buyee.jp\/\/news\/?p=3397"},"modified":"2022-03-23T17:01:47","modified_gmt":"2022-03-23T17:01:47","slug":"la-directrice-du-cnrao-pr-didi-kouko-coulibaly-j","status":"publish","type":"post","link":"https:\/\/www.amanien.info\/news\/la-directrice-du-cnrao-pr-didi-kouko-coulibaly-j\/","title":{"rendered":"La Directrice du CNRAO, Pr Didi-Kouko Coulibaly J: <<Aujourd'hui, on ne traite plus un cancer seul dans son bureau m\u00eame quand on sait ce qu'il faut faire>>"},"content":{"rendered":"<div>&lt;&lt;C&rsquo;est un honneur pour nous, canc\u00e9rologues, d&rsquo;avoir particip\u00e9 \u00e0 cette rencontre. L&rsquo;importance de cette rencontre, c&rsquo;est la multi- disciplinarit\u00e9. Aujourd&rsquo;hui, on ne traite plus un cancer seul dans son bureau m\u00eame quand on sait ce qu&rsquo;il faut faire. A l&rsquo;international, on recommande de faire ce qu&rsquo;on appelle la concertation multidisciplinaire&gt;&gt; a soulign\u00e9 Pr Didi-Kouko Coulibaly Judith, Directrice du CNRAO (Centre National d&rsquo;Oncologie M\u00e9dicale et de Radioth\u00e9rapie Alassane Ouattara), \u00e0 l&rsquo;issue d&rsquo;un atelier de formation organis\u00e9, ce vendredi 18 mars 2022 \u00e0 l&rsquo;INSP d&rsquo;Adjam\u00e9,\u00a0 par la Soci\u00e9t\u00e9 Ivoirienne d&rsquo;Imagerie M\u00e9dicale (SIIM), autour du th\u00e8me \u00ab\u00a0Imagerie oncologique, ORL et maxillo-faciale\u00a0\u00bb.<\/div>\n<div><\/div>\n<div><\/div>\n<div>\u00ab\u00a0Ce qui va vous permettre de mieux comprendre cette concertation pluridisciplinaire, c&rsquo;est que, ajoute-t-elle, le cancer se gu\u00e9rit de mieux en mieux, parce qu&rsquo;il y a eu des innovations \u00e0 tous les niveaux ( radioth\u00e9rapie, chirurgie, chimioth\u00e9rapie)\u00a0\u00bb.<\/div>\n<div><\/div>\n<div>Il y a eu \u00e9galement, \u00e0 en croire le Pr Didi-Kouko Coulibaly Judith., des innovations en radiologie, en biologie, anatomie-pathologie.<\/div>\n<div>Ce sont toutes ces innovations-l\u00e0, r\u00e9unies, explique-t-elle, qui permettent d&rsquo;avoir ces r\u00e9sultats de gu\u00e9rison, de plus en plus de personnes gu\u00e9rir et en particulier, le cancer de la gorge, des oreilles.<\/div>\n<div><\/div>\n<div><\/div>\n<div>Aussi a-t-elle salu\u00e9 l&rsquo;organisation de cet atelier de formation.<\/div>\n<div>&lt;&lt; Il \u00e9tait, donc, important que la SIIM renforce les capacit\u00e9s des radiologues dans les innovations de la radiologie de ces cancers, de comprendre ce que, nous les prescripteurs, on attend ; parce que c&rsquo;est en fonction des nouvelles informations qu&rsquo;ils vont nous donner qu&rsquo;on va pouvoir mettre en place les nouveaux traitements&gt;&gt; s&rsquo;est-elle r\u00e9jouie.<\/div>\n<div><\/div>\n<div><\/div>\n<div>Avant d&rsquo;ajouter : \u00ab\u00a0Il \u00e9tait important que cette formation soit donn\u00e9e.\u00a0 Mais que les canc\u00e9rologues aussi et les autres cliniciens apprennent aussi ce que les radiologues attendent d&rsquo;eux\u00a0\u00bb a recommand\u00e9 la Directrice du CNRAO.<\/div>\n<div><\/div>\n<div><\/div>\n<div>Cet atelier de formation et de renforcement des capacit\u00e9s a \u00e9t\u00e9 \u00e9galement marqu\u00e9 par la pr\u00e9sentation de trois expos\u00e9s riches en enseignements. Le premier expos\u00e9 a port\u00e9 sur l&rsquo;imagerie des tumeurs du larynx,\u00a0 pr\u00e9sent\u00e9 par le Dr Beah Boris, Radiologue. Le deuxi\u00e8me expos\u00e9 a \u00e9t\u00e9 pr\u00e9sent\u00e9 par le Dr Garba Idrissa, sur l&rsquo;oncologie maxillo-faciale. Quant au troisi\u00e8me et dernier expos\u00e9, il a \u00e9t\u00e9 pr\u00e9sent\u00e9 par Dr Kabas Ra\u00efssa, sur l&rsquo;oncologie des oreilles.<\/div>\n<div><\/div>\n<div>L&rsquo;objectif de ces enseignements post-universitaires est de former, selon le Pr\u00e9sident de la SIIM, Pr Diabat\u00e9 Aboubacar Sidiki,\u00a0 les radiologues, les canc\u00e9rologues, afin qu&rsquo;ils soient en mesure de mieux utiliser les \u00e9quipements modernes que sont le scanner et l&rsquo;IRM dans le but de faire un diagnostic pr\u00e9coce. \u00ab\u00a0C&rsquo;est le diagnostic pr\u00e9coce du cancer qui permet \u00e0 la population d&rsquo;avoir une chance de gu\u00e9rison\u00a0\u00bb a-t-il indiqu\u00e9.<\/div>\n<div><\/div>\n<div>Notons que le prochain atelier de formation portera sur le cancer du sein.<\/div>\n<div><\/div>\n<div><\/div>\n<div><\/div>\n<div><b>Sunday<\/b> <b>ALAIN<\/b><\/div>\n","protected":false},"excerpt":{"rendered":"<p>&lt;&lt;C&rsquo;est un honneur pour nous, canc\u00e9rologues, d&rsquo;avoir particip\u00e9 \u00e0 cette rencontre. L&rsquo;importance de cette rencontre, c&rsquo;est la multi- disciplinarit\u00e9. Aujourd&rsquo;hui, on ne traite plus un cancer seul dans son bureau m\u00eame quand on sait ce qu&rsquo;il faut faire. A l&rsquo;international, on recommande de faire ce qu&rsquo;on appelle la concertation multidisciplinaire&gt;&gt; a soulign\u00e9 Pr Didi-Kouko Coulibaly [&hellip;]<\/p>\n","protected":false},"author":2,"featured_media":3398,"comment_status":"closed","ping_status":"closed","sticky":true,"template":"","format":"standard","meta":{"_acf_changed":false,"footnotes":""},"categories":[],"tags":[],"class_list":["post-3397","post","type-post","status-publish","format-standard","has-post-thumbnail","hentry"],"acf":[],"yoast_head":"<!-- This site is optimized with the Yoast SEO plugin v27.5 - https:\/\/yoast.com\/product\/yoast-seo-wordpress\/ -->\n<title>La Directrice du CNRAO, Pr Didi-Kouko Coulibaly J:  - Amanien| L&#039;actualit\u00e9 Ivoirienne et Internationale<\/title>\n<meta name=\"robots\" content=\"index, follow, max-snippet:-1, max-image-preview:large, max-video-preview:-1\" \/>\n<link rel=\"canonical\" href=\"https:\/\/www.amanien.info\/news\/la-directrice-du-cnrao-pr-didi-kouko-coulibaly-j\/\" \/>\n<meta property=\"og:locale\" content=\"fr_FR\" \/>\n<meta property=\"og:type\" content=\"article\" \/>\n<meta property=\"og:title\" content=\"La Directrice du CNRAO, Pr Didi-Kouko Coulibaly J:  - Amanien| L&#039;actualit\u00e9 Ivoirienne et Internationale\" \/>\n<meta property=\"og:description\" content=\"&lt;&lt;C&rsquo;est un honneur pour nous, canc\u00e9rologues, d&rsquo;avoir particip\u00e9 \u00e0 cette rencontre. L&rsquo;importance de cette rencontre, c&rsquo;est la multi- disciplinarit\u00e9. Aujourd&rsquo;hui, on ne traite plus un cancer seul dans son bureau m\u00eame quand on sait ce qu&rsquo;il faut faire. A l&rsquo;international, on recommande de faire ce qu&rsquo;on appelle la concertation multidisciplinaire&gt;&gt; a soulign\u00e9 Pr Didi-Kouko Coulibaly [&hellip;]\" \/>\n<meta property=\"og:url\" content=\"https:\/\/www.amanien.info\/news\/la-directrice-du-cnrao-pr-didi-kouko-coulibaly-j\/\" \/>\n<meta property=\"og:site_name\" content=\"Amanien| L&#039;actualit\u00e9 Ivoirienne et Internationale\" \/>\n<meta property=\"article:published_time\" content=\"2022-03-23T17:00:55+00:00\" \/>\n<meta property=\"article:modified_time\" content=\"2022-03-23T17:01:47+00:00\" \/>\n<meta property=\"og:image\" content=\"https:\/\/www.amanien.info\/news\/wp-content\/uploads\/2022\/03\/thumbnail-10.jpg\" \/>\n\t<meta property=\"og:image:width\" content=\"1080\" \/>\n\t<meta property=\"og:image:height\" content=\"608\" \/>\n\t<meta property=\"og:image:type\" content=\"image\/jpeg\" \/>\n<meta name=\"author\" content=\"Germain Ndri\" \/>\n<meta name=\"twitter:card\" content=\"summary_large_image\" \/>\n<meta name=\"twitter:label1\" content=\"\u00c9crit par\" \/>\n\t<meta name=\"twitter:data1\" content=\"Germain Ndri\" \/>\n\t<meta name=\"twitter:label2\" content=\"Dur\u00e9e de lecture estim\u00e9e\" \/>\n\t<meta name=\"twitter:data2\" content=\"3 minutes\" \/>\n<script type=\"application\/ld+json\" class=\"yoast-schema-graph\">{\"@context\":\"https:\\\/\\\/schema.org\",\"@graph\":[{\"@type\":\"Article\",\"@id\":\"https:\\\/\\\/www.amanien.info\\\/news\\\/la-directrice-du-cnrao-pr-didi-kouko-coulibaly-j\\\/#article\",\"isPartOf\":{\"@id\":\"https:\\\/\\\/www.amanien.info\\\/news\\\/la-directrice-du-cnrao-pr-didi-kouko-coulibaly-j\\\/\"},\"author\":{\"name\":\"Germain Ndri\",\"@id\":\"https:\\\/\\\/www.amanien.info\\\/news\\\/#\\\/schema\\\/person\\\/b21093345753a1a98242d505bd894f42\"},\"headline\":\"La Directrice du CNRAO, Pr Didi-Kouko Coulibaly J:\",\"datePublished\":\"2022-03-23T17:00:55+00:00\",\"dateModified\":\"2022-03-23T17:01:47+00:00\",\"mainEntityOfPage\":{\"@id\":\"https:\\\/\\\/www.amanien.info\\\/news\\\/la-directrice-du-cnrao-pr-didi-kouko-coulibaly-j\\\/\"},\"wordCount\":504,\"image\":{\"@id\":\"https:\\\/\\\/www.amanien.info\\\/news\\\/la-directrice-du-cnrao-pr-didi-kouko-coulibaly-j\\\/#primaryimage\"},\"thumbnailUrl\":\"https:\\\/\\\/www.amanien.info\\\/news\\\/wp-content\\\/uploads\\\/2022\\\/03\\\/thumbnail-10.jpg\",\"inLanguage\":\"fr-FR\"},{\"@type\":\"WebPage\",\"@id\":\"https:\\\/\\\/www.amanien.info\\\/news\\\/la-directrice-du-cnrao-pr-didi-kouko-coulibaly-j\\\/\",\"url\":\"https:\\\/\\\/www.amanien.info\\\/news\\\/la-directrice-du-cnrao-pr-didi-kouko-coulibaly-j\\\/\",\"name\":\"La Directrice du CNRAO, Pr Didi-Kouko Coulibaly J: - Amanien| L&#039;actualit\u00e9 Ivoirienne et Internationale\",\"isPartOf\":{\"@id\":\"https:\\\/\\\/www.amanien.info\\\/news\\\/#website\"},\"primaryImageOfPage\":{\"@id\":\"https:\\\/\\\/www.amanien.info\\\/news\\\/la-directrice-du-cnrao-pr-didi-kouko-coulibaly-j\\\/#primaryimage\"},\"image\":{\"@id\":\"https:\\\/\\\/www.amanien.info\\\/news\\\/la-directrice-du-cnrao-pr-didi-kouko-coulibaly-j\\\/#primaryimage\"},\"thumbnailUrl\":\"https:\\\/\\\/www.amanien.info\\\/news\\\/wp-content\\\/uploads\\\/2022\\\/03\\\/thumbnail-10.jpg\",\"datePublished\":\"2022-03-23T17:00:55+00:00\",\"dateModified\":\"2022-03-23T17:01:47+00:00\",\"author\":{\"@id\":\"https:\\\/\\\/www.amanien.info\\\/news\\\/#\\\/schema\\\/person\\\/b21093345753a1a98242d505bd894f42\"},\"breadcrumb\":{\"@id\":\"https:\\\/\\\/www.amanien.info\\\/news\\\/la-directrice-du-cnrao-pr-didi-kouko-coulibaly-j\\\/#breadcrumb\"},\"inLanguage\":\"fr-FR\",\"potentialAction\":[{\"@type\":\"ReadAction\",\"target\":[\"https:\\\/\\\/www.amanien.info\\\/news\\\/la-directrice-du-cnrao-pr-didi-kouko-coulibaly-j\\\/\"]}]},{\"@type\":\"ImageObject\",\"inLanguage\":\"fr-FR\",\"@id\":\"https:\\\/\\\/www.amanien.info\\\/news\\\/la-directrice-du-cnrao-pr-didi-kouko-coulibaly-j\\\/#primaryimage\",\"url\":\"https:\\\/\\\/www.amanien.info\\\/news\\\/wp-content\\\/uploads\\\/2022\\\/03\\\/thumbnail-10.jpg\",\"contentUrl\":\"https:\\\/\\\/www.amanien.info\\\/news\\\/wp-content\\\/uploads\\\/2022\\\/03\\\/thumbnail-10.jpg\",\"width\":1080,\"height\":608},{\"@type\":\"BreadcrumbList\",\"@id\":\"https:\\\/\\\/www.amanien.info\\\/news\\\/la-directrice-du-cnrao-pr-didi-kouko-coulibaly-j\\\/#breadcrumb\",\"itemListElement\":[{\"@type\":\"ListItem\",\"position\":1,\"name\":\"Accueil\",\"item\":\"https:\\\/\\\/www.amanien.info\\\/news\\\/\"},{\"@type\":\"ListItem\",\"position\":2,\"name\":\"La Directrice du CNRAO, Pr Didi-Kouko Coulibaly J:\"}]},{\"@type\":\"WebSite\",\"@id\":\"https:\\\/\\\/www.amanien.info\\\/news\\\/#website\",\"url\":\"https:\\\/\\\/www.amanien.info\\\/news\\\/\",\"name\":\"Amanien| L&#039;actualit\u00e9 Ivoirienne et Internationale\",\"description\":\"L&#039;actualit\u00e9 Ivoirienne et Internationale\",\"potentialAction\":[{\"@type\":\"SearchAction\",\"target\":{\"@type\":\"EntryPoint\",\"urlTemplate\":\"https:\\\/\\\/www.amanien.info\\\/news\\\/?s={search_term_string}\"},\"query-input\":{\"@type\":\"PropertyValueSpecification\",\"valueRequired\":true,\"valueName\":\"search_term_string\"}}],\"inLanguage\":\"fr-FR\"},{\"@type\":\"Person\",\"@id\":\"https:\\\/\\\/www.amanien.info\\\/news\\\/#\\\/schema\\\/person\\\/b21093345753a1a98242d505bd894f42\",\"name\":\"Germain Ndri\",\"url\":\"https:\\\/\\\/www.amanien.info\\\/news\\\/author\\\/amanien-infos\\\/\"}]}<\/script>\n<!-- \/ Yoast SEO plugin. -->","yoast_head_json":{"title":"La Directrice du CNRAO, Pr Didi-Kouko Coulibaly J:  - Amanien| L&#039;actualit\u00e9 Ivoirienne et Internationale","robots":{"index":"index","follow":"follow","max-snippet":"max-snippet:-1","max-image-preview":"max-image-preview:large","max-video-preview":"max-video-preview:-1"},"canonical":"https:\/\/www.amanien.info\/news\/la-directrice-du-cnrao-pr-didi-kouko-coulibaly-j\/","og_locale":"fr_FR","og_type":"article","og_title":"La Directrice du CNRAO, Pr Didi-Kouko Coulibaly J:  - Amanien| L&#039;actualit\u00e9 Ivoirienne et Internationale","og_description":"&lt;&lt;C&rsquo;est un honneur pour nous, canc\u00e9rologues, d&rsquo;avoir particip\u00e9 \u00e0 cette rencontre. L&rsquo;importance de cette rencontre, c&rsquo;est la multi- disciplinarit\u00e9. Aujourd&rsquo;hui, on ne traite plus un cancer seul dans son bureau m\u00eame quand on sait ce qu&rsquo;il faut faire. A l&rsquo;international, on recommande de faire ce qu&rsquo;on appelle la concertation multidisciplinaire&gt;&gt; a soulign\u00e9 Pr Didi-Kouko Coulibaly [&hellip;]","og_url":"https:\/\/www.amanien.info\/news\/la-directrice-du-cnrao-pr-didi-kouko-coulibaly-j\/","og_site_name":"Amanien| L&#039;actualit\u00e9 Ivoirienne et Internationale","article_published_time":"2022-03-23T17:00:55+00:00","article_modified_time":"2022-03-23T17:01:47+00:00","og_image":[{"width":1080,"height":608,"url":"https:\/\/www.amanien.info\/news\/wp-content\/uploads\/2022\/03\/thumbnail-10.jpg","type":"image\/jpeg"}],"author":"Germain Ndri","twitter_card":"summary_large_image","twitter_misc":{"\u00c9crit par":"Germain Ndri","Dur\u00e9e de lecture estim\u00e9e":"3 minutes"},"schema":{"@context":"https:\/\/schema.org","@graph":[{"@type":"Article","@id":"https:\/\/www.amanien.info\/news\/la-directrice-du-cnrao-pr-didi-kouko-coulibaly-j\/#article","isPartOf":{"@id":"https:\/\/www.amanien.info\/news\/la-directrice-du-cnrao-pr-didi-kouko-coulibaly-j\/"},"author":{"name":"Germain Ndri","@id":"https:\/\/www.amanien.info\/news\/#\/schema\/person\/b21093345753a1a98242d505bd894f42"},"headline":"La Directrice du CNRAO, Pr Didi-Kouko Coulibaly J:","datePublished":"2022-03-23T17:00:55+00:00","dateModified":"2022-03-23T17:01:47+00:00","mainEntityOfPage":{"@id":"https:\/\/www.amanien.info\/news\/la-directrice-du-cnrao-pr-didi-kouko-coulibaly-j\/"},"wordCount":504,"image":{"@id":"https:\/\/www.amanien.info\/news\/la-directrice-du-cnrao-pr-didi-kouko-coulibaly-j\/#primaryimage"},"thumbnailUrl":"https:\/\/www.amanien.info\/news\/wp-content\/uploads\/2022\/03\/thumbnail-10.jpg","inLanguage":"fr-FR"},{"@type":"WebPage","@id":"https:\/\/www.amanien.info\/news\/la-directrice-du-cnrao-pr-didi-kouko-coulibaly-j\/","url":"https:\/\/www.amanien.info\/news\/la-directrice-du-cnrao-pr-didi-kouko-coulibaly-j\/","name":"La Directrice du CNRAO, Pr Didi-Kouko Coulibaly J: - Amanien| L&#039;actualit\u00e9 Ivoirienne et Internationale","isPartOf":{"@id":"https:\/\/www.amanien.info\/news\/#website"},"primaryImageOfPage":{"@id":"https:\/\/www.amanien.info\/news\/la-directrice-du-cnrao-pr-didi-kouko-coulibaly-j\/#primaryimage"},"image":{"@id":"https:\/\/www.amanien.info\/news\/la-directrice-du-cnrao-pr-didi-kouko-coulibaly-j\/#primaryimage"},"thumbnailUrl":"https:\/\/www.amanien.info\/news\/wp-content\/uploads\/2022\/03\/thumbnail-10.jpg","datePublished":"2022-03-23T17:00:55+00:00","dateModified":"2022-03-23T17:01:47+00:00","author":{"@id":"https:\/\/www.amanien.info\/news\/#\/schema\/person\/b21093345753a1a98242d505bd894f42"},"breadcrumb":{"@id":"https:\/\/www.amanien.info\/news\/la-directrice-du-cnrao-pr-didi-kouko-coulibaly-j\/#breadcrumb"},"inLanguage":"fr-FR","potentialAction":[{"@type":"ReadAction","target":["https:\/\/www.amanien.info\/news\/la-directrice-du-cnrao-pr-didi-kouko-coulibaly-j\/"]}]},{"@type":"ImageObject","inLanguage":"fr-FR","@id":"https:\/\/www.amanien.info\/news\/la-directrice-du-cnrao-pr-didi-kouko-coulibaly-j\/#primaryimage","url":"https:\/\/www.amanien.info\/news\/wp-content\/uploads\/2022\/03\/thumbnail-10.jpg","contentUrl":"https:\/\/www.amanien.info\/news\/wp-content\/uploads\/2022\/03\/thumbnail-10.jpg","width":1080,"height":608},{"@type":"BreadcrumbList","@id":"https:\/\/www.amanien.info\/news\/la-directrice-du-cnrao-pr-didi-kouko-coulibaly-j\/#breadcrumb","itemListElement":[{"@type":"ListItem","position":1,"name":"Accueil","item":"https:\/\/www.amanien.info\/news\/"},{"@type":"ListItem","position":2,"name":"La Directrice du CNRAO, Pr Didi-Kouko Coulibaly J:"}]},{"@type":"WebSite","@id":"https:\/\/www.amanien.info\/news\/#website","url":"https:\/\/www.amanien.info\/news\/","name":"Amanien| L&#039;actualit\u00e9 Ivoirienne et Internationale","description":"L&#039;actualit\u00e9 Ivoirienne et Internationale","potentialAction":[{"@type":"SearchAction","target":{"@type":"EntryPoint","urlTemplate":"https:\/\/www.amanien.info\/news\/?s={search_term_string}"},"query-input":{"@type":"PropertyValueSpecification","valueRequired":true,"valueName":"search_term_string"}}],"inLanguage":"fr-FR"},{"@type":"Person","@id":"https:\/\/www.amanien.info\/news\/#\/schema\/person\/b21093345753a1a98242d505bd894f42","name":"Germain Ndri","url":"https:\/\/www.amanien.info\/news\/author\/amanien-infos\/"}]}},"_links":{"self":[{"href":"https:\/\/www.amanien.info\/news\/wp-json\/wp\/v2\/posts\/3397","targetHints":{"allow":["GET"]}}],"collection":[{"href":"https:\/\/www.amanien.info\/news\/wp-json\/wp\/v2\/posts"}],"about":[{"href":"https:\/\/www.amanien.info\/news\/wp-json\/wp\/v2\/types\/post"}],"author":[{"embeddable":true,"href":"https:\/\/www.amanien.info\/news\/wp-json\/wp\/v2\/users\/2"}],"replies":[{"embeddable":true,"href":"https:\/\/www.amanien.info\/news\/wp-json\/wp\/v2\/comments?post=3397"}],"version-history":[{"count":1,"href":"https:\/\/www.amanien.info\/news\/wp-json\/wp\/v2\/posts\/3397\/revisions"}],"predecessor-version":[{"id":3399,"href":"https:\/\/www.amanien.info\/news\/wp-json\/wp\/v2\/posts\/3397\/revisions\/3399"}],"wp:featuredmedia":[{"embeddable":true,"href":"https:\/\/www.amanien.info\/news\/wp-json\/wp\/v2\/media\/3398"}],"wp:attachment":[{"href":"https:\/\/www.amanien.info\/news\/wp-json\/wp\/v2\/media?parent=3397"}],"wp:term":[{"taxonomy":"category","embeddable":true,"href":"https:\/\/www.amanien.info\/news\/wp-json\/wp\/v2\/categories?post=3397"},{"taxonomy":"post_tag","embeddable":true,"href":"https:\/\/www.amanien.info\/news\/wp-json\/wp\/v2\/tags?post=3397"}],"curies":[{"name":"wp","href":"https:\/\/api.w.org\/{rel}","templated":true}]}}