{"id":3383,"date":"2022-03-13T10:21:25","date_gmt":"2022-03-13T10:21:25","guid":{"rendered":"https:\/\/www.https:\/\/zozo.buyee.jp\/\/news\/?p=3383"},"modified":"2022-03-13T10:22:43","modified_gmt":"2022-03-13T10:22:43","slug":"8eme-diner-de-gala-de-children-of-africa-lafrique-du-futur-se-devoile-au-monde","status":"publish","type":"post","link":"https:\/\/www.amanien.info\/news\/8eme-diner-de-gala-de-children-of-africa-lafrique-du-futur-se-devoile-au-monde\/","title":{"rendered":"8\u00e8me D\u00eener de Gala de Children Of Africa: L\u2019Afrique du futur se d\u00e9voile au monde"},"content":{"rendered":"<p>La 8<sup>\u00e8me<\/sup> \u00e9dition du D\u00eener de Gala de la Fondation Children Of Africa a tenu toutes ses promesses. Les invit\u00e9s de la soir\u00e9e de gala, venus du monde entier, se sont donn\u00e9es la main, le vendredi 11 mars 2022, au Palais des Congr\u00e8s du Sofitel Abidjan H\u00f4tel Ivoire, autour de la cause des enfants d\u00e9munis et des femmes victimes de violences bas\u00e9es sur le genre (VBG).<\/p>\n<p>&nbsp;<\/p>\n<p>La c\u00e9r\u00e9monie de charit\u00e9 a enregistr\u00e9 la pr\u00e9sence de S.E.M Alassane Ouattara, Pr\u00e9sident de la R\u00e9publique de C\u00f4te d\u2019Ivoire, la Princesse Ira de F\u00fcrstenberg, M. Nicolas Sarkozy, ancien Pr\u00e9sident de la R\u00e9publique de France, plusieurs ministres du Gouvernement, des Pr\u00e9sidents d\u2019institution, des personnalit\u00e9s et des c\u00e9l\u00e9brit\u00e9s venues des quatre coins du monde.<\/p>\n<p>&nbsp;<\/p>\n<p>Dans la salle des c\u00e9l\u00e9brit\u00e9s telles que l\u2019acteur am\u00e9ricain Gary Dourdan, le rappeur fran\u00e7ais MC Solaar, l\u2019actrice et mannequin Adriana Karembeu, ou encore des personnalit\u00e9s politiques telles que l\u2019ancien Pr\u00e9sident Fran\u00e7ais M. Nicolas Sarkozy ou l\u2019acteur ivoirien Isaac de Bankol\u00e9 et bien autres personnalit\u00e9s pouvaient \u00eatre aper\u00e7u par les nombreux invit\u00e9s.<\/p>\n<p>&nbsp;<\/p>\n<p>Ce 8<sup>\u00e8me<\/sup> D\u00eener de Gala organis\u00e9 par la Fondation Children Of Afrique de Madame Dominique Ouattara a pour objectif de r\u00e9colter la somme de quatre (4) milliards F CFA pour la construction d\u2019un Centre d\u2019Accueil pour les Femmes victimes de violences et pour la r\u00e9novation et l\u2019extension du premier Centre d\u2019Accueil pour Enfants d\u00e9munis de la Fondation Children Of Africa appel\u00e9\u00a0: \u00ab\u00a0la Case des Enfants\u00a0\u00bb. Deux projets majeurs indispensables pour le bien-\u00eatre des personnes en situation de difficult\u00e9 pour lesquels Madame Dominique Ouattara, Pr\u00e9sidente de Children Of Africa a tenu \u00e0 en appeler \u00e0 la g\u00e9n\u00e9rosit\u00e9 des donateurs et des invit\u00e9s de ce gala du c\u0153ur plac\u00e9 sous le th\u00e8me\u00a0: \u00ab\u00a0Africa is the Future\u00a0\u00bb.<\/p>\n<p>&nbsp;<\/p>\n<p><strong>Deux nouveaux projets majeurs <\/strong><\/p>\n<p>&nbsp;<\/p>\n<p>Ainsi, pour l\u2019occasion de cette c\u00e9r\u00e9monie, le Palais des Congr\u00e8s du Sofitel Abidjan H\u00f4tel Ivoire a \u00e9t\u00e9 enti\u00e8rement rev\u00eatu d&rsquo;un manteau de fleurs exotiques o\u00f9 le glamour, le r\u00eave et l&rsquo;avenir se s\u2019entrecroisent au sein d\u2019une Afrique dont le regard demeure r\u00e9solument tourn\u00e9 vers son futur.<\/p>\n<p>Madame Dominique Ouattara, Pr\u00e9sidente Fondatrice de Children Of Africa a tenu \u00e0 remercier les g\u00e9n\u00e9reux donateurs et les invit\u00e9s du Gala de mars 2018. En effet, l\u2019\u00e9pouse du Chef de l\u2019Etat a tenu \u00e0 les remercier car gr\u00e2ce \u00e0 leur g\u00e9n\u00e9rosit\u00e9, les enfants d\u00e9favoris\u00e9s de la commune d\u2019Abobo ont aujourd\u2019hui, un groupe scolaire qui leur dispense une \u00e9ducation de qualit\u00e9. Aussi, selon la Fondatrice de Children Of Africa, pour sa premi\u00e8re ann\u00e9e, le Groupe Scolaire Children Of Africa a enregistr\u00e9 un taux de r\u00e9ussite de 100 % \u00e0 l\u2019examen du Certificat d\u2019Etudes Primaire El\u00e9mentaire (CEPE). \u00ab\u00a0Il concr\u00e9tise ainsi notre vision d\u2019offrir une \u00e9ducation d\u2019excellence \u00e0 nos enfants en situation difficile, afin de leur permettre d\u2019aspirer \u00e0 un avenir radieux sans consid\u00e9ration de leurs origines sociales\u00a0\u00bb, a soutenu Madame Dominique Ouattara. Enfin, l\u2019\u00e9pouse du Chef de l\u2019Etat a pr\u00e9sent\u00e9 les deux (2) nouveaux projets de la Fondation Children Of Africa. Madame Dominique Ouattara a appel\u00e9 les donateurs et les invit\u00e9s \u00e0 la mobilisation face \u00e0 la recrudescence du ph\u00e9nom\u00e8ne de violences bas\u00e9es sur le genre et \u00e0 l\u2019insuffisance de structures d\u2019accueil pour les victimes en C\u00f4te d\u2019Ivoire. \u00ab (\u2026) Ainsi, nous envisageons un Centre d\u2019accueil pour femmes victimes de violences dans la ville d\u2019Adiak\u00e9 en bordure de lagune, \u00e0 94 kilom\u00e8tres d\u2019Abidjan\u00a0\u00bb, a-t-elle r\u00e9v\u00e9l\u00e9. Ce centre sera b\u00e2ti sur une superficie de 1,6 hectares avec une capacit\u00e9 d\u2019accueil de 80 places. Le montant de la r\u00e9alisation de ce projet est estim\u00e9 \u00e0 2 milliards F CFA. Quant au second projet \u00e0 savoir la r\u00e9novation et l\u2019extension de la Case des Enfants, il va permettre d\u2019accro\u00eetre la capacit\u00e9 d\u2019accueil de ce foyer d\u2019accueil qui depuis plus de 24 ans recueille, donne de l\u2019espoir et de l\u2019affection, ainsi qu\u2019une \u00e9ducation de qualit\u00e9 \u00e0 des milliers d\u2019enfants en situation difficile. Ce dernier projet co\u00fbtera \u00e9galement deux (2) milliards F CFA. C\u2019est au total quatre (4) milliards F CFA que ce gala permettra \u00e0 la Fondation de collecter.<\/p>\n<p><strong>\u00a0<\/strong><\/p>\n<p><strong>485 millions F CFA r\u00e9colt\u00e9s gr\u00e2ce \u00e0 la vente aux ench\u00e8res<\/strong><\/p>\n<p><strong>\u00a0<\/strong><\/p>\n<p>Une vente aux ench\u00e8res portant sur cinq (5) lots a permis de collecter la bagatelle somme de 485 millions F CFA. En effet, il s\u2019agit d\u2019une panth\u00e8re en sculpture r\u00e9signe noire de l\u2019artiste fran\u00e7ais Richard Orlinsky qui a \u00e9t\u00e9 arrach\u00e9e \u00e0 80 millions F CFA. Le deuxi\u00e8me lot est une paire de boucles d\u2019oreille en diamant ovale de Val\u00e9rie Besika, vendue \u00e0 50 millions F CFA. Le troisi\u00e8me lot est une paire de cygnes en cristal de roche r\u00e9alis\u00e9e par la Princesse Ira de F\u00fcrstenberg arrach\u00e9e \u00e0 40 millions F CFA. Le quatri\u00e8me lot sont des manchettes en diamant et une paire de boucles d\u2019oreille r\u00e9alis\u00e9s par M. Edouard Nahum, vendus \u00e0 35 millions F CFA. Et enfin, le cinqui\u00e8me lot est un magnifique tableau de l\u2019artiste-peintre Abou Dia qui a \u00e9t\u00e9 vendu \u00e0 280 millions F CFA.<\/p>\n<p>En outre, une super tombola, des ballets \u00e0 travers de merveilleux tableaux cr\u00e9es par M. Georges Momboye et enfin le chef multi-\u00e9toil\u00e9 Yannick All\u00e9no et la cheffe ivoirienne Prisca Gilbert ont propos\u00e9 des mets savoureux aux diff\u00e9rents convives.<\/p>\n<p>La soir\u00e9e a pris fin par un bal r\u00e9tro pour le plus grand bonheur des fans des musiques des ann\u00e9es 70-80.<\/p>\n","protected":false},"excerpt":{"rendered":"<p>La 8\u00e8me \u00e9dition du D\u00eener de Gala de la Fondation Children Of Africa a tenu toutes ses promesses. Les invit\u00e9s de la soir\u00e9e de gala, venus du monde entier, se sont donn\u00e9es la main, le vendredi 11 mars 2022, au Palais des Congr\u00e8s du Sofitel Abidjan H\u00f4tel Ivoire, autour de la cause des enfants d\u00e9munis [&hellip;]<\/p>\n","protected":false},"author":2,"featured_media":3384,"comment_status":"closed","ping_status":"closed","sticky":true,"template":"","format":"standard","meta":{"_acf_changed":false,"footnotes":""},"categories":[],"tags":[],"class_list":["post-3383","post","type-post","status-publish","format-standard","has-post-thumbnail","hentry"],"acf":[],"yoast_head":"<!-- This site is optimized with the Yoast SEO plugin v27.5 - https:\/\/yoast.com\/product\/yoast-seo-wordpress\/ -->\n<title>8\u00e8me D\u00eener de Gala de Children Of Africa: L\u2019Afrique du futur se d\u00e9voile au monde - Amanien| L&#039;actualit\u00e9 Ivoirienne et Internationale<\/title>\n<meta name=\"robots\" content=\"index, follow, max-snippet:-1, max-image-preview:large, max-video-preview:-1\" \/>\n<link rel=\"canonical\" href=\"https:\/\/www.amanien.info\/news\/8eme-diner-de-gala-de-children-of-africa-lafrique-du-futur-se-devoile-au-monde\/\" \/>\n<meta property=\"og:locale\" content=\"fr_FR\" \/>\n<meta property=\"og:type\" content=\"article\" \/>\n<meta property=\"og:title\" content=\"8\u00e8me D\u00eener de Gala de Children Of Africa: L\u2019Afrique du futur se d\u00e9voile au monde - Amanien| L&#039;actualit\u00e9 Ivoirienne et Internationale\" \/>\n<meta property=\"og:description\" content=\"La 8\u00e8me \u00e9dition du D\u00eener de Gala de la Fondation Children Of Africa a tenu toutes ses promesses. Les invit\u00e9s de la soir\u00e9e de gala, venus du monde entier, se sont donn\u00e9es la main, le vendredi 11 mars 2022, au Palais des Congr\u00e8s du Sofitel Abidjan H\u00f4tel Ivoire, autour de la cause des enfants d\u00e9munis [&hellip;]\" \/>\n<meta property=\"og:url\" content=\"https:\/\/www.amanien.info\/news\/8eme-diner-de-gala-de-children-of-africa-lafrique-du-futur-se-devoile-au-monde\/\" \/>\n<meta property=\"og:site_name\" content=\"Amanien| L&#039;actualit\u00e9 Ivoirienne et Internationale\" \/>\n<meta property=\"article:published_time\" content=\"2022-03-13T10:21:25+00:00\" \/>\n<meta property=\"article:modified_time\" content=\"2022-03-13T10:22:43+00:00\" \/>\n<meta property=\"og:image\" content=\"https:\/\/www.amanien.info\/news\/wp-content\/uploads\/2022\/03\/thumbnail-7.jpg\" \/>\n\t<meta property=\"og:image:width\" content=\"1080\" \/>\n\t<meta property=\"og:image:height\" content=\"719\" \/>\n\t<meta property=\"og:image:type\" content=\"image\/jpeg\" \/>\n<meta name=\"author\" content=\"Germain Ndri\" \/>\n<meta name=\"twitter:card\" content=\"summary_large_image\" \/>\n<meta name=\"twitter:label1\" content=\"\u00c9crit par\" \/>\n\t<meta name=\"twitter:data1\" content=\"Germain Ndri\" \/>\n\t<meta name=\"twitter:label2\" content=\"Dur\u00e9e de lecture estim\u00e9e\" \/>\n\t<meta name=\"twitter:data2\" content=\"5 minutes\" \/>\n<script type=\"application\/ld+json\" class=\"yoast-schema-graph\">{\"@context\":\"https:\\\/\\\/schema.org\",\"@graph\":[{\"@type\":\"Article\",\"@id\":\"https:\\\/\\\/www.amanien.info\\\/news\\\/8eme-diner-de-gala-de-children-of-africa-lafrique-du-futur-se-devoile-au-monde\\\/#article\",\"isPartOf\":{\"@id\":\"https:\\\/\\\/www.amanien.info\\\/news\\\/8eme-diner-de-gala-de-children-of-africa-lafrique-du-futur-se-devoile-au-monde\\\/\"},\"author\":{\"name\":\"Germain Ndri\",\"@id\":\"https:\\\/\\\/www.amanien.info\\\/news\\\/#\\\/schema\\\/person\\\/b21093345753a1a98242d505bd894f42\"},\"headline\":\"8\u00e8me D\u00eener de Gala de Children Of Africa: L\u2019Afrique du futur se d\u00e9voile au monde\",\"datePublished\":\"2022-03-13T10:21:25+00:00\",\"dateModified\":\"2022-03-13T10:22:43+00:00\",\"mainEntityOfPage\":{\"@id\":\"https:\\\/\\\/www.amanien.info\\\/news\\\/8eme-diner-de-gala-de-children-of-africa-lafrique-du-futur-se-devoile-au-monde\\\/\"},\"wordCount\":998,\"image\":{\"@id\":\"https:\\\/\\\/www.amanien.info\\\/news\\\/8eme-diner-de-gala-de-children-of-africa-lafrique-du-futur-se-devoile-au-monde\\\/#primaryimage\"},\"thumbnailUrl\":\"https:\\\/\\\/www.amanien.info\\\/news\\\/wp-content\\\/uploads\\\/2022\\\/03\\\/thumbnail-7.jpg\",\"inLanguage\":\"fr-FR\"},{\"@type\":\"WebPage\",\"@id\":\"https:\\\/\\\/www.amanien.info\\\/news\\\/8eme-diner-de-gala-de-children-of-africa-lafrique-du-futur-se-devoile-au-monde\\\/\",\"url\":\"https:\\\/\\\/www.amanien.info\\\/news\\\/8eme-diner-de-gala-de-children-of-africa-lafrique-du-futur-se-devoile-au-monde\\\/\",\"name\":\"8\u00e8me D\u00eener de Gala de Children Of Africa: L\u2019Afrique du futur se d\u00e9voile au monde - Amanien| L&#039;actualit\u00e9 Ivoirienne et Internationale\",\"isPartOf\":{\"@id\":\"https:\\\/\\\/www.amanien.info\\\/news\\\/#website\"},\"primaryImageOfPage\":{\"@id\":\"https:\\\/\\\/www.amanien.info\\\/news\\\/8eme-diner-de-gala-de-children-of-africa-lafrique-du-futur-se-devoile-au-monde\\\/#primaryimage\"},\"image\":{\"@id\":\"https:\\\/\\\/www.amanien.info\\\/news\\\/8eme-diner-de-gala-de-children-of-africa-lafrique-du-futur-se-devoile-au-monde\\\/#primaryimage\"},\"thumbnailUrl\":\"https:\\\/\\\/www.amanien.info\\\/news\\\/wp-content\\\/uploads\\\/2022\\\/03\\\/thumbnail-7.jpg\",\"datePublished\":\"2022-03-13T10:21:25+00:00\",\"dateModified\":\"2022-03-13T10:22:43+00:00\",\"author\":{\"@id\":\"https:\\\/\\\/www.amanien.info\\\/news\\\/#\\\/schema\\\/person\\\/b21093345753a1a98242d505bd894f42\"},\"breadcrumb\":{\"@id\":\"https:\\\/\\\/www.amanien.info\\\/news\\\/8eme-diner-de-gala-de-children-of-africa-lafrique-du-futur-se-devoile-au-monde\\\/#breadcrumb\"},\"inLanguage\":\"fr-FR\",\"potentialAction\":[{\"@type\":\"ReadAction\",\"target\":[\"https:\\\/\\\/www.amanien.info\\\/news\\\/8eme-diner-de-gala-de-children-of-africa-lafrique-du-futur-se-devoile-au-monde\\\/\"]}]},{\"@type\":\"ImageObject\",\"inLanguage\":\"fr-FR\",\"@id\":\"https:\\\/\\\/www.amanien.info\\\/news\\\/8eme-diner-de-gala-de-children-of-africa-lafrique-du-futur-se-devoile-au-monde\\\/#primaryimage\",\"url\":\"https:\\\/\\\/www.amanien.info\\\/news\\\/wp-content\\\/uploads\\\/2022\\\/03\\\/thumbnail-7.jpg\",\"contentUrl\":\"https:\\\/\\\/www.amanien.info\\\/news\\\/wp-content\\\/uploads\\\/2022\\\/03\\\/thumbnail-7.jpg\",\"width\":1080,\"height\":719},{\"@type\":\"BreadcrumbList\",\"@id\":\"https:\\\/\\\/www.amanien.info\\\/news\\\/8eme-diner-de-gala-de-children-of-africa-lafrique-du-futur-se-devoile-au-monde\\\/#breadcrumb\",\"itemListElement\":[{\"@type\":\"ListItem\",\"position\":1,\"name\":\"Accueil\",\"item\":\"https:\\\/\\\/www.amanien.info\\\/news\\\/\"},{\"@type\":\"ListItem\",\"position\":2,\"name\":\"8\u00e8me D\u00eener de Gala de Children Of Africa: L\u2019Afrique du futur se d\u00e9voile au monde\"}]},{\"@type\":\"WebSite\",\"@id\":\"https:\\\/\\\/www.amanien.info\\\/news\\\/#website\",\"url\":\"https:\\\/\\\/www.amanien.info\\\/news\\\/\",\"name\":\"Amanien| L&#039;actualit\u00e9 Ivoirienne et Internationale\",\"description\":\"L&#039;actualit\u00e9 Ivoirienne et Internationale\",\"potentialAction\":[{\"@type\":\"SearchAction\",\"target\":{\"@type\":\"EntryPoint\",\"urlTemplate\":\"https:\\\/\\\/www.amanien.info\\\/news\\\/?s={search_term_string}\"},\"query-input\":{\"@type\":\"PropertyValueSpecification\",\"valueRequired\":true,\"valueName\":\"search_term_string\"}}],\"inLanguage\":\"fr-FR\"},{\"@type\":\"Person\",\"@id\":\"https:\\\/\\\/www.amanien.info\\\/news\\\/#\\\/schema\\\/person\\\/b21093345753a1a98242d505bd894f42\",\"name\":\"Germain Ndri\",\"url\":\"https:\\\/\\\/www.amanien.info\\\/news\\\/author\\\/amanien-infos\\\/\"}]}<\/script>\n<!-- \/ Yoast SEO plugin. -->","yoast_head_json":{"title":"8\u00e8me D\u00eener de Gala de Children Of Africa: L\u2019Afrique du futur se d\u00e9voile au monde - Amanien| L&#039;actualit\u00e9 Ivoirienne et Internationale","robots":{"index":"index","follow":"follow","max-snippet":"max-snippet:-1","max-image-preview":"max-image-preview:large","max-video-preview":"max-video-preview:-1"},"canonical":"https:\/\/www.amanien.info\/news\/8eme-diner-de-gala-de-children-of-africa-lafrique-du-futur-se-devoile-au-monde\/","og_locale":"fr_FR","og_type":"article","og_title":"8\u00e8me D\u00eener de Gala de Children Of Africa: L\u2019Afrique du futur se d\u00e9voile au monde - Amanien| L&#039;actualit\u00e9 Ivoirienne et Internationale","og_description":"La 8\u00e8me \u00e9dition du D\u00eener de Gala de la Fondation Children Of Africa a tenu toutes ses promesses. Les invit\u00e9s de la soir\u00e9e de gala, venus du monde entier, se sont donn\u00e9es la main, le vendredi 11 mars 2022, au Palais des Congr\u00e8s du Sofitel Abidjan H\u00f4tel Ivoire, autour de la cause des enfants d\u00e9munis [&hellip;]","og_url":"https:\/\/www.amanien.info\/news\/8eme-diner-de-gala-de-children-of-africa-lafrique-du-futur-se-devoile-au-monde\/","og_site_name":"Amanien| L&#039;actualit\u00e9 Ivoirienne et Internationale","article_published_time":"2022-03-13T10:21:25+00:00","article_modified_time":"2022-03-13T10:22:43+00:00","og_image":[{"width":1080,"height":719,"url":"https:\/\/www.amanien.info\/news\/wp-content\/uploads\/2022\/03\/thumbnail-7.jpg","type":"image\/jpeg"}],"author":"Germain Ndri","twitter_card":"summary_large_image","twitter_misc":{"\u00c9crit par":"Germain Ndri","Dur\u00e9e de lecture estim\u00e9e":"5 minutes"},"schema":{"@context":"https:\/\/schema.org","@graph":[{"@type":"Article","@id":"https:\/\/www.amanien.info\/news\/8eme-diner-de-gala-de-children-of-africa-lafrique-du-futur-se-devoile-au-monde\/#article","isPartOf":{"@id":"https:\/\/www.amanien.info\/news\/8eme-diner-de-gala-de-children-of-africa-lafrique-du-futur-se-devoile-au-monde\/"},"author":{"name":"Germain Ndri","@id":"https:\/\/www.amanien.info\/news\/#\/schema\/person\/b21093345753a1a98242d505bd894f42"},"headline":"8\u00e8me D\u00eener de Gala de Children Of Africa: L\u2019Afrique du futur se d\u00e9voile au monde","datePublished":"2022-03-13T10:21:25+00:00","dateModified":"2022-03-13T10:22:43+00:00","mainEntityOfPage":{"@id":"https:\/\/www.amanien.info\/news\/8eme-diner-de-gala-de-children-of-africa-lafrique-du-futur-se-devoile-au-monde\/"},"wordCount":998,"image":{"@id":"https:\/\/www.amanien.info\/news\/8eme-diner-de-gala-de-children-of-africa-lafrique-du-futur-se-devoile-au-monde\/#primaryimage"},"thumbnailUrl":"https:\/\/www.amanien.info\/news\/wp-content\/uploads\/2022\/03\/thumbnail-7.jpg","inLanguage":"fr-FR"},{"@type":"WebPage","@id":"https:\/\/www.amanien.info\/news\/8eme-diner-de-gala-de-children-of-africa-lafrique-du-futur-se-devoile-au-monde\/","url":"https:\/\/www.amanien.info\/news\/8eme-diner-de-gala-de-children-of-africa-lafrique-du-futur-se-devoile-au-monde\/","name":"8\u00e8me D\u00eener de Gala de Children Of Africa: L\u2019Afrique du futur se d\u00e9voile au monde - Amanien| L&#039;actualit\u00e9 Ivoirienne et Internationale","isPartOf":{"@id":"https:\/\/www.amanien.info\/news\/#website"},"primaryImageOfPage":{"@id":"https:\/\/www.amanien.info\/news\/8eme-diner-de-gala-de-children-of-africa-lafrique-du-futur-se-devoile-au-monde\/#primaryimage"},"image":{"@id":"https:\/\/www.amanien.info\/news\/8eme-diner-de-gala-de-children-of-africa-lafrique-du-futur-se-devoile-au-monde\/#primaryimage"},"thumbnailUrl":"https:\/\/www.amanien.info\/news\/wp-content\/uploads\/2022\/03\/thumbnail-7.jpg","datePublished":"2022-03-13T10:21:25+00:00","dateModified":"2022-03-13T10:22:43+00:00","author":{"@id":"https:\/\/www.amanien.info\/news\/#\/schema\/person\/b21093345753a1a98242d505bd894f42"},"breadcrumb":{"@id":"https:\/\/www.amanien.info\/news\/8eme-diner-de-gala-de-children-of-africa-lafrique-du-futur-se-devoile-au-monde\/#breadcrumb"},"inLanguage":"fr-FR","potentialAction":[{"@type":"ReadAction","target":["https:\/\/www.amanien.info\/news\/8eme-diner-de-gala-de-children-of-africa-lafrique-du-futur-se-devoile-au-monde\/"]}]},{"@type":"ImageObject","inLanguage":"fr-FR","@id":"https:\/\/www.amanien.info\/news\/8eme-diner-de-gala-de-children-of-africa-lafrique-du-futur-se-devoile-au-monde\/#primaryimage","url":"https:\/\/www.amanien.info\/news\/wp-content\/uploads\/2022\/03\/thumbnail-7.jpg","contentUrl":"https:\/\/www.amanien.info\/news\/wp-content\/uploads\/2022\/03\/thumbnail-7.jpg","width":1080,"height":719},{"@type":"BreadcrumbList","@id":"https:\/\/www.amanien.info\/news\/8eme-diner-de-gala-de-children-of-africa-lafrique-du-futur-se-devoile-au-monde\/#breadcrumb","itemListElement":[{"@type":"ListItem","position":1,"name":"Accueil","item":"https:\/\/www.amanien.info\/news\/"},{"@type":"ListItem","position":2,"name":"8\u00e8me D\u00eener de Gala de Children Of Africa: L\u2019Afrique du futur se d\u00e9voile au monde"}]},{"@type":"WebSite","@id":"https:\/\/www.amanien.info\/news\/#website","url":"https:\/\/www.amanien.info\/news\/","name":"Amanien| L&#039;actualit\u00e9 Ivoirienne et Internationale","description":"L&#039;actualit\u00e9 Ivoirienne et Internationale","potentialAction":[{"@type":"SearchAction","target":{"@type":"EntryPoint","urlTemplate":"https:\/\/www.amanien.info\/news\/?s={search_term_string}"},"query-input":{"@type":"PropertyValueSpecification","valueRequired":true,"valueName":"search_term_string"}}],"inLanguage":"fr-FR"},{"@type":"Person","@id":"https:\/\/www.amanien.info\/news\/#\/schema\/person\/b21093345753a1a98242d505bd894f42","name":"Germain Ndri","url":"https:\/\/www.amanien.info\/news\/author\/amanien-infos\/"}]}},"_links":{"self":[{"href":"https:\/\/www.amanien.info\/news\/wp-json\/wp\/v2\/posts\/3383","targetHints":{"allow":["GET"]}}],"collection":[{"href":"https:\/\/www.amanien.info\/news\/wp-json\/wp\/v2\/posts"}],"about":[{"href":"https:\/\/www.amanien.info\/news\/wp-json\/wp\/v2\/types\/post"}],"author":[{"embeddable":true,"href":"https:\/\/www.amanien.info\/news\/wp-json\/wp\/v2\/users\/2"}],"replies":[{"embeddable":true,"href":"https:\/\/www.amanien.info\/news\/wp-json\/wp\/v2\/comments?post=3383"}],"version-history":[{"count":1,"href":"https:\/\/www.amanien.info\/news\/wp-json\/wp\/v2\/posts\/3383\/revisions"}],"predecessor-version":[{"id":3385,"href":"https:\/\/www.amanien.info\/news\/wp-json\/wp\/v2\/posts\/3383\/revisions\/3385"}],"wp:featuredmedia":[{"embeddable":true,"href":"https:\/\/www.amanien.info\/news\/wp-json\/wp\/v2\/media\/3384"}],"wp:attachment":[{"href":"https:\/\/www.amanien.info\/news\/wp-json\/wp\/v2\/media?parent=3383"}],"wp:term":[{"taxonomy":"category","embeddable":true,"href":"https:\/\/www.amanien.info\/news\/wp-json\/wp\/v2\/categories?post=3383"},{"taxonomy":"post_tag","embeddable":true,"href":"https:\/\/www.amanien.info\/news\/wp-json\/wp\/v2\/tags?post=3383"}],"curies":[{"name":"wp","href":"https:\/\/api.w.org\/{rel}","templated":true}]}}