{"id":3310,"date":"2022-01-25T08:06:12","date_gmt":"2022-01-25T08:06:12","guid":{"rendered":"https:\/\/www.https:\/\/zozo.buyee.jp\/\/news\/?p=3310"},"modified":"2022-01-25T08:06:37","modified_gmt":"2022-01-25T08:06:37","slug":"coup-detat-au-burkina-faso-le-president-kabore-destitue-par-des-militaires","status":"publish","type":"post","link":"https:\/\/www.amanien.info\/news\/coup-detat-au-burkina-faso-le-president-kabore-destitue-par-des-militaires\/","title":{"rendered":"Coup d&rsquo;\u00c9tat au Burkina Faso: Le pr\u00e9sident Kabor\u00e9 destitu\u00e9 par des militaires"},"content":{"rendered":"<p>Lundi 24 janvier au Burkina Faso, apr\u00e8s une journ\u00e9e de confusion, des militaires ont fait une d\u00e9claration \u00e0 la t\u00e9l\u00e9vision nationale. Ils ont annonc\u00e9 avoir mis fin aux pouvoirs du pr\u00e9sident Roch Marc Christian Kabor\u00e9. Ils ont \u00e9galement annonc\u00e9 la suspension de l&rsquo;Assembl\u00e9e nationale et du gouvernement, la fermeture des fronti\u00e8res et la mise en place d\u2019un couvre-feu de 21h \u00e0 5h du matin.<br \/>\nLors de cette allocution, les militaires ont pr\u00e9cis\u00e9 que le Mouvement patriotique pour la sauvegarde et la restauration (MPSR), qui regroupe toutes les composantes des forces de d\u00e9fense et de s\u00e9curit\u00e9, s\u2019engageait \u00e0 proposer dans un d\u00e9lai raisonnable un calendrier de retour \u00e0 un ordre constitutionnel accept\u00e9 de tous. Le porte-parole du mouvement a \u00e9galement assur\u00e9 que les op\u00e9rations se sont d\u00e9roul\u00e9es sans effusion de sang et sans aucune violence physique sur les personnes arr\u00eat\u00e9es. Ces personnes sont d\u00e9tenues dans un lieu s\u00fbr dans le respect de leur dignit\u00e9, a -t- dit.<br \/>\nL&rsquo; On ignore \u00e0 l\u2019heure actuelle o\u00f9 se trouve exactement le pr\u00e9sident Roch Marc Christian Kabor\u00e9.<br \/>\nDurant la journ\u00e9e du lundi, la situation a \u00e9t\u00e9 confuse. Plusieurs sources militaires ont annonc\u00e9 , l&rsquo;arrestation du pr\u00e9sident Kabor\u00e9. D&rsquo;autres sources, dont un communiqu\u00e9 du MPP (parti de Roch Marc Christian Kabor\u00e9), ont ensuite dit qu&rsquo;il avait \u00e9chapp\u00e9 \u00e0 une tentative d&rsquo;assassinat dimanche soir et qu&rsquo;il \u00e9tait sous la protection de sa garde rapproch\u00e9e.Des mutineries avaient \u00e9clat\u00e9 le samedi dernier dans diff\u00e9rents camps militaires au Burkina Faso.<\/p>\n","protected":false},"excerpt":{"rendered":"<p>Lundi 24 janvier au Burkina Faso, apr\u00e8s une journ\u00e9e de confusion, des militaires ont fait une d\u00e9claration \u00e0 la t\u00e9l\u00e9vision nationale. Ils ont annonc\u00e9 avoir mis fin aux pouvoirs du pr\u00e9sident Roch Marc Christian Kabor\u00e9. Ils ont \u00e9galement annonc\u00e9 la suspension de l&rsquo;Assembl\u00e9e nationale et du gouvernement, la fermeture des fronti\u00e8res et la mise en [&hellip;]<\/p>\n","protected":false},"author":2,"featured_media":3311,"comment_status":"closed","ping_status":"closed","sticky":true,"template":"","format":"standard","meta":{"_acf_changed":false,"footnotes":""},"categories":[],"tags":[],"class_list":["post-3310","post","type-post","status-publish","format-standard","has-post-thumbnail","hentry"],"acf":[],"yoast_head":"<!-- This site is optimized with the Yoast SEO plugin v27.5 - https:\/\/yoast.com\/product\/yoast-seo-wordpress\/ -->\n<title>Coup d&#039;\u00c9tat au Burkina Faso: Le pr\u00e9sident Kabor\u00e9 destitu\u00e9 par des militaires - Amanien| L&#039;actualit\u00e9 Ivoirienne et Internationale<\/title>\n<meta name=\"robots\" content=\"index, follow, max-snippet:-1, max-image-preview:large, max-video-preview:-1\" \/>\n<link rel=\"canonical\" href=\"https:\/\/www.amanien.info\/news\/coup-detat-au-burkina-faso-le-president-kabore-destitue-par-des-militaires\/\" \/>\n<meta property=\"og:locale\" content=\"fr_FR\" \/>\n<meta property=\"og:type\" content=\"article\" \/>\n<meta property=\"og:title\" content=\"Coup d&#039;\u00c9tat au Burkina Faso: Le pr\u00e9sident Kabor\u00e9 destitu\u00e9 par des militaires - Amanien| L&#039;actualit\u00e9 Ivoirienne et Internationale\" \/>\n<meta property=\"og:description\" content=\"Lundi 24 janvier au Burkina Faso, apr\u00e8s une journ\u00e9e de confusion, des militaires ont fait une d\u00e9claration \u00e0 la t\u00e9l\u00e9vision nationale. Ils ont annonc\u00e9 avoir mis fin aux pouvoirs du pr\u00e9sident Roch Marc Christian Kabor\u00e9. Ils ont \u00e9galement annonc\u00e9 la suspension de l&rsquo;Assembl\u00e9e nationale et du gouvernement, la fermeture des fronti\u00e8res et la mise en [&hellip;]\" \/>\n<meta property=\"og:url\" content=\"https:\/\/www.amanien.info\/news\/coup-detat-au-burkina-faso-le-president-kabore-destitue-par-des-militaires\/\" \/>\n<meta property=\"og:site_name\" content=\"Amanien| L&#039;actualit\u00e9 Ivoirienne et Internationale\" \/>\n<meta property=\"article:published_time\" content=\"2022-01-25T08:06:12+00:00\" \/>\n<meta property=\"article:modified_time\" content=\"2022-01-25T08:06:37+00:00\" \/>\n<meta property=\"og:image\" content=\"https:\/\/www.amanien.info\/news\/wp-content\/uploads\/2022\/01\/thumbnail-16.jpg\" \/>\n\t<meta property=\"og:image:width\" content=\"1280\" \/>\n\t<meta property=\"og:image:height\" content=\"720\" \/>\n\t<meta property=\"og:image:type\" content=\"image\/jpeg\" \/>\n<meta name=\"author\" content=\"Germain Ndri\" \/>\n<meta name=\"twitter:card\" content=\"summary_large_image\" \/>\n<meta name=\"twitter:label1\" content=\"\u00c9crit par\" \/>\n\t<meta name=\"twitter:data1\" content=\"Germain Ndri\" \/>\n\t<meta name=\"twitter:label2\" content=\"Dur\u00e9e de lecture estim\u00e9e\" \/>\n\t<meta name=\"twitter:data2\" content=\"2 minutes\" \/>\n<script type=\"application\/ld+json\" class=\"yoast-schema-graph\">{\"@context\":\"https:\\\/\\\/schema.org\",\"@graph\":[{\"@type\":\"Article\",\"@id\":\"https:\\\/\\\/www.amanien.info\\\/news\\\/coup-detat-au-burkina-faso-le-president-kabore-destitue-par-des-militaires\\\/#article\",\"isPartOf\":{\"@id\":\"https:\\\/\\\/www.amanien.info\\\/news\\\/coup-detat-au-burkina-faso-le-president-kabore-destitue-par-des-militaires\\\/\"},\"author\":{\"name\":\"Germain Ndri\",\"@id\":\"https:\\\/\\\/www.amanien.info\\\/news\\\/#\\\/schema\\\/person\\\/b21093345753a1a98242d505bd894f42\"},\"headline\":\"Coup d&rsquo;\u00c9tat au Burkina Faso: Le pr\u00e9sident Kabor\u00e9 destitu\u00e9 par des militaires\",\"datePublished\":\"2022-01-25T08:06:12+00:00\",\"dateModified\":\"2022-01-25T08:06:37+00:00\",\"mainEntityOfPage\":{\"@id\":\"https:\\\/\\\/www.amanien.info\\\/news\\\/coup-detat-au-burkina-faso-le-president-kabore-destitue-par-des-militaires\\\/\"},\"wordCount\":280,\"image\":{\"@id\":\"https:\\\/\\\/www.amanien.info\\\/news\\\/coup-detat-au-burkina-faso-le-president-kabore-destitue-par-des-militaires\\\/#primaryimage\"},\"thumbnailUrl\":\"https:\\\/\\\/www.amanien.info\\\/news\\\/wp-content\\\/uploads\\\/2022\\\/01\\\/thumbnail-16.jpg\",\"inLanguage\":\"fr-FR\"},{\"@type\":\"WebPage\",\"@id\":\"https:\\\/\\\/www.amanien.info\\\/news\\\/coup-detat-au-burkina-faso-le-president-kabore-destitue-par-des-militaires\\\/\",\"url\":\"https:\\\/\\\/www.amanien.info\\\/news\\\/coup-detat-au-burkina-faso-le-president-kabore-destitue-par-des-militaires\\\/\",\"name\":\"Coup d'\u00c9tat au Burkina Faso: Le pr\u00e9sident Kabor\u00e9 destitu\u00e9 par des militaires - Amanien| L&#039;actualit\u00e9 Ivoirienne et Internationale\",\"isPartOf\":{\"@id\":\"https:\\\/\\\/www.amanien.info\\\/news\\\/#website\"},\"primaryImageOfPage\":{\"@id\":\"https:\\\/\\\/www.amanien.info\\\/news\\\/coup-detat-au-burkina-faso-le-president-kabore-destitue-par-des-militaires\\\/#primaryimage\"},\"image\":{\"@id\":\"https:\\\/\\\/www.amanien.info\\\/news\\\/coup-detat-au-burkina-faso-le-president-kabore-destitue-par-des-militaires\\\/#primaryimage\"},\"thumbnailUrl\":\"https:\\\/\\\/www.amanien.info\\\/news\\\/wp-content\\\/uploads\\\/2022\\\/01\\\/thumbnail-16.jpg\",\"datePublished\":\"2022-01-25T08:06:12+00:00\",\"dateModified\":\"2022-01-25T08:06:37+00:00\",\"author\":{\"@id\":\"https:\\\/\\\/www.amanien.info\\\/news\\\/#\\\/schema\\\/person\\\/b21093345753a1a98242d505bd894f42\"},\"breadcrumb\":{\"@id\":\"https:\\\/\\\/www.amanien.info\\\/news\\\/coup-detat-au-burkina-faso-le-president-kabore-destitue-par-des-militaires\\\/#breadcrumb\"},\"inLanguage\":\"fr-FR\",\"potentialAction\":[{\"@type\":\"ReadAction\",\"target\":[\"https:\\\/\\\/www.amanien.info\\\/news\\\/coup-detat-au-burkina-faso-le-president-kabore-destitue-par-des-militaires\\\/\"]}]},{\"@type\":\"ImageObject\",\"inLanguage\":\"fr-FR\",\"@id\":\"https:\\\/\\\/www.amanien.info\\\/news\\\/coup-detat-au-burkina-faso-le-president-kabore-destitue-par-des-militaires\\\/#primaryimage\",\"url\":\"https:\\\/\\\/www.amanien.info\\\/news\\\/wp-content\\\/uploads\\\/2022\\\/01\\\/thumbnail-16.jpg\",\"contentUrl\":\"https:\\\/\\\/www.amanien.info\\\/news\\\/wp-content\\\/uploads\\\/2022\\\/01\\\/thumbnail-16.jpg\",\"width\":1280,\"height\":720},{\"@type\":\"BreadcrumbList\",\"@id\":\"https:\\\/\\\/www.amanien.info\\\/news\\\/coup-detat-au-burkina-faso-le-president-kabore-destitue-par-des-militaires\\\/#breadcrumb\",\"itemListElement\":[{\"@type\":\"ListItem\",\"position\":1,\"name\":\"Accueil\",\"item\":\"https:\\\/\\\/www.amanien.info\\\/news\\\/\"},{\"@type\":\"ListItem\",\"position\":2,\"name\":\"Coup d&rsquo;\u00c9tat au Burkina Faso: Le pr\u00e9sident Kabor\u00e9 destitu\u00e9 par des militaires\"}]},{\"@type\":\"WebSite\",\"@id\":\"https:\\\/\\\/www.amanien.info\\\/news\\\/#website\",\"url\":\"https:\\\/\\\/www.amanien.info\\\/news\\\/\",\"name\":\"Amanien| L&#039;actualit\u00e9 Ivoirienne et Internationale\",\"description\":\"L&#039;actualit\u00e9 Ivoirienne et Internationale\",\"potentialAction\":[{\"@type\":\"SearchAction\",\"target\":{\"@type\":\"EntryPoint\",\"urlTemplate\":\"https:\\\/\\\/www.amanien.info\\\/news\\\/?s={search_term_string}\"},\"query-input\":{\"@type\":\"PropertyValueSpecification\",\"valueRequired\":true,\"valueName\":\"search_term_string\"}}],\"inLanguage\":\"fr-FR\"},{\"@type\":\"Person\",\"@id\":\"https:\\\/\\\/www.amanien.info\\\/news\\\/#\\\/schema\\\/person\\\/b21093345753a1a98242d505bd894f42\",\"name\":\"Germain Ndri\",\"url\":\"https:\\\/\\\/www.amanien.info\\\/news\\\/author\\\/amanien-infos\\\/\"}]}<\/script>\n<!-- \/ Yoast SEO plugin. -->","yoast_head_json":{"title":"Coup d'\u00c9tat au Burkina Faso: Le pr\u00e9sident Kabor\u00e9 destitu\u00e9 par des militaires - Amanien| L&#039;actualit\u00e9 Ivoirienne et Internationale","robots":{"index":"index","follow":"follow","max-snippet":"max-snippet:-1","max-image-preview":"max-image-preview:large","max-video-preview":"max-video-preview:-1"},"canonical":"https:\/\/www.amanien.info\/news\/coup-detat-au-burkina-faso-le-president-kabore-destitue-par-des-militaires\/","og_locale":"fr_FR","og_type":"article","og_title":"Coup d'\u00c9tat au Burkina Faso: Le pr\u00e9sident Kabor\u00e9 destitu\u00e9 par des militaires - Amanien| L&#039;actualit\u00e9 Ivoirienne et Internationale","og_description":"Lundi 24 janvier au Burkina Faso, apr\u00e8s une journ\u00e9e de confusion, des militaires ont fait une d\u00e9claration \u00e0 la t\u00e9l\u00e9vision nationale. Ils ont annonc\u00e9 avoir mis fin aux pouvoirs du pr\u00e9sident Roch Marc Christian Kabor\u00e9. Ils ont \u00e9galement annonc\u00e9 la suspension de l&rsquo;Assembl\u00e9e nationale et du gouvernement, la fermeture des fronti\u00e8res et la mise en [&hellip;]","og_url":"https:\/\/www.amanien.info\/news\/coup-detat-au-burkina-faso-le-president-kabore-destitue-par-des-militaires\/","og_site_name":"Amanien| L&#039;actualit\u00e9 Ivoirienne et Internationale","article_published_time":"2022-01-25T08:06:12+00:00","article_modified_time":"2022-01-25T08:06:37+00:00","og_image":[{"width":1280,"height":720,"url":"https:\/\/www.amanien.info\/news\/wp-content\/uploads\/2022\/01\/thumbnail-16.jpg","type":"image\/jpeg"}],"author":"Germain Ndri","twitter_card":"summary_large_image","twitter_misc":{"\u00c9crit par":"Germain Ndri","Dur\u00e9e de lecture estim\u00e9e":"2 minutes"},"schema":{"@context":"https:\/\/schema.org","@graph":[{"@type":"Article","@id":"https:\/\/www.amanien.info\/news\/coup-detat-au-burkina-faso-le-president-kabore-destitue-par-des-militaires\/#article","isPartOf":{"@id":"https:\/\/www.amanien.info\/news\/coup-detat-au-burkina-faso-le-president-kabore-destitue-par-des-militaires\/"},"author":{"name":"Germain Ndri","@id":"https:\/\/www.amanien.info\/news\/#\/schema\/person\/b21093345753a1a98242d505bd894f42"},"headline":"Coup d&rsquo;\u00c9tat au Burkina Faso: Le pr\u00e9sident Kabor\u00e9 destitu\u00e9 par des militaires","datePublished":"2022-01-25T08:06:12+00:00","dateModified":"2022-01-25T08:06:37+00:00","mainEntityOfPage":{"@id":"https:\/\/www.amanien.info\/news\/coup-detat-au-burkina-faso-le-president-kabore-destitue-par-des-militaires\/"},"wordCount":280,"image":{"@id":"https:\/\/www.amanien.info\/news\/coup-detat-au-burkina-faso-le-president-kabore-destitue-par-des-militaires\/#primaryimage"},"thumbnailUrl":"https:\/\/www.amanien.info\/news\/wp-content\/uploads\/2022\/01\/thumbnail-16.jpg","inLanguage":"fr-FR"},{"@type":"WebPage","@id":"https:\/\/www.amanien.info\/news\/coup-detat-au-burkina-faso-le-president-kabore-destitue-par-des-militaires\/","url":"https:\/\/www.amanien.info\/news\/coup-detat-au-burkina-faso-le-president-kabore-destitue-par-des-militaires\/","name":"Coup d'\u00c9tat au Burkina Faso: Le pr\u00e9sident Kabor\u00e9 destitu\u00e9 par des militaires - Amanien| L&#039;actualit\u00e9 Ivoirienne et Internationale","isPartOf":{"@id":"https:\/\/www.amanien.info\/news\/#website"},"primaryImageOfPage":{"@id":"https:\/\/www.amanien.info\/news\/coup-detat-au-burkina-faso-le-president-kabore-destitue-par-des-militaires\/#primaryimage"},"image":{"@id":"https:\/\/www.amanien.info\/news\/coup-detat-au-burkina-faso-le-president-kabore-destitue-par-des-militaires\/#primaryimage"},"thumbnailUrl":"https:\/\/www.amanien.info\/news\/wp-content\/uploads\/2022\/01\/thumbnail-16.jpg","datePublished":"2022-01-25T08:06:12+00:00","dateModified":"2022-01-25T08:06:37+00:00","author":{"@id":"https:\/\/www.amanien.info\/news\/#\/schema\/person\/b21093345753a1a98242d505bd894f42"},"breadcrumb":{"@id":"https:\/\/www.amanien.info\/news\/coup-detat-au-burkina-faso-le-president-kabore-destitue-par-des-militaires\/#breadcrumb"},"inLanguage":"fr-FR","potentialAction":[{"@type":"ReadAction","target":["https:\/\/www.amanien.info\/news\/coup-detat-au-burkina-faso-le-president-kabore-destitue-par-des-militaires\/"]}]},{"@type":"ImageObject","inLanguage":"fr-FR","@id":"https:\/\/www.amanien.info\/news\/coup-detat-au-burkina-faso-le-president-kabore-destitue-par-des-militaires\/#primaryimage","url":"https:\/\/www.amanien.info\/news\/wp-content\/uploads\/2022\/01\/thumbnail-16.jpg","contentUrl":"https:\/\/www.amanien.info\/news\/wp-content\/uploads\/2022\/01\/thumbnail-16.jpg","width":1280,"height":720},{"@type":"BreadcrumbList","@id":"https:\/\/www.amanien.info\/news\/coup-detat-au-burkina-faso-le-president-kabore-destitue-par-des-militaires\/#breadcrumb","itemListElement":[{"@type":"ListItem","position":1,"name":"Accueil","item":"https:\/\/www.amanien.info\/news\/"},{"@type":"ListItem","position":2,"name":"Coup d&rsquo;\u00c9tat au Burkina Faso: Le pr\u00e9sident Kabor\u00e9 destitu\u00e9 par des militaires"}]},{"@type":"WebSite","@id":"https:\/\/www.amanien.info\/news\/#website","url":"https:\/\/www.amanien.info\/news\/","name":"Amanien| L&#039;actualit\u00e9 Ivoirienne et Internationale","description":"L&#039;actualit\u00e9 Ivoirienne et Internationale","potentialAction":[{"@type":"SearchAction","target":{"@type":"EntryPoint","urlTemplate":"https:\/\/www.amanien.info\/news\/?s={search_term_string}"},"query-input":{"@type":"PropertyValueSpecification","valueRequired":true,"valueName":"search_term_string"}}],"inLanguage":"fr-FR"},{"@type":"Person","@id":"https:\/\/www.amanien.info\/news\/#\/schema\/person\/b21093345753a1a98242d505bd894f42","name":"Germain Ndri","url":"https:\/\/www.amanien.info\/news\/author\/amanien-infos\/"}]}},"_links":{"self":[{"href":"https:\/\/www.amanien.info\/news\/wp-json\/wp\/v2\/posts\/3310","targetHints":{"allow":["GET"]}}],"collection":[{"href":"https:\/\/www.amanien.info\/news\/wp-json\/wp\/v2\/posts"}],"about":[{"href":"https:\/\/www.amanien.info\/news\/wp-json\/wp\/v2\/types\/post"}],"author":[{"embeddable":true,"href":"https:\/\/www.amanien.info\/news\/wp-json\/wp\/v2\/users\/2"}],"replies":[{"embeddable":true,"href":"https:\/\/www.amanien.info\/news\/wp-json\/wp\/v2\/comments?post=3310"}],"version-history":[{"count":1,"href":"https:\/\/www.amanien.info\/news\/wp-json\/wp\/v2\/posts\/3310\/revisions"}],"predecessor-version":[{"id":3312,"href":"https:\/\/www.amanien.info\/news\/wp-json\/wp\/v2\/posts\/3310\/revisions\/3312"}],"wp:featuredmedia":[{"embeddable":true,"href":"https:\/\/www.amanien.info\/news\/wp-json\/wp\/v2\/media\/3311"}],"wp:attachment":[{"href":"https:\/\/www.amanien.info\/news\/wp-json\/wp\/v2\/media?parent=3310"}],"wp:term":[{"taxonomy":"category","embeddable":true,"href":"https:\/\/www.amanien.info\/news\/wp-json\/wp\/v2\/categories?post=3310"},{"taxonomy":"post_tag","embeddable":true,"href":"https:\/\/www.amanien.info\/news\/wp-json\/wp\/v2\/tags?post=3310"}],"curies":[{"name":"wp","href":"https:\/\/api.w.org\/{rel}","templated":true}]}}