{"id":3301,"date":"2022-01-20T10:36:51","date_gmt":"2022-01-20T10:36:51","guid":{"rendered":"https:\/\/www.https:\/\/zozo.buyee.jp\/\/news\/?p=3301"},"modified":"2022-01-20T10:37:30","modified_gmt":"2022-01-20T10:37:30","slug":"olivia-yace-et-ses-dauphines-chez-dominique-ouattara","status":"publish","type":"post","link":"https:\/\/www.amanien.info\/news\/olivia-yace-et-ses-dauphines-chez-dominique-ouattara\/","title":{"rendered":"\u00a0Olivia Yac\u00e9 et ses dauphines chez Dominique Ouattara"},"content":{"rendered":"<p>La Premi\u00e8re Dame Dominique Ouattara a re\u00e7u en audience Mademoiselle Olivia Yac\u00e9, Miss C\u00f4te d\u2019Ivoire 2021 et ses deux dauphines, le lundi 17 janvier 2022.<\/p>\n<p>La rencontre s\u2019est d\u00e9roul\u00e9e \u00e0 la R\u00e9sidence Pr\u00e9sidentielle. Elle a enregistr\u00e9 la pr\u00e9sence M. Victor Yapobi, Pr\u00e9sident du Comit\u00e9 Miss C\u00f4te d\u2019Ivoire (COMICI), des membres de sa structure, et bien d\u2019autres personnalit\u00e9s.<\/p>\n<p>Apr\u00e8s avoir f\u00e9licit\u00e9 la Miss C\u00f4te d\u2019Ivoire et ses dauphines pour leur \u00e9lection lors du concours Miss C\u00f4te d\u2019Ivoire, Madame Dominique Ouattara s\u2019est adress\u00e9e \u00e0 Miss Olivia Yac\u00e9. En effet, la First Lady a tenu \u00e0 non seulement la f\u00e9liciter pour sa qualification au concours de beaut\u00e9 Miss Monde, mais aussi, \u00e0 lui traduire toute sa fiert\u00e9 et son soutien. \u00a0\u00ab Je voulais f\u00e9liciter tout particuli\u00e8rement la Miss C\u00f4te d\u2019Ivoire 2021, Olivia YACE, qui est qualifi\u00e9e pour le prestigieux concours Miss Monde.\u00a0Elle porte d\u00e9j\u00e0 bien haut le flambeau de notre Pays \u00e0 cette comp\u00e9tition, apr\u00e8s avoir \u00e9t\u00e9 \u00e9lue premi\u00e8re au concours Miss monde top model. Je voudrais lui dire que je suis fi\u00e8re d\u2019elle et elle a tous mes encouragements pour remporter le concours Miss Monde\u00a0\u00bb, a f\u00e9licit\u00e9 Madame Dominique Ouattara.<\/p>\n<p>Apr\u00e8s cette audience, l\u2019\u00e9pouse du Chef de\u00a0l\u2019Etat a livr\u00e9 le sens de la visite des reines de la beaut\u00e9 ivoirienne. \u00ab J\u2019ai tenu \u00e0 recevoir mes filleules puisque comme vous l\u2019avez dit, je suis la marraine de Miss C\u00f4te d\u2019Ivoire pour les f\u00e9liciter d\u2019abord et encourager notre Miss C\u00f4te d\u2019Ivoire Olivia Yac\u00e9 pour le futur concours de Miss Monde. Vous savez qu\u2019elle a d\u00e9j\u00e0 \u00e9t\u00e9 \u00e0 Porto Rico, ensuite le concours a \u00e9t\u00e9 report\u00e9. Mais elle est en tr\u00e8s bonne position pour avoir de bons r\u00e9sultats. J\u2019ai voulu l\u2019encourager et lui dire toute notre affection et notre soutien pour qu\u2019elle puisse r\u00e9ussir \u00e0 \u00eatre \u00e9lue\u00a0\u00bb, a pr\u00e9cis\u00e9 l\u2019\u00e9pouse du Chef de l\u2019Etat. Et d\u2019ajouter\u00a0: \u00ab Je crois qu\u2019Olivia \u00e0 toutes les qualit\u00e9s pour \u00eatre Miss Monde. Nous serions tr\u00e8s heureuses qu\u2019une ivoirienne soit \u00e9lue la plus belle femme du monde. Donc, nous l\u2019encourageons et lui prodiguons les conseils que nous pouvons avoir. Nous avons essay\u00e9 de lui donner les conseils qu\u2019il fallait pour ne pas qu\u2019elle se laisse d\u00e9courager.\u00a0 Et qu\u2019elle puisse aller de l\u2019avant. Je crois que \u00e7a se passe tr\u00e8s bien. Nous avons une tr\u00e8s belle candidate qui est non seulement belle, mais qui est trilingue et qui s\u2019exprime tr\u00e8s bien. Nous avons toutes les chances que notre candidate puisse r\u00e9ussir. Nous croisons les doigts\u00a0\u00bb.<\/p>\n<p>Miss Olivia Yac\u00e9 a tenu pour sa part \u00e0 remercier la Premi\u00e8re Dame, sa marraine et les ivoiriens pour le soutien dont elle est l\u2019objet. \u00ab J\u2019ai \u00e9t\u00e9 tr\u00e8s \u00e9mue depuis Porto Rico de savoir que j\u2019avais toute la C\u00f4te d\u2019Ivoire derri\u00e8re moi. J\u2019avais un \u00e9lan de soutien admirable. C\u2019\u00e9tait formidable\u00a0! Et j\u2019\u00e9tais tr\u00e8s heureuse. \u00c7a m\u2019a aussi donn\u00e9 la force de continuer et d\u2019aller encore plus loin pour pouvoir ramener la couronne \u00e0 la C\u00f4te d\u2019Ivoire. Donc cette petite pause avant de retourner \u00e0 Miss Monde, ce n\u2019est que partie remise. J\u2019esp\u00e8re encore partir plus forte. A toutes mes s\u0153urs ivoiriennes et \u00e0 tous mes fr\u00e8res ivoiriens, je voudrais vous dire merci franchement du fond du c\u0153ur pour tout le soutien. Merci pour cette solidarit\u00e9. Merci d\u2019\u00eatre toujours derri\u00e8re moi. Je vous demande de continuer \u00e0 m\u2019aider et \u00e0 me soutenir, et de me donner la force pour que je puisse revenir avec la couronne bleue\u00a0\u00bb, a d\u00e9clar\u00e9 Miss Olivia Yac\u00e9.<\/p>\n<p>Olivia Yac\u00e9 a \u00e9t\u00e9 couronn\u00e9e Miss C\u00f4te d&rsquo;Ivoire, le 04 septembre 2021, parmi 24 candidates en lice, lors de la finale qui s&rsquo;est d\u00e9roul\u00e9e au palais des Congr\u00e8s du Sofitel H\u00f4tel Ivoire \u00e0 Abidjan. Elle a succ\u00e9d\u00e9 ainsi \u00e0 Marilyne Kouadio, Miss C\u00f4te d&rsquo;Ivoire 2020. En lice pour le concours Miss Monde, Miss Olivia Yac\u00e9 a remport\u00e9 \u00e0 Porto Rico, le Miss World Top Model. Notons que Miss Olivia Yac\u00e9 est la 11<sup>\u00e8me<\/sup> ivoirienne \u00e0 participer \u00e0 ce prestigieux concours. La 1<sup>\u00e8re<\/sup> a \u00e9t\u00e9 Madame Rose Armande Oula, Miss C\u00f4te d\u2019Ivoire en 1985.<\/p>\n","protected":false},"excerpt":{"rendered":"<p>La Premi\u00e8re Dame Dominique Ouattara a re\u00e7u en audience Mademoiselle Olivia Yac\u00e9, Miss C\u00f4te d\u2019Ivoire 2021 et ses deux dauphines, le lundi 17 janvier 2022. La rencontre s\u2019est d\u00e9roul\u00e9e \u00e0 la R\u00e9sidence Pr\u00e9sidentielle. Elle a enregistr\u00e9 la pr\u00e9sence M. Victor Yapobi, Pr\u00e9sident du Comit\u00e9 Miss C\u00f4te d\u2019Ivoire (COMICI), des membres de sa structure, et bien [&hellip;]<\/p>\n","protected":false},"author":2,"featured_media":3302,"comment_status":"closed","ping_status":"closed","sticky":true,"template":"","format":"standard","meta":{"_acf_changed":false,"footnotes":""},"categories":[],"tags":[],"class_list":["post-3301","post","type-post","status-publish","format-standard","has-post-thumbnail","hentry"],"acf":[],"yoast_head":"<!-- This site is optimized with the Yoast SEO plugin v27.5 - https:\/\/yoast.com\/product\/yoast-seo-wordpress\/ -->\n<title>\u00a0Olivia Yac\u00e9 et ses dauphines chez Dominique Ouattara - Amanien| L&#039;actualit\u00e9 Ivoirienne et Internationale<\/title>\n<meta name=\"robots\" content=\"index, follow, max-snippet:-1, max-image-preview:large, max-video-preview:-1\" \/>\n<link rel=\"canonical\" href=\"https:\/\/www.amanien.info\/news\/olivia-yace-et-ses-dauphines-chez-dominique-ouattara\/\" \/>\n<meta property=\"og:locale\" content=\"fr_FR\" \/>\n<meta property=\"og:type\" content=\"article\" \/>\n<meta property=\"og:title\" content=\"\u00a0Olivia Yac\u00e9 et ses dauphines chez Dominique Ouattara - Amanien| L&#039;actualit\u00e9 Ivoirienne et Internationale\" \/>\n<meta property=\"og:description\" content=\"La Premi\u00e8re Dame Dominique Ouattara a re\u00e7u en audience Mademoiselle Olivia Yac\u00e9, Miss C\u00f4te d\u2019Ivoire 2021 et ses deux dauphines, le lundi 17 janvier 2022. La rencontre s\u2019est d\u00e9roul\u00e9e \u00e0 la R\u00e9sidence Pr\u00e9sidentielle. Elle a enregistr\u00e9 la pr\u00e9sence M. Victor Yapobi, Pr\u00e9sident du Comit\u00e9 Miss C\u00f4te d\u2019Ivoire (COMICI), des membres de sa structure, et bien [&hellip;]\" \/>\n<meta property=\"og:url\" content=\"https:\/\/www.amanien.info\/news\/olivia-yace-et-ses-dauphines-chez-dominique-ouattara\/\" \/>\n<meta property=\"og:site_name\" content=\"Amanien| L&#039;actualit\u00e9 Ivoirienne et Internationale\" \/>\n<meta property=\"article:published_time\" content=\"2022-01-20T10:36:51+00:00\" \/>\n<meta property=\"article:modified_time\" content=\"2022-01-20T10:37:30+00:00\" \/>\n<meta property=\"og:image\" content=\"https:\/\/www.amanien.info\/news\/wp-content\/uploads\/2022\/01\/thumbnail1.jpg\" \/>\n\t<meta property=\"og:image:width\" content=\"648\" \/>\n\t<meta property=\"og:image:height\" content=\"501\" \/>\n\t<meta property=\"og:image:type\" content=\"image\/jpeg\" \/>\n<meta name=\"author\" content=\"Germain Ndri\" \/>\n<meta name=\"twitter:card\" content=\"summary_large_image\" \/>\n<meta name=\"twitter:label1\" content=\"\u00c9crit par\" \/>\n\t<meta name=\"twitter:data1\" content=\"Germain Ndri\" \/>\n\t<meta name=\"twitter:label2\" content=\"Dur\u00e9e de lecture estim\u00e9e\" \/>\n\t<meta name=\"twitter:data2\" content=\"4 minutes\" \/>\n<script type=\"application\/ld+json\" class=\"yoast-schema-graph\">{\"@context\":\"https:\\\/\\\/schema.org\",\"@graph\":[{\"@type\":\"Article\",\"@id\":\"https:\\\/\\\/www.amanien.info\\\/news\\\/olivia-yace-et-ses-dauphines-chez-dominique-ouattara\\\/#article\",\"isPartOf\":{\"@id\":\"https:\\\/\\\/www.amanien.info\\\/news\\\/olivia-yace-et-ses-dauphines-chez-dominique-ouattara\\\/\"},\"author\":{\"name\":\"Germain Ndri\",\"@id\":\"https:\\\/\\\/www.amanien.info\\\/news\\\/#\\\/schema\\\/person\\\/b21093345753a1a98242d505bd894f42\"},\"headline\":\"\u00a0Olivia Yac\u00e9 et ses dauphines chez Dominique Ouattara\",\"datePublished\":\"2022-01-20T10:36:51+00:00\",\"dateModified\":\"2022-01-20T10:37:30+00:00\",\"mainEntityOfPage\":{\"@id\":\"https:\\\/\\\/www.amanien.info\\\/news\\\/olivia-yace-et-ses-dauphines-chez-dominique-ouattara\\\/\"},\"wordCount\":750,\"image\":{\"@id\":\"https:\\\/\\\/www.amanien.info\\\/news\\\/olivia-yace-et-ses-dauphines-chez-dominique-ouattara\\\/#primaryimage\"},\"thumbnailUrl\":\"https:\\\/\\\/www.amanien.info\\\/news\\\/wp-content\\\/uploads\\\/2022\\\/01\\\/thumbnail1.jpg\",\"inLanguage\":\"fr-FR\"},{\"@type\":\"WebPage\",\"@id\":\"https:\\\/\\\/www.amanien.info\\\/news\\\/olivia-yace-et-ses-dauphines-chez-dominique-ouattara\\\/\",\"url\":\"https:\\\/\\\/www.amanien.info\\\/news\\\/olivia-yace-et-ses-dauphines-chez-dominique-ouattara\\\/\",\"name\":\"\u00a0Olivia Yac\u00e9 et ses dauphines chez Dominique Ouattara - Amanien| L&#039;actualit\u00e9 Ivoirienne et Internationale\",\"isPartOf\":{\"@id\":\"https:\\\/\\\/www.amanien.info\\\/news\\\/#website\"},\"primaryImageOfPage\":{\"@id\":\"https:\\\/\\\/www.amanien.info\\\/news\\\/olivia-yace-et-ses-dauphines-chez-dominique-ouattara\\\/#primaryimage\"},\"image\":{\"@id\":\"https:\\\/\\\/www.amanien.info\\\/news\\\/olivia-yace-et-ses-dauphines-chez-dominique-ouattara\\\/#primaryimage\"},\"thumbnailUrl\":\"https:\\\/\\\/www.amanien.info\\\/news\\\/wp-content\\\/uploads\\\/2022\\\/01\\\/thumbnail1.jpg\",\"datePublished\":\"2022-01-20T10:36:51+00:00\",\"dateModified\":\"2022-01-20T10:37:30+00:00\",\"author\":{\"@id\":\"https:\\\/\\\/www.amanien.info\\\/news\\\/#\\\/schema\\\/person\\\/b21093345753a1a98242d505bd894f42\"},\"breadcrumb\":{\"@id\":\"https:\\\/\\\/www.amanien.info\\\/news\\\/olivia-yace-et-ses-dauphines-chez-dominique-ouattara\\\/#breadcrumb\"},\"inLanguage\":\"fr-FR\",\"potentialAction\":[{\"@type\":\"ReadAction\",\"target\":[\"https:\\\/\\\/www.amanien.info\\\/news\\\/olivia-yace-et-ses-dauphines-chez-dominique-ouattara\\\/\"]}]},{\"@type\":\"ImageObject\",\"inLanguage\":\"fr-FR\",\"@id\":\"https:\\\/\\\/www.amanien.info\\\/news\\\/olivia-yace-et-ses-dauphines-chez-dominique-ouattara\\\/#primaryimage\",\"url\":\"https:\\\/\\\/www.amanien.info\\\/news\\\/wp-content\\\/uploads\\\/2022\\\/01\\\/thumbnail1.jpg\",\"contentUrl\":\"https:\\\/\\\/www.amanien.info\\\/news\\\/wp-content\\\/uploads\\\/2022\\\/01\\\/thumbnail1.jpg\",\"width\":648,\"height\":501},{\"@type\":\"BreadcrumbList\",\"@id\":\"https:\\\/\\\/www.amanien.info\\\/news\\\/olivia-yace-et-ses-dauphines-chez-dominique-ouattara\\\/#breadcrumb\",\"itemListElement\":[{\"@type\":\"ListItem\",\"position\":1,\"name\":\"Accueil\",\"item\":\"https:\\\/\\\/www.amanien.info\\\/news\\\/\"},{\"@type\":\"ListItem\",\"position\":2,\"name\":\"\u00a0Olivia Yac\u00e9 et ses dauphines chez Dominique Ouattara\"}]},{\"@type\":\"WebSite\",\"@id\":\"https:\\\/\\\/www.amanien.info\\\/news\\\/#website\",\"url\":\"https:\\\/\\\/www.amanien.info\\\/news\\\/\",\"name\":\"Amanien| L&#039;actualit\u00e9 Ivoirienne et Internationale\",\"description\":\"L&#039;actualit\u00e9 Ivoirienne et Internationale\",\"potentialAction\":[{\"@type\":\"SearchAction\",\"target\":{\"@type\":\"EntryPoint\",\"urlTemplate\":\"https:\\\/\\\/www.amanien.info\\\/news\\\/?s={search_term_string}\"},\"query-input\":{\"@type\":\"PropertyValueSpecification\",\"valueRequired\":true,\"valueName\":\"search_term_string\"}}],\"inLanguage\":\"fr-FR\"},{\"@type\":\"Person\",\"@id\":\"https:\\\/\\\/www.amanien.info\\\/news\\\/#\\\/schema\\\/person\\\/b21093345753a1a98242d505bd894f42\",\"name\":\"Germain Ndri\",\"url\":\"https:\\\/\\\/www.amanien.info\\\/news\\\/author\\\/amanien-infos\\\/\"}]}<\/script>\n<!-- \/ Yoast SEO plugin. -->","yoast_head_json":{"title":"\u00a0Olivia Yac\u00e9 et ses dauphines chez Dominique Ouattara - Amanien| L&#039;actualit\u00e9 Ivoirienne et Internationale","robots":{"index":"index","follow":"follow","max-snippet":"max-snippet:-1","max-image-preview":"max-image-preview:large","max-video-preview":"max-video-preview:-1"},"canonical":"https:\/\/www.amanien.info\/news\/olivia-yace-et-ses-dauphines-chez-dominique-ouattara\/","og_locale":"fr_FR","og_type":"article","og_title":"\u00a0Olivia Yac\u00e9 et ses dauphines chez Dominique Ouattara - Amanien| L&#039;actualit\u00e9 Ivoirienne et Internationale","og_description":"La Premi\u00e8re Dame Dominique Ouattara a re\u00e7u en audience Mademoiselle Olivia Yac\u00e9, Miss C\u00f4te d\u2019Ivoire 2021 et ses deux dauphines, le lundi 17 janvier 2022. La rencontre s\u2019est d\u00e9roul\u00e9e \u00e0 la R\u00e9sidence Pr\u00e9sidentielle. Elle a enregistr\u00e9 la pr\u00e9sence M. Victor Yapobi, Pr\u00e9sident du Comit\u00e9 Miss C\u00f4te d\u2019Ivoire (COMICI), des membres de sa structure, et bien [&hellip;]","og_url":"https:\/\/www.amanien.info\/news\/olivia-yace-et-ses-dauphines-chez-dominique-ouattara\/","og_site_name":"Amanien| L&#039;actualit\u00e9 Ivoirienne et Internationale","article_published_time":"2022-01-20T10:36:51+00:00","article_modified_time":"2022-01-20T10:37:30+00:00","og_image":[{"width":648,"height":501,"url":"https:\/\/www.amanien.info\/news\/wp-content\/uploads\/2022\/01\/thumbnail1.jpg","type":"image\/jpeg"}],"author":"Germain Ndri","twitter_card":"summary_large_image","twitter_misc":{"\u00c9crit par":"Germain Ndri","Dur\u00e9e de lecture estim\u00e9e":"4 minutes"},"schema":{"@context":"https:\/\/schema.org","@graph":[{"@type":"Article","@id":"https:\/\/www.amanien.info\/news\/olivia-yace-et-ses-dauphines-chez-dominique-ouattara\/#article","isPartOf":{"@id":"https:\/\/www.amanien.info\/news\/olivia-yace-et-ses-dauphines-chez-dominique-ouattara\/"},"author":{"name":"Germain Ndri","@id":"https:\/\/www.amanien.info\/news\/#\/schema\/person\/b21093345753a1a98242d505bd894f42"},"headline":"\u00a0Olivia Yac\u00e9 et ses dauphines chez Dominique Ouattara","datePublished":"2022-01-20T10:36:51+00:00","dateModified":"2022-01-20T10:37:30+00:00","mainEntityOfPage":{"@id":"https:\/\/www.amanien.info\/news\/olivia-yace-et-ses-dauphines-chez-dominique-ouattara\/"},"wordCount":750,"image":{"@id":"https:\/\/www.amanien.info\/news\/olivia-yace-et-ses-dauphines-chez-dominique-ouattara\/#primaryimage"},"thumbnailUrl":"https:\/\/www.amanien.info\/news\/wp-content\/uploads\/2022\/01\/thumbnail1.jpg","inLanguage":"fr-FR"},{"@type":"WebPage","@id":"https:\/\/www.amanien.info\/news\/olivia-yace-et-ses-dauphines-chez-dominique-ouattara\/","url":"https:\/\/www.amanien.info\/news\/olivia-yace-et-ses-dauphines-chez-dominique-ouattara\/","name":"\u00a0Olivia Yac\u00e9 et ses dauphines chez Dominique Ouattara - Amanien| L&#039;actualit\u00e9 Ivoirienne et Internationale","isPartOf":{"@id":"https:\/\/www.amanien.info\/news\/#website"},"primaryImageOfPage":{"@id":"https:\/\/www.amanien.info\/news\/olivia-yace-et-ses-dauphines-chez-dominique-ouattara\/#primaryimage"},"image":{"@id":"https:\/\/www.amanien.info\/news\/olivia-yace-et-ses-dauphines-chez-dominique-ouattara\/#primaryimage"},"thumbnailUrl":"https:\/\/www.amanien.info\/news\/wp-content\/uploads\/2022\/01\/thumbnail1.jpg","datePublished":"2022-01-20T10:36:51+00:00","dateModified":"2022-01-20T10:37:30+00:00","author":{"@id":"https:\/\/www.amanien.info\/news\/#\/schema\/person\/b21093345753a1a98242d505bd894f42"},"breadcrumb":{"@id":"https:\/\/www.amanien.info\/news\/olivia-yace-et-ses-dauphines-chez-dominique-ouattara\/#breadcrumb"},"inLanguage":"fr-FR","potentialAction":[{"@type":"ReadAction","target":["https:\/\/www.amanien.info\/news\/olivia-yace-et-ses-dauphines-chez-dominique-ouattara\/"]}]},{"@type":"ImageObject","inLanguage":"fr-FR","@id":"https:\/\/www.amanien.info\/news\/olivia-yace-et-ses-dauphines-chez-dominique-ouattara\/#primaryimage","url":"https:\/\/www.amanien.info\/news\/wp-content\/uploads\/2022\/01\/thumbnail1.jpg","contentUrl":"https:\/\/www.amanien.info\/news\/wp-content\/uploads\/2022\/01\/thumbnail1.jpg","width":648,"height":501},{"@type":"BreadcrumbList","@id":"https:\/\/www.amanien.info\/news\/olivia-yace-et-ses-dauphines-chez-dominique-ouattara\/#breadcrumb","itemListElement":[{"@type":"ListItem","position":1,"name":"Accueil","item":"https:\/\/www.amanien.info\/news\/"},{"@type":"ListItem","position":2,"name":"\u00a0Olivia Yac\u00e9 et ses dauphines chez Dominique Ouattara"}]},{"@type":"WebSite","@id":"https:\/\/www.amanien.info\/news\/#website","url":"https:\/\/www.amanien.info\/news\/","name":"Amanien| L&#039;actualit\u00e9 Ivoirienne et Internationale","description":"L&#039;actualit\u00e9 Ivoirienne et Internationale","potentialAction":[{"@type":"SearchAction","target":{"@type":"EntryPoint","urlTemplate":"https:\/\/www.amanien.info\/news\/?s={search_term_string}"},"query-input":{"@type":"PropertyValueSpecification","valueRequired":true,"valueName":"search_term_string"}}],"inLanguage":"fr-FR"},{"@type":"Person","@id":"https:\/\/www.amanien.info\/news\/#\/schema\/person\/b21093345753a1a98242d505bd894f42","name":"Germain Ndri","url":"https:\/\/www.amanien.info\/news\/author\/amanien-infos\/"}]}},"_links":{"self":[{"href":"https:\/\/www.amanien.info\/news\/wp-json\/wp\/v2\/posts\/3301","targetHints":{"allow":["GET"]}}],"collection":[{"href":"https:\/\/www.amanien.info\/news\/wp-json\/wp\/v2\/posts"}],"about":[{"href":"https:\/\/www.amanien.info\/news\/wp-json\/wp\/v2\/types\/post"}],"author":[{"embeddable":true,"href":"https:\/\/www.amanien.info\/news\/wp-json\/wp\/v2\/users\/2"}],"replies":[{"embeddable":true,"href":"https:\/\/www.amanien.info\/news\/wp-json\/wp\/v2\/comments?post=3301"}],"version-history":[{"count":1,"href":"https:\/\/www.amanien.info\/news\/wp-json\/wp\/v2\/posts\/3301\/revisions"}],"predecessor-version":[{"id":3303,"href":"https:\/\/www.amanien.info\/news\/wp-json\/wp\/v2\/posts\/3301\/revisions\/3303"}],"wp:featuredmedia":[{"embeddable":true,"href":"https:\/\/www.amanien.info\/news\/wp-json\/wp\/v2\/media\/3302"}],"wp:attachment":[{"href":"https:\/\/www.amanien.info\/news\/wp-json\/wp\/v2\/media?parent=3301"}],"wp:term":[{"taxonomy":"category","embeddable":true,"href":"https:\/\/www.amanien.info\/news\/wp-json\/wp\/v2\/categories?post=3301"},{"taxonomy":"post_tag","embeddable":true,"href":"https:\/\/www.amanien.info\/news\/wp-json\/wp\/v2\/tags?post=3301"}],"curies":[{"name":"wp","href":"https:\/\/api.w.org\/{rel}","templated":true}]}}