{"id":3297,"date":"2022-01-20T10:28:39","date_gmt":"2022-01-20T10:28:39","guid":{"rendered":"https:\/\/www.https:\/\/zozo.buyee.jp\/\/news\/?p=3297"},"modified":"2022-01-20T10:29:09","modified_gmt":"2022-01-20T10:29:09","slug":"federation-des-tradipraticiens-ano-kouao-pointe-du-doigt-le-changement-climatique","status":"publish","type":"post","link":"https:\/\/www.amanien.info\/news\/federation-des-tradipraticiens-ano-kouao-pointe-du-doigt-le-changement-climatique\/","title":{"rendered":"F\u00e9d\u00e9ration des Tradipraticiens: Ano Kouao pointe du doigt le changement climatique"},"content":{"rendered":"<p>Le pr\u00e9sident de la f\u00e9d\u00e9ration des Tradipraticiens de sant\u00e9 et naturoth\u00e9rapeutes de C\u00f4te d&rsquo;Ivoire Daniel Ano Kouao, a anim\u00e9 une conf\u00e9rence de presse le mercredi 19 janvier \u00e0 son cabinet situ\u00e9 en face de l&rsquo; immeuble Bad au plateau. Le th\u00e8me \u00e9tait \u00a0\u00bb Les pathologies li\u00e9es au changement climatique\u00a0\u00bb. Selon lui, la plan\u00e8te toute enti\u00e8re est menac\u00e9e par la pollution. \u00a0\u00bb Les scientifiques l&rsquo; expliquent par le changement climatique. Si dans les pays industrialis\u00e9s on attribue cette menace \u00e0 l&rsquo; industrialisation, chez nous en Afrique et particuli\u00e8rement en C\u00f4te d&rsquo;Ivoire, nous pointons un doigt accusateur sur la disparition de notre for\u00eat. Notre for\u00eat qui nous permet de r\u00e9sister \u00e0 de nombreuses pathologies \u00e0 travers la m\u00e9decine traditionnelle n&rsquo; existe aujourd&rsquo;hui que de nom\u00a0\u00bb a-t-il d\u00e9plor\u00e9.<br \/>\nIl a soulign\u00e9 que cette destruction de la for\u00eat est le fait des cultures extensives sur brulis, mais surtout l&rsquo; exploitation abusive des arbres de la for\u00eat.\u00a0\u00bb A ces ph\u00e9nom\u00e8nes li\u00e9s aux comportements de l&rsquo; homme s&rsquo; ajoutent de nouveaux fl\u00e9aux : il s&rsquo; agit de l&rsquo; utilisation abusive des pesticides dans la nature, l&rsquo; orpaillage clandestin qui pollue nos r\u00e9gions a travers les bas- fond, les fleuves et rivi\u00e8res\u00a0\u00bb a &#8211; t- il dit. Il a ajout\u00e9 qu&rsquo; au plan national, le changement climatique fait qu&rsquo; on ne ma\u00eetrise plus rien, ni les maladies ni le climat, avec les pluies et les inondations. \u00a0\u00bb Voici ce qui explique ce myst\u00e8re de grippe s\u00e9v\u00e8re, de toux chronique, ces probl\u00e8mes respiratoires l&rsquo; accentuation des crises d&rsquo; asthme, de faiblesse du syst\u00e8me immunitaire que d&rsquo; aucuns pourraient qualifier de complication et de variant de la pand\u00e9mie \u00e0 covid 19&Prime; a dit le pr\u00e9sident de la f\u00e9d\u00e9ration des Tradipraticiens. Il a not\u00e9 qu&rsquo; avec la collaboration entre la m\u00e9decine traditionnelle et conventionnelle, il existe des m\u00e9dicaments traditionnels am\u00e9lior\u00e9s, test\u00e9s dans les laboratoires, pour soigner diff\u00e9rentes maladies. Il a salu\u00e9 l&rsquo; existence de la loi sur la m\u00e9decine traditionnelle qui traduit une avanc\u00e9e et souhait\u00e9 une subvention de l&rsquo;\u00c9tat. \u00a0\u00bb Notre pr\u00e9occupation est d&rsquo; oeuvrer pour que les populations se soignent \u00e0 moindre co\u00fbt\u00a0\u00bb a-t- il conclu.<br \/>\nC.W<\/p>\n","protected":false},"excerpt":{"rendered":"<p>Le pr\u00e9sident de la f\u00e9d\u00e9ration des Tradipraticiens de sant\u00e9 et naturoth\u00e9rapeutes de C\u00f4te d&rsquo;Ivoire Daniel Ano Kouao, a anim\u00e9 une conf\u00e9rence de presse le mercredi 19 janvier \u00e0 son cabinet situ\u00e9 en face de l&rsquo; immeuble Bad au plateau. Le th\u00e8me \u00e9tait \u00a0\u00bb Les pathologies li\u00e9es au changement climatique\u00a0\u00bb. Selon lui, la plan\u00e8te toute enti\u00e8re [&hellip;]<\/p>\n","protected":false},"author":2,"featured_media":3298,"comment_status":"closed","ping_status":"closed","sticky":true,"template":"","format":"standard","meta":{"_acf_changed":false,"footnotes":""},"categories":[],"tags":[],"class_list":["post-3297","post","type-post","status-publish","format-standard","has-post-thumbnail","hentry"],"acf":[],"yoast_head":"<!-- This site is optimized with the Yoast SEO plugin v27.5 - https:\/\/yoast.com\/product\/yoast-seo-wordpress\/ -->\n<title>F\u00e9d\u00e9ration des Tradipraticiens: Ano Kouao pointe du doigt le changement climatique - Amanien| L&#039;actualit\u00e9 Ivoirienne et Internationale<\/title>\n<meta name=\"robots\" content=\"index, follow, max-snippet:-1, max-image-preview:large, max-video-preview:-1\" \/>\n<link rel=\"canonical\" href=\"https:\/\/www.amanien.info\/news\/federation-des-tradipraticiens-ano-kouao-pointe-du-doigt-le-changement-climatique\/\" \/>\n<meta property=\"og:locale\" content=\"fr_FR\" \/>\n<meta property=\"og:type\" content=\"article\" \/>\n<meta property=\"og:title\" content=\"F\u00e9d\u00e9ration des Tradipraticiens: Ano Kouao pointe du doigt le changement climatique - Amanien| L&#039;actualit\u00e9 Ivoirienne et Internationale\" \/>\n<meta property=\"og:description\" content=\"Le pr\u00e9sident de la f\u00e9d\u00e9ration des Tradipraticiens de sant\u00e9 et naturoth\u00e9rapeutes de C\u00f4te d&rsquo;Ivoire Daniel Ano Kouao, a anim\u00e9 une conf\u00e9rence de presse le mercredi 19 janvier \u00e0 son cabinet situ\u00e9 en face de l&rsquo; immeuble Bad au plateau. Le th\u00e8me \u00e9tait \u00a0\u00bb Les pathologies li\u00e9es au changement climatique\u00a0\u00bb. Selon lui, la plan\u00e8te toute enti\u00e8re [&hellip;]\" \/>\n<meta property=\"og:url\" content=\"https:\/\/www.amanien.info\/news\/federation-des-tradipraticiens-ano-kouao-pointe-du-doigt-le-changement-climatique\/\" \/>\n<meta property=\"og:site_name\" content=\"Amanien| L&#039;actualit\u00e9 Ivoirienne et Internationale\" \/>\n<meta property=\"article:published_time\" content=\"2022-01-20T10:28:39+00:00\" \/>\n<meta property=\"article:modified_time\" content=\"2022-01-20T10:29:09+00:00\" \/>\n<meta property=\"og:image\" content=\"https:\/\/www.amanien.info\/news\/wp-content\/uploads\/2022\/01\/thumbnail-14.jpg\" \/>\n\t<meta property=\"og:image:width\" content=\"1080\" \/>\n\t<meta property=\"og:image:height\" content=\"608\" \/>\n\t<meta property=\"og:image:type\" content=\"image\/jpeg\" \/>\n<meta name=\"author\" content=\"Germain Ndri\" \/>\n<meta name=\"twitter:card\" content=\"summary_large_image\" \/>\n<meta name=\"twitter:label1\" content=\"\u00c9crit par\" \/>\n\t<meta name=\"twitter:data1\" content=\"Germain Ndri\" \/>\n\t<meta name=\"twitter:label2\" content=\"Dur\u00e9e de lecture estim\u00e9e\" \/>\n\t<meta name=\"twitter:data2\" content=\"2 minutes\" \/>\n<script type=\"application\/ld+json\" class=\"yoast-schema-graph\">{\"@context\":\"https:\\\/\\\/schema.org\",\"@graph\":[{\"@type\":\"Article\",\"@id\":\"https:\\\/\\\/www.amanien.info\\\/news\\\/federation-des-tradipraticiens-ano-kouao-pointe-du-doigt-le-changement-climatique\\\/#article\",\"isPartOf\":{\"@id\":\"https:\\\/\\\/www.amanien.info\\\/news\\\/federation-des-tradipraticiens-ano-kouao-pointe-du-doigt-le-changement-climatique\\\/\"},\"author\":{\"name\":\"Germain Ndri\",\"@id\":\"https:\\\/\\\/www.amanien.info\\\/news\\\/#\\\/schema\\\/person\\\/b21093345753a1a98242d505bd894f42\"},\"headline\":\"F\u00e9d\u00e9ration des Tradipraticiens: Ano Kouao pointe du doigt le changement climatique\",\"datePublished\":\"2022-01-20T10:28:39+00:00\",\"dateModified\":\"2022-01-20T10:29:09+00:00\",\"mainEntityOfPage\":{\"@id\":\"https:\\\/\\\/www.amanien.info\\\/news\\\/federation-des-tradipraticiens-ano-kouao-pointe-du-doigt-le-changement-climatique\\\/\"},\"wordCount\":401,\"image\":{\"@id\":\"https:\\\/\\\/www.amanien.info\\\/news\\\/federation-des-tradipraticiens-ano-kouao-pointe-du-doigt-le-changement-climatique\\\/#primaryimage\"},\"thumbnailUrl\":\"https:\\\/\\\/www.amanien.info\\\/news\\\/wp-content\\\/uploads\\\/2022\\\/01\\\/thumbnail-14.jpg\",\"inLanguage\":\"fr-FR\"},{\"@type\":\"WebPage\",\"@id\":\"https:\\\/\\\/www.amanien.info\\\/news\\\/federation-des-tradipraticiens-ano-kouao-pointe-du-doigt-le-changement-climatique\\\/\",\"url\":\"https:\\\/\\\/www.amanien.info\\\/news\\\/federation-des-tradipraticiens-ano-kouao-pointe-du-doigt-le-changement-climatique\\\/\",\"name\":\"F\u00e9d\u00e9ration des Tradipraticiens: Ano Kouao pointe du doigt le changement climatique - Amanien| L&#039;actualit\u00e9 Ivoirienne et Internationale\",\"isPartOf\":{\"@id\":\"https:\\\/\\\/www.amanien.info\\\/news\\\/#website\"},\"primaryImageOfPage\":{\"@id\":\"https:\\\/\\\/www.amanien.info\\\/news\\\/federation-des-tradipraticiens-ano-kouao-pointe-du-doigt-le-changement-climatique\\\/#primaryimage\"},\"image\":{\"@id\":\"https:\\\/\\\/www.amanien.info\\\/news\\\/federation-des-tradipraticiens-ano-kouao-pointe-du-doigt-le-changement-climatique\\\/#primaryimage\"},\"thumbnailUrl\":\"https:\\\/\\\/www.amanien.info\\\/news\\\/wp-content\\\/uploads\\\/2022\\\/01\\\/thumbnail-14.jpg\",\"datePublished\":\"2022-01-20T10:28:39+00:00\",\"dateModified\":\"2022-01-20T10:29:09+00:00\",\"author\":{\"@id\":\"https:\\\/\\\/www.amanien.info\\\/news\\\/#\\\/schema\\\/person\\\/b21093345753a1a98242d505bd894f42\"},\"breadcrumb\":{\"@id\":\"https:\\\/\\\/www.amanien.info\\\/news\\\/federation-des-tradipraticiens-ano-kouao-pointe-du-doigt-le-changement-climatique\\\/#breadcrumb\"},\"inLanguage\":\"fr-FR\",\"potentialAction\":[{\"@type\":\"ReadAction\",\"target\":[\"https:\\\/\\\/www.amanien.info\\\/news\\\/federation-des-tradipraticiens-ano-kouao-pointe-du-doigt-le-changement-climatique\\\/\"]}]},{\"@type\":\"ImageObject\",\"inLanguage\":\"fr-FR\",\"@id\":\"https:\\\/\\\/www.amanien.info\\\/news\\\/federation-des-tradipraticiens-ano-kouao-pointe-du-doigt-le-changement-climatique\\\/#primaryimage\",\"url\":\"https:\\\/\\\/www.amanien.info\\\/news\\\/wp-content\\\/uploads\\\/2022\\\/01\\\/thumbnail-14.jpg\",\"contentUrl\":\"https:\\\/\\\/www.amanien.info\\\/news\\\/wp-content\\\/uploads\\\/2022\\\/01\\\/thumbnail-14.jpg\",\"width\":1080,\"height\":608},{\"@type\":\"BreadcrumbList\",\"@id\":\"https:\\\/\\\/www.amanien.info\\\/news\\\/federation-des-tradipraticiens-ano-kouao-pointe-du-doigt-le-changement-climatique\\\/#breadcrumb\",\"itemListElement\":[{\"@type\":\"ListItem\",\"position\":1,\"name\":\"Accueil\",\"item\":\"https:\\\/\\\/www.amanien.info\\\/news\\\/\"},{\"@type\":\"ListItem\",\"position\":2,\"name\":\"F\u00e9d\u00e9ration des Tradipraticiens: Ano Kouao pointe du doigt le changement climatique\"}]},{\"@type\":\"WebSite\",\"@id\":\"https:\\\/\\\/www.amanien.info\\\/news\\\/#website\",\"url\":\"https:\\\/\\\/www.amanien.info\\\/news\\\/\",\"name\":\"Amanien| L&#039;actualit\u00e9 Ivoirienne et Internationale\",\"description\":\"L&#039;actualit\u00e9 Ivoirienne et Internationale\",\"potentialAction\":[{\"@type\":\"SearchAction\",\"target\":{\"@type\":\"EntryPoint\",\"urlTemplate\":\"https:\\\/\\\/www.amanien.info\\\/news\\\/?s={search_term_string}\"},\"query-input\":{\"@type\":\"PropertyValueSpecification\",\"valueRequired\":true,\"valueName\":\"search_term_string\"}}],\"inLanguage\":\"fr-FR\"},{\"@type\":\"Person\",\"@id\":\"https:\\\/\\\/www.amanien.info\\\/news\\\/#\\\/schema\\\/person\\\/b21093345753a1a98242d505bd894f42\",\"name\":\"Germain Ndri\",\"url\":\"https:\\\/\\\/www.amanien.info\\\/news\\\/author\\\/amanien-infos\\\/\"}]}<\/script>\n<!-- \/ Yoast SEO plugin. -->","yoast_head_json":{"title":"F\u00e9d\u00e9ration des Tradipraticiens: Ano Kouao pointe du doigt le changement climatique - Amanien| L&#039;actualit\u00e9 Ivoirienne et Internationale","robots":{"index":"index","follow":"follow","max-snippet":"max-snippet:-1","max-image-preview":"max-image-preview:large","max-video-preview":"max-video-preview:-1"},"canonical":"https:\/\/www.amanien.info\/news\/federation-des-tradipraticiens-ano-kouao-pointe-du-doigt-le-changement-climatique\/","og_locale":"fr_FR","og_type":"article","og_title":"F\u00e9d\u00e9ration des Tradipraticiens: Ano Kouao pointe du doigt le changement climatique - Amanien| L&#039;actualit\u00e9 Ivoirienne et Internationale","og_description":"Le pr\u00e9sident de la f\u00e9d\u00e9ration des Tradipraticiens de sant\u00e9 et naturoth\u00e9rapeutes de C\u00f4te d&rsquo;Ivoire Daniel Ano Kouao, a anim\u00e9 une conf\u00e9rence de presse le mercredi 19 janvier \u00e0 son cabinet situ\u00e9 en face de l&rsquo; immeuble Bad au plateau. Le th\u00e8me \u00e9tait \u00a0\u00bb Les pathologies li\u00e9es au changement climatique\u00a0\u00bb. Selon lui, la plan\u00e8te toute enti\u00e8re [&hellip;]","og_url":"https:\/\/www.amanien.info\/news\/federation-des-tradipraticiens-ano-kouao-pointe-du-doigt-le-changement-climatique\/","og_site_name":"Amanien| L&#039;actualit\u00e9 Ivoirienne et Internationale","article_published_time":"2022-01-20T10:28:39+00:00","article_modified_time":"2022-01-20T10:29:09+00:00","og_image":[{"width":1080,"height":608,"url":"https:\/\/www.amanien.info\/news\/wp-content\/uploads\/2022\/01\/thumbnail-14.jpg","type":"image\/jpeg"}],"author":"Germain Ndri","twitter_card":"summary_large_image","twitter_misc":{"\u00c9crit par":"Germain Ndri","Dur\u00e9e de lecture estim\u00e9e":"2 minutes"},"schema":{"@context":"https:\/\/schema.org","@graph":[{"@type":"Article","@id":"https:\/\/www.amanien.info\/news\/federation-des-tradipraticiens-ano-kouao-pointe-du-doigt-le-changement-climatique\/#article","isPartOf":{"@id":"https:\/\/www.amanien.info\/news\/federation-des-tradipraticiens-ano-kouao-pointe-du-doigt-le-changement-climatique\/"},"author":{"name":"Germain Ndri","@id":"https:\/\/www.amanien.info\/news\/#\/schema\/person\/b21093345753a1a98242d505bd894f42"},"headline":"F\u00e9d\u00e9ration des Tradipraticiens: Ano Kouao pointe du doigt le changement climatique","datePublished":"2022-01-20T10:28:39+00:00","dateModified":"2022-01-20T10:29:09+00:00","mainEntityOfPage":{"@id":"https:\/\/www.amanien.info\/news\/federation-des-tradipraticiens-ano-kouao-pointe-du-doigt-le-changement-climatique\/"},"wordCount":401,"image":{"@id":"https:\/\/www.amanien.info\/news\/federation-des-tradipraticiens-ano-kouao-pointe-du-doigt-le-changement-climatique\/#primaryimage"},"thumbnailUrl":"https:\/\/www.amanien.info\/news\/wp-content\/uploads\/2022\/01\/thumbnail-14.jpg","inLanguage":"fr-FR"},{"@type":"WebPage","@id":"https:\/\/www.amanien.info\/news\/federation-des-tradipraticiens-ano-kouao-pointe-du-doigt-le-changement-climatique\/","url":"https:\/\/www.amanien.info\/news\/federation-des-tradipraticiens-ano-kouao-pointe-du-doigt-le-changement-climatique\/","name":"F\u00e9d\u00e9ration des Tradipraticiens: Ano Kouao pointe du doigt le changement climatique - Amanien| L&#039;actualit\u00e9 Ivoirienne et Internationale","isPartOf":{"@id":"https:\/\/www.amanien.info\/news\/#website"},"primaryImageOfPage":{"@id":"https:\/\/www.amanien.info\/news\/federation-des-tradipraticiens-ano-kouao-pointe-du-doigt-le-changement-climatique\/#primaryimage"},"image":{"@id":"https:\/\/www.amanien.info\/news\/federation-des-tradipraticiens-ano-kouao-pointe-du-doigt-le-changement-climatique\/#primaryimage"},"thumbnailUrl":"https:\/\/www.amanien.info\/news\/wp-content\/uploads\/2022\/01\/thumbnail-14.jpg","datePublished":"2022-01-20T10:28:39+00:00","dateModified":"2022-01-20T10:29:09+00:00","author":{"@id":"https:\/\/www.amanien.info\/news\/#\/schema\/person\/b21093345753a1a98242d505bd894f42"},"breadcrumb":{"@id":"https:\/\/www.amanien.info\/news\/federation-des-tradipraticiens-ano-kouao-pointe-du-doigt-le-changement-climatique\/#breadcrumb"},"inLanguage":"fr-FR","potentialAction":[{"@type":"ReadAction","target":["https:\/\/www.amanien.info\/news\/federation-des-tradipraticiens-ano-kouao-pointe-du-doigt-le-changement-climatique\/"]}]},{"@type":"ImageObject","inLanguage":"fr-FR","@id":"https:\/\/www.amanien.info\/news\/federation-des-tradipraticiens-ano-kouao-pointe-du-doigt-le-changement-climatique\/#primaryimage","url":"https:\/\/www.amanien.info\/news\/wp-content\/uploads\/2022\/01\/thumbnail-14.jpg","contentUrl":"https:\/\/www.amanien.info\/news\/wp-content\/uploads\/2022\/01\/thumbnail-14.jpg","width":1080,"height":608},{"@type":"BreadcrumbList","@id":"https:\/\/www.amanien.info\/news\/federation-des-tradipraticiens-ano-kouao-pointe-du-doigt-le-changement-climatique\/#breadcrumb","itemListElement":[{"@type":"ListItem","position":1,"name":"Accueil","item":"https:\/\/www.amanien.info\/news\/"},{"@type":"ListItem","position":2,"name":"F\u00e9d\u00e9ration des Tradipraticiens: Ano Kouao pointe du doigt le changement climatique"}]},{"@type":"WebSite","@id":"https:\/\/www.amanien.info\/news\/#website","url":"https:\/\/www.amanien.info\/news\/","name":"Amanien| L&#039;actualit\u00e9 Ivoirienne et Internationale","description":"L&#039;actualit\u00e9 Ivoirienne et Internationale","potentialAction":[{"@type":"SearchAction","target":{"@type":"EntryPoint","urlTemplate":"https:\/\/www.amanien.info\/news\/?s={search_term_string}"},"query-input":{"@type":"PropertyValueSpecification","valueRequired":true,"valueName":"search_term_string"}}],"inLanguage":"fr-FR"},{"@type":"Person","@id":"https:\/\/www.amanien.info\/news\/#\/schema\/person\/b21093345753a1a98242d505bd894f42","name":"Germain Ndri","url":"https:\/\/www.amanien.info\/news\/author\/amanien-infos\/"}]}},"_links":{"self":[{"href":"https:\/\/www.amanien.info\/news\/wp-json\/wp\/v2\/posts\/3297","targetHints":{"allow":["GET"]}}],"collection":[{"href":"https:\/\/www.amanien.info\/news\/wp-json\/wp\/v2\/posts"}],"about":[{"href":"https:\/\/www.amanien.info\/news\/wp-json\/wp\/v2\/types\/post"}],"author":[{"embeddable":true,"href":"https:\/\/www.amanien.info\/news\/wp-json\/wp\/v2\/users\/2"}],"replies":[{"embeddable":true,"href":"https:\/\/www.amanien.info\/news\/wp-json\/wp\/v2\/comments?post=3297"}],"version-history":[{"count":1,"href":"https:\/\/www.amanien.info\/news\/wp-json\/wp\/v2\/posts\/3297\/revisions"}],"predecessor-version":[{"id":3299,"href":"https:\/\/www.amanien.info\/news\/wp-json\/wp\/v2\/posts\/3297\/revisions\/3299"}],"wp:featuredmedia":[{"embeddable":true,"href":"https:\/\/www.amanien.info\/news\/wp-json\/wp\/v2\/media\/3298"}],"wp:attachment":[{"href":"https:\/\/www.amanien.info\/news\/wp-json\/wp\/v2\/media?parent=3297"}],"wp:term":[{"taxonomy":"category","embeddable":true,"href":"https:\/\/www.amanien.info\/news\/wp-json\/wp\/v2\/categories?post=3297"},{"taxonomy":"post_tag","embeddable":true,"href":"https:\/\/www.amanien.info\/news\/wp-json\/wp\/v2\/tags?post=3297"}],"curies":[{"name":"wp","href":"https:\/\/api.w.org\/{rel}","templated":true}]}}