{"id":3238,"date":"2022-01-06T06:38:46","date_gmt":"2022-01-06T06:38:46","guid":{"rendered":"https:\/\/www.https:\/\/zozo.buyee.jp\/\/news\/?p=3238"},"modified":"2022-01-06T06:39:12","modified_gmt":"2022-01-06T06:39:12","slug":"discours-a-la-nation-du-chef-l-etat-alassane-ouattara-a-l-occasion-du-nouvel-an","status":"publish","type":"post","link":"https:\/\/www.amanien.info\/news\/discours-a-la-nation-du-chef-l-etat-alassane-ouattara-a-l-occasion-du-nouvel-an\/","title":{"rendered":"Discours \u00e0 la Nation du chef l&rsquo; \u00c9tat Alassane Ouattara \u00e0 l&rsquo; occasion du nouvel an"},"content":{"rendered":"<p>Ivoiriennes, Ivoiriens,<\/p>\n<p>Mes chers compatriotes,<\/p>\n<p>Chers amis de la C\u00f4te d\u2019Ivoire,<\/p>\n<p>Je suis tr\u00e8s heureux de vous retrouver, en cette fin d&rsquo;ann\u00e9e 2021, \u00e0 l\u2019occasion du traditionnel message \u00e0 la Nation.<\/p>\n<p>Depuis que vous m\u2019avez accord\u00e9 votre confiance, nous connaissons, ensemble, ann\u00e9e apr\u00e8s ann\u00e9e, des avanc\u00e9es importantes et des progr\u00e8s ind\u00e9niables dans notre pays.<\/p>\n<p>Le creuset de tous ces progr\u00e8s, c\u2019est la paix. Cette paix que nous a l\u00e9gu\u00e9e le P\u00e8re de la Nation, le Pr\u00e9sident F\u00e9lix Houphou\u00ebt-Boigny et que nous devons ch\u00e9rir comme notre bien le plus pr\u00e9cieux. Cette paix, nous l\u2019avons retrouv\u00e9e, avec bonheur, gr\u00e2ce aux efforts de<\/p>\n<p>chacune et de chacun de vous ainsi que de toutes les forces vives<\/p>\n<p>de la Nation.<\/p>\n<p>La paix et la stabilit\u00e9 ont \u00e9t\u00e9 consolid\u00e9es au cours de cette ann\u00e9e 2021 avec la tenue des premi\u00e8res \u00e9lections l\u00e9gislatives inclusives, dans notre pays, depuis une vingtaine d\u2019ann\u00e9es. Je f\u00e9licite les partis<\/p>\n<p>politiques pour leur participation \u00e0 ces \u00e9lections qui ont abouti \u00e0 la mise en place d\u2019une Assembl\u00e9e Nationale plurielle, avec l\u2019ensemble<\/p>\n<p>de l\u2019opposition significative.<\/p>\n<p>Je voudrais r\u00e9affirmer mon attachement au dialogue constructif qui contribue \u00e0 l\u2019apaisement du climat social.<\/p>\n<p>Nous continuerons, avec le Gouvernement, \u00e0 rassembler toutes les filles et tous les fils de notre beau pays. Vous pouvez me faire confiance !<\/p>\n<p>&nbsp;<\/p>\n<p>Mes chers compatriotes,<\/p>\n<p>&nbsp;<\/p>\n<p>Sur le plan s\u00e9curitaire, je voudrais vous rassurer \u00e0 nouveau. Nos Forces de D\u00e9fense et de S\u00e9curit\u00e9 sont mobilis\u00e9es pour contrer<\/p>\n<p>toutes les vell\u00e9it\u00e9s, en particulier au moment o\u00f9 le terrorisme constitue une menace \u00e0 nos fronti\u00e8res, et dans la sous-r\u00e9gion.<\/p>\n<p>&nbsp;<\/p>\n<p>Je f\u00e9licite nos forces de l&rsquo;ordre pour leur courage et leur engagement. Je m\u2019incline devant la m\u00e9moire de nos valeureux<\/p>\n<p>soldats qui ont malheureusement perdu la vie et je r\u00e9it\u00e8re ma compassion \u00e0 leurs familles et \u00e0 leurs proches.<\/p>\n<p>Nous continuerons de renforcer nos capacit\u00e9s de d\u00e9fense et de s\u00e9curit\u00e9, ainsi que les investissements dans les infrastructures socio-\u00e9conomiques dans les zones concern\u00e9es, afin de lutter contre<\/p>\n<p>le terrorisme et toutes les autres formes de menaces, y compris l\u2019orpaillage clandestin.<\/p>\n<p>&nbsp;<\/p>\n<p>Mes chers compatriotes,<\/p>\n<p>&nbsp;<\/p>\n<p>L&rsquo;ann\u00e9e 2021 a \u00e9t\u00e9 aussi la premi\u00e8re ann\u00e9e de la mise en \u0153uvre de notre projet \u00ab Une C\u00f4te d&rsquo;Ivoire Solidaire \u00bb. Le projet \u00ab Une C\u00f4te d\u2019Ivoire Solidaire \u00bb vise \u00e0 consolider nos acquis des dix derni\u00e8res ann\u00e9es et \u00e0 acc\u00e9l\u00e9rer le processus de transformation<\/p>\n<p>structurelle de notre \u00e9conomie.<\/p>\n<p>En effet, pendant ces ann\u00e9es, nous avons mis en \u0153uvre des r\u00e9formes importantes, tout en proc\u00e9dant \u00e0 des investissements massifs pour la r\u00e9habilitation et l\u2019extension de nos infrastructures \u00e9conomiques et sociales, afin d\u2019offrir de meilleures conditions de<\/p>\n<p>vie \u00e0 nos concitoyens.<\/p>\n<p>Nous continuerons d\u2019investir dans les infrastructures pour am\u00e9liorer la fluidit\u00e9 du trafic dans le Grand Abidjan, d\u00e9senclaver les zones rurales, relier toutes les capitales r\u00e9gionales, et rendre<\/p>\n<p>accessibles tous les Chefs-lieux de d\u00e9partement de notre pays, par des voies bitum\u00e9es.<\/p>\n<p>&nbsp;<\/p>\n<p>Je me r\u00e9jouis que les projets structurants, tels que le 4e pont Yopougon-Plateau, le Pont de Cocody et l\u2019\u00e9changeur de l\u2019Ind\u00e9ni\u00e9 seront achev\u00e9s en fin d\u2019ann\u00e9e 2022.<\/p>\n<p>Au cours de l\u2019ann\u00e9e 2022, nous poursuivrons l\u2019extension de l&rsquo;autoroute du Nord jusqu&rsquo;\u00e0 Bouak\u00e9, la r\u00e9habilitation de la c\u00f4ti\u00e8re Abidjan-San Pedro, ainsi que les travaux pour le lancement de la construction de huit nouveaux \u00e9changeurs \u00e0 Abidjan.<\/p>\n<p>&nbsp;<\/p>\n<p>Au niveau du secteur de l&rsquo;\u00e9nergie, les difficult\u00e9s que nous avons connues au premier semestre de l\u2019ann\u00e9e 2021 sont derri\u00e8re nous.<\/p>\n<p>Notre objectif est d\u2019\u00e9lectrifier toutes les localit\u00e9s du pays avant la fin 2025. En outre, je voudrais souligner qu\u2019environ 205 000 m\u00e9nages ont b\u00e9n\u00e9fici\u00e9, cette ann\u00e9e, du \u00ab Programme \u00c9lectricit\u00e9<\/p>\n<p>Pour tous \u00bb portant ainsi le nombre total de b\u00e9n\u00e9ficiaires \u00e0 environ 1 230 000 m\u00e9nages.<\/p>\n<p>&nbsp;<\/p>\n<p>Au cours de cette ann\u00e9e 2021, nous avons fait une importante d\u00e9couverte de p\u00e9trole et de gaz. Ainsi, le gisement \u00ab Baleine \u00bb, qui entrera en production, d\u00e8s 2023, permettra d\u2019augmenter notre<\/p>\n<p>production de p\u00e9trole et de gaz, et de fournir une quantit\u00e9 ad\u00e9quate de gaz au secteur de l\u2019\u00e9lectricit\u00e9.<\/p>\n<p>Cette importante d\u00e9couverte augure de belles perspectives pour notre pays en termes de ressources pour le financement des projets de d\u00e9veloppement, de formation de nos jeunes, de cr\u00e9ation d\u2019emplois, et d\u2019opportunit\u00e9s pour nos PME. Ce sera aussi le premier gisement z\u00e9ro \u00e9mission nette en Afrique.<\/p>\n<p>En mati\u00e8re d\u2019eau potable, nous avons permis l\u2019acc\u00e8s \u00e0 l\u2019eau potable \u00e0 des millions d\u2019Ivoiriens. Aujourd\u2019hui, plus de 80% des Ivoiriens<\/p>\n<p>vivant dans nos villes et plus de 70% vivant en zones rurales ont acc\u00e8s \u00e0 l\u2019eau potable.<\/p>\n<p>Nous poursuivrons le renforcement de la desserte nationale en eau potable afin de faire face \u00e0 l&rsquo;urbanisation rapide de nos villes, mais aussi d\u2019am\u00e9liorer la qualit\u00e9 de vie dans nos villages.<\/p>\n<p>&nbsp;<\/p>\n<p>Mes chers compatriotes,<\/p>\n<p>Chers fr\u00e8res, ch\u00e8res s\u0153urs,<\/p>\n<p>Dans le secteur de l\u2019\u00e9ducation, les r\u00e9centes r\u00e9formes adopt\u00e9es \u00e0 la rentr\u00e9e scolaire, ainsi que les \u00c9tats G\u00e9n\u00e9raux de l\u2019\u00c9ducation et de l\u2019Alphab\u00e9tisation dont les recommandations seront bient\u00f4t<\/p>\n<p>disponibles, contribueront \u00e0 am\u00e9liorer le contenu et les m\u00e9thodes d\u2019enseignement de notre syst\u00e8me \u00e9ducatif.<\/p>\n<p>&nbsp;<\/p>\n<p>Par ailleurs, les travaux de r\u00e9habilitation des Lyc\u00e9es Techniques d\u2019Abidjan et de Yopougon, du Lyc\u00e9e Professionnel commercial de Yopougon, et du Centre de Bureautique, de Communication et de Gestion (CBCG) de Cocody devraient s\u2019achever en 2022 afin d\u2019am\u00e9liorer l\u2019employabilit\u00e9 de nos enfants.<\/p>\n<p>Au niveau de l\u2019enseignement sup\u00e9rieur, l\u2019Universit\u00e9 de San Pedro a effectu\u00e9 sa premi\u00e8re rentr\u00e9e acad\u00e9mique, en octobre 2021, et l\u2019Universit\u00e9 de Bondoukou ouvrira ses portes en octobre 2022.<\/p>\n<p>Par ailleurs, afin d\u2019offrir un cadre de formation ad\u00e9quat \u00e0 nos jeunes, nous avons lanc\u00e9 un programme de construction et de r\u00e9habilitation de plusieurs cit\u00e9s et restaurants universitaires. Ainsi, nous avons, en 2021, ouvert les cit\u00e9s universitaires de Williamsville, Port-Bou\u00ebt 1 et 2, et de Korhogo, de m\u00eame que les restaurants universitaires de Daloa et Korhogo. Ce programme se poursuivra, en 2022, avec l\u2019ouverture des cit\u00e9s universitaires d\u2019Abobo 1 et 2, de Port-Bou\u00ebt 3, de Vridi, ainsi que de nouveaux restaurants universitaires \u00e0 Cocody et Abobo-Adjam\u00e9.<\/p>\n<p>Au niveau de la sant\u00e9, le Gouvernement a mis en \u0153uvre une importante r\u00e9forme hospitali\u00e8re en vue d\u2019optimiser l\u2019accessibilit\u00e9 \u00e0 des soins de meilleure qualit\u00e9.<\/p>\n<p>Dans ce cadre, la r\u00e9habilitation et la construction de plusieurs infrastructures ont \u00e9t\u00e9 achev\u00e9es cette ann\u00e9e sur l\u2019ensemble du territoire national. Il s\u2019agit, notamment, du nouveau CHR d\u2019Aboisso, du Service de Gyn\u00e9cologie Obst\u00e9trique du CHU de Treichville, de la phase 1 de l\u2019H\u00f4pital G\u00e9n\u00e9ral d\u2019Adjam\u00e9, et du CHR de Daloa.<\/p>\n<p>Ce vaste programme se poursuivra avec l\u2019objectif de rapprocher chaque Ivoirien, o\u00f9 qu&rsquo;il se trouve sur le territoire national, d&rsquo;un centre de sant\u00e9 bien \u00e9quip\u00e9, et de consolider la mise en \u0153uvre de la Couverture Maladie Universelle (CMU).<\/p>\n<p>En ce qui concerne la lutte contre la COVID-19, notre plan de riposte \u00e9conomique et sanitaire, combin\u00e9 \u00e0 la r\u00e9silience de notre \u00e9conomie, a permis de contenir les effets de la pand\u00e9mie avec un taux de croissance \u00e9conomique positif d\u2019environ 2% en 2020 et 6,5% en 2021. Cette dynamique se poursuivra en 2022 avec un taux de croissance projet\u00e9 \u00e0 environ 7%.<\/p>\n<p>Je profite de l\u2019occasion pour saluer les efforts du Premier Ministre Patrick Achi et du Gouvernement. Je f\u00e9licite l\u2019ensemble des acteurs impliqu\u00e9s dans la lutte contre cette pand\u00e9mie.<\/p>\n<p>\u00c0 la date d\u2019aujourd\u2019hui, pr\u00e8s de 15 000 000 de doses de vaccins ont \u00e9t\u00e9 re\u00e7ues et plus de 7 millions de doses ont \u00e9t\u00e9 administr\u00e9es dans notre pays.<\/p>\n<p>Toutefois, la COVID-19 est toujours pr\u00e9sente avec l\u2019apparition de nouveaux variants dans le monde et la recrudescence de cas positifs en C\u00f4te d\u2019Ivoire. Par ailleurs, la quasi-totalit\u00e9 des d\u00e9c\u00e8s, dans notre pays, concernent les personnes non vaccin\u00e9es. J\u2019invite donc, \u00e0 nouveau, tous nos concitoyens \u00e0 se faire d\u00e9pister, vacciner et \u00e0 respecter les mesures barri\u00e8res.<\/p>\n<p>&nbsp;<\/p>\n<p>Ivoiriennes, Ivoiriens,<\/p>\n<p>Mes chers compatriotes,<\/p>\n<p>Chers fr\u00e8res, ch\u00e8res s\u0153urs,<\/p>\n<p>Pour consolider toutes ces avanc\u00e9es, nous avons encore d\u2019importants d\u00e9fis \u00e0 relever. Ainsi, pour l\u2019ann\u00e9e 2022, nous ciblerons nos actions sur trois priorit\u00e9s.<\/p>\n<p>Premi\u00e8rement, la transformation de notre \u00e9conomie. Nous devons aller encore plus loin, et plus vite, dans la transformation de notre pays, et l&rsquo;am\u00e9lioration des conditions de vie de chacun de ses habitants.<\/p>\n<p>C&rsquo;est pourquoi, nous allons amplifier la modernisation de notre agriculture pour augmenter ses rendements et les revenus de nos producteurs, r\u00e9duire le co\u00fbt de la vie et acc\u00e9l\u00e9rer l\u2019industrialisation de notre pays par la transformation locale de nos mati\u00e8res premi\u00e8res ainsi que l\u2019acc\u00e8s des populations \u00e0 l\u2019\u00e9ducation, \u00e0 la sant\u00e9 et \u00e0 un logement d\u00e9cent, \u00e0 un co\u00fbt abordable.<\/p>\n<p>&nbsp;<\/p>\n<p>Dans ce cadre, j\u2019ai instruit le Gouvernement \u00e0 l\u2019effet de lancer, d\u00e8s le mois de janvier, un deuxi\u00e8me Programme Social du Gouvernement en vue d\u2019intensifier et de poursuivre nos actions de r\u00e9duction de la pauvret\u00e9.<\/p>\n<p>Le PSGouv 2022-2024, d\u2019un montant de 3 182,4 milliards de F CFA, vise \u00e0 acc\u00e9l\u00e9rer le rythme de r\u00e9duction de la pauvret\u00e9 et des in\u00e9galit\u00e9s sociales, \u00e0 apporter des solutions durables \u00e0 la probl\u00e9matique de la fragilit\u00e9 dans les zones frontali\u00e8res au Nord et \u00e0 am\u00e9liorer les conditions de vie des populations, notamment les plus d\u00e9favoris\u00e9es.<\/p>\n<p>Notre seconde priorit\u00e9 pour cette ann\u00e9e 2022 est l\u2019emploi des jeunes et des femmes. Un accent particulier sera mis sur l\u2019emploi de nos filles et de nos fils.<\/p>\n<p>Pour ce faire, le secteur priv\u00e9 fera l\u2019objet d\u2019une attention particuli\u00e8re et nous allons intensifier son d\u00e9veloppement par la promotion et l\u2019\u00e9mergence de champions nationaux.<\/p>\n<p>Nous mettrons en place un programme pour accompagner et promouvoir le financement de nos PME, de nos startups et de nos jeunes entrepreneurs. Nous travaillerons avec le secteur priv\u00e9 pour r\u00e9duire les d\u00e9lais de paiements aux entreprises.<\/p>\n<p>Nous poursuivrons, comme nous l\u2019avons fait dans le secteur p\u00e9trolier et gazier, la promotion du contenu local, afin de faire \u00e9merger des champions nationaux dans les domaines cl\u00e9s de notre \u00e9conomie.<\/p>\n<p>Nous mettrons aussi en \u0153uvre l\u2019\u00e9cole de la deuxi\u00e8me chance afin de reconvertir certains dipl\u00f4m\u00e9s sans emploi, d\u2019accompagner les jeunes sans dipl\u00f4me ou qualification dans des m\u00e9tiers \u00e0 vis\u00e9e d\u2019insertion rapide, ainsi que dans leurs projets d&rsquo;insertion professionnelle et sociale.<\/p>\n<p>Parall\u00e8lement, nous renforcerons le d\u00e9veloppement des centres de service civique dans l\u2019ensemble du pays, pour toujours mieux transmettre \u00e0 notre jeunesse les valeurs de civisme, de travail et de leadership.<\/p>\n<p>&nbsp;<\/p>\n<p>Enfin, nous soutiendrons davantage l\u2019autonomisation de nos s\u0153urs et de nos filles, gr\u00e2ce au Fonds d\u2019Appui aux Femmes de C\u00f4te d\u2019Ivoire (FAFCI), initi\u00e9 et mis en \u0153uvre par la Premi\u00e8re Dame. Dot\u00e9 d\u2019un capital de 25 milliards de francs CFA, le FAFCI a d\u00e9j\u00e0 permis \u00e0 pr\u00e8s de 300 000 femmes de mener des activit\u00e9s g\u00e9n\u00e9ratrices de revenus et \u00e0 plus d\u2019un million de personnes de sortir de la vuln\u00e9rabilit\u00e9.<\/p>\n<p>Notre troisi\u00e8me priorit\u00e9 pour 2022 est la bonne gouvernance et la lutte contre la corruption.<\/p>\n<p>Apr\u00e8s les importants progr\u00e8s r\u00e9alis\u00e9s dans tous les domaines de la vie socio-\u00e9conomique de notre pays depuis 2011, nous devons promouvoir davantage la culture de la bonne gouvernance et la transparence dans la gestion des affaires publiques, pour le bien-\u00eatre de nos populations.<\/p>\n<p>A ce sujet, les actions entam\u00e9es en 2021 ont produit des r\u00e9sultats probants, et nous allons les poursuivre.<\/p>\n<p>Nous devons b\u00e2tir une conscience nationale impr\u00e9gn\u00e9e des valeurs d\u2019int\u00e9grit\u00e9, d\u2019\u00e9quit\u00e9, et d&rsquo;un sens \u00e9lev\u00e9 de la responsabilit\u00e9 dans la conduite des affaires publiques.<\/p>\n<p>C\u2019est dans ce cadre que j\u2019ai d\u00e9cid\u00e9 d\u2019instaurer \u00e0 partir de 2022, un prix portant sur la bonne gouvernance et la lutte contre la corruption.<\/p>\n<p>Ce prix favorisera l\u2019\u00e9closion de cette conscience nationale qui pr\u00f4ne le respect des deniers publics, la recherche de l\u2019excellence, et qui place l&rsquo;int\u00e9r\u00eat de la Nation au-dessus de tout.<\/p>\n<p>Cela doit se traduire par un v\u00e9ritable changement de mentalit\u00e9 et de comportement.<\/p>\n<p>&nbsp;<\/p>\n<p>Mes chers compatriotes,<\/p>\n<p>En cette fin d\u2019ann\u00e9e 2021, j\u2019ai proc\u00e9d\u00e9 \u00e0 la signature d\u2019un d\u00e9cret de remise gracieuse de peine au b\u00e9n\u00e9fice de pr\u00e8s de 2500 d\u00e9tenus qui recouvreront la libert\u00e9.<\/p>\n<p>&nbsp;<\/p>\n<p>Bien \u00e9videmment, cette mesure ne concerne pas les personnes condamn\u00e9es pour crime de sang.<\/p>\n<p>&nbsp;<\/p>\n<p>Mes chers compatriotes,<\/p>\n<p>Chers fr\u00e8res, ch\u00e8res s\u0153urs,<\/p>\n<p>Je crois en la capacit\u00e9 de chaque Ivoirienne et de chaque Ivoirien \u00e0 se r\u00e9approprier les valeurs de notre R\u00e9publique que sont l\u2019Union, la Discipline et le Travail.<\/p>\n<p>Je crois en notre optimisme. Cet optimisme qui nous aide \u00e0 pers\u00e9v\u00e9rer, malgr\u00e9 les difficult\u00e9s, et \u00e0 nous projeter dans des lendemains meilleurs.<\/p>\n<p>Je crois en notre volont\u00e9 de nous unir et de pr\u00e9server les acquis consid\u00e9rables d\u2019une d\u00e9cennie de paix, de s\u00e9curit\u00e9 et de concorde.<\/p>\n<p>Cette Union sera notre plus grande r\u00e9ussite pour la stabilit\u00e9 et le d\u00e9veloppement de notre beau pays ainsi que pour le rayonnement de la C\u00f4te d\u2019Ivoire en Afrique et dans le monde.<\/p>\n<p>C\u2019est sur cette note d\u2019espoir que je souhaite \u00e0 toutes et \u00e0 tous une tr\u00e8s bonne et heureuse ann\u00e9e 2022.<\/p>\n<p>&nbsp;<\/p>\n<p>Vive la R\u00e9publique,<\/p>\n<p>Vive la C\u00f4te d\u2019Ivoire.<\/p>\n<p>Que Dieu b\u00e9nisse notre ch\u00e8re C\u00f4te d\u2019Ivoire !<\/p>\n<p>Je vous remercie<\/p>\n","protected":false},"excerpt":{"rendered":"<p>Ivoiriennes, Ivoiriens, Mes chers compatriotes, Chers amis de la C\u00f4te d\u2019Ivoire, Je suis tr\u00e8s heureux de vous retrouver, en cette fin d&rsquo;ann\u00e9e 2021, \u00e0 l\u2019occasion du traditionnel message \u00e0 la Nation. Depuis que vous m\u2019avez accord\u00e9 votre confiance, nous connaissons, ensemble, ann\u00e9e apr\u00e8s ann\u00e9e, des avanc\u00e9es importantes et des progr\u00e8s ind\u00e9niables dans notre pays. Le [&hellip;]<\/p>\n","protected":false},"author":2,"featured_media":3239,"comment_status":"closed","ping_status":"closed","sticky":true,"template":"","format":"standard","meta":{"_acf_changed":false,"footnotes":""},"categories":[],"tags":[],"class_list":["post-3238","post","type-post","status-publish","format-standard","has-post-thumbnail","hentry"],"acf":[],"yoast_head":"<!-- This site is optimized with the Yoast SEO plugin v27.5 - https:\/\/yoast.com\/product\/yoast-seo-wordpress\/ -->\n<title>Discours \u00e0 la Nation du chef l&#039; \u00c9tat Alassane Ouattara \u00e0 l&#039; occasion du nouvel an - Amanien| L&#039;actualit\u00e9 Ivoirienne et Internationale<\/title>\n<meta name=\"robots\" content=\"index, follow, max-snippet:-1, max-image-preview:large, max-video-preview:-1\" \/>\n<link rel=\"canonical\" href=\"https:\/\/www.amanien.info\/news\/discours-a-la-nation-du-chef-l-etat-alassane-ouattara-a-l-occasion-du-nouvel-an\/\" \/>\n<meta property=\"og:locale\" content=\"fr_FR\" \/>\n<meta property=\"og:type\" content=\"article\" \/>\n<meta property=\"og:title\" content=\"Discours \u00e0 la Nation du chef l&#039; \u00c9tat Alassane Ouattara \u00e0 l&#039; occasion du nouvel an - Amanien| L&#039;actualit\u00e9 Ivoirienne et Internationale\" \/>\n<meta property=\"og:description\" content=\"Ivoiriennes, Ivoiriens, Mes chers compatriotes, Chers amis de la C\u00f4te d\u2019Ivoire, Je suis tr\u00e8s heureux de vous retrouver, en cette fin d&rsquo;ann\u00e9e 2021, \u00e0 l\u2019occasion du traditionnel message \u00e0 la Nation. Depuis que vous m\u2019avez accord\u00e9 votre confiance, nous connaissons, ensemble, ann\u00e9e apr\u00e8s ann\u00e9e, des avanc\u00e9es importantes et des progr\u00e8s ind\u00e9niables dans notre pays. Le [&hellip;]\" \/>\n<meta property=\"og:url\" content=\"https:\/\/www.amanien.info\/news\/discours-a-la-nation-du-chef-l-etat-alassane-ouattara-a-l-occasion-du-nouvel-an\/\" \/>\n<meta property=\"og:site_name\" content=\"Amanien| L&#039;actualit\u00e9 Ivoirienne et Internationale\" \/>\n<meta property=\"article:published_time\" content=\"2022-01-06T06:38:46+00:00\" \/>\n<meta property=\"article:modified_time\" content=\"2022-01-06T06:39:12+00:00\" \/>\n<meta property=\"og:image\" content=\"https:\/\/www.amanien.info\/news\/wp-content\/uploads\/2022\/01\/thumbnail.png\" \/>\n\t<meta property=\"og:image:width\" content=\"720\" \/>\n\t<meta property=\"og:image:height\" content=\"480\" \/>\n\t<meta property=\"og:image:type\" content=\"image\/png\" \/>\n<meta name=\"author\" content=\"Germain Ndri\" \/>\n<meta name=\"twitter:card\" content=\"summary_large_image\" \/>\n<meta name=\"twitter:label1\" content=\"\u00c9crit par\" \/>\n\t<meta name=\"twitter:data1\" content=\"Germain Ndri\" \/>\n\t<meta name=\"twitter:label2\" content=\"Dur\u00e9e de lecture estim\u00e9e\" \/>\n\t<meta name=\"twitter:data2\" content=\"11 minutes\" \/>\n<script type=\"application\/ld+json\" class=\"yoast-schema-graph\">{\"@context\":\"https:\\\/\\\/schema.org\",\"@graph\":[{\"@type\":\"Article\",\"@id\":\"https:\\\/\\\/www.amanien.info\\\/news\\\/discours-a-la-nation-du-chef-l-etat-alassane-ouattara-a-l-occasion-du-nouvel-an\\\/#article\",\"isPartOf\":{\"@id\":\"https:\\\/\\\/www.amanien.info\\\/news\\\/discours-a-la-nation-du-chef-l-etat-alassane-ouattara-a-l-occasion-du-nouvel-an\\\/\"},\"author\":{\"name\":\"Germain Ndri\",\"@id\":\"https:\\\/\\\/www.amanien.info\\\/news\\\/#\\\/schema\\\/person\\\/b21093345753a1a98242d505bd894f42\"},\"headline\":\"Discours \u00e0 la Nation du chef l&rsquo; \u00c9tat Alassane Ouattara \u00e0 l&rsquo; occasion du nouvel an\",\"datePublished\":\"2022-01-06T06:38:46+00:00\",\"dateModified\":\"2022-01-06T06:39:12+00:00\",\"mainEntityOfPage\":{\"@id\":\"https:\\\/\\\/www.amanien.info\\\/news\\\/discours-a-la-nation-du-chef-l-etat-alassane-ouattara-a-l-occasion-du-nouvel-an\\\/\"},\"wordCount\":2388,\"image\":{\"@id\":\"https:\\\/\\\/www.amanien.info\\\/news\\\/discours-a-la-nation-du-chef-l-etat-alassane-ouattara-a-l-occasion-du-nouvel-an\\\/#primaryimage\"},\"thumbnailUrl\":\"https:\\\/\\\/www.amanien.info\\\/news\\\/wp-content\\\/uploads\\\/2022\\\/01\\\/thumbnail.png\",\"inLanguage\":\"fr-FR\"},{\"@type\":\"WebPage\",\"@id\":\"https:\\\/\\\/www.amanien.info\\\/news\\\/discours-a-la-nation-du-chef-l-etat-alassane-ouattara-a-l-occasion-du-nouvel-an\\\/\",\"url\":\"https:\\\/\\\/www.amanien.info\\\/news\\\/discours-a-la-nation-du-chef-l-etat-alassane-ouattara-a-l-occasion-du-nouvel-an\\\/\",\"name\":\"Discours \u00e0 la Nation du chef l' \u00c9tat Alassane Ouattara \u00e0 l' occasion du nouvel an - Amanien| L&#039;actualit\u00e9 Ivoirienne et Internationale\",\"isPartOf\":{\"@id\":\"https:\\\/\\\/www.amanien.info\\\/news\\\/#website\"},\"primaryImageOfPage\":{\"@id\":\"https:\\\/\\\/www.amanien.info\\\/news\\\/discours-a-la-nation-du-chef-l-etat-alassane-ouattara-a-l-occasion-du-nouvel-an\\\/#primaryimage\"},\"image\":{\"@id\":\"https:\\\/\\\/www.amanien.info\\\/news\\\/discours-a-la-nation-du-chef-l-etat-alassane-ouattara-a-l-occasion-du-nouvel-an\\\/#primaryimage\"},\"thumbnailUrl\":\"https:\\\/\\\/www.amanien.info\\\/news\\\/wp-content\\\/uploads\\\/2022\\\/01\\\/thumbnail.png\",\"datePublished\":\"2022-01-06T06:38:46+00:00\",\"dateModified\":\"2022-01-06T06:39:12+00:00\",\"author\":{\"@id\":\"https:\\\/\\\/www.amanien.info\\\/news\\\/#\\\/schema\\\/person\\\/b21093345753a1a98242d505bd894f42\"},\"breadcrumb\":{\"@id\":\"https:\\\/\\\/www.amanien.info\\\/news\\\/discours-a-la-nation-du-chef-l-etat-alassane-ouattara-a-l-occasion-du-nouvel-an\\\/#breadcrumb\"},\"inLanguage\":\"fr-FR\",\"potentialAction\":[{\"@type\":\"ReadAction\",\"target\":[\"https:\\\/\\\/www.amanien.info\\\/news\\\/discours-a-la-nation-du-chef-l-etat-alassane-ouattara-a-l-occasion-du-nouvel-an\\\/\"]}]},{\"@type\":\"ImageObject\",\"inLanguage\":\"fr-FR\",\"@id\":\"https:\\\/\\\/www.amanien.info\\\/news\\\/discours-a-la-nation-du-chef-l-etat-alassane-ouattara-a-l-occasion-du-nouvel-an\\\/#primaryimage\",\"url\":\"https:\\\/\\\/www.amanien.info\\\/news\\\/wp-content\\\/uploads\\\/2022\\\/01\\\/thumbnail.png\",\"contentUrl\":\"https:\\\/\\\/www.amanien.info\\\/news\\\/wp-content\\\/uploads\\\/2022\\\/01\\\/thumbnail.png\",\"width\":720,\"height\":480},{\"@type\":\"BreadcrumbList\",\"@id\":\"https:\\\/\\\/www.amanien.info\\\/news\\\/discours-a-la-nation-du-chef-l-etat-alassane-ouattara-a-l-occasion-du-nouvel-an\\\/#breadcrumb\",\"itemListElement\":[{\"@type\":\"ListItem\",\"position\":1,\"name\":\"Accueil\",\"item\":\"https:\\\/\\\/www.amanien.info\\\/news\\\/\"},{\"@type\":\"ListItem\",\"position\":2,\"name\":\"Discours \u00e0 la Nation du chef l&rsquo; \u00c9tat Alassane Ouattara \u00e0 l&rsquo; occasion du nouvel an\"}]},{\"@type\":\"WebSite\",\"@id\":\"https:\\\/\\\/www.amanien.info\\\/news\\\/#website\",\"url\":\"https:\\\/\\\/www.amanien.info\\\/news\\\/\",\"name\":\"Amanien| L&#039;actualit\u00e9 Ivoirienne et Internationale\",\"description\":\"L&#039;actualit\u00e9 Ivoirienne et Internationale\",\"potentialAction\":[{\"@type\":\"SearchAction\",\"target\":{\"@type\":\"EntryPoint\",\"urlTemplate\":\"https:\\\/\\\/www.amanien.info\\\/news\\\/?s={search_term_string}\"},\"query-input\":{\"@type\":\"PropertyValueSpecification\",\"valueRequired\":true,\"valueName\":\"search_term_string\"}}],\"inLanguage\":\"fr-FR\"},{\"@type\":\"Person\",\"@id\":\"https:\\\/\\\/www.amanien.info\\\/news\\\/#\\\/schema\\\/person\\\/b21093345753a1a98242d505bd894f42\",\"name\":\"Germain Ndri\",\"url\":\"https:\\\/\\\/www.amanien.info\\\/news\\\/author\\\/amanien-infos\\\/\"}]}<\/script>\n<!-- \/ Yoast SEO plugin. -->","yoast_head_json":{"title":"Discours \u00e0 la Nation du chef l' \u00c9tat Alassane Ouattara \u00e0 l' occasion du nouvel an - Amanien| L&#039;actualit\u00e9 Ivoirienne et Internationale","robots":{"index":"index","follow":"follow","max-snippet":"max-snippet:-1","max-image-preview":"max-image-preview:large","max-video-preview":"max-video-preview:-1"},"canonical":"https:\/\/www.amanien.info\/news\/discours-a-la-nation-du-chef-l-etat-alassane-ouattara-a-l-occasion-du-nouvel-an\/","og_locale":"fr_FR","og_type":"article","og_title":"Discours \u00e0 la Nation du chef l' \u00c9tat Alassane Ouattara \u00e0 l' occasion du nouvel an - Amanien| L&#039;actualit\u00e9 Ivoirienne et Internationale","og_description":"Ivoiriennes, Ivoiriens, Mes chers compatriotes, Chers amis de la C\u00f4te d\u2019Ivoire, Je suis tr\u00e8s heureux de vous retrouver, en cette fin d&rsquo;ann\u00e9e 2021, \u00e0 l\u2019occasion du traditionnel message \u00e0 la Nation. Depuis que vous m\u2019avez accord\u00e9 votre confiance, nous connaissons, ensemble, ann\u00e9e apr\u00e8s ann\u00e9e, des avanc\u00e9es importantes et des progr\u00e8s ind\u00e9niables dans notre pays. Le [&hellip;]","og_url":"https:\/\/www.amanien.info\/news\/discours-a-la-nation-du-chef-l-etat-alassane-ouattara-a-l-occasion-du-nouvel-an\/","og_site_name":"Amanien| L&#039;actualit\u00e9 Ivoirienne et Internationale","article_published_time":"2022-01-06T06:38:46+00:00","article_modified_time":"2022-01-06T06:39:12+00:00","og_image":[{"width":720,"height":480,"url":"https:\/\/www.amanien.info\/news\/wp-content\/uploads\/2022\/01\/thumbnail.png","type":"image\/png"}],"author":"Germain Ndri","twitter_card":"summary_large_image","twitter_misc":{"\u00c9crit par":"Germain Ndri","Dur\u00e9e de lecture estim\u00e9e":"11 minutes"},"schema":{"@context":"https:\/\/schema.org","@graph":[{"@type":"Article","@id":"https:\/\/www.amanien.info\/news\/discours-a-la-nation-du-chef-l-etat-alassane-ouattara-a-l-occasion-du-nouvel-an\/#article","isPartOf":{"@id":"https:\/\/www.amanien.info\/news\/discours-a-la-nation-du-chef-l-etat-alassane-ouattara-a-l-occasion-du-nouvel-an\/"},"author":{"name":"Germain Ndri","@id":"https:\/\/www.amanien.info\/news\/#\/schema\/person\/b21093345753a1a98242d505bd894f42"},"headline":"Discours \u00e0 la Nation du chef l&rsquo; \u00c9tat Alassane Ouattara \u00e0 l&rsquo; occasion du nouvel an","datePublished":"2022-01-06T06:38:46+00:00","dateModified":"2022-01-06T06:39:12+00:00","mainEntityOfPage":{"@id":"https:\/\/www.amanien.info\/news\/discours-a-la-nation-du-chef-l-etat-alassane-ouattara-a-l-occasion-du-nouvel-an\/"},"wordCount":2388,"image":{"@id":"https:\/\/www.amanien.info\/news\/discours-a-la-nation-du-chef-l-etat-alassane-ouattara-a-l-occasion-du-nouvel-an\/#primaryimage"},"thumbnailUrl":"https:\/\/www.amanien.info\/news\/wp-content\/uploads\/2022\/01\/thumbnail.png","inLanguage":"fr-FR"},{"@type":"WebPage","@id":"https:\/\/www.amanien.info\/news\/discours-a-la-nation-du-chef-l-etat-alassane-ouattara-a-l-occasion-du-nouvel-an\/","url":"https:\/\/www.amanien.info\/news\/discours-a-la-nation-du-chef-l-etat-alassane-ouattara-a-l-occasion-du-nouvel-an\/","name":"Discours \u00e0 la Nation du chef l' \u00c9tat Alassane Ouattara \u00e0 l' occasion du nouvel an - Amanien| L&#039;actualit\u00e9 Ivoirienne et Internationale","isPartOf":{"@id":"https:\/\/www.amanien.info\/news\/#website"},"primaryImageOfPage":{"@id":"https:\/\/www.amanien.info\/news\/discours-a-la-nation-du-chef-l-etat-alassane-ouattara-a-l-occasion-du-nouvel-an\/#primaryimage"},"image":{"@id":"https:\/\/www.amanien.info\/news\/discours-a-la-nation-du-chef-l-etat-alassane-ouattara-a-l-occasion-du-nouvel-an\/#primaryimage"},"thumbnailUrl":"https:\/\/www.amanien.info\/news\/wp-content\/uploads\/2022\/01\/thumbnail.png","datePublished":"2022-01-06T06:38:46+00:00","dateModified":"2022-01-06T06:39:12+00:00","author":{"@id":"https:\/\/www.amanien.info\/news\/#\/schema\/person\/b21093345753a1a98242d505bd894f42"},"breadcrumb":{"@id":"https:\/\/www.amanien.info\/news\/discours-a-la-nation-du-chef-l-etat-alassane-ouattara-a-l-occasion-du-nouvel-an\/#breadcrumb"},"inLanguage":"fr-FR","potentialAction":[{"@type":"ReadAction","target":["https:\/\/www.amanien.info\/news\/discours-a-la-nation-du-chef-l-etat-alassane-ouattara-a-l-occasion-du-nouvel-an\/"]}]},{"@type":"ImageObject","inLanguage":"fr-FR","@id":"https:\/\/www.amanien.info\/news\/discours-a-la-nation-du-chef-l-etat-alassane-ouattara-a-l-occasion-du-nouvel-an\/#primaryimage","url":"https:\/\/www.amanien.info\/news\/wp-content\/uploads\/2022\/01\/thumbnail.png","contentUrl":"https:\/\/www.amanien.info\/news\/wp-content\/uploads\/2022\/01\/thumbnail.png","width":720,"height":480},{"@type":"BreadcrumbList","@id":"https:\/\/www.amanien.info\/news\/discours-a-la-nation-du-chef-l-etat-alassane-ouattara-a-l-occasion-du-nouvel-an\/#breadcrumb","itemListElement":[{"@type":"ListItem","position":1,"name":"Accueil","item":"https:\/\/www.amanien.info\/news\/"},{"@type":"ListItem","position":2,"name":"Discours \u00e0 la Nation du chef l&rsquo; \u00c9tat Alassane Ouattara \u00e0 l&rsquo; occasion du nouvel an"}]},{"@type":"WebSite","@id":"https:\/\/www.amanien.info\/news\/#website","url":"https:\/\/www.amanien.info\/news\/","name":"Amanien| L&#039;actualit\u00e9 Ivoirienne et Internationale","description":"L&#039;actualit\u00e9 Ivoirienne et Internationale","potentialAction":[{"@type":"SearchAction","target":{"@type":"EntryPoint","urlTemplate":"https:\/\/www.amanien.info\/news\/?s={search_term_string}"},"query-input":{"@type":"PropertyValueSpecification","valueRequired":true,"valueName":"search_term_string"}}],"inLanguage":"fr-FR"},{"@type":"Person","@id":"https:\/\/www.amanien.info\/news\/#\/schema\/person\/b21093345753a1a98242d505bd894f42","name":"Germain Ndri","url":"https:\/\/www.amanien.info\/news\/author\/amanien-infos\/"}]}},"_links":{"self":[{"href":"https:\/\/www.amanien.info\/news\/wp-json\/wp\/v2\/posts\/3238","targetHints":{"allow":["GET"]}}],"collection":[{"href":"https:\/\/www.amanien.info\/news\/wp-json\/wp\/v2\/posts"}],"about":[{"href":"https:\/\/www.amanien.info\/news\/wp-json\/wp\/v2\/types\/post"}],"author":[{"embeddable":true,"href":"https:\/\/www.amanien.info\/news\/wp-json\/wp\/v2\/users\/2"}],"replies":[{"embeddable":true,"href":"https:\/\/www.amanien.info\/news\/wp-json\/wp\/v2\/comments?post=3238"}],"version-history":[{"count":1,"href":"https:\/\/www.amanien.info\/news\/wp-json\/wp\/v2\/posts\/3238\/revisions"}],"predecessor-version":[{"id":3240,"href":"https:\/\/www.amanien.info\/news\/wp-json\/wp\/v2\/posts\/3238\/revisions\/3240"}],"wp:featuredmedia":[{"embeddable":true,"href":"https:\/\/www.amanien.info\/news\/wp-json\/wp\/v2\/media\/3239"}],"wp:attachment":[{"href":"https:\/\/www.amanien.info\/news\/wp-json\/wp\/v2\/media?parent=3238"}],"wp:term":[{"taxonomy":"category","embeddable":true,"href":"https:\/\/www.amanien.info\/news\/wp-json\/wp\/v2\/categories?post=3238"},{"taxonomy":"post_tag","embeddable":true,"href":"https:\/\/www.amanien.info\/news\/wp-json\/wp\/v2\/tags?post=3238"}],"curies":[{"name":"wp","href":"https:\/\/api.w.org\/{rel}","templated":true}]}}