{"id":3225,"date":"2021-12-24T06:53:52","date_gmt":"2021-12-24T06:53:52","guid":{"rendered":"https:\/\/www.https:\/\/zozo.buyee.jp\/\/news\/?p=3225"},"modified":"2021-12-24T06:54:23","modified_gmt":"2021-12-24T06:54:23","slug":"le-ministre-adama-diawara-exhorte-les-musulmans-a-faire-en-sorte-que-lislam-en-cote-divoire-soit-modere-tolerant-sans-extremisme-et-sans-fanatisme","status":"publish","type":"post","link":"https:\/\/www.amanien.info\/news\/le-ministre-adama-diawara-exhorte-les-musulmans-a-faire-en-sorte-que-lislam-en-cote-divoire-soit-modere-tolerant-sans-extremisme-et-sans-fanatisme\/","title":{"rendered":"Le Ministre Adama Diawara exhorte les musulmans \u00e0 faire en sorte que l&rsquo;islam en C\u00f4te d&rsquo;Ivoire soit mod\u00e9r\u00e9, tol\u00e9rant, sans extr\u00e9misme et sans fanatisme"},"content":{"rendered":"<div>Le Ministre de l&rsquo;Enseignement Sup\u00e9rieur et de la Recherche Scientifique, Adama Diawara a pris part, ce samedi 18 d\u00e9cembre 2021 \u00e0 la c\u00e9r\u00e9monie de lancement de la reprise des travaux de construction de la grande mosqu\u00e9e VAMOUSSA BAMBA sise \u00e0 Yopougon Niangon Sud.<\/div>\n<div><\/div>\n<div><\/div>\n<div>A cette occasion, le Parrain de la c\u00e9r\u00e9monie de lev\u00e9e de fonds, Adama Diawara a laiss\u00e9 un message fort \u00e0 la communaut\u00e9 musulmane.<\/div>\n<div>&lt;&lt; La mosqu\u00e9e VAMOUSSA BAMBA du sous-quartier Niangon Terminus 27 est la plus grande mosqu\u00e9e de Yopougon qui est la plus grande commune de C\u00f4te d&rsquo;Ivoire. Malheureusement, les travaux de construction ne sont pas encore achev\u00e9s, simplement parce qu&rsquo;il y un probl\u00e8me de blocage financier. C&rsquo;est pourquoi, il y a eu cette c\u00e9r\u00e9monie de lev\u00e9e de fonds. J&rsquo;avoue que j&rsquo;en ai profit\u00e9 pour exhorter mes fr\u00e8res et s\u0153urs en Islam de faire en sorte que l&rsquo;Islam en C\u00f4te d&rsquo;Ivoire demeure sur sa voie, c&rsquo;est-\u00e0-dire, un Islam mod\u00e9r\u00e9, tol\u00e9rant, sans extr\u00e9misme et sans fanatisme&gt;&gt; a d\u00e9clar\u00e9 le Ministre Adama Diawara.<\/div>\n<div><\/div>\n<div>Poursuivant, le Ministre de l&rsquo;Enseignement Sup\u00e9rieur et de la Recherche Scientifique a rassur\u00e9 la communaut\u00e9 musulmane quant \u00e0 la construction de ce joyau qui comprend un lieu de culte (mosqu\u00e9e) et d&rsquo;autres b\u00e2timents servant d&rsquo;utilit\u00e9 publique (un centre de formation). C&rsquo;est pourquoi, il dit \u00eatre \u00ab\u00a0l&rsquo;avocat\u00a0\u00bb de cette mosqu\u00e9e.<\/div>\n<div>Il a, \u00e0 cet effet, offert une somme de 12 millions de FCFA.<\/div>\n<div><\/div>\n<div>Adama Diawara a \u00e9galement exhort\u00e9 tous les cadres musulmans \u00e0 faire un \u00ab\u00a0geste\u00a0\u00bb pour que cette mosqu\u00e9e soit construite le plus rapidement possible.<\/div>\n<div><\/div>\n<div><\/div>\n<div>Outre le don du Parrain Adama Diawara, plusieurs dons en num\u00e9raire ont \u00e9t\u00e9 aussi offerts par des cadres, des imams, des personnes de bonne volont\u00e9 pour la construction de cette mosqu\u00e9e dont le co\u00fbt global des travaux est estim\u00e9 \u00e0 667 029 103 de nos francs.<\/div>\n<div><\/div>\n<div>Notons que la lecture du Noble Coran, la pr\u00e9sentation du projet, la pose de brique marquant la reprise des travaux et des b\u00e9n\u00e9dictions ont meubl\u00e9 cette c\u00e9r\u00e9monie qui a enregistr\u00e9 la participation de plusieurs fid\u00e8les musulmans.<\/div>\n<div><\/div>\n<div>Octroy\u00e9 par feu le Ministre VAMOUSSA BAMBA, le terrain de la mosqu\u00e9e VAMOUSSA BAMBA a une superficie de 22 001 M2. La mosqu\u00e9e VAMOUSSA BAMBA occupe une superficie de 2 313 M2 et peut contenir 7 000 fid\u00e8les musulmans.<\/div>\n<div><\/div>\n<div>L&rsquo;imam principal de cette mosqu\u00e9e est le Cheick Imam Ali OUATTARA, Pr\u00e9sident du COSIM section Yopougon et Conseiller du Cheick Al-A\u00efma Ousmane Diakit\u00e9, Pr\u00e9sident du COSIM national.<\/div>\n<div><\/div>\n<div><\/div>\n<div><\/div>\n<div><b>Sunday<\/b>\u00a0<b>ALAIN<\/b><\/div>\n","protected":false},"excerpt":{"rendered":"<p>Le Ministre de l&rsquo;Enseignement Sup\u00e9rieur et de la Recherche Scientifique, Adama Diawara a pris part, ce samedi 18 d\u00e9cembre 2021 \u00e0 la c\u00e9r\u00e9monie de lancement de la reprise des travaux de construction de la grande mosqu\u00e9e VAMOUSSA BAMBA sise \u00e0 Yopougon Niangon Sud. A cette occasion, le Parrain de la c\u00e9r\u00e9monie de lev\u00e9e de fonds, [&hellip;]<\/p>\n","protected":false},"author":2,"featured_media":3226,"comment_status":"closed","ping_status":"closed","sticky":true,"template":"","format":"standard","meta":{"_acf_changed":false,"footnotes":""},"categories":[],"tags":[],"class_list":["post-3225","post","type-post","status-publish","format-standard","has-post-thumbnail","hentry"],"acf":[],"yoast_head":"<!-- This site is optimized with the Yoast SEO plugin v27.5 - https:\/\/yoast.com\/product\/yoast-seo-wordpress\/ -->\n<title>Le Ministre Adama Diawara exhorte les musulmans \u00e0 faire en sorte que l&#039;islam en C\u00f4te d&#039;Ivoire soit mod\u00e9r\u00e9, tol\u00e9rant, sans extr\u00e9misme et sans fanatisme - Amanien| L&#039;actualit\u00e9 Ivoirienne et Internationale<\/title>\n<meta name=\"robots\" content=\"index, follow, max-snippet:-1, max-image-preview:large, max-video-preview:-1\" \/>\n<link rel=\"canonical\" href=\"https:\/\/www.amanien.info\/news\/le-ministre-adama-diawara-exhorte-les-musulmans-a-faire-en-sorte-que-lislam-en-cote-divoire-soit-modere-tolerant-sans-extremisme-et-sans-fanatisme\/\" \/>\n<meta property=\"og:locale\" content=\"fr_FR\" \/>\n<meta property=\"og:type\" content=\"article\" \/>\n<meta property=\"og:title\" content=\"Le Ministre Adama Diawara exhorte les musulmans \u00e0 faire en sorte que l&#039;islam en C\u00f4te d&#039;Ivoire soit mod\u00e9r\u00e9, tol\u00e9rant, sans extr\u00e9misme et sans fanatisme - Amanien| L&#039;actualit\u00e9 Ivoirienne et Internationale\" \/>\n<meta property=\"og:description\" content=\"Le Ministre de l&rsquo;Enseignement Sup\u00e9rieur et de la Recherche Scientifique, Adama Diawara a pris part, ce samedi 18 d\u00e9cembre 2021 \u00e0 la c\u00e9r\u00e9monie de lancement de la reprise des travaux de construction de la grande mosqu\u00e9e VAMOUSSA BAMBA sise \u00e0 Yopougon Niangon Sud. A cette occasion, le Parrain de la c\u00e9r\u00e9monie de lev\u00e9e de fonds, [&hellip;]\" \/>\n<meta property=\"og:url\" content=\"https:\/\/www.amanien.info\/news\/le-ministre-adama-diawara-exhorte-les-musulmans-a-faire-en-sorte-que-lislam-en-cote-divoire-soit-modere-tolerant-sans-extremisme-et-sans-fanatisme\/\" \/>\n<meta property=\"og:site_name\" content=\"Amanien| L&#039;actualit\u00e9 Ivoirienne et Internationale\" \/>\n<meta property=\"article:published_time\" content=\"2021-12-24T06:53:52+00:00\" \/>\n<meta property=\"article:modified_time\" content=\"2021-12-24T06:54:23+00:00\" \/>\n<meta property=\"og:image\" content=\"https:\/\/www.amanien.info\/news\/wp-content\/uploads\/2021\/12\/thumbnail-19.jpg\" \/>\n\t<meta property=\"og:image:width\" content=\"1080\" \/>\n\t<meta property=\"og:image:height\" content=\"608\" \/>\n\t<meta property=\"og:image:type\" content=\"image\/jpeg\" \/>\n<meta name=\"author\" content=\"Germain Ndri\" \/>\n<meta name=\"twitter:card\" content=\"summary_large_image\" \/>\n<meta name=\"twitter:label1\" content=\"\u00c9crit par\" \/>\n\t<meta name=\"twitter:data1\" content=\"Germain Ndri\" \/>\n\t<meta name=\"twitter:label2\" content=\"Dur\u00e9e de lecture estim\u00e9e\" \/>\n\t<meta name=\"twitter:data2\" content=\"3 minutes\" \/>\n<script type=\"application\/ld+json\" class=\"yoast-schema-graph\">{\"@context\":\"https:\\\/\\\/schema.org\",\"@graph\":[{\"@type\":\"Article\",\"@id\":\"https:\\\/\\\/www.amanien.info\\\/news\\\/le-ministre-adama-diawara-exhorte-les-musulmans-a-faire-en-sorte-que-lislam-en-cote-divoire-soit-modere-tolerant-sans-extremisme-et-sans-fanatisme\\\/#article\",\"isPartOf\":{\"@id\":\"https:\\\/\\\/www.amanien.info\\\/news\\\/le-ministre-adama-diawara-exhorte-les-musulmans-a-faire-en-sorte-que-lislam-en-cote-divoire-soit-modere-tolerant-sans-extremisme-et-sans-fanatisme\\\/\"},\"author\":{\"name\":\"Germain Ndri\",\"@id\":\"https:\\\/\\\/www.amanien.info\\\/news\\\/#\\\/schema\\\/person\\\/b21093345753a1a98242d505bd894f42\"},\"headline\":\"Le Ministre Adama Diawara exhorte les musulmans \u00e0 faire en sorte que l&rsquo;islam en C\u00f4te d&rsquo;Ivoire soit mod\u00e9r\u00e9, tol\u00e9rant, sans extr\u00e9misme et sans fanatisme\",\"datePublished\":\"2021-12-24T06:53:52+00:00\",\"dateModified\":\"2021-12-24T06:54:23+00:00\",\"mainEntityOfPage\":{\"@id\":\"https:\\\/\\\/www.amanien.info\\\/news\\\/le-ministre-adama-diawara-exhorte-les-musulmans-a-faire-en-sorte-que-lislam-en-cote-divoire-soit-modere-tolerant-sans-extremisme-et-sans-fanatisme\\\/\"},\"wordCount\":472,\"image\":{\"@id\":\"https:\\\/\\\/www.amanien.info\\\/news\\\/le-ministre-adama-diawara-exhorte-les-musulmans-a-faire-en-sorte-que-lislam-en-cote-divoire-soit-modere-tolerant-sans-extremisme-et-sans-fanatisme\\\/#primaryimage\"},\"thumbnailUrl\":\"https:\\\/\\\/www.amanien.info\\\/news\\\/wp-content\\\/uploads\\\/2021\\\/12\\\/thumbnail-19.jpg\",\"inLanguage\":\"fr-FR\"},{\"@type\":\"WebPage\",\"@id\":\"https:\\\/\\\/www.amanien.info\\\/news\\\/le-ministre-adama-diawara-exhorte-les-musulmans-a-faire-en-sorte-que-lislam-en-cote-divoire-soit-modere-tolerant-sans-extremisme-et-sans-fanatisme\\\/\",\"url\":\"https:\\\/\\\/www.amanien.info\\\/news\\\/le-ministre-adama-diawara-exhorte-les-musulmans-a-faire-en-sorte-que-lislam-en-cote-divoire-soit-modere-tolerant-sans-extremisme-et-sans-fanatisme\\\/\",\"name\":\"Le Ministre Adama Diawara exhorte les musulmans \u00e0 faire en sorte que l'islam en C\u00f4te d'Ivoire soit mod\u00e9r\u00e9, tol\u00e9rant, sans extr\u00e9misme et sans fanatisme - Amanien| L&#039;actualit\u00e9 Ivoirienne et Internationale\",\"isPartOf\":{\"@id\":\"https:\\\/\\\/www.amanien.info\\\/news\\\/#website\"},\"primaryImageOfPage\":{\"@id\":\"https:\\\/\\\/www.amanien.info\\\/news\\\/le-ministre-adama-diawara-exhorte-les-musulmans-a-faire-en-sorte-que-lislam-en-cote-divoire-soit-modere-tolerant-sans-extremisme-et-sans-fanatisme\\\/#primaryimage\"},\"image\":{\"@id\":\"https:\\\/\\\/www.amanien.info\\\/news\\\/le-ministre-adama-diawara-exhorte-les-musulmans-a-faire-en-sorte-que-lislam-en-cote-divoire-soit-modere-tolerant-sans-extremisme-et-sans-fanatisme\\\/#primaryimage\"},\"thumbnailUrl\":\"https:\\\/\\\/www.amanien.info\\\/news\\\/wp-content\\\/uploads\\\/2021\\\/12\\\/thumbnail-19.jpg\",\"datePublished\":\"2021-12-24T06:53:52+00:00\",\"dateModified\":\"2021-12-24T06:54:23+00:00\",\"author\":{\"@id\":\"https:\\\/\\\/www.amanien.info\\\/news\\\/#\\\/schema\\\/person\\\/b21093345753a1a98242d505bd894f42\"},\"breadcrumb\":{\"@id\":\"https:\\\/\\\/www.amanien.info\\\/news\\\/le-ministre-adama-diawara-exhorte-les-musulmans-a-faire-en-sorte-que-lislam-en-cote-divoire-soit-modere-tolerant-sans-extremisme-et-sans-fanatisme\\\/#breadcrumb\"},\"inLanguage\":\"fr-FR\",\"potentialAction\":[{\"@type\":\"ReadAction\",\"target\":[\"https:\\\/\\\/www.amanien.info\\\/news\\\/le-ministre-adama-diawara-exhorte-les-musulmans-a-faire-en-sorte-que-lislam-en-cote-divoire-soit-modere-tolerant-sans-extremisme-et-sans-fanatisme\\\/\"]}]},{\"@type\":\"ImageObject\",\"inLanguage\":\"fr-FR\",\"@id\":\"https:\\\/\\\/www.amanien.info\\\/news\\\/le-ministre-adama-diawara-exhorte-les-musulmans-a-faire-en-sorte-que-lislam-en-cote-divoire-soit-modere-tolerant-sans-extremisme-et-sans-fanatisme\\\/#primaryimage\",\"url\":\"https:\\\/\\\/www.amanien.info\\\/news\\\/wp-content\\\/uploads\\\/2021\\\/12\\\/thumbnail-19.jpg\",\"contentUrl\":\"https:\\\/\\\/www.amanien.info\\\/news\\\/wp-content\\\/uploads\\\/2021\\\/12\\\/thumbnail-19.jpg\",\"width\":1080,\"height\":608},{\"@type\":\"BreadcrumbList\",\"@id\":\"https:\\\/\\\/www.amanien.info\\\/news\\\/le-ministre-adama-diawara-exhorte-les-musulmans-a-faire-en-sorte-que-lislam-en-cote-divoire-soit-modere-tolerant-sans-extremisme-et-sans-fanatisme\\\/#breadcrumb\",\"itemListElement\":[{\"@type\":\"ListItem\",\"position\":1,\"name\":\"Accueil\",\"item\":\"https:\\\/\\\/www.amanien.info\\\/news\\\/\"},{\"@type\":\"ListItem\",\"position\":2,\"name\":\"Le Ministre Adama Diawara exhorte les musulmans \u00e0 faire en sorte que l&rsquo;islam en C\u00f4te d&rsquo;Ivoire soit mod\u00e9r\u00e9, tol\u00e9rant, sans extr\u00e9misme et sans fanatisme\"}]},{\"@type\":\"WebSite\",\"@id\":\"https:\\\/\\\/www.amanien.info\\\/news\\\/#website\",\"url\":\"https:\\\/\\\/www.amanien.info\\\/news\\\/\",\"name\":\"Amanien| L&#039;actualit\u00e9 Ivoirienne et Internationale\",\"description\":\"L&#039;actualit\u00e9 Ivoirienne et Internationale\",\"potentialAction\":[{\"@type\":\"SearchAction\",\"target\":{\"@type\":\"EntryPoint\",\"urlTemplate\":\"https:\\\/\\\/www.amanien.info\\\/news\\\/?s={search_term_string}\"},\"query-input\":{\"@type\":\"PropertyValueSpecification\",\"valueRequired\":true,\"valueName\":\"search_term_string\"}}],\"inLanguage\":\"fr-FR\"},{\"@type\":\"Person\",\"@id\":\"https:\\\/\\\/www.amanien.info\\\/news\\\/#\\\/schema\\\/person\\\/b21093345753a1a98242d505bd894f42\",\"name\":\"Germain Ndri\",\"url\":\"https:\\\/\\\/www.amanien.info\\\/news\\\/author\\\/amanien-infos\\\/\"}]}<\/script>\n<!-- \/ Yoast SEO plugin. -->","yoast_head_json":{"title":"Le Ministre Adama Diawara exhorte les musulmans \u00e0 faire en sorte que l'islam en C\u00f4te d'Ivoire soit mod\u00e9r\u00e9, tol\u00e9rant, sans extr\u00e9misme et sans fanatisme - Amanien| L&#039;actualit\u00e9 Ivoirienne et Internationale","robots":{"index":"index","follow":"follow","max-snippet":"max-snippet:-1","max-image-preview":"max-image-preview:large","max-video-preview":"max-video-preview:-1"},"canonical":"https:\/\/www.amanien.info\/news\/le-ministre-adama-diawara-exhorte-les-musulmans-a-faire-en-sorte-que-lislam-en-cote-divoire-soit-modere-tolerant-sans-extremisme-et-sans-fanatisme\/","og_locale":"fr_FR","og_type":"article","og_title":"Le Ministre Adama Diawara exhorte les musulmans \u00e0 faire en sorte que l'islam en C\u00f4te d'Ivoire soit mod\u00e9r\u00e9, tol\u00e9rant, sans extr\u00e9misme et sans fanatisme - Amanien| L&#039;actualit\u00e9 Ivoirienne et Internationale","og_description":"Le Ministre de l&rsquo;Enseignement Sup\u00e9rieur et de la Recherche Scientifique, Adama Diawara a pris part, ce samedi 18 d\u00e9cembre 2021 \u00e0 la c\u00e9r\u00e9monie de lancement de la reprise des travaux de construction de la grande mosqu\u00e9e VAMOUSSA BAMBA sise \u00e0 Yopougon Niangon Sud. A cette occasion, le Parrain de la c\u00e9r\u00e9monie de lev\u00e9e de fonds, [&hellip;]","og_url":"https:\/\/www.amanien.info\/news\/le-ministre-adama-diawara-exhorte-les-musulmans-a-faire-en-sorte-que-lislam-en-cote-divoire-soit-modere-tolerant-sans-extremisme-et-sans-fanatisme\/","og_site_name":"Amanien| L&#039;actualit\u00e9 Ivoirienne et Internationale","article_published_time":"2021-12-24T06:53:52+00:00","article_modified_time":"2021-12-24T06:54:23+00:00","og_image":[{"width":1080,"height":608,"url":"https:\/\/www.amanien.info\/news\/wp-content\/uploads\/2021\/12\/thumbnail-19.jpg","type":"image\/jpeg"}],"author":"Germain Ndri","twitter_card":"summary_large_image","twitter_misc":{"\u00c9crit par":"Germain Ndri","Dur\u00e9e de lecture estim\u00e9e":"3 minutes"},"schema":{"@context":"https:\/\/schema.org","@graph":[{"@type":"Article","@id":"https:\/\/www.amanien.info\/news\/le-ministre-adama-diawara-exhorte-les-musulmans-a-faire-en-sorte-que-lislam-en-cote-divoire-soit-modere-tolerant-sans-extremisme-et-sans-fanatisme\/#article","isPartOf":{"@id":"https:\/\/www.amanien.info\/news\/le-ministre-adama-diawara-exhorte-les-musulmans-a-faire-en-sorte-que-lislam-en-cote-divoire-soit-modere-tolerant-sans-extremisme-et-sans-fanatisme\/"},"author":{"name":"Germain Ndri","@id":"https:\/\/www.amanien.info\/news\/#\/schema\/person\/b21093345753a1a98242d505bd894f42"},"headline":"Le Ministre Adama Diawara exhorte les musulmans \u00e0 faire en sorte que l&rsquo;islam en C\u00f4te d&rsquo;Ivoire soit mod\u00e9r\u00e9, tol\u00e9rant, sans extr\u00e9misme et sans fanatisme","datePublished":"2021-12-24T06:53:52+00:00","dateModified":"2021-12-24T06:54:23+00:00","mainEntityOfPage":{"@id":"https:\/\/www.amanien.info\/news\/le-ministre-adama-diawara-exhorte-les-musulmans-a-faire-en-sorte-que-lislam-en-cote-divoire-soit-modere-tolerant-sans-extremisme-et-sans-fanatisme\/"},"wordCount":472,"image":{"@id":"https:\/\/www.amanien.info\/news\/le-ministre-adama-diawara-exhorte-les-musulmans-a-faire-en-sorte-que-lislam-en-cote-divoire-soit-modere-tolerant-sans-extremisme-et-sans-fanatisme\/#primaryimage"},"thumbnailUrl":"https:\/\/www.amanien.info\/news\/wp-content\/uploads\/2021\/12\/thumbnail-19.jpg","inLanguage":"fr-FR"},{"@type":"WebPage","@id":"https:\/\/www.amanien.info\/news\/le-ministre-adama-diawara-exhorte-les-musulmans-a-faire-en-sorte-que-lislam-en-cote-divoire-soit-modere-tolerant-sans-extremisme-et-sans-fanatisme\/","url":"https:\/\/www.amanien.info\/news\/le-ministre-adama-diawara-exhorte-les-musulmans-a-faire-en-sorte-que-lislam-en-cote-divoire-soit-modere-tolerant-sans-extremisme-et-sans-fanatisme\/","name":"Le Ministre Adama Diawara exhorte les musulmans \u00e0 faire en sorte que l'islam en C\u00f4te d'Ivoire soit mod\u00e9r\u00e9, tol\u00e9rant, sans extr\u00e9misme et sans fanatisme - Amanien| L&#039;actualit\u00e9 Ivoirienne et Internationale","isPartOf":{"@id":"https:\/\/www.amanien.info\/news\/#website"},"primaryImageOfPage":{"@id":"https:\/\/www.amanien.info\/news\/le-ministre-adama-diawara-exhorte-les-musulmans-a-faire-en-sorte-que-lislam-en-cote-divoire-soit-modere-tolerant-sans-extremisme-et-sans-fanatisme\/#primaryimage"},"image":{"@id":"https:\/\/www.amanien.info\/news\/le-ministre-adama-diawara-exhorte-les-musulmans-a-faire-en-sorte-que-lislam-en-cote-divoire-soit-modere-tolerant-sans-extremisme-et-sans-fanatisme\/#primaryimage"},"thumbnailUrl":"https:\/\/www.amanien.info\/news\/wp-content\/uploads\/2021\/12\/thumbnail-19.jpg","datePublished":"2021-12-24T06:53:52+00:00","dateModified":"2021-12-24T06:54:23+00:00","author":{"@id":"https:\/\/www.amanien.info\/news\/#\/schema\/person\/b21093345753a1a98242d505bd894f42"},"breadcrumb":{"@id":"https:\/\/www.amanien.info\/news\/le-ministre-adama-diawara-exhorte-les-musulmans-a-faire-en-sorte-que-lislam-en-cote-divoire-soit-modere-tolerant-sans-extremisme-et-sans-fanatisme\/#breadcrumb"},"inLanguage":"fr-FR","potentialAction":[{"@type":"ReadAction","target":["https:\/\/www.amanien.info\/news\/le-ministre-adama-diawara-exhorte-les-musulmans-a-faire-en-sorte-que-lislam-en-cote-divoire-soit-modere-tolerant-sans-extremisme-et-sans-fanatisme\/"]}]},{"@type":"ImageObject","inLanguage":"fr-FR","@id":"https:\/\/www.amanien.info\/news\/le-ministre-adama-diawara-exhorte-les-musulmans-a-faire-en-sorte-que-lislam-en-cote-divoire-soit-modere-tolerant-sans-extremisme-et-sans-fanatisme\/#primaryimage","url":"https:\/\/www.amanien.info\/news\/wp-content\/uploads\/2021\/12\/thumbnail-19.jpg","contentUrl":"https:\/\/www.amanien.info\/news\/wp-content\/uploads\/2021\/12\/thumbnail-19.jpg","width":1080,"height":608},{"@type":"BreadcrumbList","@id":"https:\/\/www.amanien.info\/news\/le-ministre-adama-diawara-exhorte-les-musulmans-a-faire-en-sorte-que-lislam-en-cote-divoire-soit-modere-tolerant-sans-extremisme-et-sans-fanatisme\/#breadcrumb","itemListElement":[{"@type":"ListItem","position":1,"name":"Accueil","item":"https:\/\/www.amanien.info\/news\/"},{"@type":"ListItem","position":2,"name":"Le Ministre Adama Diawara exhorte les musulmans \u00e0 faire en sorte que l&rsquo;islam en C\u00f4te d&rsquo;Ivoire soit mod\u00e9r\u00e9, tol\u00e9rant, sans extr\u00e9misme et sans fanatisme"}]},{"@type":"WebSite","@id":"https:\/\/www.amanien.info\/news\/#website","url":"https:\/\/www.amanien.info\/news\/","name":"Amanien| L&#039;actualit\u00e9 Ivoirienne et Internationale","description":"L&#039;actualit\u00e9 Ivoirienne et Internationale","potentialAction":[{"@type":"SearchAction","target":{"@type":"EntryPoint","urlTemplate":"https:\/\/www.amanien.info\/news\/?s={search_term_string}"},"query-input":{"@type":"PropertyValueSpecification","valueRequired":true,"valueName":"search_term_string"}}],"inLanguage":"fr-FR"},{"@type":"Person","@id":"https:\/\/www.amanien.info\/news\/#\/schema\/person\/b21093345753a1a98242d505bd894f42","name":"Germain Ndri","url":"https:\/\/www.amanien.info\/news\/author\/amanien-infos\/"}]}},"_links":{"self":[{"href":"https:\/\/www.amanien.info\/news\/wp-json\/wp\/v2\/posts\/3225","targetHints":{"allow":["GET"]}}],"collection":[{"href":"https:\/\/www.amanien.info\/news\/wp-json\/wp\/v2\/posts"}],"about":[{"href":"https:\/\/www.amanien.info\/news\/wp-json\/wp\/v2\/types\/post"}],"author":[{"embeddable":true,"href":"https:\/\/www.amanien.info\/news\/wp-json\/wp\/v2\/users\/2"}],"replies":[{"embeddable":true,"href":"https:\/\/www.amanien.info\/news\/wp-json\/wp\/v2\/comments?post=3225"}],"version-history":[{"count":1,"href":"https:\/\/www.amanien.info\/news\/wp-json\/wp\/v2\/posts\/3225\/revisions"}],"predecessor-version":[{"id":3227,"href":"https:\/\/www.amanien.info\/news\/wp-json\/wp\/v2\/posts\/3225\/revisions\/3227"}],"wp:featuredmedia":[{"embeddable":true,"href":"https:\/\/www.amanien.info\/news\/wp-json\/wp\/v2\/media\/3226"}],"wp:attachment":[{"href":"https:\/\/www.amanien.info\/news\/wp-json\/wp\/v2\/media?parent=3225"}],"wp:term":[{"taxonomy":"category","embeddable":true,"href":"https:\/\/www.amanien.info\/news\/wp-json\/wp\/v2\/categories?post=3225"},{"taxonomy":"post_tag","embeddable":true,"href":"https:\/\/www.amanien.info\/news\/wp-json\/wp\/v2\/tags?post=3225"}],"curies":[{"name":"wp","href":"https:\/\/api.w.org\/{rel}","templated":true}]}}