{"id":3219,"date":"2021-12-21T06:49:24","date_gmt":"2021-12-21T06:49:24","guid":{"rendered":"https:\/\/www.https:\/\/zozo.buyee.jp\/\/news\/?p=3219"},"modified":"2021-12-21T06:49:48","modified_gmt":"2021-12-21T06:49:48","slug":"cloture-du-festival-j-aime-koumassi-la-cohesion-sociale-celebree","status":"publish","type":"post","link":"https:\/\/www.amanien.info\/news\/cloture-du-festival-j-aime-koumassi-la-cohesion-sociale-celebree\/","title":{"rendered":"Cl\u00f4ture du Festival J&rsquo; Aime Koumassi\u00a0\u00bb: La coh\u00e9sion sociale c\u00e9l\u00e9br\u00e9e"},"content":{"rendered":"<p>La deuxi\u00e8me \u00e9dition du festival J&rsquo; Aime Koumassi\u00a0\u00bb, s&rsquo; est achev\u00e9e le samedi 18 d\u00e9cembre, par une caravane dans les rues de la commune, des danses et un concert g\u00e9ant \u00e0 la place Inch&rsquo; Allah. Du 10 au 18 d\u00e9cembre, les populations de Koumassi ont c\u00e9l\u00e9br\u00e9 le vivre ensemble, la coh\u00e9sion sociale que pr\u00f4ne le Ministre Maire Ibrahim Ciss\u00e9 Bacongo, dans une ambiance de f\u00eate et de convivialit\u00e9. Lors de la c\u00e9r\u00e9monie de cl\u00f4ture dudit festival, la secr\u00e9taire g\u00e9n\u00e9rale de la Mairie de Koumassi et commissaire g\u00e9n\u00e9rale du festival Diby Brigitte, a rappel\u00e9 que cet \u00e9v\u00e9nement a \u00e9t\u00e9 meubl\u00e9 par des journ\u00e9es citoyennes et de civisme, de sports et de consultations m\u00e9dicales.<br \/>\nMais aussi par le village gastronomique et artistique, la foire commerciale, des concerts et d&rsquo; autres activit\u00e9s culturelles. \u00a0\u00bb Nous voulons dire que nous sommes fiers d&rsquo; \u00eatre habitants de Koumassi. Le Maire Ibrahim Ciss\u00e9 Bacongo a d\u00e9velopp\u00e9 notre commune, avec la sectorisation des activit\u00e9s, la construction d&rsquo; un stade avec gazon synth\u00e9tique et bient\u00f4t une piscine olympique au quartier 05 \u00a0\u00bb a-t-elle dit. Elle a ajout\u00e9 que Koumassi a re\u00e7u le prix d&rsquo; excellence 2021 de la commune la plus propre et le prix du meilleur \u00e9lu local.<\/p>\n<p>Bailley Narcisse, premier adjoint et repr\u00e9sentant du Maire, a f\u00e9licit\u00e9 le comit\u00e9 d&rsquo; organisation et les populations pour leur mobilisation. \u00a0\u00bb Nous avons commenc\u00e9 le festival \u00e0 l&rsquo; embl\u00e9matique place de l&rsquo;esp\u00e9rance et nous l&rsquo; achevons \u00e0 la mythique place Inch&rsquo; Allah. Au del\u00e0 du caract\u00e8re festif, ce sont des valeurs que nous voulons inculquer. Nous voulons changer les mentalit\u00e9s pour nous inscrire dans un d\u00e9veloppement durable\u00a0\u00bb a-t-il indiqu\u00e9. \u00a0\u00bb Nous sommes fiers de notre diversit\u00e9. Nous vivons dans l&rsquo; entente et Bacongo est venu cimenter cette entente. Je salue sa vision, sa m\u00e9thode et son courage. Gr\u00e2ce \u00e0 cela nous sommes toujours devant\u00a0\u00bb a-t-il conclu. Cette c\u00e9r\u00e9monie de cl\u00f4ture a \u00e9t\u00e9 anim\u00e9e par plusieurs groupes artistiques, dont Adjemele, warba du Burkina Faso, le zaouli, le groupe molato et d&rsquo; autres artistes qui ont offert au public un concert g\u00e9ant. Le festival J&rsquo;Aime Koumassi a \u00e9t\u00e9 organis\u00e9 en collaboration avec l&rsquo; agence Amazone et pilot\u00e9 par Dembel\u00e9 Aboubacar, Directeur de la communication et Firmin Kacou Directeur du service sociale.<br \/>\nCalvin Wandji<\/p>\n","protected":false},"excerpt":{"rendered":"<p>La deuxi\u00e8me \u00e9dition du festival J&rsquo; Aime Koumassi\u00a0\u00bb, s&rsquo; est achev\u00e9e le samedi 18 d\u00e9cembre, par une caravane dans les rues de la commune, des danses et un concert g\u00e9ant \u00e0 la place Inch&rsquo; Allah. Du 10 au 18 d\u00e9cembre, les populations de Koumassi ont c\u00e9l\u00e9br\u00e9 le vivre ensemble, la coh\u00e9sion sociale que pr\u00f4ne le [&hellip;]<\/p>\n","protected":false},"author":2,"featured_media":3220,"comment_status":"closed","ping_status":"closed","sticky":true,"template":"","format":"standard","meta":{"_acf_changed":false,"footnotes":""},"categories":[],"tags":[],"class_list":["post-3219","post","type-post","status-publish","format-standard","has-post-thumbnail","hentry"],"acf":[],"yoast_head":"<!-- This site is optimized with the Yoast SEO plugin v27.5 - https:\/\/yoast.com\/product\/yoast-seo-wordpress\/ -->\n<title>Cl\u00f4ture du Festival J&#039; Aime Koumassi&quot;: La coh\u00e9sion sociale c\u00e9l\u00e9br\u00e9e - Amanien| L&#039;actualit\u00e9 Ivoirienne et Internationale<\/title>\n<meta name=\"robots\" content=\"index, follow, max-snippet:-1, max-image-preview:large, max-video-preview:-1\" \/>\n<link rel=\"canonical\" href=\"https:\/\/www.amanien.info\/news\/cloture-du-festival-j-aime-koumassi-la-cohesion-sociale-celebree\/\" \/>\n<meta property=\"og:locale\" content=\"fr_FR\" \/>\n<meta property=\"og:type\" content=\"article\" \/>\n<meta property=\"og:title\" content=\"Cl\u00f4ture du Festival J&#039; Aime Koumassi&quot;: La coh\u00e9sion sociale c\u00e9l\u00e9br\u00e9e - Amanien| L&#039;actualit\u00e9 Ivoirienne et Internationale\" \/>\n<meta property=\"og:description\" content=\"La deuxi\u00e8me \u00e9dition du festival J&rsquo; Aime Koumassi\u00a0\u00bb, s&rsquo; est achev\u00e9e le samedi 18 d\u00e9cembre, par une caravane dans les rues de la commune, des danses et un concert g\u00e9ant \u00e0 la place Inch&rsquo; Allah. Du 10 au 18 d\u00e9cembre, les populations de Koumassi ont c\u00e9l\u00e9br\u00e9 le vivre ensemble, la coh\u00e9sion sociale que pr\u00f4ne le [&hellip;]\" \/>\n<meta property=\"og:url\" content=\"https:\/\/www.amanien.info\/news\/cloture-du-festival-j-aime-koumassi-la-cohesion-sociale-celebree\/\" \/>\n<meta property=\"og:site_name\" content=\"Amanien| L&#039;actualit\u00e9 Ivoirienne et Internationale\" \/>\n<meta property=\"article:published_time\" content=\"2021-12-21T06:49:24+00:00\" \/>\n<meta property=\"article:modified_time\" content=\"2021-12-21T06:49:48+00:00\" \/>\n<meta property=\"og:image\" content=\"https:\/\/www.amanien.info\/news\/wp-content\/uploads\/2021\/12\/thumbnail-17.jpg\" \/>\n\t<meta property=\"og:image:width\" content=\"1080\" \/>\n\t<meta property=\"og:image:height\" content=\"720\" \/>\n\t<meta property=\"og:image:type\" content=\"image\/jpeg\" \/>\n<meta name=\"author\" content=\"Germain Ndri\" \/>\n<meta name=\"twitter:card\" content=\"summary_large_image\" \/>\n<meta name=\"twitter:label1\" content=\"\u00c9crit par\" \/>\n\t<meta name=\"twitter:data1\" content=\"Germain Ndri\" \/>\n\t<meta name=\"twitter:label2\" content=\"Dur\u00e9e de lecture estim\u00e9e\" \/>\n\t<meta name=\"twitter:data2\" content=\"2 minutes\" \/>\n<script type=\"application\/ld+json\" class=\"yoast-schema-graph\">{\"@context\":\"https:\\\/\\\/schema.org\",\"@graph\":[{\"@type\":\"Article\",\"@id\":\"https:\\\/\\\/www.amanien.info\\\/news\\\/cloture-du-festival-j-aime-koumassi-la-cohesion-sociale-celebree\\\/#article\",\"isPartOf\":{\"@id\":\"https:\\\/\\\/www.amanien.info\\\/news\\\/cloture-du-festival-j-aime-koumassi-la-cohesion-sociale-celebree\\\/\"},\"author\":{\"name\":\"Germain Ndri\",\"@id\":\"https:\\\/\\\/www.amanien.info\\\/news\\\/#\\\/schema\\\/person\\\/b21093345753a1a98242d505bd894f42\"},\"headline\":\"Cl\u00f4ture du Festival J&rsquo; Aime Koumassi\u00a0\u00bb: La coh\u00e9sion sociale c\u00e9l\u00e9br\u00e9e\",\"datePublished\":\"2021-12-21T06:49:24+00:00\",\"dateModified\":\"2021-12-21T06:49:48+00:00\",\"mainEntityOfPage\":{\"@id\":\"https:\\\/\\\/www.amanien.info\\\/news\\\/cloture-du-festival-j-aime-koumassi-la-cohesion-sociale-celebree\\\/\"},\"wordCount\":417,\"image\":{\"@id\":\"https:\\\/\\\/www.amanien.info\\\/news\\\/cloture-du-festival-j-aime-koumassi-la-cohesion-sociale-celebree\\\/#primaryimage\"},\"thumbnailUrl\":\"https:\\\/\\\/www.amanien.info\\\/news\\\/wp-content\\\/uploads\\\/2021\\\/12\\\/thumbnail-17.jpg\",\"inLanguage\":\"fr-FR\"},{\"@type\":\"WebPage\",\"@id\":\"https:\\\/\\\/www.amanien.info\\\/news\\\/cloture-du-festival-j-aime-koumassi-la-cohesion-sociale-celebree\\\/\",\"url\":\"https:\\\/\\\/www.amanien.info\\\/news\\\/cloture-du-festival-j-aime-koumassi-la-cohesion-sociale-celebree\\\/\",\"name\":\"Cl\u00f4ture du Festival J' Aime Koumassi\\\": La coh\u00e9sion sociale c\u00e9l\u00e9br\u00e9e - Amanien| L&#039;actualit\u00e9 Ivoirienne et Internationale\",\"isPartOf\":{\"@id\":\"https:\\\/\\\/www.amanien.info\\\/news\\\/#website\"},\"primaryImageOfPage\":{\"@id\":\"https:\\\/\\\/www.amanien.info\\\/news\\\/cloture-du-festival-j-aime-koumassi-la-cohesion-sociale-celebree\\\/#primaryimage\"},\"image\":{\"@id\":\"https:\\\/\\\/www.amanien.info\\\/news\\\/cloture-du-festival-j-aime-koumassi-la-cohesion-sociale-celebree\\\/#primaryimage\"},\"thumbnailUrl\":\"https:\\\/\\\/www.amanien.info\\\/news\\\/wp-content\\\/uploads\\\/2021\\\/12\\\/thumbnail-17.jpg\",\"datePublished\":\"2021-12-21T06:49:24+00:00\",\"dateModified\":\"2021-12-21T06:49:48+00:00\",\"author\":{\"@id\":\"https:\\\/\\\/www.amanien.info\\\/news\\\/#\\\/schema\\\/person\\\/b21093345753a1a98242d505bd894f42\"},\"breadcrumb\":{\"@id\":\"https:\\\/\\\/www.amanien.info\\\/news\\\/cloture-du-festival-j-aime-koumassi-la-cohesion-sociale-celebree\\\/#breadcrumb\"},\"inLanguage\":\"fr-FR\",\"potentialAction\":[{\"@type\":\"ReadAction\",\"target\":[\"https:\\\/\\\/www.amanien.info\\\/news\\\/cloture-du-festival-j-aime-koumassi-la-cohesion-sociale-celebree\\\/\"]}]},{\"@type\":\"ImageObject\",\"inLanguage\":\"fr-FR\",\"@id\":\"https:\\\/\\\/www.amanien.info\\\/news\\\/cloture-du-festival-j-aime-koumassi-la-cohesion-sociale-celebree\\\/#primaryimage\",\"url\":\"https:\\\/\\\/www.amanien.info\\\/news\\\/wp-content\\\/uploads\\\/2021\\\/12\\\/thumbnail-17.jpg\",\"contentUrl\":\"https:\\\/\\\/www.amanien.info\\\/news\\\/wp-content\\\/uploads\\\/2021\\\/12\\\/thumbnail-17.jpg\",\"width\":1080,\"height\":720},{\"@type\":\"BreadcrumbList\",\"@id\":\"https:\\\/\\\/www.amanien.info\\\/news\\\/cloture-du-festival-j-aime-koumassi-la-cohesion-sociale-celebree\\\/#breadcrumb\",\"itemListElement\":[{\"@type\":\"ListItem\",\"position\":1,\"name\":\"Accueil\",\"item\":\"https:\\\/\\\/www.amanien.info\\\/news\\\/\"},{\"@type\":\"ListItem\",\"position\":2,\"name\":\"Cl\u00f4ture du Festival J&rsquo; Aime Koumassi\u00a0\u00bb: La coh\u00e9sion sociale c\u00e9l\u00e9br\u00e9e\"}]},{\"@type\":\"WebSite\",\"@id\":\"https:\\\/\\\/www.amanien.info\\\/news\\\/#website\",\"url\":\"https:\\\/\\\/www.amanien.info\\\/news\\\/\",\"name\":\"Amanien| L&#039;actualit\u00e9 Ivoirienne et Internationale\",\"description\":\"L&#039;actualit\u00e9 Ivoirienne et Internationale\",\"potentialAction\":[{\"@type\":\"SearchAction\",\"target\":{\"@type\":\"EntryPoint\",\"urlTemplate\":\"https:\\\/\\\/www.amanien.info\\\/news\\\/?s={search_term_string}\"},\"query-input\":{\"@type\":\"PropertyValueSpecification\",\"valueRequired\":true,\"valueName\":\"search_term_string\"}}],\"inLanguage\":\"fr-FR\"},{\"@type\":\"Person\",\"@id\":\"https:\\\/\\\/www.amanien.info\\\/news\\\/#\\\/schema\\\/person\\\/b21093345753a1a98242d505bd894f42\",\"name\":\"Germain Ndri\",\"url\":\"https:\\\/\\\/www.amanien.info\\\/news\\\/author\\\/amanien-infos\\\/\"}]}<\/script>\n<!-- \/ Yoast SEO plugin. -->","yoast_head_json":{"title":"Cl\u00f4ture du Festival J' Aime Koumassi\": La coh\u00e9sion sociale c\u00e9l\u00e9br\u00e9e - Amanien| L&#039;actualit\u00e9 Ivoirienne et Internationale","robots":{"index":"index","follow":"follow","max-snippet":"max-snippet:-1","max-image-preview":"max-image-preview:large","max-video-preview":"max-video-preview:-1"},"canonical":"https:\/\/www.amanien.info\/news\/cloture-du-festival-j-aime-koumassi-la-cohesion-sociale-celebree\/","og_locale":"fr_FR","og_type":"article","og_title":"Cl\u00f4ture du Festival J' Aime Koumassi\": La coh\u00e9sion sociale c\u00e9l\u00e9br\u00e9e - Amanien| L&#039;actualit\u00e9 Ivoirienne et Internationale","og_description":"La deuxi\u00e8me \u00e9dition du festival J&rsquo; Aime Koumassi\u00a0\u00bb, s&rsquo; est achev\u00e9e le samedi 18 d\u00e9cembre, par une caravane dans les rues de la commune, des danses et un concert g\u00e9ant \u00e0 la place Inch&rsquo; Allah. Du 10 au 18 d\u00e9cembre, les populations de Koumassi ont c\u00e9l\u00e9br\u00e9 le vivre ensemble, la coh\u00e9sion sociale que pr\u00f4ne le [&hellip;]","og_url":"https:\/\/www.amanien.info\/news\/cloture-du-festival-j-aime-koumassi-la-cohesion-sociale-celebree\/","og_site_name":"Amanien| L&#039;actualit\u00e9 Ivoirienne et Internationale","article_published_time":"2021-12-21T06:49:24+00:00","article_modified_time":"2021-12-21T06:49:48+00:00","og_image":[{"width":1080,"height":720,"url":"https:\/\/www.amanien.info\/news\/wp-content\/uploads\/2021\/12\/thumbnail-17.jpg","type":"image\/jpeg"}],"author":"Germain Ndri","twitter_card":"summary_large_image","twitter_misc":{"\u00c9crit par":"Germain Ndri","Dur\u00e9e de lecture estim\u00e9e":"2 minutes"},"schema":{"@context":"https:\/\/schema.org","@graph":[{"@type":"Article","@id":"https:\/\/www.amanien.info\/news\/cloture-du-festival-j-aime-koumassi-la-cohesion-sociale-celebree\/#article","isPartOf":{"@id":"https:\/\/www.amanien.info\/news\/cloture-du-festival-j-aime-koumassi-la-cohesion-sociale-celebree\/"},"author":{"name":"Germain Ndri","@id":"https:\/\/www.amanien.info\/news\/#\/schema\/person\/b21093345753a1a98242d505bd894f42"},"headline":"Cl\u00f4ture du Festival J&rsquo; Aime Koumassi\u00a0\u00bb: La coh\u00e9sion sociale c\u00e9l\u00e9br\u00e9e","datePublished":"2021-12-21T06:49:24+00:00","dateModified":"2021-12-21T06:49:48+00:00","mainEntityOfPage":{"@id":"https:\/\/www.amanien.info\/news\/cloture-du-festival-j-aime-koumassi-la-cohesion-sociale-celebree\/"},"wordCount":417,"image":{"@id":"https:\/\/www.amanien.info\/news\/cloture-du-festival-j-aime-koumassi-la-cohesion-sociale-celebree\/#primaryimage"},"thumbnailUrl":"https:\/\/www.amanien.info\/news\/wp-content\/uploads\/2021\/12\/thumbnail-17.jpg","inLanguage":"fr-FR"},{"@type":"WebPage","@id":"https:\/\/www.amanien.info\/news\/cloture-du-festival-j-aime-koumassi-la-cohesion-sociale-celebree\/","url":"https:\/\/www.amanien.info\/news\/cloture-du-festival-j-aime-koumassi-la-cohesion-sociale-celebree\/","name":"Cl\u00f4ture du Festival J' Aime Koumassi\": La coh\u00e9sion sociale c\u00e9l\u00e9br\u00e9e - Amanien| L&#039;actualit\u00e9 Ivoirienne et Internationale","isPartOf":{"@id":"https:\/\/www.amanien.info\/news\/#website"},"primaryImageOfPage":{"@id":"https:\/\/www.amanien.info\/news\/cloture-du-festival-j-aime-koumassi-la-cohesion-sociale-celebree\/#primaryimage"},"image":{"@id":"https:\/\/www.amanien.info\/news\/cloture-du-festival-j-aime-koumassi-la-cohesion-sociale-celebree\/#primaryimage"},"thumbnailUrl":"https:\/\/www.amanien.info\/news\/wp-content\/uploads\/2021\/12\/thumbnail-17.jpg","datePublished":"2021-12-21T06:49:24+00:00","dateModified":"2021-12-21T06:49:48+00:00","author":{"@id":"https:\/\/www.amanien.info\/news\/#\/schema\/person\/b21093345753a1a98242d505bd894f42"},"breadcrumb":{"@id":"https:\/\/www.amanien.info\/news\/cloture-du-festival-j-aime-koumassi-la-cohesion-sociale-celebree\/#breadcrumb"},"inLanguage":"fr-FR","potentialAction":[{"@type":"ReadAction","target":["https:\/\/www.amanien.info\/news\/cloture-du-festival-j-aime-koumassi-la-cohesion-sociale-celebree\/"]}]},{"@type":"ImageObject","inLanguage":"fr-FR","@id":"https:\/\/www.amanien.info\/news\/cloture-du-festival-j-aime-koumassi-la-cohesion-sociale-celebree\/#primaryimage","url":"https:\/\/www.amanien.info\/news\/wp-content\/uploads\/2021\/12\/thumbnail-17.jpg","contentUrl":"https:\/\/www.amanien.info\/news\/wp-content\/uploads\/2021\/12\/thumbnail-17.jpg","width":1080,"height":720},{"@type":"BreadcrumbList","@id":"https:\/\/www.amanien.info\/news\/cloture-du-festival-j-aime-koumassi-la-cohesion-sociale-celebree\/#breadcrumb","itemListElement":[{"@type":"ListItem","position":1,"name":"Accueil","item":"https:\/\/www.amanien.info\/news\/"},{"@type":"ListItem","position":2,"name":"Cl\u00f4ture du Festival J&rsquo; Aime Koumassi\u00a0\u00bb: La coh\u00e9sion sociale c\u00e9l\u00e9br\u00e9e"}]},{"@type":"WebSite","@id":"https:\/\/www.amanien.info\/news\/#website","url":"https:\/\/www.amanien.info\/news\/","name":"Amanien| L&#039;actualit\u00e9 Ivoirienne et Internationale","description":"L&#039;actualit\u00e9 Ivoirienne et Internationale","potentialAction":[{"@type":"SearchAction","target":{"@type":"EntryPoint","urlTemplate":"https:\/\/www.amanien.info\/news\/?s={search_term_string}"},"query-input":{"@type":"PropertyValueSpecification","valueRequired":true,"valueName":"search_term_string"}}],"inLanguage":"fr-FR"},{"@type":"Person","@id":"https:\/\/www.amanien.info\/news\/#\/schema\/person\/b21093345753a1a98242d505bd894f42","name":"Germain Ndri","url":"https:\/\/www.amanien.info\/news\/author\/amanien-infos\/"}]}},"_links":{"self":[{"href":"https:\/\/www.amanien.info\/news\/wp-json\/wp\/v2\/posts\/3219","targetHints":{"allow":["GET"]}}],"collection":[{"href":"https:\/\/www.amanien.info\/news\/wp-json\/wp\/v2\/posts"}],"about":[{"href":"https:\/\/www.amanien.info\/news\/wp-json\/wp\/v2\/types\/post"}],"author":[{"embeddable":true,"href":"https:\/\/www.amanien.info\/news\/wp-json\/wp\/v2\/users\/2"}],"replies":[{"embeddable":true,"href":"https:\/\/www.amanien.info\/news\/wp-json\/wp\/v2\/comments?post=3219"}],"version-history":[{"count":1,"href":"https:\/\/www.amanien.info\/news\/wp-json\/wp\/v2\/posts\/3219\/revisions"}],"predecessor-version":[{"id":3221,"href":"https:\/\/www.amanien.info\/news\/wp-json\/wp\/v2\/posts\/3219\/revisions\/3221"}],"wp:featuredmedia":[{"embeddable":true,"href":"https:\/\/www.amanien.info\/news\/wp-json\/wp\/v2\/media\/3220"}],"wp:attachment":[{"href":"https:\/\/www.amanien.info\/news\/wp-json\/wp\/v2\/media?parent=3219"}],"wp:term":[{"taxonomy":"category","embeddable":true,"href":"https:\/\/www.amanien.info\/news\/wp-json\/wp\/v2\/categories?post=3219"},{"taxonomy":"post_tag","embeddable":true,"href":"https:\/\/www.amanien.info\/news\/wp-json\/wp\/v2\/tags?post=3219"}],"curies":[{"name":"wp","href":"https:\/\/api.w.org\/{rel}","templated":true}]}}