{"id":3216,"date":"2021-12-21T06:46:10","date_gmt":"2021-12-21T06:46:10","guid":{"rendered":"https:\/\/www.https:\/\/zozo.buyee.jp\/\/news\/?p=3216"},"modified":"2021-12-21T06:46:44","modified_gmt":"2021-12-21T06:46:44","slug":"promotion-du-merite-et-de-lexcellence-organisation-a-abidjan-de-la-premiere-edition-de-la-journee-du-merite-du-corps-prefectoral","status":"publish","type":"post","link":"https:\/\/www.amanien.info\/news\/promotion-du-merite-et-de-lexcellence-organisation-a-abidjan-de-la-premiere-edition-de-la-journee-du-merite-du-corps-prefectoral\/","title":{"rendered":"Promotion du m\u00e9rite et de l&rsquo;excellence : Organisation \u00e0 Abidjan de la premi\u00e8re \u00e9dition de la Journ\u00e9e du M\u00e9rite du Corps pr\u00e9fectoral"},"content":{"rendered":"<p>La premi\u00e8re \u00e9dition de la Journ\u00e9e du M\u00e9rite du Corps Pr\u00e9fectoral a eu lieu ce vendredi 17 d\u00e9cembre 2021 \u00e0 la DGAT(Direction G\u00e9n\u00e9rale de l&rsquo;Administration du Territoire), sise \u00e0 Cocody, en pr\u00e9sence du Ministre de l&rsquo;int\u00e9rieur et de la s\u00e9curit\u00e9, le Gal Vagondo Diomand\u00e9, du Ministre en charge de la Communication, des M\u00e9dias et de la Francophonie, Amadou Coulibaly, de plusieurs autorit\u00e9s pr\u00e9fectorales, administratives, etc.<\/p>\n<p>Dans son allocution, le PCA de la MUSCOP-CI(Mutuelle Sociale du Corps Pr\u00e9fectoral de C\u00f4te d&rsquo;Ivoire) et Pr\u00e9fet de Taabo, Eug\u00e8ne Kouadio Kouassi a indiqu\u00e9 que la quasi-totalit\u00e9 des membres du corps pr\u00e9fectoral commence et termine leur carri\u00e8re professionnelle sans jamais b\u00e9n\u00e9ficier de la reconnaissance officielle de l&rsquo;Etat \u00e0 travers une distinction dans l&rsquo;ordre national.<\/p>\n<p>Pour rem\u00e9dier \u00e0 cette situation, \u00ab\u00a0il est donc apparu n\u00e9cessaire de susciter l&rsquo;organisation d&rsquo;une journ\u00e9e du m\u00e9rite dans le but, d&rsquo;une part, de mieux faire conna\u00eetre ce grand corps de l&rsquo;Etat \u00e0 l&rsquo;opinion nationale et internationale et d&rsquo;autre part, de c\u00e9l\u00e9brer ses membres pour leurs actions dans le maintien de la paix, la coh\u00e9sion sociale et l&rsquo;unit\u00e9 nationale\u00a0\u00bba d\u00e9clar\u00e9 le Pr\u00e9fet de Taabo.<\/p>\n<p>Pour sa part, le Ministre de l&rsquo;int\u00e9rieur et de la s\u00e9curit\u00e9, par ailleurs Pr\u00e9sident de la c\u00e9r\u00e9monie, Gal Vagondo Diomand\u00e9 a traduit toute la reconnaissance, l&rsquo;engagement constant et le soutien du Chef de l&rsquo;Etat et du gouvernement au corps pr\u00e9fectoral.<br \/>\n&lt;&lt; En am\u00e9nageant mon calendrier pour prendre part \u00e0 cette c\u00e9r\u00e9monie, j&rsquo;ai voulu marquer un symbole, j&rsquo;ai voulu traduire encore une fois l&rsquo;engagement constant et le soutien du Chef de l&rsquo;Etat et celui du gouvernement en faveur du corps pr\u00e9fectoral. Cette engagement s&rsquo;affiche dans notre combat quotidien en vue de garantir le prestige de ce corps d&rsquo;\u00e9lites par l&rsquo;am\u00e9lioration des conditions de vie et de travail des autorit\u00e9s pr\u00e9fectorales \u00e0 la mesure des missions qui leur sont confi\u00e9es&gt;&gt; a indiqu\u00e9 le Ministre de l&rsquo;int\u00e9rieur et de la s\u00e9curit\u00e9.<\/p>\n<p>Cette c\u00e9r\u00e9monie, ajoute-t-il, \u00ab\u00a0s&rsquo;inscrit effectivement dans ma vision de promouvoir une v\u00e9ritable culture de l&rsquo;excellence dans le d\u00e9partement minist\u00e9riel dont j&rsquo;ai la charge gr\u00e2ce \u00e0 SEM le Pr\u00e9sident de la R\u00e9publique Allassane Ouattara, par la reconnaissance du m\u00e9rite de mes collaborateurs, mais aussi elle traduit mon ambition de contribuer \u00e0 la construction d&rsquo;une administration moderne et efficace au service de notre nation\u00a0\u00bb.<\/p>\n<p>Il entend \u00e9galement apporter son soutien \u00e0 la MUSCOP-CI.<br \/>\n&lt;&lt;Je tiens donc \u00e0 vous affirmer ici toute l&rsquo;attention que je voudrais apporter \u00e0 la MUSCOP-CI et de mani\u00e8re g\u00e9n\u00e9rale mon attachement personnel aux valeurs de solidarit\u00e9 qui sont le fondement de votre mouvement mutualiste. Vous b\u00e9n\u00e9ficiez donc de mon soutien et de toute ma confiance je place \u00e9norm\u00e9ment d&rsquo;espoir en vous pour l&rsquo;\u00e9dification d&rsquo;une mutuelle forte avec des hommes qui agissent en coh\u00e9rence avec ses valeurs&gt;&gt; a-t-il rassur\u00e9.<\/p>\n<p>Non sans manquer de r\u00e9it\u00e9rer ses remerciements aux r\u00e9cipiendaires.<br \/>\n&lt;&lt;Je voudrais dire un grand merci \u00e0 nos a\u00een\u00e9s, leur dire qu&rsquo;ils continuent d&rsquo;\u00eatre votre boussole. Nous comptons sur leur encadrement afin de garder le cap, d&rsquo;\u00eatre les dignes h\u00e9ritiers de ceux qu&rsquo;ils ont bien voulu nous l\u00e9guer. Je compte sur vous&gt;&gt; a conclu le ministre Vagondo Diomand\u00e9.<\/p>\n<p>Pour le Porte-parole des r\u00e9cipiendaires ,Pr\u00e9fet de Toumodi, Gueu Patrice, cette journ\u00e9e de reconnaissance et du m\u00e9rite du corps pr\u00e9fectoral \u00ab\u00a0contribue et contribuera \u00e0 l&rsquo;\u00e9panouissement de ses membres qui sont \u00e0 la fin de leur carri\u00e8re professionnelle. Elle marque \u00e0 jamais nos consciences et nous donne un grand sentiment de joie mais surtout nous permet de savoir que l&rsquo;Etat de C\u00f4te d&rsquo;Ivoire nous reconna\u00eet et reste toujours \u00e0 nos c\u00f4tes. C&rsquo;est en cela que je voudrais, chers coll\u00e8gues r\u00e9cipiendaires, nous rappeler que la retraite ne doit pas \u00eatre per\u00e7ue comme une fatalit\u00e9 surtout lorsqu&rsquo;on l&rsquo;atteint avec une relative bonne sant\u00e9. \u00c7a doit \u00eatre plut\u00f4t une joie&gt;&gt; a-t-il soulign\u00e9.<\/p>\n<p>Notons que la c\u00e9r\u00e9monie a \u00e9t\u00e9 meubl\u00e9e un panel portant sur les missions du corps pr\u00e9fectoral, la signature d&rsquo;une convention entre la MUSCOP-CI et la soci\u00e9t\u00e9 de courtage (partenaire), HEBRON ASSURANCE pour la couverture maladie de l&rsquo;ensemble des membres du corps pr\u00e9fectoral de C\u00f4te d&rsquo;Ivoire et la distinction dans l&rsquo;ordre national du m\u00e9rite de vingt et un (21) membres en fin de carri\u00e8re qui doivent faire valoir leur droit \u00e0 la retraite au titre de l&rsquo;ann\u00e9e 2021.<\/p>\n<p>Pour rappel, la MUSCOP-CI a vu le jour le 22 mai 2021. Sa vision est de promouvoir le bien-\u00eatre social de ses agents, de cultiver et renforcer l&rsquo;union et la solidarit\u00e9 entre ses membres, encourager et promouvoir des initiatives d&rsquo;encadrement et renforcer les capacit\u00e9s des membres du corps pr\u00e9fectoral, de favoriser et promouvoir l&rsquo;esprit de corps au sein des membres.<\/p>\n<p>&nbsp;<\/p>\n<p>S.A.<\/p>\n","protected":false},"excerpt":{"rendered":"<p>La premi\u00e8re \u00e9dition de la Journ\u00e9e du M\u00e9rite du Corps Pr\u00e9fectoral a eu lieu ce vendredi 17 d\u00e9cembre 2021 \u00e0 la DGAT(Direction G\u00e9n\u00e9rale de l&rsquo;Administration du Territoire), sise \u00e0 Cocody, en pr\u00e9sence du Ministre de l&rsquo;int\u00e9rieur et de la s\u00e9curit\u00e9, le Gal Vagondo Diomand\u00e9, du Ministre en charge de la Communication, des M\u00e9dias et de [&hellip;]<\/p>\n","protected":false},"author":2,"featured_media":3217,"comment_status":"closed","ping_status":"closed","sticky":true,"template":"","format":"standard","meta":{"_acf_changed":false,"footnotes":""},"categories":[],"tags":[],"class_list":["post-3216","post","type-post","status-publish","format-standard","has-post-thumbnail","hentry"],"acf":[],"yoast_head":"<!-- This site is optimized with the Yoast SEO plugin v27.5 - https:\/\/yoast.com\/product\/yoast-seo-wordpress\/ -->\n<title>Promotion du m\u00e9rite et de l&#039;excellence : Organisation \u00e0 Abidjan de la premi\u00e8re \u00e9dition de la Journ\u00e9e du M\u00e9rite du Corps pr\u00e9fectoral - Amanien| L&#039;actualit\u00e9 Ivoirienne et Internationale<\/title>\n<meta name=\"robots\" content=\"index, follow, max-snippet:-1, max-image-preview:large, max-video-preview:-1\" \/>\n<link rel=\"canonical\" href=\"https:\/\/www.amanien.info\/news\/promotion-du-merite-et-de-lexcellence-organisation-a-abidjan-de-la-premiere-edition-de-la-journee-du-merite-du-corps-prefectoral\/\" \/>\n<meta property=\"og:locale\" content=\"fr_FR\" \/>\n<meta property=\"og:type\" content=\"article\" \/>\n<meta property=\"og:title\" content=\"Promotion du m\u00e9rite et de l&#039;excellence : Organisation \u00e0 Abidjan de la premi\u00e8re \u00e9dition de la Journ\u00e9e du M\u00e9rite du Corps pr\u00e9fectoral - Amanien| L&#039;actualit\u00e9 Ivoirienne et Internationale\" \/>\n<meta property=\"og:description\" content=\"La premi\u00e8re \u00e9dition de la Journ\u00e9e du M\u00e9rite du Corps Pr\u00e9fectoral a eu lieu ce vendredi 17 d\u00e9cembre 2021 \u00e0 la DGAT(Direction G\u00e9n\u00e9rale de l&rsquo;Administration du Territoire), sise \u00e0 Cocody, en pr\u00e9sence du Ministre de l&rsquo;int\u00e9rieur et de la s\u00e9curit\u00e9, le Gal Vagondo Diomand\u00e9, du Ministre en charge de la Communication, des M\u00e9dias et de [&hellip;]\" \/>\n<meta property=\"og:url\" content=\"https:\/\/www.amanien.info\/news\/promotion-du-merite-et-de-lexcellence-organisation-a-abidjan-de-la-premiere-edition-de-la-journee-du-merite-du-corps-prefectoral\/\" \/>\n<meta property=\"og:site_name\" content=\"Amanien| L&#039;actualit\u00e9 Ivoirienne et Internationale\" \/>\n<meta property=\"article:published_time\" content=\"2021-12-21T06:46:10+00:00\" \/>\n<meta property=\"article:modified_time\" content=\"2021-12-21T06:46:44+00:00\" \/>\n<meta property=\"og:image\" content=\"https:\/\/www.amanien.info\/news\/wp-content\/uploads\/2021\/12\/thumbnail-16.jpg\" \/>\n\t<meta property=\"og:image:width\" content=\"900\" \/>\n\t<meta property=\"og:image:height\" content=\"600\" \/>\n\t<meta property=\"og:image:type\" content=\"image\/jpeg\" \/>\n<meta name=\"author\" content=\"Germain Ndri\" \/>\n<meta name=\"twitter:card\" content=\"summary_large_image\" \/>\n<meta name=\"twitter:label1\" content=\"\u00c9crit par\" \/>\n\t<meta name=\"twitter:data1\" content=\"Germain Ndri\" \/>\n\t<meta name=\"twitter:label2\" content=\"Dur\u00e9e de lecture estim\u00e9e\" \/>\n\t<meta name=\"twitter:data2\" content=\"4 minutes\" \/>\n<script type=\"application\/ld+json\" class=\"yoast-schema-graph\">{\"@context\":\"https:\\\/\\\/schema.org\",\"@graph\":[{\"@type\":\"Article\",\"@id\":\"https:\\\/\\\/www.amanien.info\\\/news\\\/promotion-du-merite-et-de-lexcellence-organisation-a-abidjan-de-la-premiere-edition-de-la-journee-du-merite-du-corps-prefectoral\\\/#article\",\"isPartOf\":{\"@id\":\"https:\\\/\\\/www.amanien.info\\\/news\\\/promotion-du-merite-et-de-lexcellence-organisation-a-abidjan-de-la-premiere-edition-de-la-journee-du-merite-du-corps-prefectoral\\\/\"},\"author\":{\"name\":\"Germain Ndri\",\"@id\":\"https:\\\/\\\/www.amanien.info\\\/news\\\/#\\\/schema\\\/person\\\/b21093345753a1a98242d505bd894f42\"},\"headline\":\"Promotion du m\u00e9rite et de l&rsquo;excellence : Organisation \u00e0 Abidjan de la premi\u00e8re \u00e9dition de la Journ\u00e9e du M\u00e9rite du Corps pr\u00e9fectoral\",\"datePublished\":\"2021-12-21T06:46:10+00:00\",\"dateModified\":\"2021-12-21T06:46:44+00:00\",\"mainEntityOfPage\":{\"@id\":\"https:\\\/\\\/www.amanien.info\\\/news\\\/promotion-du-merite-et-de-lexcellence-organisation-a-abidjan-de-la-premiere-edition-de-la-journee-du-merite-du-corps-prefectoral\\\/\"},\"wordCount\":918,\"image\":{\"@id\":\"https:\\\/\\\/www.amanien.info\\\/news\\\/promotion-du-merite-et-de-lexcellence-organisation-a-abidjan-de-la-premiere-edition-de-la-journee-du-merite-du-corps-prefectoral\\\/#primaryimage\"},\"thumbnailUrl\":\"https:\\\/\\\/www.amanien.info\\\/news\\\/wp-content\\\/uploads\\\/2021\\\/12\\\/thumbnail-16.jpg\",\"inLanguage\":\"fr-FR\"},{\"@type\":\"WebPage\",\"@id\":\"https:\\\/\\\/www.amanien.info\\\/news\\\/promotion-du-merite-et-de-lexcellence-organisation-a-abidjan-de-la-premiere-edition-de-la-journee-du-merite-du-corps-prefectoral\\\/\",\"url\":\"https:\\\/\\\/www.amanien.info\\\/news\\\/promotion-du-merite-et-de-lexcellence-organisation-a-abidjan-de-la-premiere-edition-de-la-journee-du-merite-du-corps-prefectoral\\\/\",\"name\":\"Promotion du m\u00e9rite et de l'excellence : Organisation \u00e0 Abidjan de la premi\u00e8re \u00e9dition de la Journ\u00e9e du M\u00e9rite du Corps pr\u00e9fectoral - Amanien| L&#039;actualit\u00e9 Ivoirienne et Internationale\",\"isPartOf\":{\"@id\":\"https:\\\/\\\/www.amanien.info\\\/news\\\/#website\"},\"primaryImageOfPage\":{\"@id\":\"https:\\\/\\\/www.amanien.info\\\/news\\\/promotion-du-merite-et-de-lexcellence-organisation-a-abidjan-de-la-premiere-edition-de-la-journee-du-merite-du-corps-prefectoral\\\/#primaryimage\"},\"image\":{\"@id\":\"https:\\\/\\\/www.amanien.info\\\/news\\\/promotion-du-merite-et-de-lexcellence-organisation-a-abidjan-de-la-premiere-edition-de-la-journee-du-merite-du-corps-prefectoral\\\/#primaryimage\"},\"thumbnailUrl\":\"https:\\\/\\\/www.amanien.info\\\/news\\\/wp-content\\\/uploads\\\/2021\\\/12\\\/thumbnail-16.jpg\",\"datePublished\":\"2021-12-21T06:46:10+00:00\",\"dateModified\":\"2021-12-21T06:46:44+00:00\",\"author\":{\"@id\":\"https:\\\/\\\/www.amanien.info\\\/news\\\/#\\\/schema\\\/person\\\/b21093345753a1a98242d505bd894f42\"},\"breadcrumb\":{\"@id\":\"https:\\\/\\\/www.amanien.info\\\/news\\\/promotion-du-merite-et-de-lexcellence-organisation-a-abidjan-de-la-premiere-edition-de-la-journee-du-merite-du-corps-prefectoral\\\/#breadcrumb\"},\"inLanguage\":\"fr-FR\",\"potentialAction\":[{\"@type\":\"ReadAction\",\"target\":[\"https:\\\/\\\/www.amanien.info\\\/news\\\/promotion-du-merite-et-de-lexcellence-organisation-a-abidjan-de-la-premiere-edition-de-la-journee-du-merite-du-corps-prefectoral\\\/\"]}]},{\"@type\":\"ImageObject\",\"inLanguage\":\"fr-FR\",\"@id\":\"https:\\\/\\\/www.amanien.info\\\/news\\\/promotion-du-merite-et-de-lexcellence-organisation-a-abidjan-de-la-premiere-edition-de-la-journee-du-merite-du-corps-prefectoral\\\/#primaryimage\",\"url\":\"https:\\\/\\\/www.amanien.info\\\/news\\\/wp-content\\\/uploads\\\/2021\\\/12\\\/thumbnail-16.jpg\",\"contentUrl\":\"https:\\\/\\\/www.amanien.info\\\/news\\\/wp-content\\\/uploads\\\/2021\\\/12\\\/thumbnail-16.jpg\",\"width\":900,\"height\":600},{\"@type\":\"BreadcrumbList\",\"@id\":\"https:\\\/\\\/www.amanien.info\\\/news\\\/promotion-du-merite-et-de-lexcellence-organisation-a-abidjan-de-la-premiere-edition-de-la-journee-du-merite-du-corps-prefectoral\\\/#breadcrumb\",\"itemListElement\":[{\"@type\":\"ListItem\",\"position\":1,\"name\":\"Accueil\",\"item\":\"https:\\\/\\\/www.amanien.info\\\/news\\\/\"},{\"@type\":\"ListItem\",\"position\":2,\"name\":\"Promotion du m\u00e9rite et de l&rsquo;excellence : Organisation \u00e0 Abidjan de la premi\u00e8re \u00e9dition de la Journ\u00e9e du M\u00e9rite du Corps pr\u00e9fectoral\"}]},{\"@type\":\"WebSite\",\"@id\":\"https:\\\/\\\/www.amanien.info\\\/news\\\/#website\",\"url\":\"https:\\\/\\\/www.amanien.info\\\/news\\\/\",\"name\":\"Amanien| L&#039;actualit\u00e9 Ivoirienne et Internationale\",\"description\":\"L&#039;actualit\u00e9 Ivoirienne et Internationale\",\"potentialAction\":[{\"@type\":\"SearchAction\",\"target\":{\"@type\":\"EntryPoint\",\"urlTemplate\":\"https:\\\/\\\/www.amanien.info\\\/news\\\/?s={search_term_string}\"},\"query-input\":{\"@type\":\"PropertyValueSpecification\",\"valueRequired\":true,\"valueName\":\"search_term_string\"}}],\"inLanguage\":\"fr-FR\"},{\"@type\":\"Person\",\"@id\":\"https:\\\/\\\/www.amanien.info\\\/news\\\/#\\\/schema\\\/person\\\/b21093345753a1a98242d505bd894f42\",\"name\":\"Germain Ndri\",\"url\":\"https:\\\/\\\/www.amanien.info\\\/news\\\/author\\\/amanien-infos\\\/\"}]}<\/script>\n<!-- \/ Yoast SEO plugin. -->","yoast_head_json":{"title":"Promotion du m\u00e9rite et de l'excellence : Organisation \u00e0 Abidjan de la premi\u00e8re \u00e9dition de la Journ\u00e9e du M\u00e9rite du Corps pr\u00e9fectoral - Amanien| L&#039;actualit\u00e9 Ivoirienne et Internationale","robots":{"index":"index","follow":"follow","max-snippet":"max-snippet:-1","max-image-preview":"max-image-preview:large","max-video-preview":"max-video-preview:-1"},"canonical":"https:\/\/www.amanien.info\/news\/promotion-du-merite-et-de-lexcellence-organisation-a-abidjan-de-la-premiere-edition-de-la-journee-du-merite-du-corps-prefectoral\/","og_locale":"fr_FR","og_type":"article","og_title":"Promotion du m\u00e9rite et de l'excellence : Organisation \u00e0 Abidjan de la premi\u00e8re \u00e9dition de la Journ\u00e9e du M\u00e9rite du Corps pr\u00e9fectoral - Amanien| L&#039;actualit\u00e9 Ivoirienne et Internationale","og_description":"La premi\u00e8re \u00e9dition de la Journ\u00e9e du M\u00e9rite du Corps Pr\u00e9fectoral a eu lieu ce vendredi 17 d\u00e9cembre 2021 \u00e0 la DGAT(Direction G\u00e9n\u00e9rale de l&rsquo;Administration du Territoire), sise \u00e0 Cocody, en pr\u00e9sence du Ministre de l&rsquo;int\u00e9rieur et de la s\u00e9curit\u00e9, le Gal Vagondo Diomand\u00e9, du Ministre en charge de la Communication, des M\u00e9dias et de [&hellip;]","og_url":"https:\/\/www.amanien.info\/news\/promotion-du-merite-et-de-lexcellence-organisation-a-abidjan-de-la-premiere-edition-de-la-journee-du-merite-du-corps-prefectoral\/","og_site_name":"Amanien| L&#039;actualit\u00e9 Ivoirienne et Internationale","article_published_time":"2021-12-21T06:46:10+00:00","article_modified_time":"2021-12-21T06:46:44+00:00","og_image":[{"width":900,"height":600,"url":"https:\/\/www.amanien.info\/news\/wp-content\/uploads\/2021\/12\/thumbnail-16.jpg","type":"image\/jpeg"}],"author":"Germain Ndri","twitter_card":"summary_large_image","twitter_misc":{"\u00c9crit par":"Germain Ndri","Dur\u00e9e de lecture estim\u00e9e":"4 minutes"},"schema":{"@context":"https:\/\/schema.org","@graph":[{"@type":"Article","@id":"https:\/\/www.amanien.info\/news\/promotion-du-merite-et-de-lexcellence-organisation-a-abidjan-de-la-premiere-edition-de-la-journee-du-merite-du-corps-prefectoral\/#article","isPartOf":{"@id":"https:\/\/www.amanien.info\/news\/promotion-du-merite-et-de-lexcellence-organisation-a-abidjan-de-la-premiere-edition-de-la-journee-du-merite-du-corps-prefectoral\/"},"author":{"name":"Germain Ndri","@id":"https:\/\/www.amanien.info\/news\/#\/schema\/person\/b21093345753a1a98242d505bd894f42"},"headline":"Promotion du m\u00e9rite et de l&rsquo;excellence : Organisation \u00e0 Abidjan de la premi\u00e8re \u00e9dition de la Journ\u00e9e du M\u00e9rite du Corps pr\u00e9fectoral","datePublished":"2021-12-21T06:46:10+00:00","dateModified":"2021-12-21T06:46:44+00:00","mainEntityOfPage":{"@id":"https:\/\/www.amanien.info\/news\/promotion-du-merite-et-de-lexcellence-organisation-a-abidjan-de-la-premiere-edition-de-la-journee-du-merite-du-corps-prefectoral\/"},"wordCount":918,"image":{"@id":"https:\/\/www.amanien.info\/news\/promotion-du-merite-et-de-lexcellence-organisation-a-abidjan-de-la-premiere-edition-de-la-journee-du-merite-du-corps-prefectoral\/#primaryimage"},"thumbnailUrl":"https:\/\/www.amanien.info\/news\/wp-content\/uploads\/2021\/12\/thumbnail-16.jpg","inLanguage":"fr-FR"},{"@type":"WebPage","@id":"https:\/\/www.amanien.info\/news\/promotion-du-merite-et-de-lexcellence-organisation-a-abidjan-de-la-premiere-edition-de-la-journee-du-merite-du-corps-prefectoral\/","url":"https:\/\/www.amanien.info\/news\/promotion-du-merite-et-de-lexcellence-organisation-a-abidjan-de-la-premiere-edition-de-la-journee-du-merite-du-corps-prefectoral\/","name":"Promotion du m\u00e9rite et de l'excellence : Organisation \u00e0 Abidjan de la premi\u00e8re \u00e9dition de la Journ\u00e9e du M\u00e9rite du Corps pr\u00e9fectoral - Amanien| L&#039;actualit\u00e9 Ivoirienne et Internationale","isPartOf":{"@id":"https:\/\/www.amanien.info\/news\/#website"},"primaryImageOfPage":{"@id":"https:\/\/www.amanien.info\/news\/promotion-du-merite-et-de-lexcellence-organisation-a-abidjan-de-la-premiere-edition-de-la-journee-du-merite-du-corps-prefectoral\/#primaryimage"},"image":{"@id":"https:\/\/www.amanien.info\/news\/promotion-du-merite-et-de-lexcellence-organisation-a-abidjan-de-la-premiere-edition-de-la-journee-du-merite-du-corps-prefectoral\/#primaryimage"},"thumbnailUrl":"https:\/\/www.amanien.info\/news\/wp-content\/uploads\/2021\/12\/thumbnail-16.jpg","datePublished":"2021-12-21T06:46:10+00:00","dateModified":"2021-12-21T06:46:44+00:00","author":{"@id":"https:\/\/www.amanien.info\/news\/#\/schema\/person\/b21093345753a1a98242d505bd894f42"},"breadcrumb":{"@id":"https:\/\/www.amanien.info\/news\/promotion-du-merite-et-de-lexcellence-organisation-a-abidjan-de-la-premiere-edition-de-la-journee-du-merite-du-corps-prefectoral\/#breadcrumb"},"inLanguage":"fr-FR","potentialAction":[{"@type":"ReadAction","target":["https:\/\/www.amanien.info\/news\/promotion-du-merite-et-de-lexcellence-organisation-a-abidjan-de-la-premiere-edition-de-la-journee-du-merite-du-corps-prefectoral\/"]}]},{"@type":"ImageObject","inLanguage":"fr-FR","@id":"https:\/\/www.amanien.info\/news\/promotion-du-merite-et-de-lexcellence-organisation-a-abidjan-de-la-premiere-edition-de-la-journee-du-merite-du-corps-prefectoral\/#primaryimage","url":"https:\/\/www.amanien.info\/news\/wp-content\/uploads\/2021\/12\/thumbnail-16.jpg","contentUrl":"https:\/\/www.amanien.info\/news\/wp-content\/uploads\/2021\/12\/thumbnail-16.jpg","width":900,"height":600},{"@type":"BreadcrumbList","@id":"https:\/\/www.amanien.info\/news\/promotion-du-merite-et-de-lexcellence-organisation-a-abidjan-de-la-premiere-edition-de-la-journee-du-merite-du-corps-prefectoral\/#breadcrumb","itemListElement":[{"@type":"ListItem","position":1,"name":"Accueil","item":"https:\/\/www.amanien.info\/news\/"},{"@type":"ListItem","position":2,"name":"Promotion du m\u00e9rite et de l&rsquo;excellence : Organisation \u00e0 Abidjan de la premi\u00e8re \u00e9dition de la Journ\u00e9e du M\u00e9rite du Corps pr\u00e9fectoral"}]},{"@type":"WebSite","@id":"https:\/\/www.amanien.info\/news\/#website","url":"https:\/\/www.amanien.info\/news\/","name":"Amanien| L&#039;actualit\u00e9 Ivoirienne et Internationale","description":"L&#039;actualit\u00e9 Ivoirienne et Internationale","potentialAction":[{"@type":"SearchAction","target":{"@type":"EntryPoint","urlTemplate":"https:\/\/www.amanien.info\/news\/?s={search_term_string}"},"query-input":{"@type":"PropertyValueSpecification","valueRequired":true,"valueName":"search_term_string"}}],"inLanguage":"fr-FR"},{"@type":"Person","@id":"https:\/\/www.amanien.info\/news\/#\/schema\/person\/b21093345753a1a98242d505bd894f42","name":"Germain Ndri","url":"https:\/\/www.amanien.info\/news\/author\/amanien-infos\/"}]}},"_links":{"self":[{"href":"https:\/\/www.amanien.info\/news\/wp-json\/wp\/v2\/posts\/3216","targetHints":{"allow":["GET"]}}],"collection":[{"href":"https:\/\/www.amanien.info\/news\/wp-json\/wp\/v2\/posts"}],"about":[{"href":"https:\/\/www.amanien.info\/news\/wp-json\/wp\/v2\/types\/post"}],"author":[{"embeddable":true,"href":"https:\/\/www.amanien.info\/news\/wp-json\/wp\/v2\/users\/2"}],"replies":[{"embeddable":true,"href":"https:\/\/www.amanien.info\/news\/wp-json\/wp\/v2\/comments?post=3216"}],"version-history":[{"count":1,"href":"https:\/\/www.amanien.info\/news\/wp-json\/wp\/v2\/posts\/3216\/revisions"}],"predecessor-version":[{"id":3218,"href":"https:\/\/www.amanien.info\/news\/wp-json\/wp\/v2\/posts\/3216\/revisions\/3218"}],"wp:featuredmedia":[{"embeddable":true,"href":"https:\/\/www.amanien.info\/news\/wp-json\/wp\/v2\/media\/3217"}],"wp:attachment":[{"href":"https:\/\/www.amanien.info\/news\/wp-json\/wp\/v2\/media?parent=3216"}],"wp:term":[{"taxonomy":"category","embeddable":true,"href":"https:\/\/www.amanien.info\/news\/wp-json\/wp\/v2\/categories?post=3216"},{"taxonomy":"post_tag","embeddable":true,"href":"https:\/\/www.amanien.info\/news\/wp-json\/wp\/v2\/tags?post=3216"}],"curies":[{"name":"wp","href":"https:\/\/api.w.org\/{rel}","templated":true}]}}