{"id":3213,"date":"2021-12-21T06:43:01","date_gmt":"2021-12-21T06:43:01","guid":{"rendered":"https:\/\/www.https:\/\/zozo.buyee.jp\/\/news\/?p=3213"},"modified":"2021-12-21T06:43:34","modified_gmt":"2021-12-21T06:43:34","slug":"rentree-solennelle-2021-2022-de-l-ascad-le-respect-des-valeurs-culturelles-souhaite","status":"publish","type":"post","link":"https:\/\/www.amanien.info\/news\/rentree-solennelle-2021-2022-de-l-ascad-le-respect-des-valeurs-culturelles-souhaite\/","title":{"rendered":"Rentr\u00e9e solennelle 2021-2022 de l&rsquo; ASCAD: Le respect des valeurs culturelles souhait\u00e9"},"content":{"rendered":"<div class=\"I_52qC D_FY W_6D6F\" data-test-id=\"message-view-body\">\n<div class=\"msg-body P_wpofO mq_AS\" data-test-id=\"message-view-body-content\">\n<div class=\"jb_0 X_6MGW N_6Fd5\">\n<div>\n<div id=\"yiv9428416552\">\n<div>\n<div>\u00a0L&rsquo; Acad\u00e9mie des Sciences, des Arts, des Cultures d&rsquo; Afrique et des Diaporas africaine ( ASCAD), a organis\u00e9 sa rentr\u00e9e acad\u00e9mique 2021-2022, du 13 au 15 d\u00e9cembre \u00e0 l&rsquo; espace Latrille Events. En collaboration avec la F\u00e9d\u00e9ration des inventeurs et innovateurs de C\u00f4te d&rsquo;Ivoire (FEDINCI).\u00a0 La conf\u00e9rence d&rsquo; ouverture avait pour th\u00e8me \u00a0\u00bb Pratiques culturelles, \u00e9ducation et d\u00e9veloppement\u00a0\u00bb anim\u00e9e par le Dr Yebouet Henri. Les diff\u00e9rents intervenants ont souhait\u00e9 le respect de nos valeurs culturelles, qui peuvent aider au d\u00e9veloppement.Cette rentr\u00e9e acad\u00e9mique a enregistr\u00e9 plusieurs communications,\u00a0 dont celle du Pr Aboudou Camille Prosper, sur le th\u00e8me \u00a0\u00bb Langues et appropriation du d\u00e9veloppement en C\u00f4te d&rsquo;Ivoire\u00a0\u00bb, avec comme mod\u00e9rateur Pierre Djibril Coulibaly, pr\u00e9sident de la Fedinci. La rentr\u00e9e Solennelle s\u2019est achev\u00e9e le Mercredi 15 d\u00e9cembre 2021, par une S\u00e9ance Acad\u00e9mique. Avec au programme la diffusion d\u2019un film institutionnel, l\u2019inscription du \u00a0\u00bb Goli\u00a0\u00bb au Palmar\u00e8s de l\u2019ASCAD\u00a0 et\u00a0 la Le\u00e7on Inaugurale qui avait pour th\u00e8me \u00ab\u00a0l\u2019\u00e9ducation et l\u2019avenir de la Nation\u00a0\u00bb anim\u00e9 par le Pr Sidib\u00e9 Valy membre du domaine Lettres et Sciences Humaines de l\u2019ASCAD et ancien Directeur G\u00e9n\u00e9ral de l&rsquo; \u00c9cole Normale Sup\u00e9rieure.<\/div>\n<p>Le conf\u00e9rencier a soulign\u00e9 que l&rsquo; on doit inculquer des valeurs \u00e0 l&rsquo; enfant d\u00e8s le bas \u00e2ge. Selon lui, la meilleure m\u00e9thode pour une Nation d\u2019\u00e9voluer de mani\u00e8re efficace, rigoureuse et durable est de s\u2019ancrer d\u2019abord dans ses dimensions culturelles,\u00a0 gage s\u00fbr d\u2019un avenir meilleur.<br \/>\nL \u2019Acad\u00e9mie des Sciences des Arts, des Cultures d\u2019Afrique et des Diasporas Africaines (ASCAD) est une Soci\u00e9t\u00e9 savante ind\u00e9pendante, rattach\u00e9e \u00e0 la Pr\u00e9sidence de la r\u00e9publique. Le pr\u00e9sident de l&rsquo; Ascad le Pr Asseypo, a relev\u00e9 que l&rsquo;\u00e9conomie du savoir est comparable \u00e0 toutes les autres \u00e9conomies.<\/p>\n<div>C.W<\/div>\n<\/div>\n<\/div>\n<\/div>\n<\/div>\n<\/div>\n<div class=\"jb_0 X_6MGW N_6Fd5\"><\/div>\n<\/div>\n<div class=\"H_7jIs D_F ab_C Q_69H5 E_36RhU\" data-test-id=\"toolbar-hover-area\">\n<div class=\"D_F W_6D6F r_BN gl_C\" data-test-id=\"card-toolbar\">\n<div class=\"D_F ab_C en_0 b_Z14vXdP e_3mS2U I_52qC P_Z1otBpf\">\n<ul class=\"hd_n P_0 H_6D6F M_0 ir3_0 iy_h D_F ab_C\" tabindex=\"0\" role=\"menubar\" data-test-id=\"navigable-list\">\n<li class=\"G_e p_R\" role=\"menuitem\"><\/li>\n<\/ul>\n<\/div>\n<\/div>\n<\/div>\n","protected":false},"excerpt":{"rendered":"<p>\u00a0L&rsquo; Acad\u00e9mie des Sciences, des Arts, des Cultures d&rsquo; Afrique et des Diaporas africaine ( ASCAD), a organis\u00e9 sa rentr\u00e9e acad\u00e9mique 2021-2022, du 13 au 15 d\u00e9cembre \u00e0 l&rsquo; espace Latrille Events. En collaboration avec la F\u00e9d\u00e9ration des inventeurs et innovateurs de C\u00f4te d&rsquo;Ivoire (FEDINCI).\u00a0 La conf\u00e9rence d&rsquo; ouverture avait pour th\u00e8me \u00a0\u00bb Pratiques culturelles, [&hellip;]<\/p>\n","protected":false},"author":2,"featured_media":3214,"comment_status":"closed","ping_status":"closed","sticky":true,"template":"","format":"standard","meta":{"_acf_changed":false,"footnotes":""},"categories":[],"tags":[],"class_list":["post-3213","post","type-post","status-publish","format-standard","has-post-thumbnail","hentry"],"acf":[],"yoast_head":"<!-- This site is optimized with the Yoast SEO plugin v27.5 - https:\/\/yoast.com\/product\/yoast-seo-wordpress\/ -->\n<title>Rentr\u00e9e solennelle 2021-2022 de l&#039; ASCAD: Le respect des valeurs culturelles souhait\u00e9 - Amanien| L&#039;actualit\u00e9 Ivoirienne et Internationale<\/title>\n<meta name=\"robots\" content=\"index, follow, max-snippet:-1, max-image-preview:large, max-video-preview:-1\" \/>\n<link rel=\"canonical\" href=\"https:\/\/www.amanien.info\/news\/rentree-solennelle-2021-2022-de-l-ascad-le-respect-des-valeurs-culturelles-souhaite\/\" \/>\n<meta property=\"og:locale\" content=\"fr_FR\" \/>\n<meta property=\"og:type\" content=\"article\" \/>\n<meta property=\"og:title\" content=\"Rentr\u00e9e solennelle 2021-2022 de l&#039; ASCAD: Le respect des valeurs culturelles souhait\u00e9 - Amanien| L&#039;actualit\u00e9 Ivoirienne et Internationale\" \/>\n<meta property=\"og:description\" content=\"\u00a0L&rsquo; Acad\u00e9mie des Sciences, des Arts, des Cultures d&rsquo; Afrique et des Diaporas africaine ( ASCAD), a organis\u00e9 sa rentr\u00e9e acad\u00e9mique 2021-2022, du 13 au 15 d\u00e9cembre \u00e0 l&rsquo; espace Latrille Events. En collaboration avec la F\u00e9d\u00e9ration des inventeurs et innovateurs de C\u00f4te d&rsquo;Ivoire (FEDINCI).\u00a0 La conf\u00e9rence d&rsquo; ouverture avait pour th\u00e8me \u00a0\u00bb Pratiques culturelles, [&hellip;]\" \/>\n<meta property=\"og:url\" content=\"https:\/\/www.amanien.info\/news\/rentree-solennelle-2021-2022-de-l-ascad-le-respect-des-valeurs-culturelles-souhaite\/\" \/>\n<meta property=\"og:site_name\" content=\"Amanien| L&#039;actualit\u00e9 Ivoirienne et Internationale\" \/>\n<meta property=\"article:published_time\" content=\"2021-12-21T06:43:01+00:00\" \/>\n<meta property=\"article:modified_time\" content=\"2021-12-21T06:43:34+00:00\" \/>\n<meta property=\"og:image\" content=\"https:\/\/www.amanien.info\/news\/wp-content\/uploads\/2021\/12\/thumbnail-15.jpg\" \/>\n\t<meta property=\"og:image:width\" content=\"600\" \/>\n\t<meta property=\"og:image:height\" content=\"615\" \/>\n\t<meta property=\"og:image:type\" content=\"image\/jpeg\" \/>\n<meta name=\"author\" content=\"Germain Ndri\" \/>\n<meta name=\"twitter:card\" content=\"summary_large_image\" \/>\n<meta name=\"twitter:label1\" content=\"\u00c9crit par\" \/>\n\t<meta name=\"twitter:data1\" content=\"Germain Ndri\" \/>\n\t<meta name=\"twitter:label2\" content=\"Dur\u00e9e de lecture estim\u00e9e\" \/>\n\t<meta name=\"twitter:data2\" content=\"2 minutes\" \/>\n<script type=\"application\/ld+json\" class=\"yoast-schema-graph\">{\"@context\":\"https:\\\/\\\/schema.org\",\"@graph\":[{\"@type\":\"Article\",\"@id\":\"https:\\\/\\\/www.amanien.info\\\/news\\\/rentree-solennelle-2021-2022-de-l-ascad-le-respect-des-valeurs-culturelles-souhaite\\\/#article\",\"isPartOf\":{\"@id\":\"https:\\\/\\\/www.amanien.info\\\/news\\\/rentree-solennelle-2021-2022-de-l-ascad-le-respect-des-valeurs-culturelles-souhaite\\\/\"},\"author\":{\"name\":\"Germain Ndri\",\"@id\":\"https:\\\/\\\/www.amanien.info\\\/news\\\/#\\\/schema\\\/person\\\/b21093345753a1a98242d505bd894f42\"},\"headline\":\"Rentr\u00e9e solennelle 2021-2022 de l&rsquo; ASCAD: Le respect des valeurs culturelles souhait\u00e9\",\"datePublished\":\"2021-12-21T06:43:01+00:00\",\"dateModified\":\"2021-12-21T06:43:34+00:00\",\"mainEntityOfPage\":{\"@id\":\"https:\\\/\\\/www.amanien.info\\\/news\\\/rentree-solennelle-2021-2022-de-l-ascad-le-respect-des-valeurs-culturelles-souhaite\\\/\"},\"wordCount\":338,\"image\":{\"@id\":\"https:\\\/\\\/www.amanien.info\\\/news\\\/rentree-solennelle-2021-2022-de-l-ascad-le-respect-des-valeurs-culturelles-souhaite\\\/#primaryimage\"},\"thumbnailUrl\":\"https:\\\/\\\/www.amanien.info\\\/news\\\/wp-content\\\/uploads\\\/2021\\\/12\\\/thumbnail-15.jpg\",\"inLanguage\":\"fr-FR\"},{\"@type\":\"WebPage\",\"@id\":\"https:\\\/\\\/www.amanien.info\\\/news\\\/rentree-solennelle-2021-2022-de-l-ascad-le-respect-des-valeurs-culturelles-souhaite\\\/\",\"url\":\"https:\\\/\\\/www.amanien.info\\\/news\\\/rentree-solennelle-2021-2022-de-l-ascad-le-respect-des-valeurs-culturelles-souhaite\\\/\",\"name\":\"Rentr\u00e9e solennelle 2021-2022 de l' ASCAD: Le respect des valeurs culturelles souhait\u00e9 - Amanien| L&#039;actualit\u00e9 Ivoirienne et Internationale\",\"isPartOf\":{\"@id\":\"https:\\\/\\\/www.amanien.info\\\/news\\\/#website\"},\"primaryImageOfPage\":{\"@id\":\"https:\\\/\\\/www.amanien.info\\\/news\\\/rentree-solennelle-2021-2022-de-l-ascad-le-respect-des-valeurs-culturelles-souhaite\\\/#primaryimage\"},\"image\":{\"@id\":\"https:\\\/\\\/www.amanien.info\\\/news\\\/rentree-solennelle-2021-2022-de-l-ascad-le-respect-des-valeurs-culturelles-souhaite\\\/#primaryimage\"},\"thumbnailUrl\":\"https:\\\/\\\/www.amanien.info\\\/news\\\/wp-content\\\/uploads\\\/2021\\\/12\\\/thumbnail-15.jpg\",\"datePublished\":\"2021-12-21T06:43:01+00:00\",\"dateModified\":\"2021-12-21T06:43:34+00:00\",\"author\":{\"@id\":\"https:\\\/\\\/www.amanien.info\\\/news\\\/#\\\/schema\\\/person\\\/b21093345753a1a98242d505bd894f42\"},\"breadcrumb\":{\"@id\":\"https:\\\/\\\/www.amanien.info\\\/news\\\/rentree-solennelle-2021-2022-de-l-ascad-le-respect-des-valeurs-culturelles-souhaite\\\/#breadcrumb\"},\"inLanguage\":\"fr-FR\",\"potentialAction\":[{\"@type\":\"ReadAction\",\"target\":[\"https:\\\/\\\/www.amanien.info\\\/news\\\/rentree-solennelle-2021-2022-de-l-ascad-le-respect-des-valeurs-culturelles-souhaite\\\/\"]}]},{\"@type\":\"ImageObject\",\"inLanguage\":\"fr-FR\",\"@id\":\"https:\\\/\\\/www.amanien.info\\\/news\\\/rentree-solennelle-2021-2022-de-l-ascad-le-respect-des-valeurs-culturelles-souhaite\\\/#primaryimage\",\"url\":\"https:\\\/\\\/www.amanien.info\\\/news\\\/wp-content\\\/uploads\\\/2021\\\/12\\\/thumbnail-15.jpg\",\"contentUrl\":\"https:\\\/\\\/www.amanien.info\\\/news\\\/wp-content\\\/uploads\\\/2021\\\/12\\\/thumbnail-15.jpg\",\"width\":600,\"height\":615},{\"@type\":\"BreadcrumbList\",\"@id\":\"https:\\\/\\\/www.amanien.info\\\/news\\\/rentree-solennelle-2021-2022-de-l-ascad-le-respect-des-valeurs-culturelles-souhaite\\\/#breadcrumb\",\"itemListElement\":[{\"@type\":\"ListItem\",\"position\":1,\"name\":\"Accueil\",\"item\":\"https:\\\/\\\/www.amanien.info\\\/news\\\/\"},{\"@type\":\"ListItem\",\"position\":2,\"name\":\"Rentr\u00e9e solennelle 2021-2022 de l&rsquo; ASCAD: Le respect des valeurs culturelles souhait\u00e9\"}]},{\"@type\":\"WebSite\",\"@id\":\"https:\\\/\\\/www.amanien.info\\\/news\\\/#website\",\"url\":\"https:\\\/\\\/www.amanien.info\\\/news\\\/\",\"name\":\"Amanien| L&#039;actualit\u00e9 Ivoirienne et Internationale\",\"description\":\"L&#039;actualit\u00e9 Ivoirienne et Internationale\",\"potentialAction\":[{\"@type\":\"SearchAction\",\"target\":{\"@type\":\"EntryPoint\",\"urlTemplate\":\"https:\\\/\\\/www.amanien.info\\\/news\\\/?s={search_term_string}\"},\"query-input\":{\"@type\":\"PropertyValueSpecification\",\"valueRequired\":true,\"valueName\":\"search_term_string\"}}],\"inLanguage\":\"fr-FR\"},{\"@type\":\"Person\",\"@id\":\"https:\\\/\\\/www.amanien.info\\\/news\\\/#\\\/schema\\\/person\\\/b21093345753a1a98242d505bd894f42\",\"name\":\"Germain Ndri\",\"url\":\"https:\\\/\\\/www.amanien.info\\\/news\\\/author\\\/amanien-infos\\\/\"}]}<\/script>\n<!-- \/ Yoast SEO plugin. -->","yoast_head_json":{"title":"Rentr\u00e9e solennelle 2021-2022 de l' ASCAD: Le respect des valeurs culturelles souhait\u00e9 - Amanien| L&#039;actualit\u00e9 Ivoirienne et Internationale","robots":{"index":"index","follow":"follow","max-snippet":"max-snippet:-1","max-image-preview":"max-image-preview:large","max-video-preview":"max-video-preview:-1"},"canonical":"https:\/\/www.amanien.info\/news\/rentree-solennelle-2021-2022-de-l-ascad-le-respect-des-valeurs-culturelles-souhaite\/","og_locale":"fr_FR","og_type":"article","og_title":"Rentr\u00e9e solennelle 2021-2022 de l' ASCAD: Le respect des valeurs culturelles souhait\u00e9 - Amanien| L&#039;actualit\u00e9 Ivoirienne et Internationale","og_description":"\u00a0L&rsquo; Acad\u00e9mie des Sciences, des Arts, des Cultures d&rsquo; Afrique et des Diaporas africaine ( ASCAD), a organis\u00e9 sa rentr\u00e9e acad\u00e9mique 2021-2022, du 13 au 15 d\u00e9cembre \u00e0 l&rsquo; espace Latrille Events. En collaboration avec la F\u00e9d\u00e9ration des inventeurs et innovateurs de C\u00f4te d&rsquo;Ivoire (FEDINCI).\u00a0 La conf\u00e9rence d&rsquo; ouverture avait pour th\u00e8me \u00a0\u00bb Pratiques culturelles, [&hellip;]","og_url":"https:\/\/www.amanien.info\/news\/rentree-solennelle-2021-2022-de-l-ascad-le-respect-des-valeurs-culturelles-souhaite\/","og_site_name":"Amanien| L&#039;actualit\u00e9 Ivoirienne et Internationale","article_published_time":"2021-12-21T06:43:01+00:00","article_modified_time":"2021-12-21T06:43:34+00:00","og_image":[{"width":600,"height":615,"url":"https:\/\/www.amanien.info\/news\/wp-content\/uploads\/2021\/12\/thumbnail-15.jpg","type":"image\/jpeg"}],"author":"Germain Ndri","twitter_card":"summary_large_image","twitter_misc":{"\u00c9crit par":"Germain Ndri","Dur\u00e9e de lecture estim\u00e9e":"2 minutes"},"schema":{"@context":"https:\/\/schema.org","@graph":[{"@type":"Article","@id":"https:\/\/www.amanien.info\/news\/rentree-solennelle-2021-2022-de-l-ascad-le-respect-des-valeurs-culturelles-souhaite\/#article","isPartOf":{"@id":"https:\/\/www.amanien.info\/news\/rentree-solennelle-2021-2022-de-l-ascad-le-respect-des-valeurs-culturelles-souhaite\/"},"author":{"name":"Germain Ndri","@id":"https:\/\/www.amanien.info\/news\/#\/schema\/person\/b21093345753a1a98242d505bd894f42"},"headline":"Rentr\u00e9e solennelle 2021-2022 de l&rsquo; ASCAD: Le respect des valeurs culturelles souhait\u00e9","datePublished":"2021-12-21T06:43:01+00:00","dateModified":"2021-12-21T06:43:34+00:00","mainEntityOfPage":{"@id":"https:\/\/www.amanien.info\/news\/rentree-solennelle-2021-2022-de-l-ascad-le-respect-des-valeurs-culturelles-souhaite\/"},"wordCount":338,"image":{"@id":"https:\/\/www.amanien.info\/news\/rentree-solennelle-2021-2022-de-l-ascad-le-respect-des-valeurs-culturelles-souhaite\/#primaryimage"},"thumbnailUrl":"https:\/\/www.amanien.info\/news\/wp-content\/uploads\/2021\/12\/thumbnail-15.jpg","inLanguage":"fr-FR"},{"@type":"WebPage","@id":"https:\/\/www.amanien.info\/news\/rentree-solennelle-2021-2022-de-l-ascad-le-respect-des-valeurs-culturelles-souhaite\/","url":"https:\/\/www.amanien.info\/news\/rentree-solennelle-2021-2022-de-l-ascad-le-respect-des-valeurs-culturelles-souhaite\/","name":"Rentr\u00e9e solennelle 2021-2022 de l' ASCAD: Le respect des valeurs culturelles souhait\u00e9 - Amanien| L&#039;actualit\u00e9 Ivoirienne et Internationale","isPartOf":{"@id":"https:\/\/www.amanien.info\/news\/#website"},"primaryImageOfPage":{"@id":"https:\/\/www.amanien.info\/news\/rentree-solennelle-2021-2022-de-l-ascad-le-respect-des-valeurs-culturelles-souhaite\/#primaryimage"},"image":{"@id":"https:\/\/www.amanien.info\/news\/rentree-solennelle-2021-2022-de-l-ascad-le-respect-des-valeurs-culturelles-souhaite\/#primaryimage"},"thumbnailUrl":"https:\/\/www.amanien.info\/news\/wp-content\/uploads\/2021\/12\/thumbnail-15.jpg","datePublished":"2021-12-21T06:43:01+00:00","dateModified":"2021-12-21T06:43:34+00:00","author":{"@id":"https:\/\/www.amanien.info\/news\/#\/schema\/person\/b21093345753a1a98242d505bd894f42"},"breadcrumb":{"@id":"https:\/\/www.amanien.info\/news\/rentree-solennelle-2021-2022-de-l-ascad-le-respect-des-valeurs-culturelles-souhaite\/#breadcrumb"},"inLanguage":"fr-FR","potentialAction":[{"@type":"ReadAction","target":["https:\/\/www.amanien.info\/news\/rentree-solennelle-2021-2022-de-l-ascad-le-respect-des-valeurs-culturelles-souhaite\/"]}]},{"@type":"ImageObject","inLanguage":"fr-FR","@id":"https:\/\/www.amanien.info\/news\/rentree-solennelle-2021-2022-de-l-ascad-le-respect-des-valeurs-culturelles-souhaite\/#primaryimage","url":"https:\/\/www.amanien.info\/news\/wp-content\/uploads\/2021\/12\/thumbnail-15.jpg","contentUrl":"https:\/\/www.amanien.info\/news\/wp-content\/uploads\/2021\/12\/thumbnail-15.jpg","width":600,"height":615},{"@type":"BreadcrumbList","@id":"https:\/\/www.amanien.info\/news\/rentree-solennelle-2021-2022-de-l-ascad-le-respect-des-valeurs-culturelles-souhaite\/#breadcrumb","itemListElement":[{"@type":"ListItem","position":1,"name":"Accueil","item":"https:\/\/www.amanien.info\/news\/"},{"@type":"ListItem","position":2,"name":"Rentr\u00e9e solennelle 2021-2022 de l&rsquo; ASCAD: Le respect des valeurs culturelles souhait\u00e9"}]},{"@type":"WebSite","@id":"https:\/\/www.amanien.info\/news\/#website","url":"https:\/\/www.amanien.info\/news\/","name":"Amanien| L&#039;actualit\u00e9 Ivoirienne et Internationale","description":"L&#039;actualit\u00e9 Ivoirienne et Internationale","potentialAction":[{"@type":"SearchAction","target":{"@type":"EntryPoint","urlTemplate":"https:\/\/www.amanien.info\/news\/?s={search_term_string}"},"query-input":{"@type":"PropertyValueSpecification","valueRequired":true,"valueName":"search_term_string"}}],"inLanguage":"fr-FR"},{"@type":"Person","@id":"https:\/\/www.amanien.info\/news\/#\/schema\/person\/b21093345753a1a98242d505bd894f42","name":"Germain Ndri","url":"https:\/\/www.amanien.info\/news\/author\/amanien-infos\/"}]}},"_links":{"self":[{"href":"https:\/\/www.amanien.info\/news\/wp-json\/wp\/v2\/posts\/3213","targetHints":{"allow":["GET"]}}],"collection":[{"href":"https:\/\/www.amanien.info\/news\/wp-json\/wp\/v2\/posts"}],"about":[{"href":"https:\/\/www.amanien.info\/news\/wp-json\/wp\/v2\/types\/post"}],"author":[{"embeddable":true,"href":"https:\/\/www.amanien.info\/news\/wp-json\/wp\/v2\/users\/2"}],"replies":[{"embeddable":true,"href":"https:\/\/www.amanien.info\/news\/wp-json\/wp\/v2\/comments?post=3213"}],"version-history":[{"count":1,"href":"https:\/\/www.amanien.info\/news\/wp-json\/wp\/v2\/posts\/3213\/revisions"}],"predecessor-version":[{"id":3215,"href":"https:\/\/www.amanien.info\/news\/wp-json\/wp\/v2\/posts\/3213\/revisions\/3215"}],"wp:featuredmedia":[{"embeddable":true,"href":"https:\/\/www.amanien.info\/news\/wp-json\/wp\/v2\/media\/3214"}],"wp:attachment":[{"href":"https:\/\/www.amanien.info\/news\/wp-json\/wp\/v2\/media?parent=3213"}],"wp:term":[{"taxonomy":"category","embeddable":true,"href":"https:\/\/www.amanien.info\/news\/wp-json\/wp\/v2\/categories?post=3213"},{"taxonomy":"post_tag","embeddable":true,"href":"https:\/\/www.amanien.info\/news\/wp-json\/wp\/v2\/tags?post=3213"}],"curies":[{"name":"wp","href":"https:\/\/api.w.org\/{rel}","templated":true}]}}