{"id":3197,"date":"2021-12-12T19:27:45","date_gmt":"2021-12-12T19:27:45","guid":{"rendered":"https:\/\/www.https:\/\/zozo.buyee.jp\/\/news\/?p=3197"},"modified":"2021-12-12T19:28:18","modified_gmt":"2021-12-12T19:28:18","slug":"africa-digital-economy-forum-leconomie-numerique-au-coeur-des-enjeux-en-afrique","status":"publish","type":"post","link":"https:\/\/www.amanien.info\/news\/africa-digital-economy-forum-leconomie-numerique-au-coeur-des-enjeux-en-afrique\/","title":{"rendered":"Africa Digital Economy Forum : l\u2019\u00e9conomie num\u00e9rique au c\u0153ur des enjeux en Afrique\u00a0"},"content":{"rendered":"<div>\n<p class=\"yiv1844949780ydp4c1fc581yiv4563283245ydp2a26179eMsoNormal\"><b>La premi\u00e8re \u00e9dition de l\u2019Africa Digital Economy Forum, organis\u00e9e par La Tribune Afrique en partenariat avec Huawei, s\u2019est tenue en ligne le jeudi 2 d\u00e9cembre 2021. L\u2019\u00e9v\u00e8nement avait pour objectif de mettre l\u2019\u00e9conomie num\u00e9rique au c\u0153ur des enjeux de l\u2019Afrique et d\u2019aboutir \u00e0 des actions concr\u00e8tes, tant en mati\u00e8re d\u2019investissements qu\u2019au niveau de la r\u00e8glementation du secteur num\u00e9rique.<\/b><\/p>\n<p class=\"yiv1844949780ydp4c1fc581yiv4563283245ydp2a26179eMsoNormal\">Prenant la parole, son Excellence le Pr\u00e9sident de la R\u00e9publique du S\u00e9n\u00e9gal, Monsieur Macky SALL, a f\u00e9licit\u00e9 les participants et organisateurs de l\u2019\u00e9v\u00e9nement en l\u2019introduisant par ces mots. \u00ab Je salue l\u2019initiative qu\u2019est l\u2019Africa Digital Economy Forum, visant \u00e0 promouvoir l\u2019\u00e9conomie num\u00e9rique en Afrique autour des probl\u00e9matiques telles que la strat\u00e9gie et la formation digitale, la formation des talents, les infrastructures r\u00e9seaux et l\u2019innovation \u00bb.<\/p>\n<p class=\"yiv1844949780ydp4c1fc581yiv4563283245ydp2a26179eMsoNormal\">Ce forum \u00e9conomique L\u2019\u00e9v\u00e9nement a d\u00e9but\u00e9 avec deux discours tenus respectivement par Delphine CHENE, Pr\u00e9sidente de La Tribune Afrique et Catherine CHEN, Vice-Pr\u00e9sidente et Directrice du conseil d\u2019administration de Huawei. Soulignant les liens qui unissent le Groupe au continent africain, Catherine Chen a rappel\u00e9 les ambitions de Huawei en mati\u00e8re de responsabilit\u00e9 sociale. \u00ab Nous assumons notre responsabilit\u00e9 sociale \u00e0 travers des investissements de taille partout dans le monde, et plus sp\u00e9cifiquement en Afrique. Nous nous positionnons par exemple au S\u00e9n\u00e9gal \u00e0 travers l\u2019accompagnement de 60 \u00e9coles, tout comme nous contribuons \u00e0 la construction d\u2019infrastructures novatrices en \u00c9thiopie. Ainsi, sur le continent africain, Huawei se veut \u00eatre un partenaire de d\u00e9veloppement, apte \u00e0 accompagner le continent dans l\u2019expression de son potentiel plein et entier \u00bb.<\/p>\n<p class=\"yiv1844949780ydp4c1fc581yiv4563283245ydp2a26179eMsoNormal\">S\u2019en sont suivis des d\u00e9bats anim\u00e9s par des intervenants prestigieux, parmi lesquels Roger ADOM, Ministre de l&rsquo;Economie Num\u00e9rique, des T\u00e9l\u00e9communications et de l&rsquo;Innovation de la R\u00e9publique de C\u00f4te d&rsquo;Ivoire, Yankhoba DIATTARA, Ministre de l\u2019\u00c9conomie Num\u00e9rique et des T\u00e9l\u00e9communications du S\u00e9n\u00e9gal, Papa Amadou SARR, Ministre-D\u00e9l\u00e9gu\u00e9 G\u00e9n\u00e9ral \u00e0 l\u2019Entrepreneuriat Rapide des Femmes et des Jeunes \u00e0 la Pr\u00e9sidence de la R\u00e9publique du S\u00e9n\u00e9gal, Alpha BARRY Pr\u00e9sident Directeur G\u00e9n\u00e9ral d\u2019Atos Afrique, Cristina DUARTE, Conseill\u00e8re Sp\u00e9ciale des Nations Unies pour l&rsquo;Afrique, Catherine CHEN, Vice-Pr\u00e9sidente et Directrice du Conseil d\u2019Administration de Huawei, Colin HU, Pr\u00e9sident Cloud &amp; AI de Huawei Northern Africa, Mohamed BEN AMOR &#8211; Secr\u00e9taire\u00a0 G\u00e9n\u00e9ral\u00a0 AICTO,\u00a0 Mohammed\u00a0 Tawfik<\/p>\n<p class=\"yiv1844949780ydp4c1fc581yiv4563283245ydp2a26179eMsoNormal\">MOULINE &#8211; Directeur G\u00e9n\u00e9ral de l&rsquo;Institut Royal des \u00c9tudes Strat\u00e9giques, Huria ALI MAHDI, Ministre Ethiopien de la Technologie et de l\u2019Innovation, Lacina KON\u00c9, Directeur G\u00e9n\u00e9ral de Smart Africa, \u00c9lisabeth MEDOU-BADANG, Directrice de Zone et Porte-parole pour Orange en Afrique et au Moyen-Orient, Malek KOCHLEF, Directeur G\u00e9n\u00e9ral de la Coop\u00e9ration Internationale du Minist\u00e8re de l\u2019Enseignement Sup\u00e9rieur de la Tunisie, Amane DANNOUNI, Directeur G\u00e9n\u00e9ral &amp; Partenaire au BCG, Didier ACOUETEY, Pr\u00e9sident de AfricSearch, Omar SEGHROUCHNI \u2013 Pr\u00e9sident du CNDP mais aussi Aboubacar KARIM, CEO et co-fondateur de Investiv Group.<\/p>\n<p class=\"yiv1844949780ydp4c1fc581yiv4563283245ydp2a26179eMsoNormal\">L\u2019Africa Digital Economy Forum a notamment a \u00e9t\u00e9 marqu\u00e9 par la tenue de plusieurs tables rondes, keynotes et autres prises de paroles structurantes, mettant en avant les principales probl\u00e9matiques\u00a0 de\u00a0 l\u2019\u00e9conomie\u00a0 num\u00e9rique\u00a0 telles\u00a0 que l\u2019acc\u00e9l\u00e9ration\u00a0 du\u00a0 d\u00e9veloppement\u00a0 de l\u2019infrastructure num\u00e9rique en Afrique, les perspectives de l\u2019\u00e9conomie digitale, ou encore la formation des talents n\u00e9cessaire au d\u00e9veloppement num\u00e9rique du continent.<\/p>\n<p class=\"yiv1844949780ydp4c1fc581yiv4563283245ydp2a26179eMsoNormal\">Selon Colin HU, Pr\u00e9sident Cloud &amp; AI de Huawei Northern Africa : \u00ab La digitalisation est un voyage pour la ville, elle a une valeur sociale, tandis que pour les entreprises, elle a une valeur commerciale. En ce sens, Huawei s\u2019engage \u00e0 la promouvoir \u00e0 travers des investissements, mais aussi des \u00e9tudes approfondies. Nos rapports &#8211; \u00e0 l\u2019image de \u00ab Intelligent World 2030 \u00bb &#8211; peuvent servir de r\u00e9f\u00e9rence en la mati\u00e8re : ils ont vocation \u00e0 guider, ou tout au mieux \u00e0 inspirer les organisations publiques comme priv\u00e9es dans leur strat\u00e9gie \u00bb.<\/p>\n<p class=\"yiv1844949780ydp4c1fc581yiv4563283245ydp2a26179eMsoNormal\">Roger ADOM, Ministre de l&rsquo;Economie Num\u00e9rique, des T\u00e9l\u00e9communications et de l&rsquo;Innovation de la R\u00e9publique de C\u00f4te d&rsquo;Ivoire a quant \u00e0 lui tenu \u00e0 rappeler l\u2019importance de la coop\u00e9ration entre \u00e9tats africains mais aussi entre secteurs priv\u00e9 et public, dans le d\u00e9veloppement des \u00e9cosyst\u00e8mes num\u00e9riques sur le continent.\u00ab Le renforcement de l\u2019\u00e9conomie num\u00e9rique en Afrique n\u00e9cessitera une forte collaboration inter-\u00e9tat. Des initiatives prometteuses et d\u2019ampleur sont d\u00e9j\u00e0 mises en place, \u00e0 l\u2019image de Smart Africa. A travers ce projet, les \u00e9tats partagent les meilleures pratiques, dans une approche partenariale. Une \u00e9troite collaboration entre les secteurs publics et priv\u00e9s est aussi de mise, pour susciter des investissements durables, et acc\u00e9l\u00e9rer le d\u00e9veloppement de l\u2019Afrique \u00bb.<\/p>\n<p class=\"yiv1844949780ydp4c1fc581yiv4563283245ydp2a26179eMsoNormal\">Cependant, malgr\u00e9 la transformation digitale v\u00e9ritable que conna\u00eet le continent depuis une quinzaine d\u2019ann\u00e9es, le taux de p\u00e9n\u00e9tration d\u2019internet ne s\u2019\u00e9l\u00e8ve qu\u2019\u00e0 39,8%. Yankhoba DIATTARA, Ministre de l\u2019\u00c9conomie Num\u00e9rique et des T\u00e9l\u00e9communications du S\u00e9n\u00e9gal, a ainsi soulign\u00e9 l\u2019importance de l\u2019inclusion dans le d\u00e9veloppement des \u00e9cosyst\u00e8mes digitaux en Afrique : \u00ab Partout sur le continent, le taux de p\u00e9n\u00e9tration d\u2019internet est de 39,8%, de la m\u00eame mani\u00e8re que 30% de la population issue du continent vit dans une zone de connectivit\u00e9 sans pour autant y avoir acc\u00e8s &#8211; en raison notamment des co\u00fbts trop \u00e9lev\u00e9s. Nous sommes persuad\u00e9s ainsi que la connectivit\u00e9 doit s\u2019accompagner d\u2019une \u00ab abordabilit\u00e9 \u00bb. Si nous remportons ce d\u00e9fi, l\u2019Afrique pourra atteindre les 70% de connectivit\u00e9. Plus que la qualit\u00e9 des infrastructures, la mise \u00e0 disposition de leur acc\u00e8s pour toutes les strates des soci\u00e9t\u00e9s africaines doit \u00eatre prise en compte \u00bb.<\/p>\n<p class=\"yiv1844949780ydp4c1fc581yiv4563283245ydp2a26179eMsoNormal\">Papa Amadou SARR, Ministre-D\u00e9l\u00e9gu\u00e9 G\u00e9n\u00e9ral \u00e0 l\u2019Entrepreneuriat Rapide des Femmes et des Jeunes \u00e0 la Pr\u00e9sidence de la R\u00e9publique du S\u00e9n\u00e9gal, a lui aussi d\u00e9fendu l\u2019id\u00e9e d\u2019une transformation digitale africaine inclusive et port\u00e9e par la jeunesse : \u00ab Le continent africain est conscient du fait qu\u2019il faut former sa jeunesse \u2013 soit 60% de la population totale &#8211; afin de r\u00e9pondre aux exigences croissantes du march\u00e9 du travail, chaque jour plus professionnalisant.\u00a0 Pour ce faire, il convient de mettre l\u2019accent sur les politiques de formation, tout en privil\u00e9giant l\u2019enseignement des comp\u00e9tences li\u00e9es aux nouvelles technologies \u00bb.<\/p>\n<p class=\"yiv1844949780ydp4c1fc581yiv4563283245ydp2a26179eMsoNormal\">Les infrastructures restent n\u00e9anmoins l\u2019une des cl\u00e9s du d\u00e9veloppement de l\u2019\u00e9conomie num\u00e9rique en Afrique. En ce sens, Elisabeth MEDOU BADANG, Directrice de Zone et Porte-parole pour Orange en Afrique et au Moyen-Orient, a d\u00e9clar\u00e9 : \u00ab La construction et le renforcement des infrastructures num\u00e9riques en Afrique constitue l\u2019un des enjeux les plus importants pour le d\u00e9veloppement du continent.\u00a0 Ainsi, partout en Afrique, les \u00e9tats se doivent d\u2019assurer un cadre stable, au sein duquel peut \u00e9clore une \u00e9conomie num\u00e9rique inclusive et rentable \u00bb.<\/p>\n<p class=\"yiv1844949780ydp4c1fc581yiv4563283245ydp2a26179eMsoNormal\">Lacina KONE, Directeur G\u00e9n\u00e9ral de Smart Africa, appuie ce positionnement, en ajoutant. \u00ab Partout sur le continent, une v\u00e9ritable volont\u00e9 politique a \u00e9merg\u00e9 au niveau des chefs d\u2019\u00c9tat, pour saisir le train de ce qu\u2019on appelle d\u00e9j\u00e0 la 4\u00e8me r\u00e9volution industrielle. Une dynamique bienvenue :\u00a0 nous\u00a0 sommes\u00a0 convaincus\u00a0 que\u00a0 la\u00a0 gouvernance\u00a0 au\u00a0 sein\u00a0 de\u00a0 la\u00a0 transformation num\u00e9rique doit \u00eatre au centre du d\u00e9veloppement socio-\u00e9conomique de toutes les nations africaines. Plus que jamais, il faut que les instances de d\u00e9cision basent leurs strat\u00e9gies sur l\u2019\u00e9conomie num\u00e9rique \u00bb.<\/p>\n<p class=\"yiv1844949780ydp4c1fc581yiv4563283245ydp2a26179eMsoNormal\">Enfin, si les bouleversements occasionn\u00e9s par la pand\u00e9mie du Covid-19 ont fragilis\u00e9 une partie des \u00e9conomies du continent, force est de constater que cette crise, en y acc\u00e9l\u00e9rant la transformation digitale de mani\u00e8re consid\u00e9rable, a rapproch\u00e9 l\u2019Afrique de son destin. Cristina DUARTE, Conseill\u00e8re Sp\u00e9ciale des Nations Unies pour l&rsquo;Afrique, a conclu la conf\u00e9rence \u00e0 travers ces mots : \u00ab La pand\u00e9mie de la Covid-19 est une \u00e9preuve cr\u00e9atrice d\u2019opportunit\u00e9s : elle a plant\u00e9 les germes d\u2019une nouvelle imagination de la structure \u00e9conomique africaine \u00e0 grande \u00e9chelle, en acc\u00e9l\u00e9rant des tendances telles que la num\u00e9risation. Le changement est en marche partout en Afrique : le continent doit se saisir de la transformation digitale en cours pour acc\u00e9der au d\u00e9veloppement qui lui est promis \u00bb.<\/p>\n<p class=\"yiv1844949780ydp4c1fc581yiv4563283245ydp2a26179eMsoNormal\">Fond\u00e9e en 1987, Huawei est l&rsquo;un des principaux fournisseurs mondiaux d&rsquo;infrastructures de technologies\u00a0 de l&rsquo;information et des communications\u00a0 (TIC)\u00a0 et\u00a0 d&rsquo;appareils\u00a0 intelligents.\u00a0 Nous comptons plus de 197 000 employ\u00e9s, et nous op\u00e9rons dans plus de 170 pays et r\u00e9gions, au service de plus de trois milliards de personnes dans le monde.<\/p>\n<p class=\"yiv1844949780ydp4c1fc581yiv4563283245ydp2a26179eMsoNormal\">Dbk avec Sercom<\/p>\n<\/div>\n","protected":false},"excerpt":{"rendered":"<p>La premi\u00e8re \u00e9dition de l\u2019Africa Digital Economy Forum, organis\u00e9e par La Tribune Afrique en partenariat avec Huawei, s\u2019est tenue en ligne le jeudi 2 d\u00e9cembre 2021. L\u2019\u00e9v\u00e8nement avait pour objectif de mettre l\u2019\u00e9conomie num\u00e9rique au c\u0153ur des enjeux de l\u2019Afrique et d\u2019aboutir \u00e0 des actions concr\u00e8tes, tant en mati\u00e8re d\u2019investissements qu\u2019au niveau de la r\u00e8glementation [&hellip;]<\/p>\n","protected":false},"author":2,"featured_media":3198,"comment_status":"closed","ping_status":"closed","sticky":true,"template":"","format":"standard","meta":{"_acf_changed":false,"footnotes":""},"categories":[],"tags":[],"class_list":["post-3197","post","type-post","status-publish","format-standard","has-post-thumbnail","hentry"],"acf":[],"yoast_head":"<!-- This site is optimized with the Yoast SEO plugin v27.5 - https:\/\/yoast.com\/product\/yoast-seo-wordpress\/ -->\n<title>Africa Digital Economy Forum : l\u2019\u00e9conomie num\u00e9rique au c\u0153ur des enjeux en Afrique\u00a0 - Amanien| L&#039;actualit\u00e9 Ivoirienne et Internationale<\/title>\n<meta name=\"robots\" content=\"index, follow, max-snippet:-1, max-image-preview:large, max-video-preview:-1\" \/>\n<link rel=\"canonical\" href=\"https:\/\/www.amanien.info\/news\/africa-digital-economy-forum-leconomie-numerique-au-coeur-des-enjeux-en-afrique\/\" \/>\n<meta property=\"og:locale\" content=\"fr_FR\" \/>\n<meta property=\"og:type\" content=\"article\" \/>\n<meta property=\"og:title\" content=\"Africa Digital Economy Forum : l\u2019\u00e9conomie num\u00e9rique au c\u0153ur des enjeux en Afrique\u00a0 - Amanien| L&#039;actualit\u00e9 Ivoirienne et Internationale\" \/>\n<meta property=\"og:description\" content=\"La premi\u00e8re \u00e9dition de l\u2019Africa Digital Economy Forum, organis\u00e9e par La Tribune Afrique en partenariat avec Huawei, s\u2019est tenue en ligne le jeudi 2 d\u00e9cembre 2021. L\u2019\u00e9v\u00e8nement avait pour objectif de mettre l\u2019\u00e9conomie num\u00e9rique au c\u0153ur des enjeux de l\u2019Afrique et d\u2019aboutir \u00e0 des actions concr\u00e8tes, tant en mati\u00e8re d\u2019investissements qu\u2019au niveau de la r\u00e8glementation [&hellip;]\" \/>\n<meta property=\"og:url\" content=\"https:\/\/www.amanien.info\/news\/africa-digital-economy-forum-leconomie-numerique-au-coeur-des-enjeux-en-afrique\/\" \/>\n<meta property=\"og:site_name\" content=\"Amanien| L&#039;actualit\u00e9 Ivoirienne et Internationale\" \/>\n<meta property=\"article:published_time\" content=\"2021-12-12T19:27:45+00:00\" \/>\n<meta property=\"article:modified_time\" content=\"2021-12-12T19:28:18+00:00\" \/>\n<meta property=\"og:image\" content=\"https:\/\/www.amanien.info\/news\/wp-content\/uploads\/2021\/12\/thumbnail-12.jpg\" \/>\n\t<meta property=\"og:image:width\" content=\"734\" \/>\n\t<meta property=\"og:image:height\" content=\"413\" \/>\n\t<meta property=\"og:image:type\" content=\"image\/jpeg\" \/>\n<meta name=\"author\" content=\"Germain Ndri\" \/>\n<meta name=\"twitter:card\" content=\"summary_large_image\" \/>\n<meta name=\"twitter:label1\" content=\"\u00c9crit par\" \/>\n\t<meta name=\"twitter:data1\" content=\"Germain Ndri\" \/>\n\t<meta name=\"twitter:label2\" content=\"Dur\u00e9e de lecture estim\u00e9e\" \/>\n\t<meta name=\"twitter:data2\" content=\"6 minutes\" \/>\n<script type=\"application\/ld+json\" class=\"yoast-schema-graph\">{\"@context\":\"https:\\\/\\\/schema.org\",\"@graph\":[{\"@type\":\"Article\",\"@id\":\"https:\\\/\\\/www.amanien.info\\\/news\\\/africa-digital-economy-forum-leconomie-numerique-au-coeur-des-enjeux-en-afrique\\\/#article\",\"isPartOf\":{\"@id\":\"https:\\\/\\\/www.amanien.info\\\/news\\\/africa-digital-economy-forum-leconomie-numerique-au-coeur-des-enjeux-en-afrique\\\/\"},\"author\":{\"name\":\"Germain Ndri\",\"@id\":\"https:\\\/\\\/www.amanien.info\\\/news\\\/#\\\/schema\\\/person\\\/b21093345753a1a98242d505bd894f42\"},\"headline\":\"Africa Digital Economy Forum : l\u2019\u00e9conomie num\u00e9rique au c\u0153ur des enjeux en Afrique\u00a0\",\"datePublished\":\"2021-12-12T19:27:45+00:00\",\"dateModified\":\"2021-12-12T19:28:18+00:00\",\"mainEntityOfPage\":{\"@id\":\"https:\\\/\\\/www.amanien.info\\\/news\\\/africa-digital-economy-forum-leconomie-numerique-au-coeur-des-enjeux-en-afrique\\\/\"},\"wordCount\":1504,\"image\":{\"@id\":\"https:\\\/\\\/www.amanien.info\\\/news\\\/africa-digital-economy-forum-leconomie-numerique-au-coeur-des-enjeux-en-afrique\\\/#primaryimage\"},\"thumbnailUrl\":\"https:\\\/\\\/www.amanien.info\\\/news\\\/wp-content\\\/uploads\\\/2021\\\/12\\\/thumbnail-12.jpg\",\"inLanguage\":\"fr-FR\"},{\"@type\":\"WebPage\",\"@id\":\"https:\\\/\\\/www.amanien.info\\\/news\\\/africa-digital-economy-forum-leconomie-numerique-au-coeur-des-enjeux-en-afrique\\\/\",\"url\":\"https:\\\/\\\/www.amanien.info\\\/news\\\/africa-digital-economy-forum-leconomie-numerique-au-coeur-des-enjeux-en-afrique\\\/\",\"name\":\"Africa Digital Economy Forum : l\u2019\u00e9conomie num\u00e9rique au c\u0153ur des enjeux en Afrique\u00a0 - Amanien| L&#039;actualit\u00e9 Ivoirienne et Internationale\",\"isPartOf\":{\"@id\":\"https:\\\/\\\/www.amanien.info\\\/news\\\/#website\"},\"primaryImageOfPage\":{\"@id\":\"https:\\\/\\\/www.amanien.info\\\/news\\\/africa-digital-economy-forum-leconomie-numerique-au-coeur-des-enjeux-en-afrique\\\/#primaryimage\"},\"image\":{\"@id\":\"https:\\\/\\\/www.amanien.info\\\/news\\\/africa-digital-economy-forum-leconomie-numerique-au-coeur-des-enjeux-en-afrique\\\/#primaryimage\"},\"thumbnailUrl\":\"https:\\\/\\\/www.amanien.info\\\/news\\\/wp-content\\\/uploads\\\/2021\\\/12\\\/thumbnail-12.jpg\",\"datePublished\":\"2021-12-12T19:27:45+00:00\",\"dateModified\":\"2021-12-12T19:28:18+00:00\",\"author\":{\"@id\":\"https:\\\/\\\/www.amanien.info\\\/news\\\/#\\\/schema\\\/person\\\/b21093345753a1a98242d505bd894f42\"},\"breadcrumb\":{\"@id\":\"https:\\\/\\\/www.amanien.info\\\/news\\\/africa-digital-economy-forum-leconomie-numerique-au-coeur-des-enjeux-en-afrique\\\/#breadcrumb\"},\"inLanguage\":\"fr-FR\",\"potentialAction\":[{\"@type\":\"ReadAction\",\"target\":[\"https:\\\/\\\/www.amanien.info\\\/news\\\/africa-digital-economy-forum-leconomie-numerique-au-coeur-des-enjeux-en-afrique\\\/\"]}]},{\"@type\":\"ImageObject\",\"inLanguage\":\"fr-FR\",\"@id\":\"https:\\\/\\\/www.amanien.info\\\/news\\\/africa-digital-economy-forum-leconomie-numerique-au-coeur-des-enjeux-en-afrique\\\/#primaryimage\",\"url\":\"https:\\\/\\\/www.amanien.info\\\/news\\\/wp-content\\\/uploads\\\/2021\\\/12\\\/thumbnail-12.jpg\",\"contentUrl\":\"https:\\\/\\\/www.amanien.info\\\/news\\\/wp-content\\\/uploads\\\/2021\\\/12\\\/thumbnail-12.jpg\",\"width\":734,\"height\":413},{\"@type\":\"BreadcrumbList\",\"@id\":\"https:\\\/\\\/www.amanien.info\\\/news\\\/africa-digital-economy-forum-leconomie-numerique-au-coeur-des-enjeux-en-afrique\\\/#breadcrumb\",\"itemListElement\":[{\"@type\":\"ListItem\",\"position\":1,\"name\":\"Accueil\",\"item\":\"https:\\\/\\\/www.amanien.info\\\/news\\\/\"},{\"@type\":\"ListItem\",\"position\":2,\"name\":\"Africa Digital Economy Forum : l\u2019\u00e9conomie num\u00e9rique au c\u0153ur des enjeux en Afrique\u00a0\"}]},{\"@type\":\"WebSite\",\"@id\":\"https:\\\/\\\/www.amanien.info\\\/news\\\/#website\",\"url\":\"https:\\\/\\\/www.amanien.info\\\/news\\\/\",\"name\":\"Amanien| L&#039;actualit\u00e9 Ivoirienne et Internationale\",\"description\":\"L&#039;actualit\u00e9 Ivoirienne et Internationale\",\"potentialAction\":[{\"@type\":\"SearchAction\",\"target\":{\"@type\":\"EntryPoint\",\"urlTemplate\":\"https:\\\/\\\/www.amanien.info\\\/news\\\/?s={search_term_string}\"},\"query-input\":{\"@type\":\"PropertyValueSpecification\",\"valueRequired\":true,\"valueName\":\"search_term_string\"}}],\"inLanguage\":\"fr-FR\"},{\"@type\":\"Person\",\"@id\":\"https:\\\/\\\/www.amanien.info\\\/news\\\/#\\\/schema\\\/person\\\/b21093345753a1a98242d505bd894f42\",\"name\":\"Germain Ndri\",\"url\":\"https:\\\/\\\/www.amanien.info\\\/news\\\/author\\\/amanien-infos\\\/\"}]}<\/script>\n<!-- \/ Yoast SEO plugin. -->","yoast_head_json":{"title":"Africa Digital Economy Forum : l\u2019\u00e9conomie num\u00e9rique au c\u0153ur des enjeux en Afrique\u00a0 - Amanien| L&#039;actualit\u00e9 Ivoirienne et Internationale","robots":{"index":"index","follow":"follow","max-snippet":"max-snippet:-1","max-image-preview":"max-image-preview:large","max-video-preview":"max-video-preview:-1"},"canonical":"https:\/\/www.amanien.info\/news\/africa-digital-economy-forum-leconomie-numerique-au-coeur-des-enjeux-en-afrique\/","og_locale":"fr_FR","og_type":"article","og_title":"Africa Digital Economy Forum : l\u2019\u00e9conomie num\u00e9rique au c\u0153ur des enjeux en Afrique\u00a0 - Amanien| L&#039;actualit\u00e9 Ivoirienne et Internationale","og_description":"La premi\u00e8re \u00e9dition de l\u2019Africa Digital Economy Forum, organis\u00e9e par La Tribune Afrique en partenariat avec Huawei, s\u2019est tenue en ligne le jeudi 2 d\u00e9cembre 2021. L\u2019\u00e9v\u00e8nement avait pour objectif de mettre l\u2019\u00e9conomie num\u00e9rique au c\u0153ur des enjeux de l\u2019Afrique et d\u2019aboutir \u00e0 des actions concr\u00e8tes, tant en mati\u00e8re d\u2019investissements qu\u2019au niveau de la r\u00e8glementation [&hellip;]","og_url":"https:\/\/www.amanien.info\/news\/africa-digital-economy-forum-leconomie-numerique-au-coeur-des-enjeux-en-afrique\/","og_site_name":"Amanien| L&#039;actualit\u00e9 Ivoirienne et Internationale","article_published_time":"2021-12-12T19:27:45+00:00","article_modified_time":"2021-12-12T19:28:18+00:00","og_image":[{"width":734,"height":413,"url":"https:\/\/www.amanien.info\/news\/wp-content\/uploads\/2021\/12\/thumbnail-12.jpg","type":"image\/jpeg"}],"author":"Germain Ndri","twitter_card":"summary_large_image","twitter_misc":{"\u00c9crit par":"Germain Ndri","Dur\u00e9e de lecture estim\u00e9e":"6 minutes"},"schema":{"@context":"https:\/\/schema.org","@graph":[{"@type":"Article","@id":"https:\/\/www.amanien.info\/news\/africa-digital-economy-forum-leconomie-numerique-au-coeur-des-enjeux-en-afrique\/#article","isPartOf":{"@id":"https:\/\/www.amanien.info\/news\/africa-digital-economy-forum-leconomie-numerique-au-coeur-des-enjeux-en-afrique\/"},"author":{"name":"Germain Ndri","@id":"https:\/\/www.amanien.info\/news\/#\/schema\/person\/b21093345753a1a98242d505bd894f42"},"headline":"Africa Digital Economy Forum : l\u2019\u00e9conomie num\u00e9rique au c\u0153ur des enjeux en Afrique\u00a0","datePublished":"2021-12-12T19:27:45+00:00","dateModified":"2021-12-12T19:28:18+00:00","mainEntityOfPage":{"@id":"https:\/\/www.amanien.info\/news\/africa-digital-economy-forum-leconomie-numerique-au-coeur-des-enjeux-en-afrique\/"},"wordCount":1504,"image":{"@id":"https:\/\/www.amanien.info\/news\/africa-digital-economy-forum-leconomie-numerique-au-coeur-des-enjeux-en-afrique\/#primaryimage"},"thumbnailUrl":"https:\/\/www.amanien.info\/news\/wp-content\/uploads\/2021\/12\/thumbnail-12.jpg","inLanguage":"fr-FR"},{"@type":"WebPage","@id":"https:\/\/www.amanien.info\/news\/africa-digital-economy-forum-leconomie-numerique-au-coeur-des-enjeux-en-afrique\/","url":"https:\/\/www.amanien.info\/news\/africa-digital-economy-forum-leconomie-numerique-au-coeur-des-enjeux-en-afrique\/","name":"Africa Digital Economy Forum : l\u2019\u00e9conomie num\u00e9rique au c\u0153ur des enjeux en Afrique\u00a0 - Amanien| L&#039;actualit\u00e9 Ivoirienne et Internationale","isPartOf":{"@id":"https:\/\/www.amanien.info\/news\/#website"},"primaryImageOfPage":{"@id":"https:\/\/www.amanien.info\/news\/africa-digital-economy-forum-leconomie-numerique-au-coeur-des-enjeux-en-afrique\/#primaryimage"},"image":{"@id":"https:\/\/www.amanien.info\/news\/africa-digital-economy-forum-leconomie-numerique-au-coeur-des-enjeux-en-afrique\/#primaryimage"},"thumbnailUrl":"https:\/\/www.amanien.info\/news\/wp-content\/uploads\/2021\/12\/thumbnail-12.jpg","datePublished":"2021-12-12T19:27:45+00:00","dateModified":"2021-12-12T19:28:18+00:00","author":{"@id":"https:\/\/www.amanien.info\/news\/#\/schema\/person\/b21093345753a1a98242d505bd894f42"},"breadcrumb":{"@id":"https:\/\/www.amanien.info\/news\/africa-digital-economy-forum-leconomie-numerique-au-coeur-des-enjeux-en-afrique\/#breadcrumb"},"inLanguage":"fr-FR","potentialAction":[{"@type":"ReadAction","target":["https:\/\/www.amanien.info\/news\/africa-digital-economy-forum-leconomie-numerique-au-coeur-des-enjeux-en-afrique\/"]}]},{"@type":"ImageObject","inLanguage":"fr-FR","@id":"https:\/\/www.amanien.info\/news\/africa-digital-economy-forum-leconomie-numerique-au-coeur-des-enjeux-en-afrique\/#primaryimage","url":"https:\/\/www.amanien.info\/news\/wp-content\/uploads\/2021\/12\/thumbnail-12.jpg","contentUrl":"https:\/\/www.amanien.info\/news\/wp-content\/uploads\/2021\/12\/thumbnail-12.jpg","width":734,"height":413},{"@type":"BreadcrumbList","@id":"https:\/\/www.amanien.info\/news\/africa-digital-economy-forum-leconomie-numerique-au-coeur-des-enjeux-en-afrique\/#breadcrumb","itemListElement":[{"@type":"ListItem","position":1,"name":"Accueil","item":"https:\/\/www.amanien.info\/news\/"},{"@type":"ListItem","position":2,"name":"Africa Digital Economy Forum : l\u2019\u00e9conomie num\u00e9rique au c\u0153ur des enjeux en Afrique\u00a0"}]},{"@type":"WebSite","@id":"https:\/\/www.amanien.info\/news\/#website","url":"https:\/\/www.amanien.info\/news\/","name":"Amanien| L&#039;actualit\u00e9 Ivoirienne et Internationale","description":"L&#039;actualit\u00e9 Ivoirienne et Internationale","potentialAction":[{"@type":"SearchAction","target":{"@type":"EntryPoint","urlTemplate":"https:\/\/www.amanien.info\/news\/?s={search_term_string}"},"query-input":{"@type":"PropertyValueSpecification","valueRequired":true,"valueName":"search_term_string"}}],"inLanguage":"fr-FR"},{"@type":"Person","@id":"https:\/\/www.amanien.info\/news\/#\/schema\/person\/b21093345753a1a98242d505bd894f42","name":"Germain Ndri","url":"https:\/\/www.amanien.info\/news\/author\/amanien-infos\/"}]}},"_links":{"self":[{"href":"https:\/\/www.amanien.info\/news\/wp-json\/wp\/v2\/posts\/3197","targetHints":{"allow":["GET"]}}],"collection":[{"href":"https:\/\/www.amanien.info\/news\/wp-json\/wp\/v2\/posts"}],"about":[{"href":"https:\/\/www.amanien.info\/news\/wp-json\/wp\/v2\/types\/post"}],"author":[{"embeddable":true,"href":"https:\/\/www.amanien.info\/news\/wp-json\/wp\/v2\/users\/2"}],"replies":[{"embeddable":true,"href":"https:\/\/www.amanien.info\/news\/wp-json\/wp\/v2\/comments?post=3197"}],"version-history":[{"count":1,"href":"https:\/\/www.amanien.info\/news\/wp-json\/wp\/v2\/posts\/3197\/revisions"}],"predecessor-version":[{"id":3199,"href":"https:\/\/www.amanien.info\/news\/wp-json\/wp\/v2\/posts\/3197\/revisions\/3199"}],"wp:featuredmedia":[{"embeddable":true,"href":"https:\/\/www.amanien.info\/news\/wp-json\/wp\/v2\/media\/3198"}],"wp:attachment":[{"href":"https:\/\/www.amanien.info\/news\/wp-json\/wp\/v2\/media?parent=3197"}],"wp:term":[{"taxonomy":"category","embeddable":true,"href":"https:\/\/www.amanien.info\/news\/wp-json\/wp\/v2\/categories?post=3197"},{"taxonomy":"post_tag","embeddable":true,"href":"https:\/\/www.amanien.info\/news\/wp-json\/wp\/v2\/tags?post=3197"}],"curies":[{"name":"wp","href":"https:\/\/api.w.org\/{rel}","templated":true}]}}