{"id":3193,"date":"2021-12-12T11:45:44","date_gmt":"2021-12-12T11:45:44","guid":{"rendered":"https:\/\/www.https:\/\/zozo.buyee.jp\/\/news\/?p=3193"},"modified":"2021-12-12T11:46:43","modified_gmt":"2021-12-12T11:46:43","slug":"2eme-edition-du-festival-j-aime-koumassi-9-jours-de-fete-pour-le-bonheur-des-populations","status":"publish","type":"post","link":"https:\/\/www.amanien.info\/news\/2eme-edition-du-festival-j-aime-koumassi-9-jours-de-fete-pour-le-bonheur-des-populations\/","title":{"rendered":"2\u00e8me \u00e9dition du festival \u00ab\u00a0J&rsquo; aime Koumassi\u00a0\u00bb: 9 jours de f\u00eate pour le bonheur des populations"},"content":{"rendered":"<p>La c\u00e9r\u00e9monie officielle de lancement de la 2\u00e8me \u00e9dition du festival\u00a0\u00bbJ&rsquo; aime Koumassi\u00a0\u00bb s&rsquo; est d\u00e9roul\u00e9e le vendredi 10 d\u00e9cembre \u00e0 la place de l&rsquo;esp\u00e9rance. Pendant 9 jours, les habitants de la commune de Koumassi vont communier au son de la musique, mais aussi \u00e0 travers le sport, pour c\u00e9l\u00e9brer le vivre ensemble que pr\u00f4ne le Ministre Maire Ibrahim Ciss\u00e9 Bacongo. Lors de la c\u00e9r\u00e9monie de lancement, Mme Diby Brigitte, secr\u00e9taire g\u00e9n\u00e9rale de la Mairie de Koumassi et commissaire g\u00e9n\u00e9rale du festival \u00a0\u00bb J&rsquo;aime Koumassi\u00a0\u00bb, a not\u00e9 qu&rsquo; il s&rsquo; agit de c\u00e9l\u00e9brer le Koumassi nouveau, devenu une destination prestige. \u00a0\u00bb Chaque jour la commune b\u00e9n\u00e9ficie d&rsquo; une valeur ajout\u00e9 \u00e0 travers des actions de d\u00e9veloppement r\u00e9alis\u00e9es de main de ma\u00eetre par le Maire Ciss\u00e9 Bacongo. Avec un cadre de vie agr\u00e9able , Koumassi est devenue un label convoit\u00e9 et envi\u00e9 car notre cit\u00e9 force l&rsquo; admiration\u00a0\u00bb a-t-elle dit. Selon Mme Diby, le festival J&rsquo;aime Koumassi est une plateforme de pr\u00e9sentation des atouts, des possibilit\u00e9s et opportunit\u00e9s avec un riche programme. \u00a0\u00bb Koumassi est une commune innovante. Les populations vont vivre des moments f\u00e9eriques et joyeuses pendant 9 jours\u00a0\u00bb a-t-elle soulign\u00e9e.<\/p>\n<p>Le th\u00e8me du festival est: l&rsquo; incivisme un frein au d\u00e9veloppement\u00a0\u00bb. A cet effet, une conf\u00e9rence inaugurale a \u00e9t\u00e9 anim\u00e9e par Mme Pohan Odile psychologue. Le festival sera meubl\u00e9 par des journ\u00e9es citoyennes, sportives, des concerts, un bal retro , une foire commerciale et gastronomique et le village des artisans avec exposition- vente.<br \/>\nLe premier adjoint au Maire Balley Narcisse, repr\u00e9sentant le Premier magistrat de la commune , s&rsquo;est dit fier d&rsquo; appartenir \u00e0 Koumassi qui a une stature de ville nouvelle. \u00a0\u00bb Koumassi est la terre de la vraie fraternit\u00e9. Elle se d\u00e9veloppe chaque jour gr\u00e2ce aux actions du Maire Ciss\u00e9 Bacongo, d\u00e9sign\u00e9 meilleur \u00e9lu local 2021 avec trois prix, lors de la c\u00e9l\u00e9bration de la journ\u00e9e nationale de l&rsquo; excellence.\u00a0\u00bb a dit le Premier adjoint. Selon lui, le th\u00e8me de cette 2\u00e8me \u00e9dition est un engagement pour la pr\u00e9servation des acquis car les ouvrages sont inscrits dans la dur\u00e9e et la prosp\u00e9rit\u00e9.<br \/>\nLe samedi 11 d\u00e9cembre est une journ\u00e9e sportive avec marche sportive, le fitness, le football, le handball, le basketball et les arts martiaux. Ainsi qu&rsquo; un volet sant\u00e9 avec don de sang, et contr\u00f4le m\u00e9dical \u00e0 l&rsquo; Agora. L&rsquo; apr\u00e8s midi il y aura animation culturelle, concert gratuit et village gastronomique \u00e0 &lsquo; espace Inch&rsquo; Allah. Le dimanche 12 d\u00e9cembre sur le m\u00eame espace il y aura l&rsquo; ouverture gastronomique le matin et un concert de zouglou le soir.<br \/>\nC.Wandji<\/p>\n<p>&nbsp;<\/p>\n","protected":false},"excerpt":{"rendered":"<p>La c\u00e9r\u00e9monie officielle de lancement de la 2\u00e8me \u00e9dition du festival\u00a0\u00bbJ&rsquo; aime Koumassi\u00a0\u00bb s&rsquo; est d\u00e9roul\u00e9e le vendredi 10 d\u00e9cembre \u00e0 la place de l&rsquo;esp\u00e9rance. Pendant 9 jours, les habitants de la commune de Koumassi vont communier au son de la musique, mais aussi \u00e0 travers le sport, pour c\u00e9l\u00e9brer le vivre ensemble que pr\u00f4ne [&hellip;]<\/p>\n","protected":false},"author":2,"featured_media":3194,"comment_status":"closed","ping_status":"closed","sticky":true,"template":"","format":"standard","meta":{"_acf_changed":false,"footnotes":""},"categories":[],"tags":[],"class_list":["post-3193","post","type-post","status-publish","format-standard","has-post-thumbnail","hentry"],"acf":[],"yoast_head":"<!-- This site is optimized with the Yoast SEO plugin v27.5 - https:\/\/yoast.com\/product\/yoast-seo-wordpress\/ -->\n<title>2\u00e8me \u00e9dition du festival &quot;J&#039; aime Koumassi&quot;: 9 jours de f\u00eate pour le bonheur des populations - Amanien| L&#039;actualit\u00e9 Ivoirienne et Internationale<\/title>\n<meta name=\"robots\" content=\"index, follow, max-snippet:-1, max-image-preview:large, max-video-preview:-1\" \/>\n<link rel=\"canonical\" href=\"https:\/\/www.amanien.info\/news\/2eme-edition-du-festival-j-aime-koumassi-9-jours-de-fete-pour-le-bonheur-des-populations\/\" \/>\n<meta property=\"og:locale\" content=\"fr_FR\" \/>\n<meta property=\"og:type\" content=\"article\" \/>\n<meta property=\"og:title\" content=\"2\u00e8me \u00e9dition du festival &quot;J&#039; aime Koumassi&quot;: 9 jours de f\u00eate pour le bonheur des populations - Amanien| L&#039;actualit\u00e9 Ivoirienne et Internationale\" \/>\n<meta property=\"og:description\" content=\"La c\u00e9r\u00e9monie officielle de lancement de la 2\u00e8me \u00e9dition du festival\u00a0\u00bbJ&rsquo; aime Koumassi\u00a0\u00bb s&rsquo; est d\u00e9roul\u00e9e le vendredi 10 d\u00e9cembre \u00e0 la place de l&rsquo;esp\u00e9rance. Pendant 9 jours, les habitants de la commune de Koumassi vont communier au son de la musique, mais aussi \u00e0 travers le sport, pour c\u00e9l\u00e9brer le vivre ensemble que pr\u00f4ne [&hellip;]\" \/>\n<meta property=\"og:url\" content=\"https:\/\/www.amanien.info\/news\/2eme-edition-du-festival-j-aime-koumassi-9-jours-de-fete-pour-le-bonheur-des-populations\/\" \/>\n<meta property=\"og:site_name\" content=\"Amanien| L&#039;actualit\u00e9 Ivoirienne et Internationale\" \/>\n<meta property=\"article:published_time\" content=\"2021-12-12T11:45:44+00:00\" \/>\n<meta property=\"article:modified_time\" content=\"2021-12-12T11:46:43+00:00\" \/>\n<meta property=\"og:image\" content=\"https:\/\/www.amanien.info\/news\/wp-content\/uploads\/2021\/12\/thumbnail-11.jpg\" \/>\n\t<meta property=\"og:image:width\" content=\"1080\" \/>\n\t<meta property=\"og:image:height\" content=\"720\" \/>\n\t<meta property=\"og:image:type\" content=\"image\/jpeg\" \/>\n<meta name=\"author\" content=\"Germain Ndri\" \/>\n<meta name=\"twitter:card\" content=\"summary_large_image\" \/>\n<meta name=\"twitter:label1\" content=\"\u00c9crit par\" \/>\n\t<meta name=\"twitter:data1\" content=\"Germain Ndri\" \/>\n\t<meta name=\"twitter:label2\" content=\"Dur\u00e9e de lecture estim\u00e9e\" \/>\n\t<meta name=\"twitter:data2\" content=\"2 minutes\" \/>\n<script type=\"application\/ld+json\" class=\"yoast-schema-graph\">{\"@context\":\"https:\\\/\\\/schema.org\",\"@graph\":[{\"@type\":\"Article\",\"@id\":\"https:\\\/\\\/www.amanien.info\\\/news\\\/2eme-edition-du-festival-j-aime-koumassi-9-jours-de-fete-pour-le-bonheur-des-populations\\\/#article\",\"isPartOf\":{\"@id\":\"https:\\\/\\\/www.amanien.info\\\/news\\\/2eme-edition-du-festival-j-aime-koumassi-9-jours-de-fete-pour-le-bonheur-des-populations\\\/\"},\"author\":{\"name\":\"Germain Ndri\",\"@id\":\"https:\\\/\\\/www.amanien.info\\\/news\\\/#\\\/schema\\\/person\\\/b21093345753a1a98242d505bd894f42\"},\"headline\":\"2\u00e8me \u00e9dition du festival \u00ab\u00a0J&rsquo; aime Koumassi\u00a0\u00bb: 9 jours de f\u00eate pour le bonheur des populations\",\"datePublished\":\"2021-12-12T11:45:44+00:00\",\"dateModified\":\"2021-12-12T11:46:43+00:00\",\"mainEntityOfPage\":{\"@id\":\"https:\\\/\\\/www.amanien.info\\\/news\\\/2eme-edition-du-festival-j-aime-koumassi-9-jours-de-fete-pour-le-bonheur-des-populations\\\/\"},\"wordCount\":481,\"image\":{\"@id\":\"https:\\\/\\\/www.amanien.info\\\/news\\\/2eme-edition-du-festival-j-aime-koumassi-9-jours-de-fete-pour-le-bonheur-des-populations\\\/#primaryimage\"},\"thumbnailUrl\":\"https:\\\/\\\/www.amanien.info\\\/news\\\/wp-content\\\/uploads\\\/2021\\\/12\\\/thumbnail-11.jpg\",\"inLanguage\":\"fr-FR\"},{\"@type\":\"WebPage\",\"@id\":\"https:\\\/\\\/www.amanien.info\\\/news\\\/2eme-edition-du-festival-j-aime-koumassi-9-jours-de-fete-pour-le-bonheur-des-populations\\\/\",\"url\":\"https:\\\/\\\/www.amanien.info\\\/news\\\/2eme-edition-du-festival-j-aime-koumassi-9-jours-de-fete-pour-le-bonheur-des-populations\\\/\",\"name\":\"2\u00e8me \u00e9dition du festival \\\"J' aime Koumassi\\\": 9 jours de f\u00eate pour le bonheur des populations - Amanien| L&#039;actualit\u00e9 Ivoirienne et Internationale\",\"isPartOf\":{\"@id\":\"https:\\\/\\\/www.amanien.info\\\/news\\\/#website\"},\"primaryImageOfPage\":{\"@id\":\"https:\\\/\\\/www.amanien.info\\\/news\\\/2eme-edition-du-festival-j-aime-koumassi-9-jours-de-fete-pour-le-bonheur-des-populations\\\/#primaryimage\"},\"image\":{\"@id\":\"https:\\\/\\\/www.amanien.info\\\/news\\\/2eme-edition-du-festival-j-aime-koumassi-9-jours-de-fete-pour-le-bonheur-des-populations\\\/#primaryimage\"},\"thumbnailUrl\":\"https:\\\/\\\/www.amanien.info\\\/news\\\/wp-content\\\/uploads\\\/2021\\\/12\\\/thumbnail-11.jpg\",\"datePublished\":\"2021-12-12T11:45:44+00:00\",\"dateModified\":\"2021-12-12T11:46:43+00:00\",\"author\":{\"@id\":\"https:\\\/\\\/www.amanien.info\\\/news\\\/#\\\/schema\\\/person\\\/b21093345753a1a98242d505bd894f42\"},\"breadcrumb\":{\"@id\":\"https:\\\/\\\/www.amanien.info\\\/news\\\/2eme-edition-du-festival-j-aime-koumassi-9-jours-de-fete-pour-le-bonheur-des-populations\\\/#breadcrumb\"},\"inLanguage\":\"fr-FR\",\"potentialAction\":[{\"@type\":\"ReadAction\",\"target\":[\"https:\\\/\\\/www.amanien.info\\\/news\\\/2eme-edition-du-festival-j-aime-koumassi-9-jours-de-fete-pour-le-bonheur-des-populations\\\/\"]}]},{\"@type\":\"ImageObject\",\"inLanguage\":\"fr-FR\",\"@id\":\"https:\\\/\\\/www.amanien.info\\\/news\\\/2eme-edition-du-festival-j-aime-koumassi-9-jours-de-fete-pour-le-bonheur-des-populations\\\/#primaryimage\",\"url\":\"https:\\\/\\\/www.amanien.info\\\/news\\\/wp-content\\\/uploads\\\/2021\\\/12\\\/thumbnail-11.jpg\",\"contentUrl\":\"https:\\\/\\\/www.amanien.info\\\/news\\\/wp-content\\\/uploads\\\/2021\\\/12\\\/thumbnail-11.jpg\",\"width\":1080,\"height\":720},{\"@type\":\"BreadcrumbList\",\"@id\":\"https:\\\/\\\/www.amanien.info\\\/news\\\/2eme-edition-du-festival-j-aime-koumassi-9-jours-de-fete-pour-le-bonheur-des-populations\\\/#breadcrumb\",\"itemListElement\":[{\"@type\":\"ListItem\",\"position\":1,\"name\":\"Accueil\",\"item\":\"https:\\\/\\\/www.amanien.info\\\/news\\\/\"},{\"@type\":\"ListItem\",\"position\":2,\"name\":\"2\u00e8me \u00e9dition du festival \u00ab\u00a0J&rsquo; aime Koumassi\u00a0\u00bb: 9 jours de f\u00eate pour le bonheur des populations\"}]},{\"@type\":\"WebSite\",\"@id\":\"https:\\\/\\\/www.amanien.info\\\/news\\\/#website\",\"url\":\"https:\\\/\\\/www.amanien.info\\\/news\\\/\",\"name\":\"Amanien| L&#039;actualit\u00e9 Ivoirienne et Internationale\",\"description\":\"L&#039;actualit\u00e9 Ivoirienne et Internationale\",\"potentialAction\":[{\"@type\":\"SearchAction\",\"target\":{\"@type\":\"EntryPoint\",\"urlTemplate\":\"https:\\\/\\\/www.amanien.info\\\/news\\\/?s={search_term_string}\"},\"query-input\":{\"@type\":\"PropertyValueSpecification\",\"valueRequired\":true,\"valueName\":\"search_term_string\"}}],\"inLanguage\":\"fr-FR\"},{\"@type\":\"Person\",\"@id\":\"https:\\\/\\\/www.amanien.info\\\/news\\\/#\\\/schema\\\/person\\\/b21093345753a1a98242d505bd894f42\",\"name\":\"Germain Ndri\",\"url\":\"https:\\\/\\\/www.amanien.info\\\/news\\\/author\\\/amanien-infos\\\/\"}]}<\/script>\n<!-- \/ Yoast SEO plugin. -->","yoast_head_json":{"title":"2\u00e8me \u00e9dition du festival \"J' aime Koumassi\": 9 jours de f\u00eate pour le bonheur des populations - Amanien| L&#039;actualit\u00e9 Ivoirienne et Internationale","robots":{"index":"index","follow":"follow","max-snippet":"max-snippet:-1","max-image-preview":"max-image-preview:large","max-video-preview":"max-video-preview:-1"},"canonical":"https:\/\/www.amanien.info\/news\/2eme-edition-du-festival-j-aime-koumassi-9-jours-de-fete-pour-le-bonheur-des-populations\/","og_locale":"fr_FR","og_type":"article","og_title":"2\u00e8me \u00e9dition du festival \"J' aime Koumassi\": 9 jours de f\u00eate pour le bonheur des populations - Amanien| L&#039;actualit\u00e9 Ivoirienne et Internationale","og_description":"La c\u00e9r\u00e9monie officielle de lancement de la 2\u00e8me \u00e9dition du festival\u00a0\u00bbJ&rsquo; aime Koumassi\u00a0\u00bb s&rsquo; est d\u00e9roul\u00e9e le vendredi 10 d\u00e9cembre \u00e0 la place de l&rsquo;esp\u00e9rance. Pendant 9 jours, les habitants de la commune de Koumassi vont communier au son de la musique, mais aussi \u00e0 travers le sport, pour c\u00e9l\u00e9brer le vivre ensemble que pr\u00f4ne [&hellip;]","og_url":"https:\/\/www.amanien.info\/news\/2eme-edition-du-festival-j-aime-koumassi-9-jours-de-fete-pour-le-bonheur-des-populations\/","og_site_name":"Amanien| L&#039;actualit\u00e9 Ivoirienne et Internationale","article_published_time":"2021-12-12T11:45:44+00:00","article_modified_time":"2021-12-12T11:46:43+00:00","og_image":[{"width":1080,"height":720,"url":"https:\/\/www.amanien.info\/news\/wp-content\/uploads\/2021\/12\/thumbnail-11.jpg","type":"image\/jpeg"}],"author":"Germain Ndri","twitter_card":"summary_large_image","twitter_misc":{"\u00c9crit par":"Germain Ndri","Dur\u00e9e de lecture estim\u00e9e":"2 minutes"},"schema":{"@context":"https:\/\/schema.org","@graph":[{"@type":"Article","@id":"https:\/\/www.amanien.info\/news\/2eme-edition-du-festival-j-aime-koumassi-9-jours-de-fete-pour-le-bonheur-des-populations\/#article","isPartOf":{"@id":"https:\/\/www.amanien.info\/news\/2eme-edition-du-festival-j-aime-koumassi-9-jours-de-fete-pour-le-bonheur-des-populations\/"},"author":{"name":"Germain Ndri","@id":"https:\/\/www.amanien.info\/news\/#\/schema\/person\/b21093345753a1a98242d505bd894f42"},"headline":"2\u00e8me \u00e9dition du festival \u00ab\u00a0J&rsquo; aime Koumassi\u00a0\u00bb: 9 jours de f\u00eate pour le bonheur des populations","datePublished":"2021-12-12T11:45:44+00:00","dateModified":"2021-12-12T11:46:43+00:00","mainEntityOfPage":{"@id":"https:\/\/www.amanien.info\/news\/2eme-edition-du-festival-j-aime-koumassi-9-jours-de-fete-pour-le-bonheur-des-populations\/"},"wordCount":481,"image":{"@id":"https:\/\/www.amanien.info\/news\/2eme-edition-du-festival-j-aime-koumassi-9-jours-de-fete-pour-le-bonheur-des-populations\/#primaryimage"},"thumbnailUrl":"https:\/\/www.amanien.info\/news\/wp-content\/uploads\/2021\/12\/thumbnail-11.jpg","inLanguage":"fr-FR"},{"@type":"WebPage","@id":"https:\/\/www.amanien.info\/news\/2eme-edition-du-festival-j-aime-koumassi-9-jours-de-fete-pour-le-bonheur-des-populations\/","url":"https:\/\/www.amanien.info\/news\/2eme-edition-du-festival-j-aime-koumassi-9-jours-de-fete-pour-le-bonheur-des-populations\/","name":"2\u00e8me \u00e9dition du festival \"J' aime Koumassi\": 9 jours de f\u00eate pour le bonheur des populations - Amanien| L&#039;actualit\u00e9 Ivoirienne et Internationale","isPartOf":{"@id":"https:\/\/www.amanien.info\/news\/#website"},"primaryImageOfPage":{"@id":"https:\/\/www.amanien.info\/news\/2eme-edition-du-festival-j-aime-koumassi-9-jours-de-fete-pour-le-bonheur-des-populations\/#primaryimage"},"image":{"@id":"https:\/\/www.amanien.info\/news\/2eme-edition-du-festival-j-aime-koumassi-9-jours-de-fete-pour-le-bonheur-des-populations\/#primaryimage"},"thumbnailUrl":"https:\/\/www.amanien.info\/news\/wp-content\/uploads\/2021\/12\/thumbnail-11.jpg","datePublished":"2021-12-12T11:45:44+00:00","dateModified":"2021-12-12T11:46:43+00:00","author":{"@id":"https:\/\/www.amanien.info\/news\/#\/schema\/person\/b21093345753a1a98242d505bd894f42"},"breadcrumb":{"@id":"https:\/\/www.amanien.info\/news\/2eme-edition-du-festival-j-aime-koumassi-9-jours-de-fete-pour-le-bonheur-des-populations\/#breadcrumb"},"inLanguage":"fr-FR","potentialAction":[{"@type":"ReadAction","target":["https:\/\/www.amanien.info\/news\/2eme-edition-du-festival-j-aime-koumassi-9-jours-de-fete-pour-le-bonheur-des-populations\/"]}]},{"@type":"ImageObject","inLanguage":"fr-FR","@id":"https:\/\/www.amanien.info\/news\/2eme-edition-du-festival-j-aime-koumassi-9-jours-de-fete-pour-le-bonheur-des-populations\/#primaryimage","url":"https:\/\/www.amanien.info\/news\/wp-content\/uploads\/2021\/12\/thumbnail-11.jpg","contentUrl":"https:\/\/www.amanien.info\/news\/wp-content\/uploads\/2021\/12\/thumbnail-11.jpg","width":1080,"height":720},{"@type":"BreadcrumbList","@id":"https:\/\/www.amanien.info\/news\/2eme-edition-du-festival-j-aime-koumassi-9-jours-de-fete-pour-le-bonheur-des-populations\/#breadcrumb","itemListElement":[{"@type":"ListItem","position":1,"name":"Accueil","item":"https:\/\/www.amanien.info\/news\/"},{"@type":"ListItem","position":2,"name":"2\u00e8me \u00e9dition du festival \u00ab\u00a0J&rsquo; aime Koumassi\u00a0\u00bb: 9 jours de f\u00eate pour le bonheur des populations"}]},{"@type":"WebSite","@id":"https:\/\/www.amanien.info\/news\/#website","url":"https:\/\/www.amanien.info\/news\/","name":"Amanien| L&#039;actualit\u00e9 Ivoirienne et Internationale","description":"L&#039;actualit\u00e9 Ivoirienne et Internationale","potentialAction":[{"@type":"SearchAction","target":{"@type":"EntryPoint","urlTemplate":"https:\/\/www.amanien.info\/news\/?s={search_term_string}"},"query-input":{"@type":"PropertyValueSpecification","valueRequired":true,"valueName":"search_term_string"}}],"inLanguage":"fr-FR"},{"@type":"Person","@id":"https:\/\/www.amanien.info\/news\/#\/schema\/person\/b21093345753a1a98242d505bd894f42","name":"Germain Ndri","url":"https:\/\/www.amanien.info\/news\/author\/amanien-infos\/"}]}},"_links":{"self":[{"href":"https:\/\/www.amanien.info\/news\/wp-json\/wp\/v2\/posts\/3193","targetHints":{"allow":["GET"]}}],"collection":[{"href":"https:\/\/www.amanien.info\/news\/wp-json\/wp\/v2\/posts"}],"about":[{"href":"https:\/\/www.amanien.info\/news\/wp-json\/wp\/v2\/types\/post"}],"author":[{"embeddable":true,"href":"https:\/\/www.amanien.info\/news\/wp-json\/wp\/v2\/users\/2"}],"replies":[{"embeddable":true,"href":"https:\/\/www.amanien.info\/news\/wp-json\/wp\/v2\/comments?post=3193"}],"version-history":[{"count":1,"href":"https:\/\/www.amanien.info\/news\/wp-json\/wp\/v2\/posts\/3193\/revisions"}],"predecessor-version":[{"id":3195,"href":"https:\/\/www.amanien.info\/news\/wp-json\/wp\/v2\/posts\/3193\/revisions\/3195"}],"wp:featuredmedia":[{"embeddable":true,"href":"https:\/\/www.amanien.info\/news\/wp-json\/wp\/v2\/media\/3194"}],"wp:attachment":[{"href":"https:\/\/www.amanien.info\/news\/wp-json\/wp\/v2\/media?parent=3193"}],"wp:term":[{"taxonomy":"category","embeddable":true,"href":"https:\/\/www.amanien.info\/news\/wp-json\/wp\/v2\/categories?post=3193"},{"taxonomy":"post_tag","embeddable":true,"href":"https:\/\/www.amanien.info\/news\/wp-json\/wp\/v2\/tags?post=3193"}],"curies":[{"name":"wp","href":"https:\/\/api.w.org\/{rel}","templated":true}]}}