{"id":3186,"date":"2021-12-10T15:33:35","date_gmt":"2021-12-10T15:33:35","guid":{"rendered":"https:\/\/www.https:\/\/zozo.buyee.jp\/\/news\/?p=3186"},"modified":"2021-12-10T15:34:07","modified_gmt":"2021-12-10T15:34:07","slug":"communique-du-conseil-national-de-securite-17211-elements-des-forces-armees-pour-securiser-les-fetes-de-fin-d-annee","status":"publish","type":"post","link":"https:\/\/www.amanien.info\/news\/communique-du-conseil-national-de-securite-17211-elements-des-forces-armees-pour-securiser-les-fetes-de-fin-d-annee\/","title":{"rendered":"Communiqu\u00e9 du Conseil National de S\u00e9curit\u00e9: 17211 \u00e9l\u00e9ments des forces arm\u00e9es pour s\u00e9curiser les f\u00eates de fin d&rsquo; ann\u00e9e"},"content":{"rendered":"<p>La r\u00e9union du Conseil National de S\u00e9curit\u00e9 ( CNS), s&rsquo; est tenue au palais de la Pr\u00e9sidence sous la pr\u00e9sidence du Chef de l&rsquo; \u00c9tat Alassane Ouattara. A l&rsquo; ordre du jour :<\/p>\n<p>1- La situation s\u00e9curitaire g\u00e9n\u00e9rale ;<\/p>\n<p>2- L\u2019\u00e9volution de la maladie \u00e0 coronavirus 2019 (COVID-19) en C\u00f4te d\u2019Ivoire.<\/p>\n<p>&nbsp;<\/p>\n<p>1 &#8211; AU TITRE DE LA SITUATION SECURITAIRE GENERALE<\/p>\n<p>&nbsp;<\/p>\n<p>A la suite de la pr\u00e9sentation faite par le Ministre de l\u2019Int\u00e9rieur et de la S\u00e9curit\u00e9, le Conseil National de S\u00e9curit\u00e9 a not\u00e9, avec satisfaction, une nette am\u00e9lioration de la situation s\u00e9curitaire g\u00e9n\u00e9rale.<\/p>\n<p>Dans ce contexte, le Conseil National de S\u00e9curit\u00e9 s\u2019est r\u00e9joui des derniers r\u00e9sultats obtenus dans le cadre des op\u00e9rations de lutte contre l\u2019orpaillage ill\u00e9gal et le terrorisme. Ainsi, depuis la derni\u00e8re r\u00e9union du Conseil National de S\u00e9curit\u00e9, 114 sites d\u2019orpaillage ill\u00e9gal ont \u00e9t\u00e9 d\u00e9guerpis, 96 personnes interpell\u00e9es dans 12 r\u00e9gions, 9 000 abris de fortune d\u00e9truits et d\u2019importantes quantit\u00e9s de mat\u00e9riels saisies.<\/p>\n<p>Le Conseil National de S\u00e9curit\u00e9 a, par ailleurs, \u00e9t\u00e9 inform\u00e9 par le Chef d\u2019\u00c9tat-Major G\u00e9n\u00e9ral des Arm\u00e9es, de la tenue effective, du 22 au 27 novembre 2021, de l\u2019op\u00e9ration militaire conjointe d\u00e9nomm\u00e9e \u00ab KOUDANLGOU IV \u00bb, qui a rassembl\u00e9 plusieurs pays dont la C\u00f4te d\u2019Ivoire. Cette op\u00e9ration contre le terrorisme a permis l\u2019interpellation de 304 individus suspects ainsi que la saisie d\u2019armes \u00e0 feu, de munitions, d\u2019explosifs, de moyens roulants et de stup\u00e9fiants.<\/p>\n<p>Le Chef d\u2019\u00c9tat-Major G\u00e9n\u00e9ral des Arm\u00e9es a \u00e9galement port\u00e9 \u00e0 la connaissance du Conseil National de S\u00e9curit\u00e9, le d\u00e9ploiement prochain de 17 211 \u00e9l\u00e9ments des Forces de D\u00e9fense et de S\u00e9curit\u00e9, dans le cadre de l\u2019op\u00e9ration \u00ab Mirador 2021 \u00bb, en vue de permettre aux populations de passer les f\u00eates de fin d\u2019ann\u00e9e dans la qui\u00e9tude et en toute s\u00e9curit\u00e9.<\/p>\n<p>Enfin, le Conseil National de S\u00e9curit\u00e9 a \u00e9t\u00e9 inform\u00e9 des r\u00e9sultats tr\u00e8s encourageants obtenus dans le cadre de la lutte contre la criminalit\u00e9 juv\u00e9nile dans le District d\u2019Abidjan. En effet, les op\u00e9rations conjointes men\u00e9es par la Cellule de Coordination, de Suivi et de R\u00e9insertion (CCSR) et la Police Nationale, sur instructions du Conseil National de S\u00e9curit\u00e9, ont permis de r\u00e9duire, de fa\u00e7on significative, les agressions commises dans plusieurs quartiers du District, par les enfants, adolescents et jeunes en conflit avec la loi.<\/p>\n<p>Ainsi, au cours de la p\u00e9riode allant de f\u00e9vrier \u00e0 novembre 2021, pr\u00e8s de 14 000 adolescents et jeunes ont \u00e9t\u00e9 rafl\u00e9s dans les quartiers identifi\u00e9s comme \u00e0 risque et 2 106 fumoirs d\u00e9mantel\u00e9s avec d\u2019importantes saisies de stup\u00e9fiants. Par ailleurs, 254 adolescents identifi\u00e9s comme particuli\u00e8rement agressifs ont suivi un programme de resocialisation et ont \u00e9t\u00e9 plac\u00e9s aupr\u00e8s de ma\u00eetres artisans ou r\u00e9int\u00e9gr\u00e9s dans le syst\u00e8me scolaire.<\/p>\n<p>Au regard de l\u2019ensemble des r\u00e9sultats obtenus relativement \u00e0 la situation s\u00e9curitaire g\u00e9n\u00e9rale, le Pr\u00e9sident de la R\u00e9publique a f\u00e9licit\u00e9 les Ministres en charge de la D\u00e9fense et de la S\u00e9curit\u00e9, les Grands Commandements ainsi que tous les autres acteurs impliqu\u00e9s dans la s\u00e9curisation de notre pays. Il les a, en outre, encourag\u00e9s \u00e0 poursuivre leurs efforts dans ce sens.<\/p>\n<p>&nbsp;<\/p>\n<p>2 &#8211; AU TITRE DE L\u2019\u00c9VOLUTION DE LA MALADIE \u00c0 CORONAVIRUS 2019 (COVID-19) EN C\u00d4TE D\u2019IVOIRE<\/p>\n<p>&nbsp;<\/p>\n<p>Le Ministre de la Sant\u00e9, de l\u2019Hygi\u00e8ne Publique et de la Couverture Maladie Universelle a fait un point de situation sur l\u2019\u00e9volution de la pand\u00e9mie de COVID-19 en C\u00f4te d\u2019Ivoire. Ainsi :<\/p>\n<ul>\n<li>\u00c0 la date du mercredi 8 d\u00e9cembre 2021, la C\u00f4te d\u2019Ivoire d\u00e9nombrait 61 857 cas confirm\u00e9s de<\/li>\n<\/ul>\n<p>COVID-19 dont 60 909 gu\u00e9ris, 706 d\u00e9c\u00e8s et 236 cas actifs ;<\/p>\n<ul>\n<li>Depuis le mois d\u2019ao\u00fbt 2021, le nombre de nouveaux cas de COVID-19 enregistr\u00e9s dans le pays<\/li>\n<\/ul>\n<p>est en constante baisse avec 5 534 cas notifi\u00e9s en ao\u00fbt, 4 584 en septembre, 1 044 en octobre et 427 en novembre ;<\/p>\n<ul>\n<li>La moyenne du taux de positivit\u00e9 actuel est inf\u00e9rieur \u00e0 2%, bien en-dessous du seuil d\u2019alerte de 5% ;<\/p>\n<\/li>\n<li>\n<p>Le taux de gu\u00e9rison avoisine les 99%, traduisant non seulement la qualit\u00e9 de la prise en charge par les professionnels de sant\u00e9, mais \u00e9galement la pr\u00e9cocit\u00e9 du diagnostic, gr\u00e2ce \u00e0 l\u2019utilisation des tests rapides antig\u00e9niques ;<\/p>\n<\/li>\n<li>\n<p>Le nombre de d\u00e9c\u00e8s notifi\u00e9s, touchant particuli\u00e8rement les personnes vuln\u00e9rables, est<\/p>\n<\/li>\n<\/ul>\n<p>\u00e9galement en nette r\u00e9gression depuis le mois de septembre 2021. En effet, 183 cas de d\u00e9c\u00e8s ont \u00e9t\u00e9 enregistr\u00e9s en septembre, 71 en octobre et 9 en novembre.<\/p>\n<p>Cette baisse du nombre de cas de d\u00e9c\u00e8s est due \u00e0 l\u2019am\u00e9lioration de la couverture vaccinale,<\/p>\n<p>notamment au sein des populations vuln\u00e9rables.<\/p>\n<p>En effet, dans le District d\u2019Abidjan qui reste l\u2019\u00e9picentre de la maladie avec 95% des cas<\/p>\n<p>diagnostiqu\u00e9s, 50% de la population cible a re\u00e7u la premi\u00e8re dose et 27%, les deux doses<\/p>\n<p>prescrites.<\/p>\n<p>Le Ministre en charge de la Sant\u00e9 a fait observer que le contexte sanitaire international, marqu\u00e9 par une augmentation significative des cas de COVID-19 en Europe et l\u2019apparition du variant Omicron, ainsi que les importants mouvements des populations attendus \u00e0 l\u2019occasion des f\u00eates de fin d\u2019ann\u00e9e, pourraient entra\u00eener une r\u00e9surgence de l\u2019\u00e9pid\u00e9mie dans notre pays.<\/p>\n<p>&nbsp;<\/p>\n<p>Aussi, afin de parer \u00e0 cette situation, le Conseil National de S\u00e9curit\u00e9, apr\u00e8s analyse, a-t-il d\u00e9cid\u00e9 des mesures suivantes :<\/p>\n<ul>\n<li>La r\u00e9duction de la validit\u00e9 des tests PCR \u00e0 48 heures ;<\/p>\n<\/li>\n<li>\n<p>Le renforcement des contr\u00f4les \u00e0 l\u2019A\u00e9roport International F\u00e9lix Houphou\u00ebt-Boigny par l\u2019installation de laboratoires Modulaires Mobiles pour la r\u00e9alisation de tests PCR et de cabines de d\u00e9sinfection ;<\/p>\n<\/li>\n<li>\n<p>Le suivi quotidien des voyageurs en provenance des pays dans lesquels a \u00e9t\u00e9 d\u00e9tect\u00e9 le variant Omicron, au cours des 5 premiers jours de leur arriv\u00e9e en C\u00f4te d\u2019Ivoire ;<\/p>\n<\/li>\n<li>\n<p>Le renforcement des capacit\u00e9s de d\u00e9pistage par l\u2019accr\u00e9ditation de laboratoires priv\u00e9s et l\u2019augmentation du nombre de laboratoires publics.<\/p>\n<\/li>\n<\/ul>\n<p>Le Pr\u00e9sident de la R\u00e9publique, tout en f\u00e9licitant le Premier Ministre et le Ministre en charge de la Sant\u00e9 pour les r\u00e9sultats tr\u00e8s satisfaisants atteints dans le cadre de la lutte contre la COVID-19, les a encourag\u00e9s \u00e0 poursuivre et \u00e0 intensifier le programme de vaccination en cours ainsi que les actions de sensibilisation.<\/p>\n<p>Le Chef de l\u2019\u00c9tat a, par ailleurs, invit\u00e9, \u00e0 nouveau, les populations vivant en C\u00f4te d\u2019Ivoire \u00e0 respecter scrupuleusement les mesures barri\u00e8res et pour celles \u00e2g\u00e9es de 18 ans et plus, \u00e0 se faire vacciner, afin de lutter efficacement contre la pand\u00e9mie de COVID-19, dans notre pays.<\/p>\n<p>Au terme de cette 10e et derni\u00e8re r\u00e9union de l\u2019ann\u00e9e 2021, le Pr\u00e9sident de la R\u00e9publique a adress\u00e9 ses vives f\u00e9licitations aux membres du Conseil National de S\u00e9curit\u00e9 pour les efforts remarquables d\u00e9ploy\u00e9s en vue d\u2019assurer la protection des biens et des personnes dans notre pays.<\/p>\n<p>Enfin, le Chef de l\u2019\u00c9tat a indiqu\u00e9 que la prochaine r\u00e9union du Conseil National de S\u00e9curit\u00e9 se tiendra le jeudi 13 janvier 2022.<\/p>\n<p>&nbsp;<\/p>\n<p>&nbsp;<\/p>\n<p>Fait \u00e0 Abidjan, le jeudi 9 d\u00e9cembre 2021<\/p>\n<p>M. Fid\u00e8le SARASSORO<\/p>\n<p>Ministre, Secr\u00e9taire du Conseil National de S\u00e9curit\u00e9<\/p>\n","protected":false},"excerpt":{"rendered":"<p>La r\u00e9union du Conseil National de S\u00e9curit\u00e9 ( CNS), s&rsquo; est tenue au palais de la Pr\u00e9sidence sous la pr\u00e9sidence du Chef de l&rsquo; \u00c9tat Alassane Ouattara. A l&rsquo; ordre du jour : 1- La situation s\u00e9curitaire g\u00e9n\u00e9rale ; 2- L\u2019\u00e9volution de la maladie \u00e0 coronavirus 2019 (COVID-19) en C\u00f4te d\u2019Ivoire. &nbsp; 1 &#8211; AU [&hellip;]<\/p>\n","protected":false},"author":2,"featured_media":3187,"comment_status":"closed","ping_status":"closed","sticky":true,"template":"","format":"standard","meta":{"_acf_changed":false,"footnotes":""},"categories":[],"tags":[],"class_list":["post-3186","post","type-post","status-publish","format-standard","has-post-thumbnail","hentry"],"acf":[],"yoast_head":"<!-- This site is optimized with the Yoast SEO plugin v27.5 - https:\/\/yoast.com\/product\/yoast-seo-wordpress\/ -->\n<title>Communiqu\u00e9 du Conseil National de S\u00e9curit\u00e9: 17211 \u00e9l\u00e9ments des forces arm\u00e9es pour s\u00e9curiser les f\u00eates de fin d&#039; ann\u00e9e - Amanien| L&#039;actualit\u00e9 Ivoirienne et Internationale<\/title>\n<meta name=\"robots\" content=\"index, follow, max-snippet:-1, max-image-preview:large, max-video-preview:-1\" \/>\n<link rel=\"canonical\" href=\"https:\/\/www.amanien.info\/news\/communique-du-conseil-national-de-securite-17211-elements-des-forces-armees-pour-securiser-les-fetes-de-fin-d-annee\/\" \/>\n<meta property=\"og:locale\" content=\"fr_FR\" \/>\n<meta property=\"og:type\" content=\"article\" \/>\n<meta property=\"og:title\" content=\"Communiqu\u00e9 du Conseil National de S\u00e9curit\u00e9: 17211 \u00e9l\u00e9ments des forces arm\u00e9es pour s\u00e9curiser les f\u00eates de fin d&#039; ann\u00e9e - Amanien| L&#039;actualit\u00e9 Ivoirienne et Internationale\" \/>\n<meta property=\"og:description\" content=\"La r\u00e9union du Conseil National de S\u00e9curit\u00e9 ( CNS), s&rsquo; est tenue au palais de la Pr\u00e9sidence sous la pr\u00e9sidence du Chef de l&rsquo; \u00c9tat Alassane Ouattara. A l&rsquo; ordre du jour : 1- La situation s\u00e9curitaire g\u00e9n\u00e9rale ; 2- L\u2019\u00e9volution de la maladie \u00e0 coronavirus 2019 (COVID-19) en C\u00f4te d\u2019Ivoire. &nbsp; 1 &#8211; AU [&hellip;]\" \/>\n<meta property=\"og:url\" content=\"https:\/\/www.amanien.info\/news\/communique-du-conseil-national-de-securite-17211-elements-des-forces-armees-pour-securiser-les-fetes-de-fin-d-annee\/\" \/>\n<meta property=\"og:site_name\" content=\"Amanien| L&#039;actualit\u00e9 Ivoirienne et Internationale\" \/>\n<meta property=\"article:published_time\" content=\"2021-12-10T15:33:35+00:00\" \/>\n<meta property=\"article:modified_time\" content=\"2021-12-10T15:34:07+00:00\" \/>\n<meta property=\"og:image\" content=\"https:\/\/www.amanien.info\/news\/wp-content\/uploads\/2021\/12\/thumbnail-1.png\" \/>\n\t<meta property=\"og:image:width\" content=\"720\" \/>\n\t<meta property=\"og:image:height\" content=\"480\" \/>\n\t<meta property=\"og:image:type\" content=\"image\/png\" \/>\n<meta name=\"author\" content=\"Germain Ndri\" \/>\n<meta name=\"twitter:card\" content=\"summary_large_image\" \/>\n<meta name=\"twitter:label1\" content=\"\u00c9crit par\" \/>\n\t<meta name=\"twitter:data1\" content=\"Germain Ndri\" \/>\n\t<meta name=\"twitter:label2\" content=\"Dur\u00e9e de lecture estim\u00e9e\" \/>\n\t<meta name=\"twitter:data2\" content=\"5 minutes\" \/>\n<script type=\"application\/ld+json\" class=\"yoast-schema-graph\">{\"@context\":\"https:\\\/\\\/schema.org\",\"@graph\":[{\"@type\":\"Article\",\"@id\":\"https:\\\/\\\/www.amanien.info\\\/news\\\/communique-du-conseil-national-de-securite-17211-elements-des-forces-armees-pour-securiser-les-fetes-de-fin-d-annee\\\/#article\",\"isPartOf\":{\"@id\":\"https:\\\/\\\/www.amanien.info\\\/news\\\/communique-du-conseil-national-de-securite-17211-elements-des-forces-armees-pour-securiser-les-fetes-de-fin-d-annee\\\/\"},\"author\":{\"name\":\"Germain Ndri\",\"@id\":\"https:\\\/\\\/www.amanien.info\\\/news\\\/#\\\/schema\\\/person\\\/b21093345753a1a98242d505bd894f42\"},\"headline\":\"Communiqu\u00e9 du Conseil National de S\u00e9curit\u00e9: 17211 \u00e9l\u00e9ments des forces arm\u00e9es pour s\u00e9curiser les f\u00eates de fin d&rsquo; ann\u00e9e\",\"datePublished\":\"2021-12-10T15:33:35+00:00\",\"dateModified\":\"2021-12-10T15:34:07+00:00\",\"mainEntityOfPage\":{\"@id\":\"https:\\\/\\\/www.amanien.info\\\/news\\\/communique-du-conseil-national-de-securite-17211-elements-des-forces-armees-pour-securiser-les-fetes-de-fin-d-annee\\\/\"},\"wordCount\":1271,\"image\":{\"@id\":\"https:\\\/\\\/www.amanien.info\\\/news\\\/communique-du-conseil-national-de-securite-17211-elements-des-forces-armees-pour-securiser-les-fetes-de-fin-d-annee\\\/#primaryimage\"},\"thumbnailUrl\":\"https:\\\/\\\/www.amanien.info\\\/news\\\/wp-content\\\/uploads\\\/2021\\\/12\\\/thumbnail-1.png\",\"inLanguage\":\"fr-FR\"},{\"@type\":\"WebPage\",\"@id\":\"https:\\\/\\\/www.amanien.info\\\/news\\\/communique-du-conseil-national-de-securite-17211-elements-des-forces-armees-pour-securiser-les-fetes-de-fin-d-annee\\\/\",\"url\":\"https:\\\/\\\/www.amanien.info\\\/news\\\/communique-du-conseil-national-de-securite-17211-elements-des-forces-armees-pour-securiser-les-fetes-de-fin-d-annee\\\/\",\"name\":\"Communiqu\u00e9 du Conseil National de S\u00e9curit\u00e9: 17211 \u00e9l\u00e9ments des forces arm\u00e9es pour s\u00e9curiser les f\u00eates de fin d' ann\u00e9e - Amanien| L&#039;actualit\u00e9 Ivoirienne et Internationale\",\"isPartOf\":{\"@id\":\"https:\\\/\\\/www.amanien.info\\\/news\\\/#website\"},\"primaryImageOfPage\":{\"@id\":\"https:\\\/\\\/www.amanien.info\\\/news\\\/communique-du-conseil-national-de-securite-17211-elements-des-forces-armees-pour-securiser-les-fetes-de-fin-d-annee\\\/#primaryimage\"},\"image\":{\"@id\":\"https:\\\/\\\/www.amanien.info\\\/news\\\/communique-du-conseil-national-de-securite-17211-elements-des-forces-armees-pour-securiser-les-fetes-de-fin-d-annee\\\/#primaryimage\"},\"thumbnailUrl\":\"https:\\\/\\\/www.amanien.info\\\/news\\\/wp-content\\\/uploads\\\/2021\\\/12\\\/thumbnail-1.png\",\"datePublished\":\"2021-12-10T15:33:35+00:00\",\"dateModified\":\"2021-12-10T15:34:07+00:00\",\"author\":{\"@id\":\"https:\\\/\\\/www.amanien.info\\\/news\\\/#\\\/schema\\\/person\\\/b21093345753a1a98242d505bd894f42\"},\"breadcrumb\":{\"@id\":\"https:\\\/\\\/www.amanien.info\\\/news\\\/communique-du-conseil-national-de-securite-17211-elements-des-forces-armees-pour-securiser-les-fetes-de-fin-d-annee\\\/#breadcrumb\"},\"inLanguage\":\"fr-FR\",\"potentialAction\":[{\"@type\":\"ReadAction\",\"target\":[\"https:\\\/\\\/www.amanien.info\\\/news\\\/communique-du-conseil-national-de-securite-17211-elements-des-forces-armees-pour-securiser-les-fetes-de-fin-d-annee\\\/\"]}]},{\"@type\":\"ImageObject\",\"inLanguage\":\"fr-FR\",\"@id\":\"https:\\\/\\\/www.amanien.info\\\/news\\\/communique-du-conseil-national-de-securite-17211-elements-des-forces-armees-pour-securiser-les-fetes-de-fin-d-annee\\\/#primaryimage\",\"url\":\"https:\\\/\\\/www.amanien.info\\\/news\\\/wp-content\\\/uploads\\\/2021\\\/12\\\/thumbnail-1.png\",\"contentUrl\":\"https:\\\/\\\/www.amanien.info\\\/news\\\/wp-content\\\/uploads\\\/2021\\\/12\\\/thumbnail-1.png\",\"width\":720,\"height\":480},{\"@type\":\"BreadcrumbList\",\"@id\":\"https:\\\/\\\/www.amanien.info\\\/news\\\/communique-du-conseil-national-de-securite-17211-elements-des-forces-armees-pour-securiser-les-fetes-de-fin-d-annee\\\/#breadcrumb\",\"itemListElement\":[{\"@type\":\"ListItem\",\"position\":1,\"name\":\"Accueil\",\"item\":\"https:\\\/\\\/www.amanien.info\\\/news\\\/\"},{\"@type\":\"ListItem\",\"position\":2,\"name\":\"Communiqu\u00e9 du Conseil National de S\u00e9curit\u00e9: 17211 \u00e9l\u00e9ments des forces arm\u00e9es pour s\u00e9curiser les f\u00eates de fin d&rsquo; ann\u00e9e\"}]},{\"@type\":\"WebSite\",\"@id\":\"https:\\\/\\\/www.amanien.info\\\/news\\\/#website\",\"url\":\"https:\\\/\\\/www.amanien.info\\\/news\\\/\",\"name\":\"Amanien| L&#039;actualit\u00e9 Ivoirienne et Internationale\",\"description\":\"L&#039;actualit\u00e9 Ivoirienne et Internationale\",\"potentialAction\":[{\"@type\":\"SearchAction\",\"target\":{\"@type\":\"EntryPoint\",\"urlTemplate\":\"https:\\\/\\\/www.amanien.info\\\/news\\\/?s={search_term_string}\"},\"query-input\":{\"@type\":\"PropertyValueSpecification\",\"valueRequired\":true,\"valueName\":\"search_term_string\"}}],\"inLanguage\":\"fr-FR\"},{\"@type\":\"Person\",\"@id\":\"https:\\\/\\\/www.amanien.info\\\/news\\\/#\\\/schema\\\/person\\\/b21093345753a1a98242d505bd894f42\",\"name\":\"Germain Ndri\",\"url\":\"https:\\\/\\\/www.amanien.info\\\/news\\\/author\\\/amanien-infos\\\/\"}]}<\/script>\n<!-- \/ Yoast SEO plugin. -->","yoast_head_json":{"title":"Communiqu\u00e9 du Conseil National de S\u00e9curit\u00e9: 17211 \u00e9l\u00e9ments des forces arm\u00e9es pour s\u00e9curiser les f\u00eates de fin d' ann\u00e9e - Amanien| L&#039;actualit\u00e9 Ivoirienne et Internationale","robots":{"index":"index","follow":"follow","max-snippet":"max-snippet:-1","max-image-preview":"max-image-preview:large","max-video-preview":"max-video-preview:-1"},"canonical":"https:\/\/www.amanien.info\/news\/communique-du-conseil-national-de-securite-17211-elements-des-forces-armees-pour-securiser-les-fetes-de-fin-d-annee\/","og_locale":"fr_FR","og_type":"article","og_title":"Communiqu\u00e9 du Conseil National de S\u00e9curit\u00e9: 17211 \u00e9l\u00e9ments des forces arm\u00e9es pour s\u00e9curiser les f\u00eates de fin d' ann\u00e9e - Amanien| L&#039;actualit\u00e9 Ivoirienne et Internationale","og_description":"La r\u00e9union du Conseil National de S\u00e9curit\u00e9 ( CNS), s&rsquo; est tenue au palais de la Pr\u00e9sidence sous la pr\u00e9sidence du Chef de l&rsquo; \u00c9tat Alassane Ouattara. A l&rsquo; ordre du jour : 1- La situation s\u00e9curitaire g\u00e9n\u00e9rale ; 2- L\u2019\u00e9volution de la maladie \u00e0 coronavirus 2019 (COVID-19) en C\u00f4te d\u2019Ivoire. &nbsp; 1 &#8211; AU [&hellip;]","og_url":"https:\/\/www.amanien.info\/news\/communique-du-conseil-national-de-securite-17211-elements-des-forces-armees-pour-securiser-les-fetes-de-fin-d-annee\/","og_site_name":"Amanien| L&#039;actualit\u00e9 Ivoirienne et Internationale","article_published_time":"2021-12-10T15:33:35+00:00","article_modified_time":"2021-12-10T15:34:07+00:00","og_image":[{"width":720,"height":480,"url":"https:\/\/www.amanien.info\/news\/wp-content\/uploads\/2021\/12\/thumbnail-1.png","type":"image\/png"}],"author":"Germain Ndri","twitter_card":"summary_large_image","twitter_misc":{"\u00c9crit par":"Germain Ndri","Dur\u00e9e de lecture estim\u00e9e":"5 minutes"},"schema":{"@context":"https:\/\/schema.org","@graph":[{"@type":"Article","@id":"https:\/\/www.amanien.info\/news\/communique-du-conseil-national-de-securite-17211-elements-des-forces-armees-pour-securiser-les-fetes-de-fin-d-annee\/#article","isPartOf":{"@id":"https:\/\/www.amanien.info\/news\/communique-du-conseil-national-de-securite-17211-elements-des-forces-armees-pour-securiser-les-fetes-de-fin-d-annee\/"},"author":{"name":"Germain Ndri","@id":"https:\/\/www.amanien.info\/news\/#\/schema\/person\/b21093345753a1a98242d505bd894f42"},"headline":"Communiqu\u00e9 du Conseil National de S\u00e9curit\u00e9: 17211 \u00e9l\u00e9ments des forces arm\u00e9es pour s\u00e9curiser les f\u00eates de fin d&rsquo; ann\u00e9e","datePublished":"2021-12-10T15:33:35+00:00","dateModified":"2021-12-10T15:34:07+00:00","mainEntityOfPage":{"@id":"https:\/\/www.amanien.info\/news\/communique-du-conseil-national-de-securite-17211-elements-des-forces-armees-pour-securiser-les-fetes-de-fin-d-annee\/"},"wordCount":1271,"image":{"@id":"https:\/\/www.amanien.info\/news\/communique-du-conseil-national-de-securite-17211-elements-des-forces-armees-pour-securiser-les-fetes-de-fin-d-annee\/#primaryimage"},"thumbnailUrl":"https:\/\/www.amanien.info\/news\/wp-content\/uploads\/2021\/12\/thumbnail-1.png","inLanguage":"fr-FR"},{"@type":"WebPage","@id":"https:\/\/www.amanien.info\/news\/communique-du-conseil-national-de-securite-17211-elements-des-forces-armees-pour-securiser-les-fetes-de-fin-d-annee\/","url":"https:\/\/www.amanien.info\/news\/communique-du-conseil-national-de-securite-17211-elements-des-forces-armees-pour-securiser-les-fetes-de-fin-d-annee\/","name":"Communiqu\u00e9 du Conseil National de S\u00e9curit\u00e9: 17211 \u00e9l\u00e9ments des forces arm\u00e9es pour s\u00e9curiser les f\u00eates de fin d' ann\u00e9e - Amanien| L&#039;actualit\u00e9 Ivoirienne et Internationale","isPartOf":{"@id":"https:\/\/www.amanien.info\/news\/#website"},"primaryImageOfPage":{"@id":"https:\/\/www.amanien.info\/news\/communique-du-conseil-national-de-securite-17211-elements-des-forces-armees-pour-securiser-les-fetes-de-fin-d-annee\/#primaryimage"},"image":{"@id":"https:\/\/www.amanien.info\/news\/communique-du-conseil-national-de-securite-17211-elements-des-forces-armees-pour-securiser-les-fetes-de-fin-d-annee\/#primaryimage"},"thumbnailUrl":"https:\/\/www.amanien.info\/news\/wp-content\/uploads\/2021\/12\/thumbnail-1.png","datePublished":"2021-12-10T15:33:35+00:00","dateModified":"2021-12-10T15:34:07+00:00","author":{"@id":"https:\/\/www.amanien.info\/news\/#\/schema\/person\/b21093345753a1a98242d505bd894f42"},"breadcrumb":{"@id":"https:\/\/www.amanien.info\/news\/communique-du-conseil-national-de-securite-17211-elements-des-forces-armees-pour-securiser-les-fetes-de-fin-d-annee\/#breadcrumb"},"inLanguage":"fr-FR","potentialAction":[{"@type":"ReadAction","target":["https:\/\/www.amanien.info\/news\/communique-du-conseil-national-de-securite-17211-elements-des-forces-armees-pour-securiser-les-fetes-de-fin-d-annee\/"]}]},{"@type":"ImageObject","inLanguage":"fr-FR","@id":"https:\/\/www.amanien.info\/news\/communique-du-conseil-national-de-securite-17211-elements-des-forces-armees-pour-securiser-les-fetes-de-fin-d-annee\/#primaryimage","url":"https:\/\/www.amanien.info\/news\/wp-content\/uploads\/2021\/12\/thumbnail-1.png","contentUrl":"https:\/\/www.amanien.info\/news\/wp-content\/uploads\/2021\/12\/thumbnail-1.png","width":720,"height":480},{"@type":"BreadcrumbList","@id":"https:\/\/www.amanien.info\/news\/communique-du-conseil-national-de-securite-17211-elements-des-forces-armees-pour-securiser-les-fetes-de-fin-d-annee\/#breadcrumb","itemListElement":[{"@type":"ListItem","position":1,"name":"Accueil","item":"https:\/\/www.amanien.info\/news\/"},{"@type":"ListItem","position":2,"name":"Communiqu\u00e9 du Conseil National de S\u00e9curit\u00e9: 17211 \u00e9l\u00e9ments des forces arm\u00e9es pour s\u00e9curiser les f\u00eates de fin d&rsquo; ann\u00e9e"}]},{"@type":"WebSite","@id":"https:\/\/www.amanien.info\/news\/#website","url":"https:\/\/www.amanien.info\/news\/","name":"Amanien| L&#039;actualit\u00e9 Ivoirienne et Internationale","description":"L&#039;actualit\u00e9 Ivoirienne et Internationale","potentialAction":[{"@type":"SearchAction","target":{"@type":"EntryPoint","urlTemplate":"https:\/\/www.amanien.info\/news\/?s={search_term_string}"},"query-input":{"@type":"PropertyValueSpecification","valueRequired":true,"valueName":"search_term_string"}}],"inLanguage":"fr-FR"},{"@type":"Person","@id":"https:\/\/www.amanien.info\/news\/#\/schema\/person\/b21093345753a1a98242d505bd894f42","name":"Germain Ndri","url":"https:\/\/www.amanien.info\/news\/author\/amanien-infos\/"}]}},"_links":{"self":[{"href":"https:\/\/www.amanien.info\/news\/wp-json\/wp\/v2\/posts\/3186","targetHints":{"allow":["GET"]}}],"collection":[{"href":"https:\/\/www.amanien.info\/news\/wp-json\/wp\/v2\/posts"}],"about":[{"href":"https:\/\/www.amanien.info\/news\/wp-json\/wp\/v2\/types\/post"}],"author":[{"embeddable":true,"href":"https:\/\/www.amanien.info\/news\/wp-json\/wp\/v2\/users\/2"}],"replies":[{"embeddable":true,"href":"https:\/\/www.amanien.info\/news\/wp-json\/wp\/v2\/comments?post=3186"}],"version-history":[{"count":1,"href":"https:\/\/www.amanien.info\/news\/wp-json\/wp\/v2\/posts\/3186\/revisions"}],"predecessor-version":[{"id":3188,"href":"https:\/\/www.amanien.info\/news\/wp-json\/wp\/v2\/posts\/3186\/revisions\/3188"}],"wp:featuredmedia":[{"embeddable":true,"href":"https:\/\/www.amanien.info\/news\/wp-json\/wp\/v2\/media\/3187"}],"wp:attachment":[{"href":"https:\/\/www.amanien.info\/news\/wp-json\/wp\/v2\/media?parent=3186"}],"wp:term":[{"taxonomy":"category","embeddable":true,"href":"https:\/\/www.amanien.info\/news\/wp-json\/wp\/v2\/categories?post=3186"},{"taxonomy":"post_tag","embeddable":true,"href":"https:\/\/www.amanien.info\/news\/wp-json\/wp\/v2\/tags?post=3186"}],"curies":[{"name":"wp","href":"https:\/\/api.w.org\/{rel}","templated":true}]}}