{"id":3183,"date":"2021-12-10T15:30:05","date_gmt":"2021-12-10T15:30:05","guid":{"rendered":"https:\/\/www.https:\/\/zozo.buyee.jp\/\/news\/?p=3183"},"modified":"2021-12-10T15:30:39","modified_gmt":"2021-12-10T15:30:39","slug":"ouverture-a-abidjan-de-la-8e-edition-du-salon-de-larchitecture-et-du-batiment-archibat-2021","status":"publish","type":"post","link":"https:\/\/www.amanien.info\/news\/ouverture-a-abidjan-de-la-8e-edition-du-salon-de-larchitecture-et-du-batiment-archibat-2021\/","title":{"rendered":"Ouverture \u00e0 Abidjan de la 8\u00e8 \u00e9dition du Salon de l&rsquo;Architecture et du B\u00e2timent (Archibat 2021)"},"content":{"rendered":"<p>&lt;&lt; La fabrique de la ville aux professionnels&gt;&gt;, tel est le th\u00e8me de la 8\u00e8 \u00e9dition du Salon de l&rsquo;Architecture et du B\u00e2timent (Archibat 2021) qui a ouvert ses portes, ce mercredi 08 d\u00e9cembre 2021 au Sofitel H\u00f4tel Ivoire d&rsquo;Abidjan, Cocody, en pr\u00e9sence du Ministre de la Construction, du Logement et de l&rsquo;urbanisme, Bruno Nabagn\u00e9 Kon\u00e9, de plusieurs membres du gouvernement ivoirien, du Pr\u00e9sident du Conseil National de l&rsquo;Ordre des Architectes (CNAO) de C\u00f4te d&rsquo;Ivoire, Joseph Amon, etc.<\/p>\n<p>Proc\u00e9dant \u00e0 l&rsquo;ouverture du salon, qui se tient sur 4 jours ( du 08 au 11 d\u00e9cembre), le Ministre de la construction, du Logement et de l&rsquo;urbanisme et Pr\u00e9sident de Archibat 2021, Bruno Nabagn\u00e9 Kon\u00e9 a indiqu\u00e9 que ce salon a montr\u00e9 la maturit\u00e9 des principaux acteurs, il a permis de mettre la lumi\u00e8re sur des talents, sur la cr\u00e9ativit\u00e9 des acteurs ivoiriens du cadre \u00ab\u00a0B\u00e2tir\u00a0\u00bb.<\/p>\n<p>A en croire le Pr\u00e9sident de Archibat 2021, il faut doter les villes d&rsquo;instruments modernes et adapt\u00e9s pour tous, il faut des constructions stables et durables.<br \/>\n&lt;&lt;Il faut accro\u00eetre la s\u00e9curit\u00e9 sur les sites. En 2020, nous avons d\u00e9livr\u00e9 17 000 ACD contre 5 500. Il faut absolument des constructions stables et durables parce qu&rsquo;au-del\u00e0 de R+2, il faut obligatoirement l&rsquo;intervention d&rsquo;un professionnel&gt;&gt; a-t-il affirm\u00e9.<\/p>\n<p>L&rsquo;intervention des professionnels, ajoute-t-il, permettra d&rsquo;avoir un environnement mieux s\u00e9curis\u00e9.<br \/>\nBruno Nabagn\u00e9 Kon\u00e9 a \u00e9galement soulign\u00e9 que la sensibilisation sur les effondrements d&rsquo;immeubles sera poursuivie sur toutes l&rsquo;\u00e9tendue du territoire national.<br \/>\nSur les derni\u00e8res ann\u00e9es, 24 effondrements ont \u00e9t\u00e9 enregistr\u00e9s dont 09 en 2020.<br \/>\nDepuis mars 2021, aucun effondrement n&rsquo;a \u00e9t\u00e9 enregistr\u00e9.<\/p>\n<p>Bien avant, le Pr\u00e9sident du CNOA, Joseph Amon a marqu\u00e9 la volont\u00e9 du secteur priv\u00e9 \u00e0 accompagner le minist\u00e8re de la construction, du Logement et de l&rsquo;urbanisme et le gouvernement ivoirien.<br \/>\n&lt;&lt; Les acteurs du secteur priv\u00e9 que nous sommes, nous voulons vous accompagner, ainsi que le gouvernement, dans ce d\u00e9fi des grands changements et mutations des villes qui vont se r\u00e9aliser ind\u00e9niablement&gt;&gt; a affirm\u00e9 le Pr\u00e9sident du CNOA.<\/p>\n<p>Nous devons, poursuit-il, \u00ab\u00a0prendre en compte les transformations, ces changements \u00e0 l&rsquo;\u00e9conomie du futur, en int\u00e9grant les profondes mutations qui s&rsquo;op\u00e8rent aujourd&rsquo;hui aujourd&rsquo;hui. Nous prenons cet engagement et les actes de ces rencontres qui feront suite aux diff\u00e9rents panels, vous seront remis \u00e0 la cl\u00f4ture de cette 8\u00e8 \u00e9dition\u00a0\u00bba-t-il indiqu\u00e9.<\/p>\n<p>A travers les diff\u00e9rents panels qui meubleront le volet scientifique de ce salon, il ne s&rsquo;agira pas seulement de d\u00e9battre, mais de trouver des pistes de solutions \u00e0 apporter au gouvernement. Il s&rsquo;agira \u00e9galement de porter un regard nouveau sur la ville de demain et la pratique professionnelle dans la transformation des cit\u00e9s.<\/p>\n<p>Le concours du plus beau stand, des rencontres B to B, des ateliers, cinq panels autour des conf\u00e9rences th\u00e9matiques, des r\u00e9compenses et un troph\u00e9e meubleront ce salon.<br \/>\nL&rsquo;offre habituelle du salon a \u00e9t\u00e9 maintenue, c&rsquo;est-\u00e0-dire organiser le salon en 3 pavillons. Le premier pavillon, \u00ab\u00a0habiter et d\u00e9corer\u00a0\u00bb regroupe les promoteurs immobiliers et objets de d\u00e9coration. Le deuxi\u00e8me pavillon, \u00ab\u00a0Finir et am\u00e9nager\u00a0\u00bb regroupe tout ce qui est peinture, rev\u00eatement, moquette et le pavillon principal \u00ab\u00a0B\u00e2tir\u00a0\u00bb regroupe les architectes et bureaux d&rsquo;\u00e9tudes.<\/p>\n<p>Notons que selon les chiffres de la banque mondiale, le taux d&rsquo;urbanisation en C\u00f4te d&rsquo;Ivoire est pass\u00e9 de 20% \u00e0 55% en moins de 60 ans avec en perspective, un taux de l&rsquo;ordre de 75% \u00e0 l&rsquo;horizon 2050.<\/p>\n<p>&nbsp;<\/p>\n<p>S.A.<\/p>\n","protected":false},"excerpt":{"rendered":"<p>&lt;&lt; La fabrique de la ville aux professionnels&gt;&gt;, tel est le th\u00e8me de la 8\u00e8 \u00e9dition du Salon de l&rsquo;Architecture et du B\u00e2timent (Archibat 2021) qui a ouvert ses portes, ce mercredi 08 d\u00e9cembre 2021 au Sofitel H\u00f4tel Ivoire d&rsquo;Abidjan, Cocody, en pr\u00e9sence du Ministre de la Construction, du Logement et de l&rsquo;urbanisme, Bruno Nabagn\u00e9 [&hellip;]<\/p>\n","protected":false},"author":2,"featured_media":3184,"comment_status":"closed","ping_status":"closed","sticky":true,"template":"","format":"standard","meta":{"_acf_changed":false,"footnotes":""},"categories":[],"tags":[],"class_list":["post-3183","post","type-post","status-publish","format-standard","has-post-thumbnail","hentry"],"acf":[],"yoast_head":"<!-- This site is optimized with the Yoast SEO plugin v27.5 - https:\/\/yoast.com\/product\/yoast-seo-wordpress\/ -->\n<title>Ouverture \u00e0 Abidjan de la 8\u00e8 \u00e9dition du Salon de l&#039;Architecture et du B\u00e2timent (Archibat 2021) - Amanien| L&#039;actualit\u00e9 Ivoirienne et Internationale<\/title>\n<meta name=\"robots\" content=\"index, follow, max-snippet:-1, max-image-preview:large, max-video-preview:-1\" \/>\n<link rel=\"canonical\" href=\"https:\/\/www.amanien.info\/news\/ouverture-a-abidjan-de-la-8e-edition-du-salon-de-larchitecture-et-du-batiment-archibat-2021\/\" \/>\n<meta property=\"og:locale\" content=\"fr_FR\" \/>\n<meta property=\"og:type\" content=\"article\" \/>\n<meta property=\"og:title\" content=\"Ouverture \u00e0 Abidjan de la 8\u00e8 \u00e9dition du Salon de l&#039;Architecture et du B\u00e2timent (Archibat 2021) - Amanien| L&#039;actualit\u00e9 Ivoirienne et Internationale\" \/>\n<meta property=\"og:description\" content=\"&lt;&lt; La fabrique de la ville aux professionnels&gt;&gt;, tel est le th\u00e8me de la 8\u00e8 \u00e9dition du Salon de l&rsquo;Architecture et du B\u00e2timent (Archibat 2021) qui a ouvert ses portes, ce mercredi 08 d\u00e9cembre 2021 au Sofitel H\u00f4tel Ivoire d&rsquo;Abidjan, Cocody, en pr\u00e9sence du Ministre de la Construction, du Logement et de l&rsquo;urbanisme, Bruno Nabagn\u00e9 [&hellip;]\" \/>\n<meta property=\"og:url\" content=\"https:\/\/www.amanien.info\/news\/ouverture-a-abidjan-de-la-8e-edition-du-salon-de-larchitecture-et-du-batiment-archibat-2021\/\" \/>\n<meta property=\"og:site_name\" content=\"Amanien| L&#039;actualit\u00e9 Ivoirienne et Internationale\" \/>\n<meta property=\"article:published_time\" content=\"2021-12-10T15:30:05+00:00\" \/>\n<meta property=\"article:modified_time\" content=\"2021-12-10T15:30:39+00:00\" \/>\n<meta property=\"og:image\" content=\"https:\/\/www.amanien.info\/news\/wp-content\/uploads\/2021\/12\/thumbnail-9.jpg\" \/>\n\t<meta property=\"og:image:width\" content=\"1080\" \/>\n\t<meta property=\"og:image:height\" content=\"608\" \/>\n\t<meta property=\"og:image:type\" content=\"image\/jpeg\" \/>\n<meta name=\"author\" content=\"Germain Ndri\" \/>\n<meta name=\"twitter:card\" content=\"summary_large_image\" \/>\n<meta name=\"twitter:label1\" content=\"\u00c9crit par\" \/>\n\t<meta name=\"twitter:data1\" content=\"Germain Ndri\" \/>\n\t<meta name=\"twitter:label2\" content=\"Dur\u00e9e de lecture estim\u00e9e\" \/>\n\t<meta name=\"twitter:data2\" content=\"3 minutes\" \/>\n<script type=\"application\/ld+json\" class=\"yoast-schema-graph\">{\"@context\":\"https:\\\/\\\/schema.org\",\"@graph\":[{\"@type\":\"Article\",\"@id\":\"https:\\\/\\\/www.amanien.info\\\/news\\\/ouverture-a-abidjan-de-la-8e-edition-du-salon-de-larchitecture-et-du-batiment-archibat-2021\\\/#article\",\"isPartOf\":{\"@id\":\"https:\\\/\\\/www.amanien.info\\\/news\\\/ouverture-a-abidjan-de-la-8e-edition-du-salon-de-larchitecture-et-du-batiment-archibat-2021\\\/\"},\"author\":{\"name\":\"Germain Ndri\",\"@id\":\"https:\\\/\\\/www.amanien.info\\\/news\\\/#\\\/schema\\\/person\\\/b21093345753a1a98242d505bd894f42\"},\"headline\":\"Ouverture \u00e0 Abidjan de la 8\u00e8 \u00e9dition du Salon de l&rsquo;Architecture et du B\u00e2timent (Archibat 2021)\",\"datePublished\":\"2021-12-10T15:30:05+00:00\",\"dateModified\":\"2021-12-10T15:30:39+00:00\",\"mainEntityOfPage\":{\"@id\":\"https:\\\/\\\/www.amanien.info\\\/news\\\/ouverture-a-abidjan-de-la-8e-edition-du-salon-de-larchitecture-et-du-batiment-archibat-2021\\\/\"},\"wordCount\":624,\"image\":{\"@id\":\"https:\\\/\\\/www.amanien.info\\\/news\\\/ouverture-a-abidjan-de-la-8e-edition-du-salon-de-larchitecture-et-du-batiment-archibat-2021\\\/#primaryimage\"},\"thumbnailUrl\":\"https:\\\/\\\/www.amanien.info\\\/news\\\/wp-content\\\/uploads\\\/2021\\\/12\\\/thumbnail-9.jpg\",\"inLanguage\":\"fr-FR\"},{\"@type\":\"WebPage\",\"@id\":\"https:\\\/\\\/www.amanien.info\\\/news\\\/ouverture-a-abidjan-de-la-8e-edition-du-salon-de-larchitecture-et-du-batiment-archibat-2021\\\/\",\"url\":\"https:\\\/\\\/www.amanien.info\\\/news\\\/ouverture-a-abidjan-de-la-8e-edition-du-salon-de-larchitecture-et-du-batiment-archibat-2021\\\/\",\"name\":\"Ouverture \u00e0 Abidjan de la 8\u00e8 \u00e9dition du Salon de l'Architecture et du B\u00e2timent (Archibat 2021) - Amanien| L&#039;actualit\u00e9 Ivoirienne et Internationale\",\"isPartOf\":{\"@id\":\"https:\\\/\\\/www.amanien.info\\\/news\\\/#website\"},\"primaryImageOfPage\":{\"@id\":\"https:\\\/\\\/www.amanien.info\\\/news\\\/ouverture-a-abidjan-de-la-8e-edition-du-salon-de-larchitecture-et-du-batiment-archibat-2021\\\/#primaryimage\"},\"image\":{\"@id\":\"https:\\\/\\\/www.amanien.info\\\/news\\\/ouverture-a-abidjan-de-la-8e-edition-du-salon-de-larchitecture-et-du-batiment-archibat-2021\\\/#primaryimage\"},\"thumbnailUrl\":\"https:\\\/\\\/www.amanien.info\\\/news\\\/wp-content\\\/uploads\\\/2021\\\/12\\\/thumbnail-9.jpg\",\"datePublished\":\"2021-12-10T15:30:05+00:00\",\"dateModified\":\"2021-12-10T15:30:39+00:00\",\"author\":{\"@id\":\"https:\\\/\\\/www.amanien.info\\\/news\\\/#\\\/schema\\\/person\\\/b21093345753a1a98242d505bd894f42\"},\"breadcrumb\":{\"@id\":\"https:\\\/\\\/www.amanien.info\\\/news\\\/ouverture-a-abidjan-de-la-8e-edition-du-salon-de-larchitecture-et-du-batiment-archibat-2021\\\/#breadcrumb\"},\"inLanguage\":\"fr-FR\",\"potentialAction\":[{\"@type\":\"ReadAction\",\"target\":[\"https:\\\/\\\/www.amanien.info\\\/news\\\/ouverture-a-abidjan-de-la-8e-edition-du-salon-de-larchitecture-et-du-batiment-archibat-2021\\\/\"]}]},{\"@type\":\"ImageObject\",\"inLanguage\":\"fr-FR\",\"@id\":\"https:\\\/\\\/www.amanien.info\\\/news\\\/ouverture-a-abidjan-de-la-8e-edition-du-salon-de-larchitecture-et-du-batiment-archibat-2021\\\/#primaryimage\",\"url\":\"https:\\\/\\\/www.amanien.info\\\/news\\\/wp-content\\\/uploads\\\/2021\\\/12\\\/thumbnail-9.jpg\",\"contentUrl\":\"https:\\\/\\\/www.amanien.info\\\/news\\\/wp-content\\\/uploads\\\/2021\\\/12\\\/thumbnail-9.jpg\",\"width\":1080,\"height\":608},{\"@type\":\"BreadcrumbList\",\"@id\":\"https:\\\/\\\/www.amanien.info\\\/news\\\/ouverture-a-abidjan-de-la-8e-edition-du-salon-de-larchitecture-et-du-batiment-archibat-2021\\\/#breadcrumb\",\"itemListElement\":[{\"@type\":\"ListItem\",\"position\":1,\"name\":\"Accueil\",\"item\":\"https:\\\/\\\/www.amanien.info\\\/news\\\/\"},{\"@type\":\"ListItem\",\"position\":2,\"name\":\"Ouverture \u00e0 Abidjan de la 8\u00e8 \u00e9dition du Salon de l&rsquo;Architecture et du B\u00e2timent (Archibat 2021)\"}]},{\"@type\":\"WebSite\",\"@id\":\"https:\\\/\\\/www.amanien.info\\\/news\\\/#website\",\"url\":\"https:\\\/\\\/www.amanien.info\\\/news\\\/\",\"name\":\"Amanien| L&#039;actualit\u00e9 Ivoirienne et Internationale\",\"description\":\"L&#039;actualit\u00e9 Ivoirienne et Internationale\",\"potentialAction\":[{\"@type\":\"SearchAction\",\"target\":{\"@type\":\"EntryPoint\",\"urlTemplate\":\"https:\\\/\\\/www.amanien.info\\\/news\\\/?s={search_term_string}\"},\"query-input\":{\"@type\":\"PropertyValueSpecification\",\"valueRequired\":true,\"valueName\":\"search_term_string\"}}],\"inLanguage\":\"fr-FR\"},{\"@type\":\"Person\",\"@id\":\"https:\\\/\\\/www.amanien.info\\\/news\\\/#\\\/schema\\\/person\\\/b21093345753a1a98242d505bd894f42\",\"name\":\"Germain Ndri\",\"url\":\"https:\\\/\\\/www.amanien.info\\\/news\\\/author\\\/amanien-infos\\\/\"}]}<\/script>\n<!-- \/ Yoast SEO plugin. -->","yoast_head_json":{"title":"Ouverture \u00e0 Abidjan de la 8\u00e8 \u00e9dition du Salon de l'Architecture et du B\u00e2timent (Archibat 2021) - Amanien| L&#039;actualit\u00e9 Ivoirienne et Internationale","robots":{"index":"index","follow":"follow","max-snippet":"max-snippet:-1","max-image-preview":"max-image-preview:large","max-video-preview":"max-video-preview:-1"},"canonical":"https:\/\/www.amanien.info\/news\/ouverture-a-abidjan-de-la-8e-edition-du-salon-de-larchitecture-et-du-batiment-archibat-2021\/","og_locale":"fr_FR","og_type":"article","og_title":"Ouverture \u00e0 Abidjan de la 8\u00e8 \u00e9dition du Salon de l'Architecture et du B\u00e2timent (Archibat 2021) - Amanien| L&#039;actualit\u00e9 Ivoirienne et Internationale","og_description":"&lt;&lt; La fabrique de la ville aux professionnels&gt;&gt;, tel est le th\u00e8me de la 8\u00e8 \u00e9dition du Salon de l&rsquo;Architecture et du B\u00e2timent (Archibat 2021) qui a ouvert ses portes, ce mercredi 08 d\u00e9cembre 2021 au Sofitel H\u00f4tel Ivoire d&rsquo;Abidjan, Cocody, en pr\u00e9sence du Ministre de la Construction, du Logement et de l&rsquo;urbanisme, Bruno Nabagn\u00e9 [&hellip;]","og_url":"https:\/\/www.amanien.info\/news\/ouverture-a-abidjan-de-la-8e-edition-du-salon-de-larchitecture-et-du-batiment-archibat-2021\/","og_site_name":"Amanien| L&#039;actualit\u00e9 Ivoirienne et Internationale","article_published_time":"2021-12-10T15:30:05+00:00","article_modified_time":"2021-12-10T15:30:39+00:00","og_image":[{"width":1080,"height":608,"url":"https:\/\/www.amanien.info\/news\/wp-content\/uploads\/2021\/12\/thumbnail-9.jpg","type":"image\/jpeg"}],"author":"Germain Ndri","twitter_card":"summary_large_image","twitter_misc":{"\u00c9crit par":"Germain Ndri","Dur\u00e9e de lecture estim\u00e9e":"3 minutes"},"schema":{"@context":"https:\/\/schema.org","@graph":[{"@type":"Article","@id":"https:\/\/www.amanien.info\/news\/ouverture-a-abidjan-de-la-8e-edition-du-salon-de-larchitecture-et-du-batiment-archibat-2021\/#article","isPartOf":{"@id":"https:\/\/www.amanien.info\/news\/ouverture-a-abidjan-de-la-8e-edition-du-salon-de-larchitecture-et-du-batiment-archibat-2021\/"},"author":{"name":"Germain Ndri","@id":"https:\/\/www.amanien.info\/news\/#\/schema\/person\/b21093345753a1a98242d505bd894f42"},"headline":"Ouverture \u00e0 Abidjan de la 8\u00e8 \u00e9dition du Salon de l&rsquo;Architecture et du B\u00e2timent (Archibat 2021)","datePublished":"2021-12-10T15:30:05+00:00","dateModified":"2021-12-10T15:30:39+00:00","mainEntityOfPage":{"@id":"https:\/\/www.amanien.info\/news\/ouverture-a-abidjan-de-la-8e-edition-du-salon-de-larchitecture-et-du-batiment-archibat-2021\/"},"wordCount":624,"image":{"@id":"https:\/\/www.amanien.info\/news\/ouverture-a-abidjan-de-la-8e-edition-du-salon-de-larchitecture-et-du-batiment-archibat-2021\/#primaryimage"},"thumbnailUrl":"https:\/\/www.amanien.info\/news\/wp-content\/uploads\/2021\/12\/thumbnail-9.jpg","inLanguage":"fr-FR"},{"@type":"WebPage","@id":"https:\/\/www.amanien.info\/news\/ouverture-a-abidjan-de-la-8e-edition-du-salon-de-larchitecture-et-du-batiment-archibat-2021\/","url":"https:\/\/www.amanien.info\/news\/ouverture-a-abidjan-de-la-8e-edition-du-salon-de-larchitecture-et-du-batiment-archibat-2021\/","name":"Ouverture \u00e0 Abidjan de la 8\u00e8 \u00e9dition du Salon de l'Architecture et du B\u00e2timent (Archibat 2021) - Amanien| L&#039;actualit\u00e9 Ivoirienne et Internationale","isPartOf":{"@id":"https:\/\/www.amanien.info\/news\/#website"},"primaryImageOfPage":{"@id":"https:\/\/www.amanien.info\/news\/ouverture-a-abidjan-de-la-8e-edition-du-salon-de-larchitecture-et-du-batiment-archibat-2021\/#primaryimage"},"image":{"@id":"https:\/\/www.amanien.info\/news\/ouverture-a-abidjan-de-la-8e-edition-du-salon-de-larchitecture-et-du-batiment-archibat-2021\/#primaryimage"},"thumbnailUrl":"https:\/\/www.amanien.info\/news\/wp-content\/uploads\/2021\/12\/thumbnail-9.jpg","datePublished":"2021-12-10T15:30:05+00:00","dateModified":"2021-12-10T15:30:39+00:00","author":{"@id":"https:\/\/www.amanien.info\/news\/#\/schema\/person\/b21093345753a1a98242d505bd894f42"},"breadcrumb":{"@id":"https:\/\/www.amanien.info\/news\/ouverture-a-abidjan-de-la-8e-edition-du-salon-de-larchitecture-et-du-batiment-archibat-2021\/#breadcrumb"},"inLanguage":"fr-FR","potentialAction":[{"@type":"ReadAction","target":["https:\/\/www.amanien.info\/news\/ouverture-a-abidjan-de-la-8e-edition-du-salon-de-larchitecture-et-du-batiment-archibat-2021\/"]}]},{"@type":"ImageObject","inLanguage":"fr-FR","@id":"https:\/\/www.amanien.info\/news\/ouverture-a-abidjan-de-la-8e-edition-du-salon-de-larchitecture-et-du-batiment-archibat-2021\/#primaryimage","url":"https:\/\/www.amanien.info\/news\/wp-content\/uploads\/2021\/12\/thumbnail-9.jpg","contentUrl":"https:\/\/www.amanien.info\/news\/wp-content\/uploads\/2021\/12\/thumbnail-9.jpg","width":1080,"height":608},{"@type":"BreadcrumbList","@id":"https:\/\/www.amanien.info\/news\/ouverture-a-abidjan-de-la-8e-edition-du-salon-de-larchitecture-et-du-batiment-archibat-2021\/#breadcrumb","itemListElement":[{"@type":"ListItem","position":1,"name":"Accueil","item":"https:\/\/www.amanien.info\/news\/"},{"@type":"ListItem","position":2,"name":"Ouverture \u00e0 Abidjan de la 8\u00e8 \u00e9dition du Salon de l&rsquo;Architecture et du B\u00e2timent (Archibat 2021)"}]},{"@type":"WebSite","@id":"https:\/\/www.amanien.info\/news\/#website","url":"https:\/\/www.amanien.info\/news\/","name":"Amanien| L&#039;actualit\u00e9 Ivoirienne et Internationale","description":"L&#039;actualit\u00e9 Ivoirienne et Internationale","potentialAction":[{"@type":"SearchAction","target":{"@type":"EntryPoint","urlTemplate":"https:\/\/www.amanien.info\/news\/?s={search_term_string}"},"query-input":{"@type":"PropertyValueSpecification","valueRequired":true,"valueName":"search_term_string"}}],"inLanguage":"fr-FR"},{"@type":"Person","@id":"https:\/\/www.amanien.info\/news\/#\/schema\/person\/b21093345753a1a98242d505bd894f42","name":"Germain Ndri","url":"https:\/\/www.amanien.info\/news\/author\/amanien-infos\/"}]}},"_links":{"self":[{"href":"https:\/\/www.amanien.info\/news\/wp-json\/wp\/v2\/posts\/3183","targetHints":{"allow":["GET"]}}],"collection":[{"href":"https:\/\/www.amanien.info\/news\/wp-json\/wp\/v2\/posts"}],"about":[{"href":"https:\/\/www.amanien.info\/news\/wp-json\/wp\/v2\/types\/post"}],"author":[{"embeddable":true,"href":"https:\/\/www.amanien.info\/news\/wp-json\/wp\/v2\/users\/2"}],"replies":[{"embeddable":true,"href":"https:\/\/www.amanien.info\/news\/wp-json\/wp\/v2\/comments?post=3183"}],"version-history":[{"count":1,"href":"https:\/\/www.amanien.info\/news\/wp-json\/wp\/v2\/posts\/3183\/revisions"}],"predecessor-version":[{"id":3185,"href":"https:\/\/www.amanien.info\/news\/wp-json\/wp\/v2\/posts\/3183\/revisions\/3185"}],"wp:featuredmedia":[{"embeddable":true,"href":"https:\/\/www.amanien.info\/news\/wp-json\/wp\/v2\/media\/3184"}],"wp:attachment":[{"href":"https:\/\/www.amanien.info\/news\/wp-json\/wp\/v2\/media?parent=3183"}],"wp:term":[{"taxonomy":"category","embeddable":true,"href":"https:\/\/www.amanien.info\/news\/wp-json\/wp\/v2\/categories?post=3183"},{"taxonomy":"post_tag","embeddable":true,"href":"https:\/\/www.amanien.info\/news\/wp-json\/wp\/v2\/tags?post=3183"}],"curies":[{"name":"wp","href":"https:\/\/api.w.org\/{rel}","templated":true}]}}