{"id":3171,"date":"2021-12-06T19:46:18","date_gmt":"2021-12-06T19:46:18","guid":{"rendered":"https:\/\/www.https:\/\/zozo.buyee.jp\/\/news\/?p=3171"},"modified":"2021-12-06T19:46:48","modified_gmt":"2021-12-06T19:46:48","slug":"musique-macy-devoile-son-nouvel-de-10-titres-a-ses-fans","status":"publish","type":"post","link":"https:\/\/www.amanien.info\/news\/musique-macy-devoile-son-nouvel-de-10-titres-a-ses-fans\/","title":{"rendered":"Musique : Macy d\u00e9voile son nouvel << Gloire>> de 10 titres \u00e0 ses fans"},"content":{"rendered":"<p>Le nouvel album &lt;&lt;Gloire&gt;&gt; de l&rsquo;artiste-chanteuse, Macy a \u00e9t\u00e9 officiellement pr\u00e9sent\u00e9, ce jeudi 02 d\u00e9cembre 2021 \u00e0 l&rsquo;h\u00f4tel Palm Club d&rsquo;Abidjan, Cocody, aux fans en pr\u00e9sence de la Ministre de la culture et de l&rsquo;industrie des arts et du spectacle, Harlette Badou N&rsquo;guessan, du Secr\u00e9taire d&rsquo;Etat charg\u00e9 du logement social et parrain de la c\u00e9r\u00e9monie, Koffi N&rsquo;guessan Lataille, du Commissaire du Gouvernement, Ange Kessy et de la Marraine de l&rsquo;artiste, Antoinette Konan.<\/p>\n<p>Compos\u00e9 de 10 titres, \u00ab\u00a0Gloire\u00a0\u00bb, est un album d&rsquo;hybridation comprenant la musique tradi-moderne emprunt\u00e9e de nouvelles sonorit\u00e9s musicales telles que le Hugh life et l&rsquo;Afro-Pop modernis\u00e9.<\/p>\n<p>Il b\u00e9n\u00e9ficie des arrangements des mains des arrangeurs de qualit\u00e9 comme Billy Dolan, Roch Arthur et Herv\u00e9 Goly et d&rsquo;une collaboration avec le groupe Zouglou, B\u00e9n\u00e9diction.<\/p>\n<p>Avec des titres \u00e9loquents tels que \u00ab\u00a0Ma vie\u00a0\u00bb, \u00ab\u00a0Prends mon c\u0153ur\u00a0\u00bb, \u00ab\u00a0Beyo Beyo\u00a0\u00bb, \u00ab\u00a0C&rsquo;est Dieu on conna\u00eet\u00a0\u00bb, \u00ab\u00a0Dada Mho\u00a0\u00bb, \u00ab\u00a0Coll\u00e8gue\u00a0\u00bb, \u00ab\u00a0Yeclo n&rsquo;gowa\u00a0\u00bb, \u00ab\u00a0Ko Khan\u00a0\u00bb et \u00ab\u00a0Haha\u00a0\u00bb, Macy d\u00e9montre une nouvelle vision de son art et aborde des sujets d&rsquo;actualit\u00e9, en l&rsquo;occurrence l&rsquo;Amour, la R\u00e9conciliation, la Vie, etc.<\/p>\n<p>Originaire de l&rsquo;Est de la C\u00f4te d&rsquo;Ivoire, pr\u00e9cis\u00e9ment dans le d\u00e9partement de Bongouanou, Kouadio Akoua Marceline \u00e0 l&rsquo;\u00e9tat civil, l&rsquo;artiste Macy a \u00e9t\u00e9 influenc\u00e9e et marqu\u00e9e, depuis son jeune \u00e2ge, par ses parents membres d&rsquo;un orchestre appel\u00e9 \u00ab\u00a0Ahossi de Kangandi\u00a0\u00bb.<\/p>\n<p>En 2006, la princesse du Moronou se r\u00e9v\u00e8le aux m\u00e9lomanes ivoiriens en faisant sortir son tout premier album baptis\u00e9 &lt;&lt;\u00c9koul\u00e9&gt;&gt;, un album qui a s\u00e9duit les m\u00e9lomanes et a positionn\u00e9 l&rsquo;artiste comme l&rsquo;une des valeurs s\u00fbres de la musique ivoirienne, gr\u00e2ce au titre \u00ab\u00a0la sauce de la r\u00e9conciliation\u00a0\u00bb.<br \/>\nS&rsquo;en est suivie la sortie de son deuxi\u00e8me album intitul\u00e9 \u00ab\u00a0Wa Na M&rsquo;ba\u00a0\u00bb quatre ann\u00e9es plus tard, c&rsquo;est-\u00e0-dire en 2010. Cet album qui confirme tout le bien que les m\u00e9lomanes pensent d&rsquo;elle.<\/p>\n<p>En 2018, Macy met \u00e0 la disposition de ses fans un troisi\u00e8me album baptis\u00e9 \u00ab\u00a0N&rsquo;Zassa\u00a0\u00bb, un album de 10 titres avec plusieurs collaborations artistiques.<\/p>\n<p>Dans cette nouvelle production artistique, Macy se dit pr\u00eate \u00e0 aller \u00e0 la conqu\u00eate du march\u00e9 musical international \u00e0 travers sa participation \u00e0 la 12\u00e8 \u00e9dition du MASA( March\u00e9 des Arts et du Spectacle d&rsquo;Abidjan) qui se tienda du 05 au 12 mars prochain.<\/p>\n<p>Au cours de cette c\u00e9r\u00e9monie de pr\u00e9sentation, la Ministre de la culture et de l&rsquo;industrie des arts et du spectacle, Harlette Badou N&rsquo;Guessan a f\u00e9licit\u00e9 et remerci\u00e9 l&rsquo;artiste pour sa disponibilit\u00e9 \u00e0 ses c\u00f4t\u00e9s, pour avoir compris le message du Pr\u00e9sident de la R\u00e9publique quant \u00e0 sa vision pour le monde culturel et artistique en C\u00f4te d&rsquo;Ivoire (il s&rsquo;agit de donner une nouvelle approche \u00e0 l&rsquo;art, au talent et surtout \u00e0 notre patrimoine culturel, faire de la culture une v\u00e9ritable industriel \u00e9conomique) et pour son inscription au Bureau Ivoirien des Droits d&rsquo;auteurs (BURIDA).<\/p>\n<p>&lt;&lt; (&#8230;) En vous inscrivant au BURIDA, vous rentrez dans la droite ligne de la politique du Pr\u00e9sident de la R\u00e9publique, parce qu&rsquo;en dehors du BURIDA, vous ne percevez pas de droits. Donc il faut vous inscrire au BURIDA. Ensuite, quand on vous inscrit au BURIDA, il va falloir m\u00e9riter des droits. Mais pour m\u00e9riter des droits, il faut faire des spectacles. Et c&rsquo;est ce que Macy essaie de faire. C&rsquo;est ce qui lui a valu d&rsquo;\u00eatre s\u00e9lectionn\u00e9e brillamment comme artiste du MASA&gt;&gt; a expliqu\u00e9 la premi\u00e8re responsable ivoirienne de la culture et de l&rsquo;industrie des arts et du spectacle.<\/p>\n<p>Harlette Badou N&rsquo;Guessan a, par ailleurs, exhort\u00e9 les ivoiriens \u00e0 accompagner les artistes parce que, dira-t-elle, \u00ab\u00a0ce n&rsquo;est pas l&rsquo;Etat seulement qui accompagne les artistes, le priv\u00e9 peut aussi accompagner les artistes pour qu&rsquo;ils puissent b\u00e9n\u00e9ficier de leur talent\u00a0\u00bb.<\/p>\n<p>La c\u00e9r\u00e9monie s&rsquo;est achev\u00e9e par la vente des CD( qui sont au prix de 3 000 FCFA \/CD ) et une prestation de l&rsquo;artiste.<\/p>\n<p>&nbsp;<\/p>\n<p>Sunday ALAIN<\/p>\n","protected":false},"excerpt":{"rendered":"<p>Le nouvel album &lt;&lt;Gloire&gt;&gt; de l&rsquo;artiste-chanteuse, Macy a \u00e9t\u00e9 officiellement pr\u00e9sent\u00e9, ce jeudi 02 d\u00e9cembre 2021 \u00e0 l&rsquo;h\u00f4tel Palm Club d&rsquo;Abidjan, Cocody, aux fans en pr\u00e9sence de la Ministre de la culture et de l&rsquo;industrie des arts et du spectacle, Harlette Badou N&rsquo;guessan, du Secr\u00e9taire d&rsquo;Etat charg\u00e9 du logement social et parrain de la c\u00e9r\u00e9monie, [&hellip;]<\/p>\n","protected":false},"author":2,"featured_media":3172,"comment_status":"closed","ping_status":"closed","sticky":true,"template":"","format":"standard","meta":{"_acf_changed":false,"footnotes":""},"categories":[],"tags":[],"class_list":["post-3171","post","type-post","status-publish","format-standard","has-post-thumbnail","hentry"],"acf":[],"yoast_head":"<!-- This site is optimized with the Yoast SEO plugin v27.5 - https:\/\/yoast.com\/product\/yoast-seo-wordpress\/ -->\n<title>Musique : Macy d\u00e9voile son nouvel &gt; de 10 titres \u00e0 ses fans - Amanien| L&#039;actualit\u00e9 Ivoirienne et Internationale<\/title>\n<meta name=\"robots\" content=\"index, follow, max-snippet:-1, max-image-preview:large, max-video-preview:-1\" \/>\n<link rel=\"canonical\" href=\"https:\/\/www.amanien.info\/news\/musique-macy-devoile-son-nouvel-de-10-titres-a-ses-fans\/\" \/>\n<meta property=\"og:locale\" content=\"fr_FR\" \/>\n<meta property=\"og:type\" content=\"article\" \/>\n<meta property=\"og:title\" content=\"Musique : Macy d\u00e9voile son nouvel &gt; de 10 titres \u00e0 ses fans - Amanien| L&#039;actualit\u00e9 Ivoirienne et Internationale\" \/>\n<meta property=\"og:description\" content=\"Le nouvel album &lt;&lt;Gloire&gt;&gt; de l&rsquo;artiste-chanteuse, Macy a \u00e9t\u00e9 officiellement pr\u00e9sent\u00e9, ce jeudi 02 d\u00e9cembre 2021 \u00e0 l&rsquo;h\u00f4tel Palm Club d&rsquo;Abidjan, Cocody, aux fans en pr\u00e9sence de la Ministre de la culture et de l&rsquo;industrie des arts et du spectacle, Harlette Badou N&rsquo;guessan, du Secr\u00e9taire d&rsquo;Etat charg\u00e9 du logement social et parrain de la c\u00e9r\u00e9monie, [&hellip;]\" \/>\n<meta property=\"og:url\" content=\"https:\/\/www.amanien.info\/news\/musique-macy-devoile-son-nouvel-de-10-titres-a-ses-fans\/\" \/>\n<meta property=\"og:site_name\" content=\"Amanien| L&#039;actualit\u00e9 Ivoirienne et Internationale\" \/>\n<meta property=\"article:published_time\" content=\"2021-12-06T19:46:18+00:00\" \/>\n<meta property=\"article:modified_time\" content=\"2021-12-06T19:46:48+00:00\" \/>\n<meta property=\"og:image\" content=\"https:\/\/www.amanien.info\/news\/wp-content\/uploads\/2021\/12\/thumbnail-5.jpg\" \/>\n\t<meta property=\"og:image:width\" content=\"698\" \/>\n\t<meta property=\"og:image:height\" content=\"568\" \/>\n\t<meta property=\"og:image:type\" content=\"image\/jpeg\" \/>\n<meta name=\"author\" content=\"Germain Ndri\" \/>\n<meta name=\"twitter:card\" content=\"summary_large_image\" \/>\n<meta name=\"twitter:label1\" content=\"\u00c9crit par\" \/>\n\t<meta name=\"twitter:data1\" content=\"Germain Ndri\" \/>\n\t<meta name=\"twitter:label2\" content=\"Dur\u00e9e de lecture estim\u00e9e\" \/>\n\t<meta name=\"twitter:data2\" content=\"3 minutes\" \/>\n<script type=\"application\/ld+json\" class=\"yoast-schema-graph\">{\"@context\":\"https:\\\/\\\/schema.org\",\"@graph\":[{\"@type\":\"Article\",\"@id\":\"https:\\\/\\\/www.amanien.info\\\/news\\\/musique-macy-devoile-son-nouvel-de-10-titres-a-ses-fans\\\/#article\",\"isPartOf\":{\"@id\":\"https:\\\/\\\/www.amanien.info\\\/news\\\/musique-macy-devoile-son-nouvel-de-10-titres-a-ses-fans\\\/\"},\"author\":{\"name\":\"Germain Ndri\",\"@id\":\"https:\\\/\\\/www.amanien.info\\\/news\\\/#\\\/schema\\\/person\\\/b21093345753a1a98242d505bd894f42\"},\"headline\":\"Musique : Macy d\u00e9voile son nouvel > de 10 titres \u00e0 ses fans\",\"datePublished\":\"2021-12-06T19:46:18+00:00\",\"dateModified\":\"2021-12-06T19:46:48+00:00\",\"mainEntityOfPage\":{\"@id\":\"https:\\\/\\\/www.amanien.info\\\/news\\\/musique-macy-devoile-son-nouvel-de-10-titres-a-ses-fans\\\/\"},\"wordCount\":721,\"image\":{\"@id\":\"https:\\\/\\\/www.amanien.info\\\/news\\\/musique-macy-devoile-son-nouvel-de-10-titres-a-ses-fans\\\/#primaryimage\"},\"thumbnailUrl\":\"https:\\\/\\\/www.amanien.info\\\/news\\\/wp-content\\\/uploads\\\/2021\\\/12\\\/thumbnail-5.jpg\",\"inLanguage\":\"fr-FR\"},{\"@type\":\"WebPage\",\"@id\":\"https:\\\/\\\/www.amanien.info\\\/news\\\/musique-macy-devoile-son-nouvel-de-10-titres-a-ses-fans\\\/\",\"url\":\"https:\\\/\\\/www.amanien.info\\\/news\\\/musique-macy-devoile-son-nouvel-de-10-titres-a-ses-fans\\\/\",\"name\":\"Musique : Macy d\u00e9voile son nouvel > de 10 titres \u00e0 ses fans - Amanien| L&#039;actualit\u00e9 Ivoirienne et Internationale\",\"isPartOf\":{\"@id\":\"https:\\\/\\\/www.amanien.info\\\/news\\\/#website\"},\"primaryImageOfPage\":{\"@id\":\"https:\\\/\\\/www.amanien.info\\\/news\\\/musique-macy-devoile-son-nouvel-de-10-titres-a-ses-fans\\\/#primaryimage\"},\"image\":{\"@id\":\"https:\\\/\\\/www.amanien.info\\\/news\\\/musique-macy-devoile-son-nouvel-de-10-titres-a-ses-fans\\\/#primaryimage\"},\"thumbnailUrl\":\"https:\\\/\\\/www.amanien.info\\\/news\\\/wp-content\\\/uploads\\\/2021\\\/12\\\/thumbnail-5.jpg\",\"datePublished\":\"2021-12-06T19:46:18+00:00\",\"dateModified\":\"2021-12-06T19:46:48+00:00\",\"author\":{\"@id\":\"https:\\\/\\\/www.amanien.info\\\/news\\\/#\\\/schema\\\/person\\\/b21093345753a1a98242d505bd894f42\"},\"breadcrumb\":{\"@id\":\"https:\\\/\\\/www.amanien.info\\\/news\\\/musique-macy-devoile-son-nouvel-de-10-titres-a-ses-fans\\\/#breadcrumb\"},\"inLanguage\":\"fr-FR\",\"potentialAction\":[{\"@type\":\"ReadAction\",\"target\":[\"https:\\\/\\\/www.amanien.info\\\/news\\\/musique-macy-devoile-son-nouvel-de-10-titres-a-ses-fans\\\/\"]}]},{\"@type\":\"ImageObject\",\"inLanguage\":\"fr-FR\",\"@id\":\"https:\\\/\\\/www.amanien.info\\\/news\\\/musique-macy-devoile-son-nouvel-de-10-titres-a-ses-fans\\\/#primaryimage\",\"url\":\"https:\\\/\\\/www.amanien.info\\\/news\\\/wp-content\\\/uploads\\\/2021\\\/12\\\/thumbnail-5.jpg\",\"contentUrl\":\"https:\\\/\\\/www.amanien.info\\\/news\\\/wp-content\\\/uploads\\\/2021\\\/12\\\/thumbnail-5.jpg\",\"width\":698,\"height\":568},{\"@type\":\"BreadcrumbList\",\"@id\":\"https:\\\/\\\/www.amanien.info\\\/news\\\/musique-macy-devoile-son-nouvel-de-10-titres-a-ses-fans\\\/#breadcrumb\",\"itemListElement\":[{\"@type\":\"ListItem\",\"position\":1,\"name\":\"Accueil\",\"item\":\"https:\\\/\\\/www.amanien.info\\\/news\\\/\"},{\"@type\":\"ListItem\",\"position\":2,\"name\":\"Musique : Macy d\u00e9voile son nouvel > de 10 titres \u00e0 ses fans\"}]},{\"@type\":\"WebSite\",\"@id\":\"https:\\\/\\\/www.amanien.info\\\/news\\\/#website\",\"url\":\"https:\\\/\\\/www.amanien.info\\\/news\\\/\",\"name\":\"Amanien| L&#039;actualit\u00e9 Ivoirienne et Internationale\",\"description\":\"L&#039;actualit\u00e9 Ivoirienne et Internationale\",\"potentialAction\":[{\"@type\":\"SearchAction\",\"target\":{\"@type\":\"EntryPoint\",\"urlTemplate\":\"https:\\\/\\\/www.amanien.info\\\/news\\\/?s={search_term_string}\"},\"query-input\":{\"@type\":\"PropertyValueSpecification\",\"valueRequired\":true,\"valueName\":\"search_term_string\"}}],\"inLanguage\":\"fr-FR\"},{\"@type\":\"Person\",\"@id\":\"https:\\\/\\\/www.amanien.info\\\/news\\\/#\\\/schema\\\/person\\\/b21093345753a1a98242d505bd894f42\",\"name\":\"Germain Ndri\",\"url\":\"https:\\\/\\\/www.amanien.info\\\/news\\\/author\\\/amanien-infos\\\/\"}]}<\/script>\n<!-- \/ Yoast SEO plugin. -->","yoast_head_json":{"title":"Musique : Macy d\u00e9voile son nouvel > de 10 titres \u00e0 ses fans - Amanien| L&#039;actualit\u00e9 Ivoirienne et Internationale","robots":{"index":"index","follow":"follow","max-snippet":"max-snippet:-1","max-image-preview":"max-image-preview:large","max-video-preview":"max-video-preview:-1"},"canonical":"https:\/\/www.amanien.info\/news\/musique-macy-devoile-son-nouvel-de-10-titres-a-ses-fans\/","og_locale":"fr_FR","og_type":"article","og_title":"Musique : Macy d\u00e9voile son nouvel > de 10 titres \u00e0 ses fans - Amanien| L&#039;actualit\u00e9 Ivoirienne et Internationale","og_description":"Le nouvel album &lt;&lt;Gloire&gt;&gt; de l&rsquo;artiste-chanteuse, Macy a \u00e9t\u00e9 officiellement pr\u00e9sent\u00e9, ce jeudi 02 d\u00e9cembre 2021 \u00e0 l&rsquo;h\u00f4tel Palm Club d&rsquo;Abidjan, Cocody, aux fans en pr\u00e9sence de la Ministre de la culture et de l&rsquo;industrie des arts et du spectacle, Harlette Badou N&rsquo;guessan, du Secr\u00e9taire d&rsquo;Etat charg\u00e9 du logement social et parrain de la c\u00e9r\u00e9monie, [&hellip;]","og_url":"https:\/\/www.amanien.info\/news\/musique-macy-devoile-son-nouvel-de-10-titres-a-ses-fans\/","og_site_name":"Amanien| L&#039;actualit\u00e9 Ivoirienne et Internationale","article_published_time":"2021-12-06T19:46:18+00:00","article_modified_time":"2021-12-06T19:46:48+00:00","og_image":[{"width":698,"height":568,"url":"https:\/\/www.amanien.info\/news\/wp-content\/uploads\/2021\/12\/thumbnail-5.jpg","type":"image\/jpeg"}],"author":"Germain Ndri","twitter_card":"summary_large_image","twitter_misc":{"\u00c9crit par":"Germain Ndri","Dur\u00e9e de lecture estim\u00e9e":"3 minutes"},"schema":{"@context":"https:\/\/schema.org","@graph":[{"@type":"Article","@id":"https:\/\/www.amanien.info\/news\/musique-macy-devoile-son-nouvel-de-10-titres-a-ses-fans\/#article","isPartOf":{"@id":"https:\/\/www.amanien.info\/news\/musique-macy-devoile-son-nouvel-de-10-titres-a-ses-fans\/"},"author":{"name":"Germain Ndri","@id":"https:\/\/www.amanien.info\/news\/#\/schema\/person\/b21093345753a1a98242d505bd894f42"},"headline":"Musique : Macy d\u00e9voile son nouvel > de 10 titres \u00e0 ses fans","datePublished":"2021-12-06T19:46:18+00:00","dateModified":"2021-12-06T19:46:48+00:00","mainEntityOfPage":{"@id":"https:\/\/www.amanien.info\/news\/musique-macy-devoile-son-nouvel-de-10-titres-a-ses-fans\/"},"wordCount":721,"image":{"@id":"https:\/\/www.amanien.info\/news\/musique-macy-devoile-son-nouvel-de-10-titres-a-ses-fans\/#primaryimage"},"thumbnailUrl":"https:\/\/www.amanien.info\/news\/wp-content\/uploads\/2021\/12\/thumbnail-5.jpg","inLanguage":"fr-FR"},{"@type":"WebPage","@id":"https:\/\/www.amanien.info\/news\/musique-macy-devoile-son-nouvel-de-10-titres-a-ses-fans\/","url":"https:\/\/www.amanien.info\/news\/musique-macy-devoile-son-nouvel-de-10-titres-a-ses-fans\/","name":"Musique : Macy d\u00e9voile son nouvel > de 10 titres \u00e0 ses fans - Amanien| L&#039;actualit\u00e9 Ivoirienne et Internationale","isPartOf":{"@id":"https:\/\/www.amanien.info\/news\/#website"},"primaryImageOfPage":{"@id":"https:\/\/www.amanien.info\/news\/musique-macy-devoile-son-nouvel-de-10-titres-a-ses-fans\/#primaryimage"},"image":{"@id":"https:\/\/www.amanien.info\/news\/musique-macy-devoile-son-nouvel-de-10-titres-a-ses-fans\/#primaryimage"},"thumbnailUrl":"https:\/\/www.amanien.info\/news\/wp-content\/uploads\/2021\/12\/thumbnail-5.jpg","datePublished":"2021-12-06T19:46:18+00:00","dateModified":"2021-12-06T19:46:48+00:00","author":{"@id":"https:\/\/www.amanien.info\/news\/#\/schema\/person\/b21093345753a1a98242d505bd894f42"},"breadcrumb":{"@id":"https:\/\/www.amanien.info\/news\/musique-macy-devoile-son-nouvel-de-10-titres-a-ses-fans\/#breadcrumb"},"inLanguage":"fr-FR","potentialAction":[{"@type":"ReadAction","target":["https:\/\/www.amanien.info\/news\/musique-macy-devoile-son-nouvel-de-10-titres-a-ses-fans\/"]}]},{"@type":"ImageObject","inLanguage":"fr-FR","@id":"https:\/\/www.amanien.info\/news\/musique-macy-devoile-son-nouvel-de-10-titres-a-ses-fans\/#primaryimage","url":"https:\/\/www.amanien.info\/news\/wp-content\/uploads\/2021\/12\/thumbnail-5.jpg","contentUrl":"https:\/\/www.amanien.info\/news\/wp-content\/uploads\/2021\/12\/thumbnail-5.jpg","width":698,"height":568},{"@type":"BreadcrumbList","@id":"https:\/\/www.amanien.info\/news\/musique-macy-devoile-son-nouvel-de-10-titres-a-ses-fans\/#breadcrumb","itemListElement":[{"@type":"ListItem","position":1,"name":"Accueil","item":"https:\/\/www.amanien.info\/news\/"},{"@type":"ListItem","position":2,"name":"Musique : Macy d\u00e9voile son nouvel > de 10 titres \u00e0 ses fans"}]},{"@type":"WebSite","@id":"https:\/\/www.amanien.info\/news\/#website","url":"https:\/\/www.amanien.info\/news\/","name":"Amanien| L&#039;actualit\u00e9 Ivoirienne et Internationale","description":"L&#039;actualit\u00e9 Ivoirienne et Internationale","potentialAction":[{"@type":"SearchAction","target":{"@type":"EntryPoint","urlTemplate":"https:\/\/www.amanien.info\/news\/?s={search_term_string}"},"query-input":{"@type":"PropertyValueSpecification","valueRequired":true,"valueName":"search_term_string"}}],"inLanguage":"fr-FR"},{"@type":"Person","@id":"https:\/\/www.amanien.info\/news\/#\/schema\/person\/b21093345753a1a98242d505bd894f42","name":"Germain Ndri","url":"https:\/\/www.amanien.info\/news\/author\/amanien-infos\/"}]}},"_links":{"self":[{"href":"https:\/\/www.amanien.info\/news\/wp-json\/wp\/v2\/posts\/3171","targetHints":{"allow":["GET"]}}],"collection":[{"href":"https:\/\/www.amanien.info\/news\/wp-json\/wp\/v2\/posts"}],"about":[{"href":"https:\/\/www.amanien.info\/news\/wp-json\/wp\/v2\/types\/post"}],"author":[{"embeddable":true,"href":"https:\/\/www.amanien.info\/news\/wp-json\/wp\/v2\/users\/2"}],"replies":[{"embeddable":true,"href":"https:\/\/www.amanien.info\/news\/wp-json\/wp\/v2\/comments?post=3171"}],"version-history":[{"count":1,"href":"https:\/\/www.amanien.info\/news\/wp-json\/wp\/v2\/posts\/3171\/revisions"}],"predecessor-version":[{"id":3173,"href":"https:\/\/www.amanien.info\/news\/wp-json\/wp\/v2\/posts\/3171\/revisions\/3173"}],"wp:featuredmedia":[{"embeddable":true,"href":"https:\/\/www.amanien.info\/news\/wp-json\/wp\/v2\/media\/3172"}],"wp:attachment":[{"href":"https:\/\/www.amanien.info\/news\/wp-json\/wp\/v2\/media?parent=3171"}],"wp:term":[{"taxonomy":"category","embeddable":true,"href":"https:\/\/www.amanien.info\/news\/wp-json\/wp\/v2\/categories?post=3171"},{"taxonomy":"post_tag","embeddable":true,"href":"https:\/\/www.amanien.info\/news\/wp-json\/wp\/v2\/tags?post=3171"}],"curies":[{"name":"wp","href":"https:\/\/api.w.org\/{rel}","templated":true}]}}