{"id":3165,"date":"2021-12-04T09:51:03","date_gmt":"2021-12-04T09:51:03","guid":{"rendered":"https:\/\/www.https:\/\/zozo.buyee.jp\/\/news\/?p=3165"},"modified":"2021-12-04T09:51:42","modified_gmt":"2021-12-04T09:51:42","slug":"aide-a-lenfance-en-difficulte-lambassade-de-suisse-fait-des-dons-dune-valeur-de-4-millions-f-cfa-a-la-case-des-enfants","status":"publish","type":"post","link":"https:\/\/www.amanien.info\/news\/aide-a-lenfance-en-difficulte-lambassade-de-suisse-fait-des-dons-dune-valeur-de-4-millions-f-cfa-a-la-case-des-enfants\/","title":{"rendered":"Aide \u00e0 l\u2019enfance en difficult\u00e9: L\u2019Ambassade de Suisse fait des dons d\u2019une valeur de 4 millions F CFA\u00a0\u00a0 \u00e0 la Case des Enfants"},"content":{"rendered":"<p>L\u2019Ambassade de Suisse en C\u00f4te d\u2019Ivoire a fait des dons d\u2019une valeur de plus de 4 millions F CFA au centre d\u2019accueil de la Fondation Children Of Africa, la Case des Enfants, le mercredi 1<sup>er<\/sup> d\u00e9cembre 2021, au Plateau.<\/p>\n<p>Ces dons sont essentiellement constitu\u00e9s d\u2019instruments de musique dont des guitares \u00e9lectriques, des guitares s\u00e8ches, des percussions \u00e0 main et de bien d\u2019autres instruments. \u00a0Ces dons rentrent dans le cadre d\u2019un programme d\u2019initiation \u00e0 la musique que les responsables du centre d\u2019accueil veulent mettre en place pour les enfants.\u00a0 Ces dons ont \u00e9t\u00e9 officiellement remis par S.E.M Anne Lugon Moulin, Ambassadrice de Suisse en C\u00f4te d\u2019Ivoire \u00e0 Madame B\u00e9atrice Durand, responsable des affaires sociales de la Fondation Children Of Africa et de la Case des Enfants en pr\u00e9sence du personnel encadreur du centre.<\/p>\n<p>Madame Durand B\u00e9atrice a souhait\u00e9 le traditionnel \u2018\u2019akwaba\u2019\u2019 \u00e0 ses h\u00f4tes du jour. Elle a profit\u00e9 pour pr\u00e9senter la case \u00e0 ses invit\u00e9s. Apr\u00e8s le mot de bienvenu, les petits pensionnaires de la Case ont montr\u00e9 leur talent \u00e0 travers deux (02) chants en malink\u00e9 et en ashanti pour souhaiter la bienvenue \u00e0 leurs h\u00f4tes.<\/p>\n<p>Prenant la parole, S.E. Madame Anne Lugon Moulin, Ambassadeur de Suisse en C\u00f4te d\u2019Ivoire a remerci\u00e9 Madame Dominique Ouattara, Pr\u00e9sidente de la Fondation Children Of Africa. \u00a0Elle a encourag\u00e9 les enfants \u00e0 travailler et \u00e0 croire en eux.<\/p>\n","protected":false},"excerpt":{"rendered":"<p>L\u2019Ambassade de Suisse en C\u00f4te d\u2019Ivoire a fait des dons d\u2019une valeur de plus de 4 millions F CFA au centre d\u2019accueil de la Fondation Children Of Africa, la Case des Enfants, le mercredi 1er d\u00e9cembre 2021, au Plateau. Ces dons sont essentiellement constitu\u00e9s d\u2019instruments de musique dont des guitares \u00e9lectriques, des guitares s\u00e8ches, des [&hellip;]<\/p>\n","protected":false},"author":2,"featured_media":3166,"comment_status":"closed","ping_status":"closed","sticky":true,"template":"","format":"standard","meta":{"_acf_changed":false,"footnotes":""},"categories":[],"tags":[],"class_list":["post-3165","post","type-post","status-publish","format-standard","has-post-thumbnail","hentry"],"acf":[],"yoast_head":"<!-- This site is optimized with the Yoast SEO plugin v27.5 - https:\/\/yoast.com\/product\/yoast-seo-wordpress\/ -->\n<title>Aide \u00e0 l\u2019enfance en difficult\u00e9: L\u2019Ambassade de Suisse fait des dons d\u2019une valeur de 4 millions F CFA\u00a0\u00a0 \u00e0 la Case des Enfants - Amanien| L&#039;actualit\u00e9 Ivoirienne et Internationale<\/title>\n<meta name=\"robots\" content=\"index, follow, max-snippet:-1, max-image-preview:large, max-video-preview:-1\" \/>\n<link rel=\"canonical\" href=\"https:\/\/www.amanien.info\/news\/aide-a-lenfance-en-difficulte-lambassade-de-suisse-fait-des-dons-dune-valeur-de-4-millions-f-cfa-a-la-case-des-enfants\/\" \/>\n<meta property=\"og:locale\" content=\"fr_FR\" \/>\n<meta property=\"og:type\" content=\"article\" \/>\n<meta property=\"og:title\" content=\"Aide \u00e0 l\u2019enfance en difficult\u00e9: L\u2019Ambassade de Suisse fait des dons d\u2019une valeur de 4 millions F CFA\u00a0\u00a0 \u00e0 la Case des Enfants - Amanien| L&#039;actualit\u00e9 Ivoirienne et Internationale\" \/>\n<meta property=\"og:description\" content=\"L\u2019Ambassade de Suisse en C\u00f4te d\u2019Ivoire a fait des dons d\u2019une valeur de plus de 4 millions F CFA au centre d\u2019accueil de la Fondation Children Of Africa, la Case des Enfants, le mercredi 1er d\u00e9cembre 2021, au Plateau. Ces dons sont essentiellement constitu\u00e9s d\u2019instruments de musique dont des guitares \u00e9lectriques, des guitares s\u00e8ches, des [&hellip;]\" \/>\n<meta property=\"og:url\" content=\"https:\/\/www.amanien.info\/news\/aide-a-lenfance-en-difficulte-lambassade-de-suisse-fait-des-dons-dune-valeur-de-4-millions-f-cfa-a-la-case-des-enfants\/\" \/>\n<meta property=\"og:site_name\" content=\"Amanien| L&#039;actualit\u00e9 Ivoirienne et Internationale\" \/>\n<meta property=\"article:published_time\" content=\"2021-12-04T09:51:03+00:00\" \/>\n<meta property=\"article:modified_time\" content=\"2021-12-04T09:51:42+00:00\" \/>\n<meta property=\"og:image\" content=\"https:\/\/www.amanien.info\/news\/wp-content\/uploads\/2021\/12\/thumbnail-3.jpg\" \/>\n\t<meta property=\"og:image:width\" content=\"1080\" \/>\n\t<meta property=\"og:image:height\" content=\"719\" \/>\n\t<meta property=\"og:image:type\" content=\"image\/jpeg\" \/>\n<meta name=\"author\" content=\"Germain Ndri\" \/>\n<meta name=\"twitter:card\" content=\"summary_large_image\" \/>\n<meta name=\"twitter:label1\" content=\"\u00c9crit par\" \/>\n\t<meta name=\"twitter:data1\" content=\"Germain Ndri\" \/>\n\t<meta name=\"twitter:label2\" content=\"Dur\u00e9e de lecture estim\u00e9e\" \/>\n\t<meta name=\"twitter:data2\" content=\"1 minute\" \/>\n<script type=\"application\/ld+json\" class=\"yoast-schema-graph\">{\"@context\":\"https:\\\/\\\/schema.org\",\"@graph\":[{\"@type\":\"Article\",\"@id\":\"https:\\\/\\\/www.amanien.info\\\/news\\\/aide-a-lenfance-en-difficulte-lambassade-de-suisse-fait-des-dons-dune-valeur-de-4-millions-f-cfa-a-la-case-des-enfants\\\/#article\",\"isPartOf\":{\"@id\":\"https:\\\/\\\/www.amanien.info\\\/news\\\/aide-a-lenfance-en-difficulte-lambassade-de-suisse-fait-des-dons-dune-valeur-de-4-millions-f-cfa-a-la-case-des-enfants\\\/\"},\"author\":{\"name\":\"Germain Ndri\",\"@id\":\"https:\\\/\\\/www.amanien.info\\\/news\\\/#\\\/schema\\\/person\\\/b21093345753a1a98242d505bd894f42\"},\"headline\":\"Aide \u00e0 l\u2019enfance en difficult\u00e9: L\u2019Ambassade de Suisse fait des dons d\u2019une valeur de 4 millions F CFA\u00a0\u00a0 \u00e0 la Case des Enfants\",\"datePublished\":\"2021-12-04T09:51:03+00:00\",\"dateModified\":\"2021-12-04T09:51:42+00:00\",\"mainEntityOfPage\":{\"@id\":\"https:\\\/\\\/www.amanien.info\\\/news\\\/aide-a-lenfance-en-difficulte-lambassade-de-suisse-fait-des-dons-dune-valeur-de-4-millions-f-cfa-a-la-case-des-enfants\\\/\"},\"wordCount\":265,\"image\":{\"@id\":\"https:\\\/\\\/www.amanien.info\\\/news\\\/aide-a-lenfance-en-difficulte-lambassade-de-suisse-fait-des-dons-dune-valeur-de-4-millions-f-cfa-a-la-case-des-enfants\\\/#primaryimage\"},\"thumbnailUrl\":\"https:\\\/\\\/www.amanien.info\\\/news\\\/wp-content\\\/uploads\\\/2021\\\/12\\\/thumbnail-3.jpg\",\"inLanguage\":\"fr-FR\"},{\"@type\":\"WebPage\",\"@id\":\"https:\\\/\\\/www.amanien.info\\\/news\\\/aide-a-lenfance-en-difficulte-lambassade-de-suisse-fait-des-dons-dune-valeur-de-4-millions-f-cfa-a-la-case-des-enfants\\\/\",\"url\":\"https:\\\/\\\/www.amanien.info\\\/news\\\/aide-a-lenfance-en-difficulte-lambassade-de-suisse-fait-des-dons-dune-valeur-de-4-millions-f-cfa-a-la-case-des-enfants\\\/\",\"name\":\"Aide \u00e0 l\u2019enfance en difficult\u00e9: L\u2019Ambassade de Suisse fait des dons d\u2019une valeur de 4 millions F CFA\u00a0\u00a0 \u00e0 la Case des Enfants - Amanien| L&#039;actualit\u00e9 Ivoirienne et Internationale\",\"isPartOf\":{\"@id\":\"https:\\\/\\\/www.amanien.info\\\/news\\\/#website\"},\"primaryImageOfPage\":{\"@id\":\"https:\\\/\\\/www.amanien.info\\\/news\\\/aide-a-lenfance-en-difficulte-lambassade-de-suisse-fait-des-dons-dune-valeur-de-4-millions-f-cfa-a-la-case-des-enfants\\\/#primaryimage\"},\"image\":{\"@id\":\"https:\\\/\\\/www.amanien.info\\\/news\\\/aide-a-lenfance-en-difficulte-lambassade-de-suisse-fait-des-dons-dune-valeur-de-4-millions-f-cfa-a-la-case-des-enfants\\\/#primaryimage\"},\"thumbnailUrl\":\"https:\\\/\\\/www.amanien.info\\\/news\\\/wp-content\\\/uploads\\\/2021\\\/12\\\/thumbnail-3.jpg\",\"datePublished\":\"2021-12-04T09:51:03+00:00\",\"dateModified\":\"2021-12-04T09:51:42+00:00\",\"author\":{\"@id\":\"https:\\\/\\\/www.amanien.info\\\/news\\\/#\\\/schema\\\/person\\\/b21093345753a1a98242d505bd894f42\"},\"breadcrumb\":{\"@id\":\"https:\\\/\\\/www.amanien.info\\\/news\\\/aide-a-lenfance-en-difficulte-lambassade-de-suisse-fait-des-dons-dune-valeur-de-4-millions-f-cfa-a-la-case-des-enfants\\\/#breadcrumb\"},\"inLanguage\":\"fr-FR\",\"potentialAction\":[{\"@type\":\"ReadAction\",\"target\":[\"https:\\\/\\\/www.amanien.info\\\/news\\\/aide-a-lenfance-en-difficulte-lambassade-de-suisse-fait-des-dons-dune-valeur-de-4-millions-f-cfa-a-la-case-des-enfants\\\/\"]}]},{\"@type\":\"ImageObject\",\"inLanguage\":\"fr-FR\",\"@id\":\"https:\\\/\\\/www.amanien.info\\\/news\\\/aide-a-lenfance-en-difficulte-lambassade-de-suisse-fait-des-dons-dune-valeur-de-4-millions-f-cfa-a-la-case-des-enfants\\\/#primaryimage\",\"url\":\"https:\\\/\\\/www.amanien.info\\\/news\\\/wp-content\\\/uploads\\\/2021\\\/12\\\/thumbnail-3.jpg\",\"contentUrl\":\"https:\\\/\\\/www.amanien.info\\\/news\\\/wp-content\\\/uploads\\\/2021\\\/12\\\/thumbnail-3.jpg\",\"width\":1080,\"height\":719},{\"@type\":\"BreadcrumbList\",\"@id\":\"https:\\\/\\\/www.amanien.info\\\/news\\\/aide-a-lenfance-en-difficulte-lambassade-de-suisse-fait-des-dons-dune-valeur-de-4-millions-f-cfa-a-la-case-des-enfants\\\/#breadcrumb\",\"itemListElement\":[{\"@type\":\"ListItem\",\"position\":1,\"name\":\"Accueil\",\"item\":\"https:\\\/\\\/www.amanien.info\\\/news\\\/\"},{\"@type\":\"ListItem\",\"position\":2,\"name\":\"Aide \u00e0 l\u2019enfance en difficult\u00e9: L\u2019Ambassade de Suisse fait des dons d\u2019une valeur de 4 millions F CFA\u00a0\u00a0 \u00e0 la Case des Enfants\"}]},{\"@type\":\"WebSite\",\"@id\":\"https:\\\/\\\/www.amanien.info\\\/news\\\/#website\",\"url\":\"https:\\\/\\\/www.amanien.info\\\/news\\\/\",\"name\":\"Amanien| L&#039;actualit\u00e9 Ivoirienne et Internationale\",\"description\":\"L&#039;actualit\u00e9 Ivoirienne et Internationale\",\"potentialAction\":[{\"@type\":\"SearchAction\",\"target\":{\"@type\":\"EntryPoint\",\"urlTemplate\":\"https:\\\/\\\/www.amanien.info\\\/news\\\/?s={search_term_string}\"},\"query-input\":{\"@type\":\"PropertyValueSpecification\",\"valueRequired\":true,\"valueName\":\"search_term_string\"}}],\"inLanguage\":\"fr-FR\"},{\"@type\":\"Person\",\"@id\":\"https:\\\/\\\/www.amanien.info\\\/news\\\/#\\\/schema\\\/person\\\/b21093345753a1a98242d505bd894f42\",\"name\":\"Germain Ndri\",\"url\":\"https:\\\/\\\/www.amanien.info\\\/news\\\/author\\\/amanien-infos\\\/\"}]}<\/script>\n<!-- \/ Yoast SEO plugin. -->","yoast_head_json":{"title":"Aide \u00e0 l\u2019enfance en difficult\u00e9: L\u2019Ambassade de Suisse fait des dons d\u2019une valeur de 4 millions F CFA\u00a0\u00a0 \u00e0 la Case des Enfants - Amanien| L&#039;actualit\u00e9 Ivoirienne et Internationale","robots":{"index":"index","follow":"follow","max-snippet":"max-snippet:-1","max-image-preview":"max-image-preview:large","max-video-preview":"max-video-preview:-1"},"canonical":"https:\/\/www.amanien.info\/news\/aide-a-lenfance-en-difficulte-lambassade-de-suisse-fait-des-dons-dune-valeur-de-4-millions-f-cfa-a-la-case-des-enfants\/","og_locale":"fr_FR","og_type":"article","og_title":"Aide \u00e0 l\u2019enfance en difficult\u00e9: L\u2019Ambassade de Suisse fait des dons d\u2019une valeur de 4 millions F CFA\u00a0\u00a0 \u00e0 la Case des Enfants - Amanien| L&#039;actualit\u00e9 Ivoirienne et Internationale","og_description":"L\u2019Ambassade de Suisse en C\u00f4te d\u2019Ivoire a fait des dons d\u2019une valeur de plus de 4 millions F CFA au centre d\u2019accueil de la Fondation Children Of Africa, la Case des Enfants, le mercredi 1er d\u00e9cembre 2021, au Plateau. Ces dons sont essentiellement constitu\u00e9s d\u2019instruments de musique dont des guitares \u00e9lectriques, des guitares s\u00e8ches, des [&hellip;]","og_url":"https:\/\/www.amanien.info\/news\/aide-a-lenfance-en-difficulte-lambassade-de-suisse-fait-des-dons-dune-valeur-de-4-millions-f-cfa-a-la-case-des-enfants\/","og_site_name":"Amanien| L&#039;actualit\u00e9 Ivoirienne et Internationale","article_published_time":"2021-12-04T09:51:03+00:00","article_modified_time":"2021-12-04T09:51:42+00:00","og_image":[{"width":1080,"height":719,"url":"https:\/\/www.amanien.info\/news\/wp-content\/uploads\/2021\/12\/thumbnail-3.jpg","type":"image\/jpeg"}],"author":"Germain Ndri","twitter_card":"summary_large_image","twitter_misc":{"\u00c9crit par":"Germain Ndri","Dur\u00e9e de lecture estim\u00e9e":"1 minute"},"schema":{"@context":"https:\/\/schema.org","@graph":[{"@type":"Article","@id":"https:\/\/www.amanien.info\/news\/aide-a-lenfance-en-difficulte-lambassade-de-suisse-fait-des-dons-dune-valeur-de-4-millions-f-cfa-a-la-case-des-enfants\/#article","isPartOf":{"@id":"https:\/\/www.amanien.info\/news\/aide-a-lenfance-en-difficulte-lambassade-de-suisse-fait-des-dons-dune-valeur-de-4-millions-f-cfa-a-la-case-des-enfants\/"},"author":{"name":"Germain Ndri","@id":"https:\/\/www.amanien.info\/news\/#\/schema\/person\/b21093345753a1a98242d505bd894f42"},"headline":"Aide \u00e0 l\u2019enfance en difficult\u00e9: L\u2019Ambassade de Suisse fait des dons d\u2019une valeur de 4 millions F CFA\u00a0\u00a0 \u00e0 la Case des Enfants","datePublished":"2021-12-04T09:51:03+00:00","dateModified":"2021-12-04T09:51:42+00:00","mainEntityOfPage":{"@id":"https:\/\/www.amanien.info\/news\/aide-a-lenfance-en-difficulte-lambassade-de-suisse-fait-des-dons-dune-valeur-de-4-millions-f-cfa-a-la-case-des-enfants\/"},"wordCount":265,"image":{"@id":"https:\/\/www.amanien.info\/news\/aide-a-lenfance-en-difficulte-lambassade-de-suisse-fait-des-dons-dune-valeur-de-4-millions-f-cfa-a-la-case-des-enfants\/#primaryimage"},"thumbnailUrl":"https:\/\/www.amanien.info\/news\/wp-content\/uploads\/2021\/12\/thumbnail-3.jpg","inLanguage":"fr-FR"},{"@type":"WebPage","@id":"https:\/\/www.amanien.info\/news\/aide-a-lenfance-en-difficulte-lambassade-de-suisse-fait-des-dons-dune-valeur-de-4-millions-f-cfa-a-la-case-des-enfants\/","url":"https:\/\/www.amanien.info\/news\/aide-a-lenfance-en-difficulte-lambassade-de-suisse-fait-des-dons-dune-valeur-de-4-millions-f-cfa-a-la-case-des-enfants\/","name":"Aide \u00e0 l\u2019enfance en difficult\u00e9: L\u2019Ambassade de Suisse fait des dons d\u2019une valeur de 4 millions F CFA\u00a0\u00a0 \u00e0 la Case des Enfants - Amanien| L&#039;actualit\u00e9 Ivoirienne et Internationale","isPartOf":{"@id":"https:\/\/www.amanien.info\/news\/#website"},"primaryImageOfPage":{"@id":"https:\/\/www.amanien.info\/news\/aide-a-lenfance-en-difficulte-lambassade-de-suisse-fait-des-dons-dune-valeur-de-4-millions-f-cfa-a-la-case-des-enfants\/#primaryimage"},"image":{"@id":"https:\/\/www.amanien.info\/news\/aide-a-lenfance-en-difficulte-lambassade-de-suisse-fait-des-dons-dune-valeur-de-4-millions-f-cfa-a-la-case-des-enfants\/#primaryimage"},"thumbnailUrl":"https:\/\/www.amanien.info\/news\/wp-content\/uploads\/2021\/12\/thumbnail-3.jpg","datePublished":"2021-12-04T09:51:03+00:00","dateModified":"2021-12-04T09:51:42+00:00","author":{"@id":"https:\/\/www.amanien.info\/news\/#\/schema\/person\/b21093345753a1a98242d505bd894f42"},"breadcrumb":{"@id":"https:\/\/www.amanien.info\/news\/aide-a-lenfance-en-difficulte-lambassade-de-suisse-fait-des-dons-dune-valeur-de-4-millions-f-cfa-a-la-case-des-enfants\/#breadcrumb"},"inLanguage":"fr-FR","potentialAction":[{"@type":"ReadAction","target":["https:\/\/www.amanien.info\/news\/aide-a-lenfance-en-difficulte-lambassade-de-suisse-fait-des-dons-dune-valeur-de-4-millions-f-cfa-a-la-case-des-enfants\/"]}]},{"@type":"ImageObject","inLanguage":"fr-FR","@id":"https:\/\/www.amanien.info\/news\/aide-a-lenfance-en-difficulte-lambassade-de-suisse-fait-des-dons-dune-valeur-de-4-millions-f-cfa-a-la-case-des-enfants\/#primaryimage","url":"https:\/\/www.amanien.info\/news\/wp-content\/uploads\/2021\/12\/thumbnail-3.jpg","contentUrl":"https:\/\/www.amanien.info\/news\/wp-content\/uploads\/2021\/12\/thumbnail-3.jpg","width":1080,"height":719},{"@type":"BreadcrumbList","@id":"https:\/\/www.amanien.info\/news\/aide-a-lenfance-en-difficulte-lambassade-de-suisse-fait-des-dons-dune-valeur-de-4-millions-f-cfa-a-la-case-des-enfants\/#breadcrumb","itemListElement":[{"@type":"ListItem","position":1,"name":"Accueil","item":"https:\/\/www.amanien.info\/news\/"},{"@type":"ListItem","position":2,"name":"Aide \u00e0 l\u2019enfance en difficult\u00e9: L\u2019Ambassade de Suisse fait des dons d\u2019une valeur de 4 millions F CFA\u00a0\u00a0 \u00e0 la Case des Enfants"}]},{"@type":"WebSite","@id":"https:\/\/www.amanien.info\/news\/#website","url":"https:\/\/www.amanien.info\/news\/","name":"Amanien| L&#039;actualit\u00e9 Ivoirienne et Internationale","description":"L&#039;actualit\u00e9 Ivoirienne et Internationale","potentialAction":[{"@type":"SearchAction","target":{"@type":"EntryPoint","urlTemplate":"https:\/\/www.amanien.info\/news\/?s={search_term_string}"},"query-input":{"@type":"PropertyValueSpecification","valueRequired":true,"valueName":"search_term_string"}}],"inLanguage":"fr-FR"},{"@type":"Person","@id":"https:\/\/www.amanien.info\/news\/#\/schema\/person\/b21093345753a1a98242d505bd894f42","name":"Germain Ndri","url":"https:\/\/www.amanien.info\/news\/author\/amanien-infos\/"}]}},"_links":{"self":[{"href":"https:\/\/www.amanien.info\/news\/wp-json\/wp\/v2\/posts\/3165","targetHints":{"allow":["GET"]}}],"collection":[{"href":"https:\/\/www.amanien.info\/news\/wp-json\/wp\/v2\/posts"}],"about":[{"href":"https:\/\/www.amanien.info\/news\/wp-json\/wp\/v2\/types\/post"}],"author":[{"embeddable":true,"href":"https:\/\/www.amanien.info\/news\/wp-json\/wp\/v2\/users\/2"}],"replies":[{"embeddable":true,"href":"https:\/\/www.amanien.info\/news\/wp-json\/wp\/v2\/comments?post=3165"}],"version-history":[{"count":1,"href":"https:\/\/www.amanien.info\/news\/wp-json\/wp\/v2\/posts\/3165\/revisions"}],"predecessor-version":[{"id":3167,"href":"https:\/\/www.amanien.info\/news\/wp-json\/wp\/v2\/posts\/3165\/revisions\/3167"}],"wp:featuredmedia":[{"embeddable":true,"href":"https:\/\/www.amanien.info\/news\/wp-json\/wp\/v2\/media\/3166"}],"wp:attachment":[{"href":"https:\/\/www.amanien.info\/news\/wp-json\/wp\/v2\/media?parent=3165"}],"wp:term":[{"taxonomy":"category","embeddable":true,"href":"https:\/\/www.amanien.info\/news\/wp-json\/wp\/v2\/categories?post=3165"},{"taxonomy":"post_tag","embeddable":true,"href":"https:\/\/www.amanien.info\/news\/wp-json\/wp\/v2\/tags?post=3165"}],"curies":[{"name":"wp","href":"https:\/\/api.w.org\/{rel}","templated":true}]}}