{"id":3162,"date":"2021-12-04T09:13:14","date_gmt":"2021-12-04T09:13:14","guid":{"rendered":"https:\/\/www.https:\/\/zozo.buyee.jp\/\/news\/?p=3162"},"modified":"2021-12-04T09:13:48","modified_gmt":"2021-12-04T09:13:48","slug":"lutte-contre-les-violences-faites-aux-femmes-et-aux-filles-la-ministre-nassereba-toure-aux-femmes","status":"publish","type":"post","link":"https:\/\/www.amanien.info\/news\/lutte-contre-les-violences-faites-aux-femmes-et-aux-filles-la-ministre-nassereba-toure-aux-femmes\/","title":{"rendered":"Lutte contre les violences faites aux femmes et aux filles : La Ministre Nass\u00e9r\u00e9ba Tour\u00e9 aux femmes :<< Femmes de C\u00f4te d'Ivoire, sortez de vos peurs, de vos torpeurs, brisez le silence et d\u00e9noncez >>"},"content":{"rendered":"<p>&lt;&lt; Pour mettre fin \u00e0 la culture du viol, les auteurs doivent payer pour leurs actes. Femmes de C\u00f4te d&rsquo;Ivoire, sortez de vos peurs, de vos torpeurs. Brisez le silence et d\u00e9noncez &gt;&gt; a lanc\u00e9 Nass\u00e9r\u00e9ba Tour\u00e9, Ministre de la Femme, de la Famille et de l&rsquo;Enfant, dans une d\u00e9claration qu&rsquo;elle a lue ce jeudi 25 novembre 2021.<br \/>\nC&rsquo;\u00e9tait \u00e0 l&rsquo;occasion de la comm\u00e9moration de la campagne des 16 jours d&rsquo;activisme contre les violences faites aux femmes et aux filles dans le monde entier.<\/p>\n<p>Dans cette d\u00e9claration, la Ministre Nass\u00e9r\u00e9ba a appel\u00e9 toutes les forces vives de la lutte contre toutes les formes de violence \u00e0 s&rsquo;impliquer activement dans l&rsquo;organisation de ces 16 jours d&rsquo;activisme contre les violences dont le th\u00e8me national est : &lt;&lt; ORANGEZ LE MONDE : TOUS ENSEMBLE, METTONS FIN AUX VIOLS. C&rsquo;EST MAINTENANT&gt;&gt;<\/p>\n<p>Elle a \u00e9galement indiqu\u00e9 que \u00a0\u00bb nous avons fait du chemin mais les brimades des femmes continuent, le viol des adolescents n&rsquo;ont pas cess\u00e9\u00a0\u00bb dit-elle.<\/p>\n<p>Avant d&rsquo;inviter tous \u00e0 l&rsquo;union des forces.<br \/>\n&lt;&lt; Joignez vos voix \u00e0 celle du gouvernement et envoyons un message fort, de tol\u00e9rance z\u00e9ro. Unissons nos forces parce qu&rsquo;ensemble, nous constituons le bouclier de pr\u00e9vention et un rempart contre ces violences \u00e0 l&rsquo;\u00e9gard des femmes et des filles. Ensemble, disons non aux violences \u00e0 l&rsquo;endroit des femmes et des filles. Soyons tous mobilis\u00e9s et agissons maintenant &gt;&gt; a affirm\u00e9 la Ministre Nass\u00e9r\u00e9ba Tour\u00e9.<\/p>\n<p>Tout en appelant \u00e0 la conscience individuelle et collective pour une forte mobilisation contre ces crimes, afin de \u00ab\u00a0les r\u00e9duire voire les \u00e9radiquer\u00a0\u00bb.<\/p>\n<p>Elle a, au nom du gouvernement ivoirien, adress\u00e9 ses remerciements et encouragements aux hommes, aux femmes, aux organisations de la soci\u00e9t\u00e9 civile, aux institutions nationales et internationales qui travaillent avec abn\u00e9gation pour l&rsquo;\u00e9limination de toutes les formes de violences faites aux femmes et aux filles.<\/p>\n<p>Selon le rapport statistique sur les Violences Bas\u00e9es sur le Genre(VBG) de 2020, ce sont, au total, 5 405 cas de VBG qui ont \u00e9t\u00e9 enregistr\u00e9s et pris en charge dans les services sociaux en C\u00f4te d&rsquo;Ivoire dont 822 cas de viol. La majorit\u00e9 de ces cas de viols \u00e9tait perp\u00e9tr\u00e9e sur les mineurs de moins de 18 ans, soit 77 %.<\/p>\n<p>Rappelons que chaque ann\u00e9e, la p\u00e9riode du 25 novembre au 10 d\u00e9cembre marque la comm\u00e9moration de la campagne des 16 jours d&rsquo;activisme contre les violences faites aux femmes et aux filles dans le monde entier.<\/p>\n<p>&nbsp;<\/p>\n<p>S.A.<\/p>\n<p>&nbsp;<\/p>\n<p>&nbsp;<\/p>\n","protected":false},"excerpt":{"rendered":"<p>&lt;&lt; Pour mettre fin \u00e0 la culture du viol, les auteurs doivent payer pour leurs actes. Femmes de C\u00f4te d&rsquo;Ivoire, sortez de vos peurs, de vos torpeurs. Brisez le silence et d\u00e9noncez &gt;&gt; a lanc\u00e9 Nass\u00e9r\u00e9ba Tour\u00e9, Ministre de la Femme, de la Famille et de l&rsquo;Enfant, dans une d\u00e9claration qu&rsquo;elle a lue ce jeudi [&hellip;]<\/p>\n","protected":false},"author":2,"featured_media":3163,"comment_status":"closed","ping_status":"closed","sticky":true,"template":"","format":"standard","meta":{"_acf_changed":false,"footnotes":""},"categories":[],"tags":[],"class_list":["post-3162","post","type-post","status-publish","format-standard","has-post-thumbnail","hentry"],"acf":[],"yoast_head":"<!-- This site is optimized with the Yoast SEO plugin v27.5 - https:\/\/yoast.com\/product\/yoast-seo-wordpress\/ -->\n<title>Lutte contre les violences faites aux femmes et aux filles : La Ministre Nass\u00e9r\u00e9ba Tour\u00e9 aux femmes :<\/title>\n<meta name=\"robots\" content=\"index, follow, max-snippet:-1, max-image-preview:large, max-video-preview:-1\" \/>\n<link rel=\"canonical\" href=\"https:\/\/www.amanien.info\/news\/lutte-contre-les-violences-faites-aux-femmes-et-aux-filles-la-ministre-nassereba-toure-aux-femmes\/\" \/>\n<meta property=\"og:locale\" content=\"fr_FR\" \/>\n<meta property=\"og:type\" content=\"article\" \/>\n<meta property=\"og:title\" content=\"Lutte contre les violences faites aux femmes et aux filles : La Ministre Nass\u00e9r\u00e9ba Tour\u00e9 aux femmes :\" \/>\n<meta property=\"og:description\" content=\"&lt;&lt; Pour mettre fin \u00e0 la culture du viol, les auteurs doivent payer pour leurs actes. Femmes de C\u00f4te d&rsquo;Ivoire, sortez de vos peurs, de vos torpeurs. Brisez le silence et d\u00e9noncez &gt;&gt; a lanc\u00e9 Nass\u00e9r\u00e9ba Tour\u00e9, Ministre de la Femme, de la Famille et de l&rsquo;Enfant, dans une d\u00e9claration qu&rsquo;elle a lue ce jeudi [&hellip;]\" \/>\n<meta property=\"og:url\" content=\"https:\/\/www.amanien.info\/news\/lutte-contre-les-violences-faites-aux-femmes-et-aux-filles-la-ministre-nassereba-toure-aux-femmes\/\" \/>\n<meta property=\"og:site_name\" content=\"Amanien| L&#039;actualit\u00e9 Ivoirienne et Internationale\" \/>\n<meta property=\"article:published_time\" content=\"2021-12-04T09:13:14+00:00\" \/>\n<meta property=\"article:modified_time\" content=\"2021-12-04T09:13:48+00:00\" \/>\n<meta property=\"og:image\" content=\"https:\/\/www.amanien.info\/news\/wp-content\/uploads\/2021\/12\/thumbnail-2.jpg\" \/>\n\t<meta property=\"og:image:width\" content=\"1024\" \/>\n\t<meta property=\"og:image:height\" content=\"683\" \/>\n\t<meta property=\"og:image:type\" content=\"image\/jpeg\" \/>\n<meta name=\"author\" content=\"Germain Ndri\" \/>\n<meta name=\"twitter:card\" content=\"summary_large_image\" \/>\n<meta name=\"twitter:label1\" content=\"\u00c9crit par\" \/>\n\t<meta name=\"twitter:data1\" content=\"Germain Ndri\" \/>\n\t<meta name=\"twitter:label2\" content=\"Dur\u00e9e de lecture estim\u00e9e\" \/>\n\t<meta name=\"twitter:data2\" content=\"2 minutes\" \/>\n<script type=\"application\/ld+json\" class=\"yoast-schema-graph\">{\"@context\":\"https:\\\/\\\/schema.org\",\"@graph\":[{\"@type\":\"Article\",\"@id\":\"https:\\\/\\\/www.amanien.info\\\/news\\\/lutte-contre-les-violences-faites-aux-femmes-et-aux-filles-la-ministre-nassereba-toure-aux-femmes\\\/#article\",\"isPartOf\":{\"@id\":\"https:\\\/\\\/www.amanien.info\\\/news\\\/lutte-contre-les-violences-faites-aux-femmes-et-aux-filles-la-ministre-nassereba-toure-aux-femmes\\\/\"},\"author\":{\"name\":\"Germain Ndri\",\"@id\":\"https:\\\/\\\/www.amanien.info\\\/news\\\/#\\\/schema\\\/person\\\/b21093345753a1a98242d505bd894f42\"},\"headline\":\"Lutte contre les violences faites aux femmes et aux filles : La Ministre Nass\u00e9r\u00e9ba Tour\u00e9 aux femmes :\",\"datePublished\":\"2021-12-04T09:13:14+00:00\",\"dateModified\":\"2021-12-04T09:13:48+00:00\",\"mainEntityOfPage\":{\"@id\":\"https:\\\/\\\/www.amanien.info\\\/news\\\/lutte-contre-les-violences-faites-aux-femmes-et-aux-filles-la-ministre-nassereba-toure-aux-femmes\\\/\"},\"wordCount\":18,\"image\":{\"@id\":\"https:\\\/\\\/www.amanien.info\\\/news\\\/lutte-contre-les-violences-faites-aux-femmes-et-aux-filles-la-ministre-nassereba-toure-aux-femmes\\\/#primaryimage\"},\"thumbnailUrl\":\"https:\\\/\\\/www.amanien.info\\\/news\\\/wp-content\\\/uploads\\\/2021\\\/12\\\/thumbnail-2.jpg\",\"inLanguage\":\"fr-FR\"},{\"@type\":\"WebPage\",\"@id\":\"https:\\\/\\\/www.amanien.info\\\/news\\\/lutte-contre-les-violences-faites-aux-femmes-et-aux-filles-la-ministre-nassereba-toure-aux-femmes\\\/\",\"url\":\"https:\\\/\\\/www.amanien.info\\\/news\\\/lutte-contre-les-violences-faites-aux-femmes-et-aux-filles-la-ministre-nassereba-toure-aux-femmes\\\/\",\"name\":\"Lutte contre les violences faites aux femmes et aux filles : La Ministre Nass\u00e9r\u00e9ba Tour\u00e9 aux femmes :\",\"isPartOf\":{\"@id\":\"https:\\\/\\\/www.amanien.info\\\/news\\\/#website\"},\"primaryImageOfPage\":{\"@id\":\"https:\\\/\\\/www.amanien.info\\\/news\\\/lutte-contre-les-violences-faites-aux-femmes-et-aux-filles-la-ministre-nassereba-toure-aux-femmes\\\/#primaryimage\"},\"image\":{\"@id\":\"https:\\\/\\\/www.amanien.info\\\/news\\\/lutte-contre-les-violences-faites-aux-femmes-et-aux-filles-la-ministre-nassereba-toure-aux-femmes\\\/#primaryimage\"},\"thumbnailUrl\":\"https:\\\/\\\/www.amanien.info\\\/news\\\/wp-content\\\/uploads\\\/2021\\\/12\\\/thumbnail-2.jpg\",\"datePublished\":\"2021-12-04T09:13:14+00:00\",\"dateModified\":\"2021-12-04T09:13:48+00:00\",\"author\":{\"@id\":\"https:\\\/\\\/www.amanien.info\\\/news\\\/#\\\/schema\\\/person\\\/b21093345753a1a98242d505bd894f42\"},\"breadcrumb\":{\"@id\":\"https:\\\/\\\/www.amanien.info\\\/news\\\/lutte-contre-les-violences-faites-aux-femmes-et-aux-filles-la-ministre-nassereba-toure-aux-femmes\\\/#breadcrumb\"},\"inLanguage\":\"fr-FR\",\"potentialAction\":[{\"@type\":\"ReadAction\",\"target\":[\"https:\\\/\\\/www.amanien.info\\\/news\\\/lutte-contre-les-violences-faites-aux-femmes-et-aux-filles-la-ministre-nassereba-toure-aux-femmes\\\/\"]}]},{\"@type\":\"ImageObject\",\"inLanguage\":\"fr-FR\",\"@id\":\"https:\\\/\\\/www.amanien.info\\\/news\\\/lutte-contre-les-violences-faites-aux-femmes-et-aux-filles-la-ministre-nassereba-toure-aux-femmes\\\/#primaryimage\",\"url\":\"https:\\\/\\\/www.amanien.info\\\/news\\\/wp-content\\\/uploads\\\/2021\\\/12\\\/thumbnail-2.jpg\",\"contentUrl\":\"https:\\\/\\\/www.amanien.info\\\/news\\\/wp-content\\\/uploads\\\/2021\\\/12\\\/thumbnail-2.jpg\",\"width\":1024,\"height\":683},{\"@type\":\"BreadcrumbList\",\"@id\":\"https:\\\/\\\/www.amanien.info\\\/news\\\/lutte-contre-les-violences-faites-aux-femmes-et-aux-filles-la-ministre-nassereba-toure-aux-femmes\\\/#breadcrumb\",\"itemListElement\":[{\"@type\":\"ListItem\",\"position\":1,\"name\":\"Accueil\",\"item\":\"https:\\\/\\\/www.amanien.info\\\/news\\\/\"},{\"@type\":\"ListItem\",\"position\":2,\"name\":\"Lutte contre les violences faites aux femmes et aux filles : La Ministre Nass\u00e9r\u00e9ba Tour\u00e9 aux femmes :\"}]},{\"@type\":\"WebSite\",\"@id\":\"https:\\\/\\\/www.amanien.info\\\/news\\\/#website\",\"url\":\"https:\\\/\\\/www.amanien.info\\\/news\\\/\",\"name\":\"Amanien| L&#039;actualit\u00e9 Ivoirienne et Internationale\",\"description\":\"L&#039;actualit\u00e9 Ivoirienne et Internationale\",\"potentialAction\":[{\"@type\":\"SearchAction\",\"target\":{\"@type\":\"EntryPoint\",\"urlTemplate\":\"https:\\\/\\\/www.amanien.info\\\/news\\\/?s={search_term_string}\"},\"query-input\":{\"@type\":\"PropertyValueSpecification\",\"valueRequired\":true,\"valueName\":\"search_term_string\"}}],\"inLanguage\":\"fr-FR\"},{\"@type\":\"Person\",\"@id\":\"https:\\\/\\\/www.amanien.info\\\/news\\\/#\\\/schema\\\/person\\\/b21093345753a1a98242d505bd894f42\",\"name\":\"Germain Ndri\",\"url\":\"https:\\\/\\\/www.amanien.info\\\/news\\\/author\\\/amanien-infos\\\/\"}]}<\/script>\n<!-- \/ Yoast SEO plugin. -->","yoast_head_json":{"title":"Lutte contre les violences faites aux femmes et aux filles : La Ministre Nass\u00e9r\u00e9ba Tour\u00e9 aux femmes :","robots":{"index":"index","follow":"follow","max-snippet":"max-snippet:-1","max-image-preview":"max-image-preview:large","max-video-preview":"max-video-preview:-1"},"canonical":"https:\/\/www.amanien.info\/news\/lutte-contre-les-violences-faites-aux-femmes-et-aux-filles-la-ministre-nassereba-toure-aux-femmes\/","og_locale":"fr_FR","og_type":"article","og_title":"Lutte contre les violences faites aux femmes et aux filles : La Ministre Nass\u00e9r\u00e9ba Tour\u00e9 aux femmes :","og_description":"&lt;&lt; Pour mettre fin \u00e0 la culture du viol, les auteurs doivent payer pour leurs actes. Femmes de C\u00f4te d&rsquo;Ivoire, sortez de vos peurs, de vos torpeurs. Brisez le silence et d\u00e9noncez &gt;&gt; a lanc\u00e9 Nass\u00e9r\u00e9ba Tour\u00e9, Ministre de la Femme, de la Famille et de l&rsquo;Enfant, dans une d\u00e9claration qu&rsquo;elle a lue ce jeudi [&hellip;]","og_url":"https:\/\/www.amanien.info\/news\/lutte-contre-les-violences-faites-aux-femmes-et-aux-filles-la-ministre-nassereba-toure-aux-femmes\/","og_site_name":"Amanien| L&#039;actualit\u00e9 Ivoirienne et Internationale","article_published_time":"2021-12-04T09:13:14+00:00","article_modified_time":"2021-12-04T09:13:48+00:00","og_image":[{"width":1024,"height":683,"url":"https:\/\/www.amanien.info\/news\/wp-content\/uploads\/2021\/12\/thumbnail-2.jpg","type":"image\/jpeg"}],"author":"Germain Ndri","twitter_card":"summary_large_image","twitter_misc":{"\u00c9crit par":"Germain Ndri","Dur\u00e9e de lecture estim\u00e9e":"2 minutes"},"schema":{"@context":"https:\/\/schema.org","@graph":[{"@type":"Article","@id":"https:\/\/www.amanien.info\/news\/lutte-contre-les-violences-faites-aux-femmes-et-aux-filles-la-ministre-nassereba-toure-aux-femmes\/#article","isPartOf":{"@id":"https:\/\/www.amanien.info\/news\/lutte-contre-les-violences-faites-aux-femmes-et-aux-filles-la-ministre-nassereba-toure-aux-femmes\/"},"author":{"name":"Germain Ndri","@id":"https:\/\/www.amanien.info\/news\/#\/schema\/person\/b21093345753a1a98242d505bd894f42"},"headline":"Lutte contre les violences faites aux femmes et aux filles : La Ministre Nass\u00e9r\u00e9ba Tour\u00e9 aux femmes :","datePublished":"2021-12-04T09:13:14+00:00","dateModified":"2021-12-04T09:13:48+00:00","mainEntityOfPage":{"@id":"https:\/\/www.amanien.info\/news\/lutte-contre-les-violences-faites-aux-femmes-et-aux-filles-la-ministre-nassereba-toure-aux-femmes\/"},"wordCount":18,"image":{"@id":"https:\/\/www.amanien.info\/news\/lutte-contre-les-violences-faites-aux-femmes-et-aux-filles-la-ministre-nassereba-toure-aux-femmes\/#primaryimage"},"thumbnailUrl":"https:\/\/www.amanien.info\/news\/wp-content\/uploads\/2021\/12\/thumbnail-2.jpg","inLanguage":"fr-FR"},{"@type":"WebPage","@id":"https:\/\/www.amanien.info\/news\/lutte-contre-les-violences-faites-aux-femmes-et-aux-filles-la-ministre-nassereba-toure-aux-femmes\/","url":"https:\/\/www.amanien.info\/news\/lutte-contre-les-violences-faites-aux-femmes-et-aux-filles-la-ministre-nassereba-toure-aux-femmes\/","name":"Lutte contre les violences faites aux femmes et aux filles : La Ministre Nass\u00e9r\u00e9ba Tour\u00e9 aux femmes :","isPartOf":{"@id":"https:\/\/www.amanien.info\/news\/#website"},"primaryImageOfPage":{"@id":"https:\/\/www.amanien.info\/news\/lutte-contre-les-violences-faites-aux-femmes-et-aux-filles-la-ministre-nassereba-toure-aux-femmes\/#primaryimage"},"image":{"@id":"https:\/\/www.amanien.info\/news\/lutte-contre-les-violences-faites-aux-femmes-et-aux-filles-la-ministre-nassereba-toure-aux-femmes\/#primaryimage"},"thumbnailUrl":"https:\/\/www.amanien.info\/news\/wp-content\/uploads\/2021\/12\/thumbnail-2.jpg","datePublished":"2021-12-04T09:13:14+00:00","dateModified":"2021-12-04T09:13:48+00:00","author":{"@id":"https:\/\/www.amanien.info\/news\/#\/schema\/person\/b21093345753a1a98242d505bd894f42"},"breadcrumb":{"@id":"https:\/\/www.amanien.info\/news\/lutte-contre-les-violences-faites-aux-femmes-et-aux-filles-la-ministre-nassereba-toure-aux-femmes\/#breadcrumb"},"inLanguage":"fr-FR","potentialAction":[{"@type":"ReadAction","target":["https:\/\/www.amanien.info\/news\/lutte-contre-les-violences-faites-aux-femmes-et-aux-filles-la-ministre-nassereba-toure-aux-femmes\/"]}]},{"@type":"ImageObject","inLanguage":"fr-FR","@id":"https:\/\/www.amanien.info\/news\/lutte-contre-les-violences-faites-aux-femmes-et-aux-filles-la-ministre-nassereba-toure-aux-femmes\/#primaryimage","url":"https:\/\/www.amanien.info\/news\/wp-content\/uploads\/2021\/12\/thumbnail-2.jpg","contentUrl":"https:\/\/www.amanien.info\/news\/wp-content\/uploads\/2021\/12\/thumbnail-2.jpg","width":1024,"height":683},{"@type":"BreadcrumbList","@id":"https:\/\/www.amanien.info\/news\/lutte-contre-les-violences-faites-aux-femmes-et-aux-filles-la-ministre-nassereba-toure-aux-femmes\/#breadcrumb","itemListElement":[{"@type":"ListItem","position":1,"name":"Accueil","item":"https:\/\/www.amanien.info\/news\/"},{"@type":"ListItem","position":2,"name":"Lutte contre les violences faites aux femmes et aux filles : La Ministre Nass\u00e9r\u00e9ba Tour\u00e9 aux femmes :"}]},{"@type":"WebSite","@id":"https:\/\/www.amanien.info\/news\/#website","url":"https:\/\/www.amanien.info\/news\/","name":"Amanien| L&#039;actualit\u00e9 Ivoirienne et Internationale","description":"L&#039;actualit\u00e9 Ivoirienne et Internationale","potentialAction":[{"@type":"SearchAction","target":{"@type":"EntryPoint","urlTemplate":"https:\/\/www.amanien.info\/news\/?s={search_term_string}"},"query-input":{"@type":"PropertyValueSpecification","valueRequired":true,"valueName":"search_term_string"}}],"inLanguage":"fr-FR"},{"@type":"Person","@id":"https:\/\/www.amanien.info\/news\/#\/schema\/person\/b21093345753a1a98242d505bd894f42","name":"Germain Ndri","url":"https:\/\/www.amanien.info\/news\/author\/amanien-infos\/"}]}},"_links":{"self":[{"href":"https:\/\/www.amanien.info\/news\/wp-json\/wp\/v2\/posts\/3162","targetHints":{"allow":["GET"]}}],"collection":[{"href":"https:\/\/www.amanien.info\/news\/wp-json\/wp\/v2\/posts"}],"about":[{"href":"https:\/\/www.amanien.info\/news\/wp-json\/wp\/v2\/types\/post"}],"author":[{"embeddable":true,"href":"https:\/\/www.amanien.info\/news\/wp-json\/wp\/v2\/users\/2"}],"replies":[{"embeddable":true,"href":"https:\/\/www.amanien.info\/news\/wp-json\/wp\/v2\/comments?post=3162"}],"version-history":[{"count":1,"href":"https:\/\/www.amanien.info\/news\/wp-json\/wp\/v2\/posts\/3162\/revisions"}],"predecessor-version":[{"id":3164,"href":"https:\/\/www.amanien.info\/news\/wp-json\/wp\/v2\/posts\/3162\/revisions\/3164"}],"wp:featuredmedia":[{"embeddable":true,"href":"https:\/\/www.amanien.info\/news\/wp-json\/wp\/v2\/media\/3163"}],"wp:attachment":[{"href":"https:\/\/www.amanien.info\/news\/wp-json\/wp\/v2\/media?parent=3162"}],"wp:term":[{"taxonomy":"category","embeddable":true,"href":"https:\/\/www.amanien.info\/news\/wp-json\/wp\/v2\/categories?post=3162"},{"taxonomy":"post_tag","embeddable":true,"href":"https:\/\/www.amanien.info\/news\/wp-json\/wp\/v2\/tags?post=3162"}],"curies":[{"name":"wp","href":"https:\/\/api.w.org\/{rel}","templated":true}]}}