{"id":3144,"date":"2021-11-19T18:29:07","date_gmt":"2021-11-19T18:29:07","guid":{"rendered":"https:\/\/www.https:\/\/zozo.buyee.jp\/\/news\/?p=3144"},"modified":"2021-11-19T18:33:05","modified_gmt":"2021-11-19T18:33:05","slug":"aide-publique-aux-medias-le-fsdp-organise-un-colloque-international-a-abidjan","status":"publish","type":"post","link":"https:\/\/www.amanien.info\/news\/aide-publique-aux-medias-le-fsdp-organise-un-colloque-international-a-abidjan\/","title":{"rendered":"Aide publique aux m\u00e9dias: Le FSDP organise un Colloque international \u00e0 Abidjan"},"content":{"rendered":"<p>Le Fonds de Soutien et de D\u00e9veloppement de la Presse (FSDP) organise les \u00a029 au 30 novembre 2021, un Colloque international sur le th\u00e8me\u00a0: \u00ab\u00a0Quelles strat\u00e9gies d\u2019appui durable au d\u00e9veloppement des m\u00e9dias dans l\u2019espace CEDEAO\u00a0?\u00a0\u00bb \u00e0 Ivotel-Plateau \u00e0 Abidjan.<\/p>\n<p>Selon le Directeur ex\u00e9cutif du FSDP, Mme N\u2019guessan Bernise, ce colloque vise \u00e0 partager les exp\u00e9riences des organismes de gestion de l\u2019aide publique aux m\u00e9dias, des pays de l\u2019espace CEDEAO.<\/p>\n<p>Les organismes de gestion de l\u2019aide publique aux m\u00e9dias r\u00e9fl\u00e9chiront sur l\u2019avenir des m\u00e9dias dans un environnement en perp\u00e9tuelle mutation\u00a0; s\u2019approprieront les m\u00e9canismes de financement des organismes internationaux ; mettront en place un r\u00e9seau des organes de gestion de l\u2019aide publique aux m\u00e9dias dans l\u2019espace CEDEAO.<\/p>\n<p>Le Pr\u00e9sident du Conseil de gestion M. Abdou Abdou, les Conseillers, le Comit\u00e9 scientifique et le Comit\u00e9 d\u2019organisation, sont mobilis\u00e9s pour la r\u00e9ussite de cette activit\u00e9 qui s\u2019inscrit dans la vision du Ministre de la Communication, des M\u00e9dias et de la Francophonie.<\/p>\n","protected":false},"excerpt":{"rendered":"<p>Le Fonds de Soutien et de D\u00e9veloppement de la Presse (FSDP) organise les \u00a029 au 30 novembre 2021, un Colloque international sur le th\u00e8me\u00a0: \u00ab\u00a0Quelles strat\u00e9gies d\u2019appui durable au d\u00e9veloppement des m\u00e9dias dans l\u2019espace CEDEAO\u00a0?\u00a0\u00bb \u00e0 Ivotel-Plateau \u00e0 Abidjan. Selon le Directeur ex\u00e9cutif du FSDP, Mme N\u2019guessan Bernise, ce colloque vise \u00e0 partager les exp\u00e9riences [&hellip;]<\/p>\n","protected":false},"author":2,"featured_media":3145,"comment_status":"closed","ping_status":"closed","sticky":true,"template":"","format":"standard","meta":{"_acf_changed":false,"footnotes":""},"categories":[],"tags":[],"class_list":["post-3144","post","type-post","status-publish","format-standard","has-post-thumbnail","hentry"],"acf":[],"yoast_head":"<!-- This site is optimized with the Yoast SEO plugin v27.5 - https:\/\/yoast.com\/product\/yoast-seo-wordpress\/ -->\n<title>Aide publique aux m\u00e9dias: Le FSDP organise un Colloque international \u00e0 Abidjan - Amanien| L&#039;actualit\u00e9 Ivoirienne et Internationale<\/title>\n<meta name=\"robots\" content=\"index, follow, max-snippet:-1, max-image-preview:large, max-video-preview:-1\" \/>\n<link rel=\"canonical\" href=\"https:\/\/www.amanien.info\/news\/aide-publique-aux-medias-le-fsdp-organise-un-colloque-international-a-abidjan\/\" \/>\n<meta property=\"og:locale\" content=\"fr_FR\" \/>\n<meta property=\"og:type\" content=\"article\" \/>\n<meta property=\"og:title\" content=\"Aide publique aux m\u00e9dias: Le FSDP organise un Colloque international \u00e0 Abidjan - Amanien| L&#039;actualit\u00e9 Ivoirienne et Internationale\" \/>\n<meta property=\"og:description\" content=\"Le Fonds de Soutien et de D\u00e9veloppement de la Presse (FSDP) organise les \u00a029 au 30 novembre 2021, un Colloque international sur le th\u00e8me\u00a0: \u00ab\u00a0Quelles strat\u00e9gies d\u2019appui durable au d\u00e9veloppement des m\u00e9dias dans l\u2019espace CEDEAO\u00a0?\u00a0\u00bb \u00e0 Ivotel-Plateau \u00e0 Abidjan. Selon le Directeur ex\u00e9cutif du FSDP, Mme N\u2019guessan Bernise, ce colloque vise \u00e0 partager les exp\u00e9riences [&hellip;]\" \/>\n<meta property=\"og:url\" content=\"https:\/\/www.amanien.info\/news\/aide-publique-aux-medias-le-fsdp-organise-un-colloque-international-a-abidjan\/\" \/>\n<meta property=\"og:site_name\" content=\"Amanien| L&#039;actualit\u00e9 Ivoirienne et Internationale\" \/>\n<meta property=\"article:published_time\" content=\"2021-11-19T18:29:07+00:00\" \/>\n<meta property=\"article:modified_time\" content=\"2021-11-19T18:33:05+00:00\" \/>\n<meta property=\"og:image\" content=\"https:\/\/www.amanien.info\/news\/wp-content\/uploads\/2021\/11\/thumbnail-6.jpg\" \/>\n\t<meta property=\"og:image:width\" content=\"600\" \/>\n\t<meta property=\"og:image:height\" content=\"361\" \/>\n\t<meta property=\"og:image:type\" content=\"image\/jpeg\" \/>\n<meta name=\"author\" content=\"Germain Ndri\" \/>\n<meta name=\"twitter:card\" content=\"summary_large_image\" \/>\n<meta name=\"twitter:label1\" content=\"\u00c9crit par\" \/>\n\t<meta name=\"twitter:data1\" content=\"Germain Ndri\" \/>\n\t<meta name=\"twitter:label2\" content=\"Dur\u00e9e de lecture estim\u00e9e\" \/>\n\t<meta name=\"twitter:data2\" content=\"1 minute\" \/>\n<script type=\"application\/ld+json\" class=\"yoast-schema-graph\">{\"@context\":\"https:\\\/\\\/schema.org\",\"@graph\":[{\"@type\":\"Article\",\"@id\":\"https:\\\/\\\/www.amanien.info\\\/news\\\/aide-publique-aux-medias-le-fsdp-organise-un-colloque-international-a-abidjan\\\/#article\",\"isPartOf\":{\"@id\":\"https:\\\/\\\/www.amanien.info\\\/news\\\/aide-publique-aux-medias-le-fsdp-organise-un-colloque-international-a-abidjan\\\/\"},\"author\":{\"name\":\"Germain Ndri\",\"@id\":\"https:\\\/\\\/www.amanien.info\\\/news\\\/#\\\/schema\\\/person\\\/b21093345753a1a98242d505bd894f42\"},\"headline\":\"Aide publique aux m\u00e9dias: Le FSDP organise un Colloque international \u00e0 Abidjan\",\"datePublished\":\"2021-11-19T18:29:07+00:00\",\"dateModified\":\"2021-11-19T18:33:05+00:00\",\"mainEntityOfPage\":{\"@id\":\"https:\\\/\\\/www.amanien.info\\\/news\\\/aide-publique-aux-medias-le-fsdp-organise-un-colloque-international-a-abidjan\\\/\"},\"wordCount\":194,\"image\":{\"@id\":\"https:\\\/\\\/www.amanien.info\\\/news\\\/aide-publique-aux-medias-le-fsdp-organise-un-colloque-international-a-abidjan\\\/#primaryimage\"},\"thumbnailUrl\":\"https:\\\/\\\/www.amanien.info\\\/news\\\/wp-content\\\/uploads\\\/2021\\\/11\\\/thumbnail-6.jpg\",\"inLanguage\":\"fr-FR\"},{\"@type\":\"WebPage\",\"@id\":\"https:\\\/\\\/www.amanien.info\\\/news\\\/aide-publique-aux-medias-le-fsdp-organise-un-colloque-international-a-abidjan\\\/\",\"url\":\"https:\\\/\\\/www.amanien.info\\\/news\\\/aide-publique-aux-medias-le-fsdp-organise-un-colloque-international-a-abidjan\\\/\",\"name\":\"Aide publique aux m\u00e9dias: Le FSDP organise un Colloque international \u00e0 Abidjan - Amanien| L&#039;actualit\u00e9 Ivoirienne et Internationale\",\"isPartOf\":{\"@id\":\"https:\\\/\\\/www.amanien.info\\\/news\\\/#website\"},\"primaryImageOfPage\":{\"@id\":\"https:\\\/\\\/www.amanien.info\\\/news\\\/aide-publique-aux-medias-le-fsdp-organise-un-colloque-international-a-abidjan\\\/#primaryimage\"},\"image\":{\"@id\":\"https:\\\/\\\/www.amanien.info\\\/news\\\/aide-publique-aux-medias-le-fsdp-organise-un-colloque-international-a-abidjan\\\/#primaryimage\"},\"thumbnailUrl\":\"https:\\\/\\\/www.amanien.info\\\/news\\\/wp-content\\\/uploads\\\/2021\\\/11\\\/thumbnail-6.jpg\",\"datePublished\":\"2021-11-19T18:29:07+00:00\",\"dateModified\":\"2021-11-19T18:33:05+00:00\",\"author\":{\"@id\":\"https:\\\/\\\/www.amanien.info\\\/news\\\/#\\\/schema\\\/person\\\/b21093345753a1a98242d505bd894f42\"},\"breadcrumb\":{\"@id\":\"https:\\\/\\\/www.amanien.info\\\/news\\\/aide-publique-aux-medias-le-fsdp-organise-un-colloque-international-a-abidjan\\\/#breadcrumb\"},\"inLanguage\":\"fr-FR\",\"potentialAction\":[{\"@type\":\"ReadAction\",\"target\":[\"https:\\\/\\\/www.amanien.info\\\/news\\\/aide-publique-aux-medias-le-fsdp-organise-un-colloque-international-a-abidjan\\\/\"]}]},{\"@type\":\"ImageObject\",\"inLanguage\":\"fr-FR\",\"@id\":\"https:\\\/\\\/www.amanien.info\\\/news\\\/aide-publique-aux-medias-le-fsdp-organise-un-colloque-international-a-abidjan\\\/#primaryimage\",\"url\":\"https:\\\/\\\/www.amanien.info\\\/news\\\/wp-content\\\/uploads\\\/2021\\\/11\\\/thumbnail-6.jpg\",\"contentUrl\":\"https:\\\/\\\/www.amanien.info\\\/news\\\/wp-content\\\/uploads\\\/2021\\\/11\\\/thumbnail-6.jpg\",\"width\":600,\"height\":361},{\"@type\":\"BreadcrumbList\",\"@id\":\"https:\\\/\\\/www.amanien.info\\\/news\\\/aide-publique-aux-medias-le-fsdp-organise-un-colloque-international-a-abidjan\\\/#breadcrumb\",\"itemListElement\":[{\"@type\":\"ListItem\",\"position\":1,\"name\":\"Accueil\",\"item\":\"https:\\\/\\\/www.amanien.info\\\/news\\\/\"},{\"@type\":\"ListItem\",\"position\":2,\"name\":\"Aide publique aux m\u00e9dias: Le FSDP organise un Colloque international \u00e0 Abidjan\"}]},{\"@type\":\"WebSite\",\"@id\":\"https:\\\/\\\/www.amanien.info\\\/news\\\/#website\",\"url\":\"https:\\\/\\\/www.amanien.info\\\/news\\\/\",\"name\":\"Amanien| L&#039;actualit\u00e9 Ivoirienne et Internationale\",\"description\":\"L&#039;actualit\u00e9 Ivoirienne et Internationale\",\"potentialAction\":[{\"@type\":\"SearchAction\",\"target\":{\"@type\":\"EntryPoint\",\"urlTemplate\":\"https:\\\/\\\/www.amanien.info\\\/news\\\/?s={search_term_string}\"},\"query-input\":{\"@type\":\"PropertyValueSpecification\",\"valueRequired\":true,\"valueName\":\"search_term_string\"}}],\"inLanguage\":\"fr-FR\"},{\"@type\":\"Person\",\"@id\":\"https:\\\/\\\/www.amanien.info\\\/news\\\/#\\\/schema\\\/person\\\/b21093345753a1a98242d505bd894f42\",\"name\":\"Germain Ndri\",\"url\":\"https:\\\/\\\/www.amanien.info\\\/news\\\/author\\\/amanien-infos\\\/\"}]}<\/script>\n<!-- \/ Yoast SEO plugin. -->","yoast_head_json":{"title":"Aide publique aux m\u00e9dias: Le FSDP organise un Colloque international \u00e0 Abidjan - Amanien| L&#039;actualit\u00e9 Ivoirienne et Internationale","robots":{"index":"index","follow":"follow","max-snippet":"max-snippet:-1","max-image-preview":"max-image-preview:large","max-video-preview":"max-video-preview:-1"},"canonical":"https:\/\/www.amanien.info\/news\/aide-publique-aux-medias-le-fsdp-organise-un-colloque-international-a-abidjan\/","og_locale":"fr_FR","og_type":"article","og_title":"Aide publique aux m\u00e9dias: Le FSDP organise un Colloque international \u00e0 Abidjan - Amanien| L&#039;actualit\u00e9 Ivoirienne et Internationale","og_description":"Le Fonds de Soutien et de D\u00e9veloppement de la Presse (FSDP) organise les \u00a029 au 30 novembre 2021, un Colloque international sur le th\u00e8me\u00a0: \u00ab\u00a0Quelles strat\u00e9gies d\u2019appui durable au d\u00e9veloppement des m\u00e9dias dans l\u2019espace CEDEAO\u00a0?\u00a0\u00bb \u00e0 Ivotel-Plateau \u00e0 Abidjan. Selon le Directeur ex\u00e9cutif du FSDP, Mme N\u2019guessan Bernise, ce colloque vise \u00e0 partager les exp\u00e9riences [&hellip;]","og_url":"https:\/\/www.amanien.info\/news\/aide-publique-aux-medias-le-fsdp-organise-un-colloque-international-a-abidjan\/","og_site_name":"Amanien| L&#039;actualit\u00e9 Ivoirienne et Internationale","article_published_time":"2021-11-19T18:29:07+00:00","article_modified_time":"2021-11-19T18:33:05+00:00","og_image":[{"width":600,"height":361,"url":"https:\/\/www.amanien.info\/news\/wp-content\/uploads\/2021\/11\/thumbnail-6.jpg","type":"image\/jpeg"}],"author":"Germain Ndri","twitter_card":"summary_large_image","twitter_misc":{"\u00c9crit par":"Germain Ndri","Dur\u00e9e de lecture estim\u00e9e":"1 minute"},"schema":{"@context":"https:\/\/schema.org","@graph":[{"@type":"Article","@id":"https:\/\/www.amanien.info\/news\/aide-publique-aux-medias-le-fsdp-organise-un-colloque-international-a-abidjan\/#article","isPartOf":{"@id":"https:\/\/www.amanien.info\/news\/aide-publique-aux-medias-le-fsdp-organise-un-colloque-international-a-abidjan\/"},"author":{"name":"Germain Ndri","@id":"https:\/\/www.amanien.info\/news\/#\/schema\/person\/b21093345753a1a98242d505bd894f42"},"headline":"Aide publique aux m\u00e9dias: Le FSDP organise un Colloque international \u00e0 Abidjan","datePublished":"2021-11-19T18:29:07+00:00","dateModified":"2021-11-19T18:33:05+00:00","mainEntityOfPage":{"@id":"https:\/\/www.amanien.info\/news\/aide-publique-aux-medias-le-fsdp-organise-un-colloque-international-a-abidjan\/"},"wordCount":194,"image":{"@id":"https:\/\/www.amanien.info\/news\/aide-publique-aux-medias-le-fsdp-organise-un-colloque-international-a-abidjan\/#primaryimage"},"thumbnailUrl":"https:\/\/www.amanien.info\/news\/wp-content\/uploads\/2021\/11\/thumbnail-6.jpg","inLanguage":"fr-FR"},{"@type":"WebPage","@id":"https:\/\/www.amanien.info\/news\/aide-publique-aux-medias-le-fsdp-organise-un-colloque-international-a-abidjan\/","url":"https:\/\/www.amanien.info\/news\/aide-publique-aux-medias-le-fsdp-organise-un-colloque-international-a-abidjan\/","name":"Aide publique aux m\u00e9dias: Le FSDP organise un Colloque international \u00e0 Abidjan - Amanien| L&#039;actualit\u00e9 Ivoirienne et Internationale","isPartOf":{"@id":"https:\/\/www.amanien.info\/news\/#website"},"primaryImageOfPage":{"@id":"https:\/\/www.amanien.info\/news\/aide-publique-aux-medias-le-fsdp-organise-un-colloque-international-a-abidjan\/#primaryimage"},"image":{"@id":"https:\/\/www.amanien.info\/news\/aide-publique-aux-medias-le-fsdp-organise-un-colloque-international-a-abidjan\/#primaryimage"},"thumbnailUrl":"https:\/\/www.amanien.info\/news\/wp-content\/uploads\/2021\/11\/thumbnail-6.jpg","datePublished":"2021-11-19T18:29:07+00:00","dateModified":"2021-11-19T18:33:05+00:00","author":{"@id":"https:\/\/www.amanien.info\/news\/#\/schema\/person\/b21093345753a1a98242d505bd894f42"},"breadcrumb":{"@id":"https:\/\/www.amanien.info\/news\/aide-publique-aux-medias-le-fsdp-organise-un-colloque-international-a-abidjan\/#breadcrumb"},"inLanguage":"fr-FR","potentialAction":[{"@type":"ReadAction","target":["https:\/\/www.amanien.info\/news\/aide-publique-aux-medias-le-fsdp-organise-un-colloque-international-a-abidjan\/"]}]},{"@type":"ImageObject","inLanguage":"fr-FR","@id":"https:\/\/www.amanien.info\/news\/aide-publique-aux-medias-le-fsdp-organise-un-colloque-international-a-abidjan\/#primaryimage","url":"https:\/\/www.amanien.info\/news\/wp-content\/uploads\/2021\/11\/thumbnail-6.jpg","contentUrl":"https:\/\/www.amanien.info\/news\/wp-content\/uploads\/2021\/11\/thumbnail-6.jpg","width":600,"height":361},{"@type":"BreadcrumbList","@id":"https:\/\/www.amanien.info\/news\/aide-publique-aux-medias-le-fsdp-organise-un-colloque-international-a-abidjan\/#breadcrumb","itemListElement":[{"@type":"ListItem","position":1,"name":"Accueil","item":"https:\/\/www.amanien.info\/news\/"},{"@type":"ListItem","position":2,"name":"Aide publique aux m\u00e9dias: Le FSDP organise un Colloque international \u00e0 Abidjan"}]},{"@type":"WebSite","@id":"https:\/\/www.amanien.info\/news\/#website","url":"https:\/\/www.amanien.info\/news\/","name":"Amanien| L&#039;actualit\u00e9 Ivoirienne et Internationale","description":"L&#039;actualit\u00e9 Ivoirienne et Internationale","potentialAction":[{"@type":"SearchAction","target":{"@type":"EntryPoint","urlTemplate":"https:\/\/www.amanien.info\/news\/?s={search_term_string}"},"query-input":{"@type":"PropertyValueSpecification","valueRequired":true,"valueName":"search_term_string"}}],"inLanguage":"fr-FR"},{"@type":"Person","@id":"https:\/\/www.amanien.info\/news\/#\/schema\/person\/b21093345753a1a98242d505bd894f42","name":"Germain Ndri","url":"https:\/\/www.amanien.info\/news\/author\/amanien-infos\/"}]}},"_links":{"self":[{"href":"https:\/\/www.amanien.info\/news\/wp-json\/wp\/v2\/posts\/3144","targetHints":{"allow":["GET"]}}],"collection":[{"href":"https:\/\/www.amanien.info\/news\/wp-json\/wp\/v2\/posts"}],"about":[{"href":"https:\/\/www.amanien.info\/news\/wp-json\/wp\/v2\/types\/post"}],"author":[{"embeddable":true,"href":"https:\/\/www.amanien.info\/news\/wp-json\/wp\/v2\/users\/2"}],"replies":[{"embeddable":true,"href":"https:\/\/www.amanien.info\/news\/wp-json\/wp\/v2\/comments?post=3144"}],"version-history":[{"count":1,"href":"https:\/\/www.amanien.info\/news\/wp-json\/wp\/v2\/posts\/3144\/revisions"}],"predecessor-version":[{"id":3146,"href":"https:\/\/www.amanien.info\/news\/wp-json\/wp\/v2\/posts\/3144\/revisions\/3146"}],"wp:featuredmedia":[{"embeddable":true,"href":"https:\/\/www.amanien.info\/news\/wp-json\/wp\/v2\/media\/3145"}],"wp:attachment":[{"href":"https:\/\/www.amanien.info\/news\/wp-json\/wp\/v2\/media?parent=3144"}],"wp:term":[{"taxonomy":"category","embeddable":true,"href":"https:\/\/www.amanien.info\/news\/wp-json\/wp\/v2\/categories?post=3144"},{"taxonomy":"post_tag","embeddable":true,"href":"https:\/\/www.amanien.info\/news\/wp-json\/wp\/v2\/tags?post=3144"}],"curies":[{"name":"wp","href":"https:\/\/api.w.org\/{rel}","templated":true}]}}