{"id":3124,"date":"2021-11-14T18:51:16","date_gmt":"2021-11-14T18:51:16","guid":{"rendered":"https:\/\/www.https:\/\/zozo.buyee.jp\/\/news\/?p=3124"},"modified":"2021-11-14T18:52:35","modified_gmt":"2021-11-14T18:52:35","slug":"1ere-edition-de-la-nuit-des-etoiles-des-entreprises-dabidjan-28-personnalites-et-chefs-dentreprise-distingues","status":"publish","type":"post","link":"https:\/\/www.amanien.info\/news\/1ere-edition-de-la-nuit-des-etoiles-des-entreprises-dabidjan-28-personnalites-et-chefs-dentreprise-distingues\/","title":{"rendered":"1\u00e8re \u00e9dition de la Nuit des \u00c9toiles des Entreprises d&rsquo;Abidjan : 28 Personnalit\u00e9s et Chefs d&rsquo;entreprise distingu\u00e9s"},"content":{"rendered":"<p>La premi\u00e8re \u00e9dition de la Nuit des \u00c9toiles des Entreprises d&rsquo;Abidjan a eu lieu, ce vendredi 05 novembre 2021 au Plateau, Abidjan.<br \/>\nAu total, 28 Personnalit\u00e9s et Chefs d&rsquo;entreprise ont \u00e9t\u00e9 distingu\u00e9s au cours de cette c\u00e9r\u00e9monie de distinction, de coaching et de c\u00e9l\u00e9bration des meilleures entreprises, personnalit\u00e9s et acteurs de d\u00e9veloppement.<\/p>\n<p>Il s&rsquo;agit du Chef de l&rsquo;Etat ivoirien, Allassane Ouattara, du Pr\u00e9sident de l&rsquo;Angola, Joao Manuel Gon\u00e7alves Lauren\u00e7o, du Pr\u00e9sident Burkinab\u00e8, Roch Marc Christian Kabor\u00e9, du Pr\u00e9sident B\u00e9ninois, Patrice Talon, du Premier Ministre ivoirien, Patrick Achi, du Pr\u00e9sident de l&rsquo;Assembl\u00e9e Nationale ivoirienne, Amadou Soumahoro, du Ministre d\u2019\u00c9tat, Ministre de la D\u00e9fense, T\u00e9n\u00e9 Birahima, de la Ministre d&rsquo;Etat, Ministre de l&rsquo;int\u00e9gration africaine et de la diaspora, Kandia Camara, du Ministre du Budget et du portefeuille de l&rsquo;Etat, Moussa Sanogo, du Ministre de la sant\u00e9, de l&rsquo;hygi\u00e8ne publique et de la couverture maladie universelle, Pierre N&rsquo;Gou Dimba, du Ministre de la r\u00e9conciliation et de la coh\u00e9sion sociale, Kouadio Konan Bertin, du Ministre de l&rsquo;enseignement sup\u00e9rieur et de la recherche scientifique, Pr Adama Diawara, du Commissaire du Gouvernement, Ange Jessy, du Pr\u00e9sident du Centre national de transfusion sanguine (CNRS), Dr Konat\u00e9 Seydou, etc.<\/p>\n<p>A l&rsquo;issue de cette c\u00e9r\u00e9monie de distinction, les laur\u00e9ats n&rsquo;ont pas manqu\u00e9 d&rsquo;exprimer leurs sentiments.<br \/>\nC&rsquo;est le cas du Repr\u00e9sentant du Pr\u00e9sident de l&rsquo;Angola et Charg\u00e9 d&rsquo;Affaires de l&rsquo;Ambassade d&rsquo;Angola, Fernando Manuel Camutenha qui a re\u00e7u le prix de la meilleure \u00e9toile internationale anti-corruption Afrique.<br \/>\n&lt;&lt;C&rsquo;est un honneur de recevoir un prix d\u00e9di\u00e9 au Pr\u00e9sident de la R\u00e9publique Angolais, pour les combats qu&rsquo;il m\u00eame tous les jours contre la corruption&gt;&gt; s&rsquo;est-il r\u00e9joui.<\/p>\n<p>Organis\u00e9e par GRACE MONDIALE GROUP, la nuit des \u00e9toiles des entreprises d&rsquo;Abidjan est un important \u00e9v\u00e9nement qui permet de valoriser les bosseurs, les entreprises, les personnalit\u00e9s et c\u00e9l\u00e9brer la culture de la performance au profit de l&rsquo;excellence. La Nuit des \u00c9toiles des Entreprises d&rsquo;Abidjan est donc une tribune, une plateforme par excellence pour la promotion et des acteurs de d\u00e9veloppement.<\/p>\n<p>&nbsp;<\/p>\n<p>S.A.<\/p>\n","protected":false},"excerpt":{"rendered":"<p>La premi\u00e8re \u00e9dition de la Nuit des \u00c9toiles des Entreprises d&rsquo;Abidjan a eu lieu, ce vendredi 05 novembre 2021 au Plateau, Abidjan. Au total, 28 Personnalit\u00e9s et Chefs d&rsquo;entreprise ont \u00e9t\u00e9 distingu\u00e9s au cours de cette c\u00e9r\u00e9monie de distinction, de coaching et de c\u00e9l\u00e9bration des meilleures entreprises, personnalit\u00e9s et acteurs de d\u00e9veloppement. Il s&rsquo;agit du [&hellip;]<\/p>\n","protected":false},"author":2,"featured_media":3125,"comment_status":"closed","ping_status":"closed","sticky":true,"template":"","format":"standard","meta":{"_acf_changed":false,"footnotes":""},"categories":[],"tags":[],"class_list":["post-3124","post","type-post","status-publish","format-standard","has-post-thumbnail","hentry"],"acf":[],"yoast_head":"<!-- This site is optimized with the Yoast SEO plugin v27.5 - https:\/\/yoast.com\/product\/yoast-seo-wordpress\/ -->\n<title>1\u00e8re \u00e9dition de la Nuit des \u00c9toiles des Entreprises d&#039;Abidjan : 28 Personnalit\u00e9s et Chefs d&#039;entreprise distingu\u00e9s - Amanien| L&#039;actualit\u00e9 Ivoirienne et Internationale<\/title>\n<meta name=\"robots\" content=\"index, follow, max-snippet:-1, max-image-preview:large, max-video-preview:-1\" \/>\n<link rel=\"canonical\" href=\"https:\/\/www.amanien.info\/news\/1ere-edition-de-la-nuit-des-etoiles-des-entreprises-dabidjan-28-personnalites-et-chefs-dentreprise-distingues\/\" \/>\n<meta property=\"og:locale\" content=\"fr_FR\" \/>\n<meta property=\"og:type\" content=\"article\" \/>\n<meta property=\"og:title\" content=\"1\u00e8re \u00e9dition de la Nuit des \u00c9toiles des Entreprises d&#039;Abidjan : 28 Personnalit\u00e9s et Chefs d&#039;entreprise distingu\u00e9s - Amanien| L&#039;actualit\u00e9 Ivoirienne et Internationale\" \/>\n<meta property=\"og:description\" content=\"La premi\u00e8re \u00e9dition de la Nuit des \u00c9toiles des Entreprises d&rsquo;Abidjan a eu lieu, ce vendredi 05 novembre 2021 au Plateau, Abidjan. Au total, 28 Personnalit\u00e9s et Chefs d&rsquo;entreprise ont \u00e9t\u00e9 distingu\u00e9s au cours de cette c\u00e9r\u00e9monie de distinction, de coaching et de c\u00e9l\u00e9bration des meilleures entreprises, personnalit\u00e9s et acteurs de d\u00e9veloppement. Il s&rsquo;agit du [&hellip;]\" \/>\n<meta property=\"og:url\" content=\"https:\/\/www.amanien.info\/news\/1ere-edition-de-la-nuit-des-etoiles-des-entreprises-dabidjan-28-personnalites-et-chefs-dentreprise-distingues\/\" \/>\n<meta property=\"og:site_name\" content=\"Amanien| L&#039;actualit\u00e9 Ivoirienne et Internationale\" \/>\n<meta property=\"article:published_time\" content=\"2021-11-14T18:51:16+00:00\" \/>\n<meta property=\"article:modified_time\" content=\"2021-11-14T18:52:35+00:00\" \/>\n<meta property=\"og:image\" content=\"https:\/\/www.amanien.info\/news\/wp-content\/uploads\/2021\/11\/KOAN.jpg\" \/>\n\t<meta property=\"og:image:width\" content=\"720\" \/>\n\t<meta property=\"og:image:height\" content=\"480\" \/>\n\t<meta property=\"og:image:type\" content=\"image\/jpeg\" \/>\n<meta name=\"author\" content=\"Germain Ndri\" \/>\n<meta name=\"twitter:card\" content=\"summary_large_image\" \/>\n<meta name=\"twitter:label1\" content=\"\u00c9crit par\" \/>\n\t<meta name=\"twitter:data1\" content=\"Germain Ndri\" \/>\n\t<meta name=\"twitter:label2\" content=\"Dur\u00e9e de lecture estim\u00e9e\" \/>\n\t<meta name=\"twitter:data2\" content=\"2 minutes\" \/>\n<script type=\"application\/ld+json\" class=\"yoast-schema-graph\">{\"@context\":\"https:\\\/\\\/schema.org\",\"@graph\":[{\"@type\":\"Article\",\"@id\":\"https:\\\/\\\/www.amanien.info\\\/news\\\/1ere-edition-de-la-nuit-des-etoiles-des-entreprises-dabidjan-28-personnalites-et-chefs-dentreprise-distingues\\\/#article\",\"isPartOf\":{\"@id\":\"https:\\\/\\\/www.amanien.info\\\/news\\\/1ere-edition-de-la-nuit-des-etoiles-des-entreprises-dabidjan-28-personnalites-et-chefs-dentreprise-distingues\\\/\"},\"author\":{\"name\":\"Germain Ndri\",\"@id\":\"https:\\\/\\\/www.amanien.info\\\/news\\\/#\\\/schema\\\/person\\\/b21093345753a1a98242d505bd894f42\"},\"headline\":\"1\u00e8re \u00e9dition de la Nuit des \u00c9toiles des Entreprises d&rsquo;Abidjan : 28 Personnalit\u00e9s et Chefs d&rsquo;entreprise distingu\u00e9s\",\"datePublished\":\"2021-11-14T18:51:16+00:00\",\"dateModified\":\"2021-11-14T18:52:35+00:00\",\"mainEntityOfPage\":{\"@id\":\"https:\\\/\\\/www.amanien.info\\\/news\\\/1ere-edition-de-la-nuit-des-etoiles-des-entreprises-dabidjan-28-personnalites-et-chefs-dentreprise-distingues\\\/\"},\"wordCount\":415,\"image\":{\"@id\":\"https:\\\/\\\/www.amanien.info\\\/news\\\/1ere-edition-de-la-nuit-des-etoiles-des-entreprises-dabidjan-28-personnalites-et-chefs-dentreprise-distingues\\\/#primaryimage\"},\"thumbnailUrl\":\"https:\\\/\\\/www.amanien.info\\\/news\\\/wp-content\\\/uploads\\\/2021\\\/11\\\/KOAN.jpg\",\"inLanguage\":\"fr-FR\"},{\"@type\":\"WebPage\",\"@id\":\"https:\\\/\\\/www.amanien.info\\\/news\\\/1ere-edition-de-la-nuit-des-etoiles-des-entreprises-dabidjan-28-personnalites-et-chefs-dentreprise-distingues\\\/\",\"url\":\"https:\\\/\\\/www.amanien.info\\\/news\\\/1ere-edition-de-la-nuit-des-etoiles-des-entreprises-dabidjan-28-personnalites-et-chefs-dentreprise-distingues\\\/\",\"name\":\"1\u00e8re \u00e9dition de la Nuit des \u00c9toiles des Entreprises d'Abidjan : 28 Personnalit\u00e9s et Chefs d'entreprise distingu\u00e9s - Amanien| L&#039;actualit\u00e9 Ivoirienne et Internationale\",\"isPartOf\":{\"@id\":\"https:\\\/\\\/www.amanien.info\\\/news\\\/#website\"},\"primaryImageOfPage\":{\"@id\":\"https:\\\/\\\/www.amanien.info\\\/news\\\/1ere-edition-de-la-nuit-des-etoiles-des-entreprises-dabidjan-28-personnalites-et-chefs-dentreprise-distingues\\\/#primaryimage\"},\"image\":{\"@id\":\"https:\\\/\\\/www.amanien.info\\\/news\\\/1ere-edition-de-la-nuit-des-etoiles-des-entreprises-dabidjan-28-personnalites-et-chefs-dentreprise-distingues\\\/#primaryimage\"},\"thumbnailUrl\":\"https:\\\/\\\/www.amanien.info\\\/news\\\/wp-content\\\/uploads\\\/2021\\\/11\\\/KOAN.jpg\",\"datePublished\":\"2021-11-14T18:51:16+00:00\",\"dateModified\":\"2021-11-14T18:52:35+00:00\",\"author\":{\"@id\":\"https:\\\/\\\/www.amanien.info\\\/news\\\/#\\\/schema\\\/person\\\/b21093345753a1a98242d505bd894f42\"},\"breadcrumb\":{\"@id\":\"https:\\\/\\\/www.amanien.info\\\/news\\\/1ere-edition-de-la-nuit-des-etoiles-des-entreprises-dabidjan-28-personnalites-et-chefs-dentreprise-distingues\\\/#breadcrumb\"},\"inLanguage\":\"fr-FR\",\"potentialAction\":[{\"@type\":\"ReadAction\",\"target\":[\"https:\\\/\\\/www.amanien.info\\\/news\\\/1ere-edition-de-la-nuit-des-etoiles-des-entreprises-dabidjan-28-personnalites-et-chefs-dentreprise-distingues\\\/\"]}]},{\"@type\":\"ImageObject\",\"inLanguage\":\"fr-FR\",\"@id\":\"https:\\\/\\\/www.amanien.info\\\/news\\\/1ere-edition-de-la-nuit-des-etoiles-des-entreprises-dabidjan-28-personnalites-et-chefs-dentreprise-distingues\\\/#primaryimage\",\"url\":\"https:\\\/\\\/www.amanien.info\\\/news\\\/wp-content\\\/uploads\\\/2021\\\/11\\\/KOAN.jpg\",\"contentUrl\":\"https:\\\/\\\/www.amanien.info\\\/news\\\/wp-content\\\/uploads\\\/2021\\\/11\\\/KOAN.jpg\",\"width\":720,\"height\":480},{\"@type\":\"BreadcrumbList\",\"@id\":\"https:\\\/\\\/www.amanien.info\\\/news\\\/1ere-edition-de-la-nuit-des-etoiles-des-entreprises-dabidjan-28-personnalites-et-chefs-dentreprise-distingues\\\/#breadcrumb\",\"itemListElement\":[{\"@type\":\"ListItem\",\"position\":1,\"name\":\"Accueil\",\"item\":\"https:\\\/\\\/www.amanien.info\\\/news\\\/\"},{\"@type\":\"ListItem\",\"position\":2,\"name\":\"1\u00e8re \u00e9dition de la Nuit des \u00c9toiles des Entreprises d&rsquo;Abidjan : 28 Personnalit\u00e9s et Chefs d&rsquo;entreprise distingu\u00e9s\"}]},{\"@type\":\"WebSite\",\"@id\":\"https:\\\/\\\/www.amanien.info\\\/news\\\/#website\",\"url\":\"https:\\\/\\\/www.amanien.info\\\/news\\\/\",\"name\":\"Amanien| L&#039;actualit\u00e9 Ivoirienne et Internationale\",\"description\":\"L&#039;actualit\u00e9 Ivoirienne et Internationale\",\"potentialAction\":[{\"@type\":\"SearchAction\",\"target\":{\"@type\":\"EntryPoint\",\"urlTemplate\":\"https:\\\/\\\/www.amanien.info\\\/news\\\/?s={search_term_string}\"},\"query-input\":{\"@type\":\"PropertyValueSpecification\",\"valueRequired\":true,\"valueName\":\"search_term_string\"}}],\"inLanguage\":\"fr-FR\"},{\"@type\":\"Person\",\"@id\":\"https:\\\/\\\/www.amanien.info\\\/news\\\/#\\\/schema\\\/person\\\/b21093345753a1a98242d505bd894f42\",\"name\":\"Germain Ndri\",\"url\":\"https:\\\/\\\/www.amanien.info\\\/news\\\/author\\\/amanien-infos\\\/\"}]}<\/script>\n<!-- \/ Yoast SEO plugin. -->","yoast_head_json":{"title":"1\u00e8re \u00e9dition de la Nuit des \u00c9toiles des Entreprises d'Abidjan : 28 Personnalit\u00e9s et Chefs d'entreprise distingu\u00e9s - Amanien| L&#039;actualit\u00e9 Ivoirienne et Internationale","robots":{"index":"index","follow":"follow","max-snippet":"max-snippet:-1","max-image-preview":"max-image-preview:large","max-video-preview":"max-video-preview:-1"},"canonical":"https:\/\/www.amanien.info\/news\/1ere-edition-de-la-nuit-des-etoiles-des-entreprises-dabidjan-28-personnalites-et-chefs-dentreprise-distingues\/","og_locale":"fr_FR","og_type":"article","og_title":"1\u00e8re \u00e9dition de la Nuit des \u00c9toiles des Entreprises d'Abidjan : 28 Personnalit\u00e9s et Chefs d'entreprise distingu\u00e9s - Amanien| L&#039;actualit\u00e9 Ivoirienne et Internationale","og_description":"La premi\u00e8re \u00e9dition de la Nuit des \u00c9toiles des Entreprises d&rsquo;Abidjan a eu lieu, ce vendredi 05 novembre 2021 au Plateau, Abidjan. Au total, 28 Personnalit\u00e9s et Chefs d&rsquo;entreprise ont \u00e9t\u00e9 distingu\u00e9s au cours de cette c\u00e9r\u00e9monie de distinction, de coaching et de c\u00e9l\u00e9bration des meilleures entreprises, personnalit\u00e9s et acteurs de d\u00e9veloppement. Il s&rsquo;agit du [&hellip;]","og_url":"https:\/\/www.amanien.info\/news\/1ere-edition-de-la-nuit-des-etoiles-des-entreprises-dabidjan-28-personnalites-et-chefs-dentreprise-distingues\/","og_site_name":"Amanien| L&#039;actualit\u00e9 Ivoirienne et Internationale","article_published_time":"2021-11-14T18:51:16+00:00","article_modified_time":"2021-11-14T18:52:35+00:00","og_image":[{"width":720,"height":480,"url":"https:\/\/www.amanien.info\/news\/wp-content\/uploads\/2021\/11\/KOAN.jpg","type":"image\/jpeg"}],"author":"Germain Ndri","twitter_card":"summary_large_image","twitter_misc":{"\u00c9crit par":"Germain Ndri","Dur\u00e9e de lecture estim\u00e9e":"2 minutes"},"schema":{"@context":"https:\/\/schema.org","@graph":[{"@type":"Article","@id":"https:\/\/www.amanien.info\/news\/1ere-edition-de-la-nuit-des-etoiles-des-entreprises-dabidjan-28-personnalites-et-chefs-dentreprise-distingues\/#article","isPartOf":{"@id":"https:\/\/www.amanien.info\/news\/1ere-edition-de-la-nuit-des-etoiles-des-entreprises-dabidjan-28-personnalites-et-chefs-dentreprise-distingues\/"},"author":{"name":"Germain Ndri","@id":"https:\/\/www.amanien.info\/news\/#\/schema\/person\/b21093345753a1a98242d505bd894f42"},"headline":"1\u00e8re \u00e9dition de la Nuit des \u00c9toiles des Entreprises d&rsquo;Abidjan : 28 Personnalit\u00e9s et Chefs d&rsquo;entreprise distingu\u00e9s","datePublished":"2021-11-14T18:51:16+00:00","dateModified":"2021-11-14T18:52:35+00:00","mainEntityOfPage":{"@id":"https:\/\/www.amanien.info\/news\/1ere-edition-de-la-nuit-des-etoiles-des-entreprises-dabidjan-28-personnalites-et-chefs-dentreprise-distingues\/"},"wordCount":415,"image":{"@id":"https:\/\/www.amanien.info\/news\/1ere-edition-de-la-nuit-des-etoiles-des-entreprises-dabidjan-28-personnalites-et-chefs-dentreprise-distingues\/#primaryimage"},"thumbnailUrl":"https:\/\/www.amanien.info\/news\/wp-content\/uploads\/2021\/11\/KOAN.jpg","inLanguage":"fr-FR"},{"@type":"WebPage","@id":"https:\/\/www.amanien.info\/news\/1ere-edition-de-la-nuit-des-etoiles-des-entreprises-dabidjan-28-personnalites-et-chefs-dentreprise-distingues\/","url":"https:\/\/www.amanien.info\/news\/1ere-edition-de-la-nuit-des-etoiles-des-entreprises-dabidjan-28-personnalites-et-chefs-dentreprise-distingues\/","name":"1\u00e8re \u00e9dition de la Nuit des \u00c9toiles des Entreprises d'Abidjan : 28 Personnalit\u00e9s et Chefs d'entreprise distingu\u00e9s - Amanien| L&#039;actualit\u00e9 Ivoirienne et Internationale","isPartOf":{"@id":"https:\/\/www.amanien.info\/news\/#website"},"primaryImageOfPage":{"@id":"https:\/\/www.amanien.info\/news\/1ere-edition-de-la-nuit-des-etoiles-des-entreprises-dabidjan-28-personnalites-et-chefs-dentreprise-distingues\/#primaryimage"},"image":{"@id":"https:\/\/www.amanien.info\/news\/1ere-edition-de-la-nuit-des-etoiles-des-entreprises-dabidjan-28-personnalites-et-chefs-dentreprise-distingues\/#primaryimage"},"thumbnailUrl":"https:\/\/www.amanien.info\/news\/wp-content\/uploads\/2021\/11\/KOAN.jpg","datePublished":"2021-11-14T18:51:16+00:00","dateModified":"2021-11-14T18:52:35+00:00","author":{"@id":"https:\/\/www.amanien.info\/news\/#\/schema\/person\/b21093345753a1a98242d505bd894f42"},"breadcrumb":{"@id":"https:\/\/www.amanien.info\/news\/1ere-edition-de-la-nuit-des-etoiles-des-entreprises-dabidjan-28-personnalites-et-chefs-dentreprise-distingues\/#breadcrumb"},"inLanguage":"fr-FR","potentialAction":[{"@type":"ReadAction","target":["https:\/\/www.amanien.info\/news\/1ere-edition-de-la-nuit-des-etoiles-des-entreprises-dabidjan-28-personnalites-et-chefs-dentreprise-distingues\/"]}]},{"@type":"ImageObject","inLanguage":"fr-FR","@id":"https:\/\/www.amanien.info\/news\/1ere-edition-de-la-nuit-des-etoiles-des-entreprises-dabidjan-28-personnalites-et-chefs-dentreprise-distingues\/#primaryimage","url":"https:\/\/www.amanien.info\/news\/wp-content\/uploads\/2021\/11\/KOAN.jpg","contentUrl":"https:\/\/www.amanien.info\/news\/wp-content\/uploads\/2021\/11\/KOAN.jpg","width":720,"height":480},{"@type":"BreadcrumbList","@id":"https:\/\/www.amanien.info\/news\/1ere-edition-de-la-nuit-des-etoiles-des-entreprises-dabidjan-28-personnalites-et-chefs-dentreprise-distingues\/#breadcrumb","itemListElement":[{"@type":"ListItem","position":1,"name":"Accueil","item":"https:\/\/www.amanien.info\/news\/"},{"@type":"ListItem","position":2,"name":"1\u00e8re \u00e9dition de la Nuit des \u00c9toiles des Entreprises d&rsquo;Abidjan : 28 Personnalit\u00e9s et Chefs d&rsquo;entreprise distingu\u00e9s"}]},{"@type":"WebSite","@id":"https:\/\/www.amanien.info\/news\/#website","url":"https:\/\/www.amanien.info\/news\/","name":"Amanien| L&#039;actualit\u00e9 Ivoirienne et Internationale","description":"L&#039;actualit\u00e9 Ivoirienne et Internationale","potentialAction":[{"@type":"SearchAction","target":{"@type":"EntryPoint","urlTemplate":"https:\/\/www.amanien.info\/news\/?s={search_term_string}"},"query-input":{"@type":"PropertyValueSpecification","valueRequired":true,"valueName":"search_term_string"}}],"inLanguage":"fr-FR"},{"@type":"Person","@id":"https:\/\/www.amanien.info\/news\/#\/schema\/person\/b21093345753a1a98242d505bd894f42","name":"Germain Ndri","url":"https:\/\/www.amanien.info\/news\/author\/amanien-infos\/"}]}},"_links":{"self":[{"href":"https:\/\/www.amanien.info\/news\/wp-json\/wp\/v2\/posts\/3124","targetHints":{"allow":["GET"]}}],"collection":[{"href":"https:\/\/www.amanien.info\/news\/wp-json\/wp\/v2\/posts"}],"about":[{"href":"https:\/\/www.amanien.info\/news\/wp-json\/wp\/v2\/types\/post"}],"author":[{"embeddable":true,"href":"https:\/\/www.amanien.info\/news\/wp-json\/wp\/v2\/users\/2"}],"replies":[{"embeddable":true,"href":"https:\/\/www.amanien.info\/news\/wp-json\/wp\/v2\/comments?post=3124"}],"version-history":[{"count":1,"href":"https:\/\/www.amanien.info\/news\/wp-json\/wp\/v2\/posts\/3124\/revisions"}],"predecessor-version":[{"id":3126,"href":"https:\/\/www.amanien.info\/news\/wp-json\/wp\/v2\/posts\/3124\/revisions\/3126"}],"wp:featuredmedia":[{"embeddable":true,"href":"https:\/\/www.amanien.info\/news\/wp-json\/wp\/v2\/media\/3125"}],"wp:attachment":[{"href":"https:\/\/www.amanien.info\/news\/wp-json\/wp\/v2\/media?parent=3124"}],"wp:term":[{"taxonomy":"category","embeddable":true,"href":"https:\/\/www.amanien.info\/news\/wp-json\/wp\/v2\/categories?post=3124"},{"taxonomy":"post_tag","embeddable":true,"href":"https:\/\/www.amanien.info\/news\/wp-json\/wp\/v2\/tags?post=3124"}],"curies":[{"name":"wp","href":"https:\/\/api.w.org\/{rel}","templated":true}]}}