{"id":3084,"date":"2021-10-31T09:25:37","date_gmt":"2021-10-31T09:25:37","guid":{"rendered":"https:\/\/www.https:\/\/zozo.buyee.jp\/\/news\/?p=3084"},"modified":"2021-10-31T09:26:07","modified_gmt":"2021-10-31T09:26:07","slug":"la-premiere-dame-dominique-ouattara-echange-avec-le-reseau-des-femmes-elues-locales-dafrique-refela","status":"publish","type":"post","link":"https:\/\/www.amanien.info\/news\/la-premiere-dame-dominique-ouattara-echange-avec-le-reseau-des-femmes-elues-locales-dafrique-refela\/","title":{"rendered":"La Premi\u00e8re Dame Dominique Ouattara \u00e9change avec le R\u00e9seau des Femmes \u00e9lues locales d\u2019Afrique (REFELA)"},"content":{"rendered":"<p>La Premi\u00e8re Dame Dominique Ouattara a \u00e9chang\u00e9 avec Madame Macoura Coulibaly Dao, Pr\u00e9sidente du R\u00e9seau des Femmes Elues Locales d\u2019Afrique (REFELA) et Maire de la commune de Foumbolo, le mardi 26 octobre 2021, \u00e0 son cabinet de Cocody.<\/p>\n<p>La rencontre a enregistr\u00e9 la participation de Madame Dagnogo Karidjatou, Maire de Sirasso dans la r\u00e9gion du Poro, vice-Pr\u00e9sidente du REFELA-local et de Madame Diomand\u00e9 Salimata, Maire de Djibrosso dans la r\u00e9gion du Woroba, Secr\u00e9taire G\u00e9n\u00e9ral du REFELA.<\/p>\n<p>Les \u00e9changes lors de cette audience ont port\u00e9 entre autre sur la pr\u00e9sentation des activit\u00e9s du R\u00e9seau des Femmes Elues Locales d\u2019Afrique (REFELA), mais aussi, sur la sollicitude du parrainage de l\u2019\u00e9pouse du chef de l\u2019Etat pour le lancement de la campagne des villes africaines engag\u00e9es pour la lutte pour z\u00e9ro enfant dans la rue. \u00a0Une requ\u00eate que la Premi\u00e8re Dame par ailleurs Pr\u00e9sidente du Comit\u00e9 National de Surveillance des actions de lutte contre la Traite, l\u2019Exploitation et le Travail des Enfants (CNS) a accept\u00e9 en raison de son engagement depuis des d\u00e9cennies pour le bien-\u00eatre des enfants en situation difficile.<\/p>\n<p>\u00ab\u00a0Nous sommes venues voir la Premi\u00e8re Dame parce qu\u2019elle est la marraine du REFELA. En tant que r\u00e9seau, nous avons un programme d\u2019activit\u00e9s. Notre programme d\u2019activit\u00e9s tourne autour de trois (03) axes que sont la campagne des villes africaines favorables \u00e0 l\u2019autonomisation des femmes, la campagne des villes africaines pour z\u00e9ro violence faite aux femmes et la campagne des villes africaines engag\u00e9es pour la lutte pour z\u00e9ro enfant dans la rue.\u00a0 Et comme Madame la Premi\u00e8re Dame est int\u00e9ress\u00e9e par toutes ces th\u00e9matiques mais surtout par la th\u00e9matique des enfants en situation de rue, des enfants vuln\u00e9rables, nous sommes venues la voir, et elle a accept\u00e9 de parrainer le lancement de cette activit\u00e9. Et ensemble, nous avons d\u00e9cid\u00e9 que la c\u00e9r\u00e9monie ait lieu le 30 novembre 2021\u00a0\u00bb, a expliqu\u00e9 Madame Macoura Coulibaly Dao, Pr\u00e9sidente du REFELA.<\/p>\n","protected":false},"excerpt":{"rendered":"<p>La Premi\u00e8re Dame Dominique Ouattara a \u00e9chang\u00e9 avec Madame Macoura Coulibaly Dao, Pr\u00e9sidente du R\u00e9seau des Femmes Elues Locales d\u2019Afrique (REFELA) et Maire de la commune de Foumbolo, le mardi 26 octobre 2021, \u00e0 son cabinet de Cocody. La rencontre a enregistr\u00e9 la participation de Madame Dagnogo Karidjatou, Maire de Sirasso dans la r\u00e9gion du [&hellip;]<\/p>\n","protected":false},"author":2,"featured_media":3085,"comment_status":"closed","ping_status":"closed","sticky":true,"template":"","format":"standard","meta":{"_acf_changed":false,"footnotes":""},"categories":[],"tags":[],"class_list":["post-3084","post","type-post","status-publish","format-standard","has-post-thumbnail","hentry"],"acf":[],"yoast_head":"<!-- This site is optimized with the Yoast SEO plugin v27.5 - https:\/\/yoast.com\/product\/yoast-seo-wordpress\/ -->\n<title>La Premi\u00e8re Dame Dominique Ouattara \u00e9change avec le R\u00e9seau des Femmes \u00e9lues locales d\u2019Afrique (REFELA) - Amanien| L&#039;actualit\u00e9 Ivoirienne et Internationale<\/title>\n<meta name=\"robots\" content=\"index, follow, max-snippet:-1, max-image-preview:large, max-video-preview:-1\" \/>\n<link rel=\"canonical\" href=\"https:\/\/www.amanien.info\/news\/la-premiere-dame-dominique-ouattara-echange-avec-le-reseau-des-femmes-elues-locales-dafrique-refela\/\" \/>\n<meta property=\"og:locale\" content=\"fr_FR\" \/>\n<meta property=\"og:type\" content=\"article\" \/>\n<meta property=\"og:title\" content=\"La Premi\u00e8re Dame Dominique Ouattara \u00e9change avec le R\u00e9seau des Femmes \u00e9lues locales d\u2019Afrique (REFELA) - Amanien| L&#039;actualit\u00e9 Ivoirienne et Internationale\" \/>\n<meta property=\"og:description\" content=\"La Premi\u00e8re Dame Dominique Ouattara a \u00e9chang\u00e9 avec Madame Macoura Coulibaly Dao, Pr\u00e9sidente du R\u00e9seau des Femmes Elues Locales d\u2019Afrique (REFELA) et Maire de la commune de Foumbolo, le mardi 26 octobre 2021, \u00e0 son cabinet de Cocody. La rencontre a enregistr\u00e9 la participation de Madame Dagnogo Karidjatou, Maire de Sirasso dans la r\u00e9gion du [&hellip;]\" \/>\n<meta property=\"og:url\" content=\"https:\/\/www.amanien.info\/news\/la-premiere-dame-dominique-ouattara-echange-avec-le-reseau-des-femmes-elues-locales-dafrique-refela\/\" \/>\n<meta property=\"og:site_name\" content=\"Amanien| L&#039;actualit\u00e9 Ivoirienne et Internationale\" \/>\n<meta property=\"article:published_time\" content=\"2021-10-31T09:25:37+00:00\" \/>\n<meta property=\"article:modified_time\" content=\"2021-10-31T09:26:07+00:00\" \/>\n<meta property=\"og:image\" content=\"https:\/\/www.amanien.info\/news\/wp-content\/uploads\/2021\/10\/thumbnail-17.jpg\" \/>\n\t<meta property=\"og:image:width\" content=\"1080\" \/>\n\t<meta property=\"og:image:height\" content=\"719\" \/>\n\t<meta property=\"og:image:type\" content=\"image\/jpeg\" \/>\n<meta name=\"author\" content=\"Germain Ndri\" \/>\n<meta name=\"twitter:card\" content=\"summary_large_image\" \/>\n<meta name=\"twitter:label1\" content=\"\u00c9crit par\" \/>\n\t<meta name=\"twitter:data1\" content=\"Germain Ndri\" \/>\n\t<meta name=\"twitter:label2\" content=\"Dur\u00e9e de lecture estim\u00e9e\" \/>\n\t<meta name=\"twitter:data2\" content=\"2 minutes\" \/>\n<script type=\"application\/ld+json\" class=\"yoast-schema-graph\">{\"@context\":\"https:\\\/\\\/schema.org\",\"@graph\":[{\"@type\":\"Article\",\"@id\":\"https:\\\/\\\/www.amanien.info\\\/news\\\/la-premiere-dame-dominique-ouattara-echange-avec-le-reseau-des-femmes-elues-locales-dafrique-refela\\\/#article\",\"isPartOf\":{\"@id\":\"https:\\\/\\\/www.amanien.info\\\/news\\\/la-premiere-dame-dominique-ouattara-echange-avec-le-reseau-des-femmes-elues-locales-dafrique-refela\\\/\"},\"author\":{\"name\":\"Germain Ndri\",\"@id\":\"https:\\\/\\\/www.amanien.info\\\/news\\\/#\\\/schema\\\/person\\\/b21093345753a1a98242d505bd894f42\"},\"headline\":\"La Premi\u00e8re Dame Dominique Ouattara \u00e9change avec le R\u00e9seau des Femmes \u00e9lues locales d\u2019Afrique (REFELA)\",\"datePublished\":\"2021-10-31T09:25:37+00:00\",\"dateModified\":\"2021-10-31T09:26:07+00:00\",\"mainEntityOfPage\":{\"@id\":\"https:\\\/\\\/www.amanien.info\\\/news\\\/la-premiere-dame-dominique-ouattara-echange-avec-le-reseau-des-femmes-elues-locales-dafrique-refela\\\/\"},\"wordCount\":369,\"image\":{\"@id\":\"https:\\\/\\\/www.amanien.info\\\/news\\\/la-premiere-dame-dominique-ouattara-echange-avec-le-reseau-des-femmes-elues-locales-dafrique-refela\\\/#primaryimage\"},\"thumbnailUrl\":\"https:\\\/\\\/www.amanien.info\\\/news\\\/wp-content\\\/uploads\\\/2021\\\/10\\\/thumbnail-17.jpg\",\"inLanguage\":\"fr-FR\"},{\"@type\":\"WebPage\",\"@id\":\"https:\\\/\\\/www.amanien.info\\\/news\\\/la-premiere-dame-dominique-ouattara-echange-avec-le-reseau-des-femmes-elues-locales-dafrique-refela\\\/\",\"url\":\"https:\\\/\\\/www.amanien.info\\\/news\\\/la-premiere-dame-dominique-ouattara-echange-avec-le-reseau-des-femmes-elues-locales-dafrique-refela\\\/\",\"name\":\"La Premi\u00e8re Dame Dominique Ouattara \u00e9change avec le R\u00e9seau des Femmes \u00e9lues locales d\u2019Afrique (REFELA) - Amanien| L&#039;actualit\u00e9 Ivoirienne et Internationale\",\"isPartOf\":{\"@id\":\"https:\\\/\\\/www.amanien.info\\\/news\\\/#website\"},\"primaryImageOfPage\":{\"@id\":\"https:\\\/\\\/www.amanien.info\\\/news\\\/la-premiere-dame-dominique-ouattara-echange-avec-le-reseau-des-femmes-elues-locales-dafrique-refela\\\/#primaryimage\"},\"image\":{\"@id\":\"https:\\\/\\\/www.amanien.info\\\/news\\\/la-premiere-dame-dominique-ouattara-echange-avec-le-reseau-des-femmes-elues-locales-dafrique-refela\\\/#primaryimage\"},\"thumbnailUrl\":\"https:\\\/\\\/www.amanien.info\\\/news\\\/wp-content\\\/uploads\\\/2021\\\/10\\\/thumbnail-17.jpg\",\"datePublished\":\"2021-10-31T09:25:37+00:00\",\"dateModified\":\"2021-10-31T09:26:07+00:00\",\"author\":{\"@id\":\"https:\\\/\\\/www.amanien.info\\\/news\\\/#\\\/schema\\\/person\\\/b21093345753a1a98242d505bd894f42\"},\"breadcrumb\":{\"@id\":\"https:\\\/\\\/www.amanien.info\\\/news\\\/la-premiere-dame-dominique-ouattara-echange-avec-le-reseau-des-femmes-elues-locales-dafrique-refela\\\/#breadcrumb\"},\"inLanguage\":\"fr-FR\",\"potentialAction\":[{\"@type\":\"ReadAction\",\"target\":[\"https:\\\/\\\/www.amanien.info\\\/news\\\/la-premiere-dame-dominique-ouattara-echange-avec-le-reseau-des-femmes-elues-locales-dafrique-refela\\\/\"]}]},{\"@type\":\"ImageObject\",\"inLanguage\":\"fr-FR\",\"@id\":\"https:\\\/\\\/www.amanien.info\\\/news\\\/la-premiere-dame-dominique-ouattara-echange-avec-le-reseau-des-femmes-elues-locales-dafrique-refela\\\/#primaryimage\",\"url\":\"https:\\\/\\\/www.amanien.info\\\/news\\\/wp-content\\\/uploads\\\/2021\\\/10\\\/thumbnail-17.jpg\",\"contentUrl\":\"https:\\\/\\\/www.amanien.info\\\/news\\\/wp-content\\\/uploads\\\/2021\\\/10\\\/thumbnail-17.jpg\",\"width\":1080,\"height\":719},{\"@type\":\"BreadcrumbList\",\"@id\":\"https:\\\/\\\/www.amanien.info\\\/news\\\/la-premiere-dame-dominique-ouattara-echange-avec-le-reseau-des-femmes-elues-locales-dafrique-refela\\\/#breadcrumb\",\"itemListElement\":[{\"@type\":\"ListItem\",\"position\":1,\"name\":\"Accueil\",\"item\":\"https:\\\/\\\/www.amanien.info\\\/news\\\/\"},{\"@type\":\"ListItem\",\"position\":2,\"name\":\"La Premi\u00e8re Dame Dominique Ouattara \u00e9change avec le R\u00e9seau des Femmes \u00e9lues locales d\u2019Afrique (REFELA)\"}]},{\"@type\":\"WebSite\",\"@id\":\"https:\\\/\\\/www.amanien.info\\\/news\\\/#website\",\"url\":\"https:\\\/\\\/www.amanien.info\\\/news\\\/\",\"name\":\"Amanien| L&#039;actualit\u00e9 Ivoirienne et Internationale\",\"description\":\"L&#039;actualit\u00e9 Ivoirienne et Internationale\",\"potentialAction\":[{\"@type\":\"SearchAction\",\"target\":{\"@type\":\"EntryPoint\",\"urlTemplate\":\"https:\\\/\\\/www.amanien.info\\\/news\\\/?s={search_term_string}\"},\"query-input\":{\"@type\":\"PropertyValueSpecification\",\"valueRequired\":true,\"valueName\":\"search_term_string\"}}],\"inLanguage\":\"fr-FR\"},{\"@type\":\"Person\",\"@id\":\"https:\\\/\\\/www.amanien.info\\\/news\\\/#\\\/schema\\\/person\\\/b21093345753a1a98242d505bd894f42\",\"name\":\"Germain Ndri\",\"url\":\"https:\\\/\\\/www.amanien.info\\\/news\\\/author\\\/amanien-infos\\\/\"}]}<\/script>\n<!-- \/ Yoast SEO plugin. -->","yoast_head_json":{"title":"La Premi\u00e8re Dame Dominique Ouattara \u00e9change avec le R\u00e9seau des Femmes \u00e9lues locales d\u2019Afrique (REFELA) - Amanien| L&#039;actualit\u00e9 Ivoirienne et Internationale","robots":{"index":"index","follow":"follow","max-snippet":"max-snippet:-1","max-image-preview":"max-image-preview:large","max-video-preview":"max-video-preview:-1"},"canonical":"https:\/\/www.amanien.info\/news\/la-premiere-dame-dominique-ouattara-echange-avec-le-reseau-des-femmes-elues-locales-dafrique-refela\/","og_locale":"fr_FR","og_type":"article","og_title":"La Premi\u00e8re Dame Dominique Ouattara \u00e9change avec le R\u00e9seau des Femmes \u00e9lues locales d\u2019Afrique (REFELA) - Amanien| L&#039;actualit\u00e9 Ivoirienne et Internationale","og_description":"La Premi\u00e8re Dame Dominique Ouattara a \u00e9chang\u00e9 avec Madame Macoura Coulibaly Dao, Pr\u00e9sidente du R\u00e9seau des Femmes Elues Locales d\u2019Afrique (REFELA) et Maire de la commune de Foumbolo, le mardi 26 octobre 2021, \u00e0 son cabinet de Cocody. La rencontre a enregistr\u00e9 la participation de Madame Dagnogo Karidjatou, Maire de Sirasso dans la r\u00e9gion du [&hellip;]","og_url":"https:\/\/www.amanien.info\/news\/la-premiere-dame-dominique-ouattara-echange-avec-le-reseau-des-femmes-elues-locales-dafrique-refela\/","og_site_name":"Amanien| L&#039;actualit\u00e9 Ivoirienne et Internationale","article_published_time":"2021-10-31T09:25:37+00:00","article_modified_time":"2021-10-31T09:26:07+00:00","og_image":[{"width":1080,"height":719,"url":"https:\/\/www.amanien.info\/news\/wp-content\/uploads\/2021\/10\/thumbnail-17.jpg","type":"image\/jpeg"}],"author":"Germain Ndri","twitter_card":"summary_large_image","twitter_misc":{"\u00c9crit par":"Germain Ndri","Dur\u00e9e de lecture estim\u00e9e":"2 minutes"},"schema":{"@context":"https:\/\/schema.org","@graph":[{"@type":"Article","@id":"https:\/\/www.amanien.info\/news\/la-premiere-dame-dominique-ouattara-echange-avec-le-reseau-des-femmes-elues-locales-dafrique-refela\/#article","isPartOf":{"@id":"https:\/\/www.amanien.info\/news\/la-premiere-dame-dominique-ouattara-echange-avec-le-reseau-des-femmes-elues-locales-dafrique-refela\/"},"author":{"name":"Germain Ndri","@id":"https:\/\/www.amanien.info\/news\/#\/schema\/person\/b21093345753a1a98242d505bd894f42"},"headline":"La Premi\u00e8re Dame Dominique Ouattara \u00e9change avec le R\u00e9seau des Femmes \u00e9lues locales d\u2019Afrique (REFELA)","datePublished":"2021-10-31T09:25:37+00:00","dateModified":"2021-10-31T09:26:07+00:00","mainEntityOfPage":{"@id":"https:\/\/www.amanien.info\/news\/la-premiere-dame-dominique-ouattara-echange-avec-le-reseau-des-femmes-elues-locales-dafrique-refela\/"},"wordCount":369,"image":{"@id":"https:\/\/www.amanien.info\/news\/la-premiere-dame-dominique-ouattara-echange-avec-le-reseau-des-femmes-elues-locales-dafrique-refela\/#primaryimage"},"thumbnailUrl":"https:\/\/www.amanien.info\/news\/wp-content\/uploads\/2021\/10\/thumbnail-17.jpg","inLanguage":"fr-FR"},{"@type":"WebPage","@id":"https:\/\/www.amanien.info\/news\/la-premiere-dame-dominique-ouattara-echange-avec-le-reseau-des-femmes-elues-locales-dafrique-refela\/","url":"https:\/\/www.amanien.info\/news\/la-premiere-dame-dominique-ouattara-echange-avec-le-reseau-des-femmes-elues-locales-dafrique-refela\/","name":"La Premi\u00e8re Dame Dominique Ouattara \u00e9change avec le R\u00e9seau des Femmes \u00e9lues locales d\u2019Afrique (REFELA) - Amanien| L&#039;actualit\u00e9 Ivoirienne et Internationale","isPartOf":{"@id":"https:\/\/www.amanien.info\/news\/#website"},"primaryImageOfPage":{"@id":"https:\/\/www.amanien.info\/news\/la-premiere-dame-dominique-ouattara-echange-avec-le-reseau-des-femmes-elues-locales-dafrique-refela\/#primaryimage"},"image":{"@id":"https:\/\/www.amanien.info\/news\/la-premiere-dame-dominique-ouattara-echange-avec-le-reseau-des-femmes-elues-locales-dafrique-refela\/#primaryimage"},"thumbnailUrl":"https:\/\/www.amanien.info\/news\/wp-content\/uploads\/2021\/10\/thumbnail-17.jpg","datePublished":"2021-10-31T09:25:37+00:00","dateModified":"2021-10-31T09:26:07+00:00","author":{"@id":"https:\/\/www.amanien.info\/news\/#\/schema\/person\/b21093345753a1a98242d505bd894f42"},"breadcrumb":{"@id":"https:\/\/www.amanien.info\/news\/la-premiere-dame-dominique-ouattara-echange-avec-le-reseau-des-femmes-elues-locales-dafrique-refela\/#breadcrumb"},"inLanguage":"fr-FR","potentialAction":[{"@type":"ReadAction","target":["https:\/\/www.amanien.info\/news\/la-premiere-dame-dominique-ouattara-echange-avec-le-reseau-des-femmes-elues-locales-dafrique-refela\/"]}]},{"@type":"ImageObject","inLanguage":"fr-FR","@id":"https:\/\/www.amanien.info\/news\/la-premiere-dame-dominique-ouattara-echange-avec-le-reseau-des-femmes-elues-locales-dafrique-refela\/#primaryimage","url":"https:\/\/www.amanien.info\/news\/wp-content\/uploads\/2021\/10\/thumbnail-17.jpg","contentUrl":"https:\/\/www.amanien.info\/news\/wp-content\/uploads\/2021\/10\/thumbnail-17.jpg","width":1080,"height":719},{"@type":"BreadcrumbList","@id":"https:\/\/www.amanien.info\/news\/la-premiere-dame-dominique-ouattara-echange-avec-le-reseau-des-femmes-elues-locales-dafrique-refela\/#breadcrumb","itemListElement":[{"@type":"ListItem","position":1,"name":"Accueil","item":"https:\/\/www.amanien.info\/news\/"},{"@type":"ListItem","position":2,"name":"La Premi\u00e8re Dame Dominique Ouattara \u00e9change avec le R\u00e9seau des Femmes \u00e9lues locales d\u2019Afrique (REFELA)"}]},{"@type":"WebSite","@id":"https:\/\/www.amanien.info\/news\/#website","url":"https:\/\/www.amanien.info\/news\/","name":"Amanien| L&#039;actualit\u00e9 Ivoirienne et Internationale","description":"L&#039;actualit\u00e9 Ivoirienne et Internationale","potentialAction":[{"@type":"SearchAction","target":{"@type":"EntryPoint","urlTemplate":"https:\/\/www.amanien.info\/news\/?s={search_term_string}"},"query-input":{"@type":"PropertyValueSpecification","valueRequired":true,"valueName":"search_term_string"}}],"inLanguage":"fr-FR"},{"@type":"Person","@id":"https:\/\/www.amanien.info\/news\/#\/schema\/person\/b21093345753a1a98242d505bd894f42","name":"Germain Ndri","url":"https:\/\/www.amanien.info\/news\/author\/amanien-infos\/"}]}},"_links":{"self":[{"href":"https:\/\/www.amanien.info\/news\/wp-json\/wp\/v2\/posts\/3084","targetHints":{"allow":["GET"]}}],"collection":[{"href":"https:\/\/www.amanien.info\/news\/wp-json\/wp\/v2\/posts"}],"about":[{"href":"https:\/\/www.amanien.info\/news\/wp-json\/wp\/v2\/types\/post"}],"author":[{"embeddable":true,"href":"https:\/\/www.amanien.info\/news\/wp-json\/wp\/v2\/users\/2"}],"replies":[{"embeddable":true,"href":"https:\/\/www.amanien.info\/news\/wp-json\/wp\/v2\/comments?post=3084"}],"version-history":[{"count":1,"href":"https:\/\/www.amanien.info\/news\/wp-json\/wp\/v2\/posts\/3084\/revisions"}],"predecessor-version":[{"id":3086,"href":"https:\/\/www.amanien.info\/news\/wp-json\/wp\/v2\/posts\/3084\/revisions\/3086"}],"wp:featuredmedia":[{"embeddable":true,"href":"https:\/\/www.amanien.info\/news\/wp-json\/wp\/v2\/media\/3085"}],"wp:attachment":[{"href":"https:\/\/www.amanien.info\/news\/wp-json\/wp\/v2\/media?parent=3084"}],"wp:term":[{"taxonomy":"category","embeddable":true,"href":"https:\/\/www.amanien.info\/news\/wp-json\/wp\/v2\/categories?post=3084"},{"taxonomy":"post_tag","embeddable":true,"href":"https:\/\/www.amanien.info\/news\/wp-json\/wp\/v2\/tags?post=3084"}],"curies":[{"name":"wp","href":"https:\/\/api.w.org\/{rel}","templated":true}]}}