{"id":3061,"date":"2021-10-21T09:20:17","date_gmt":"2021-10-21T09:20:17","guid":{"rendered":"https:\/\/www.https:\/\/zozo.buyee.jp\/\/news\/?p=3061"},"modified":"2021-10-21T09:20:43","modified_gmt":"2021-10-21T09:20:43","slug":"loi-de-finances-le-budget-2022-de-l-etat-fixe-a-9901-1-milliards","status":"publish","type":"post","link":"https:\/\/www.amanien.info\/news\/loi-de-finances-le-budget-2022-de-l-etat-fixe-a-9901-1-milliards\/","title":{"rendered":"Loi de finances: Le budget 2022 de l&rsquo; \u00c9tat fix\u00e9 \u00e0 9901, 1 milliards"},"content":{"rendered":"<p>Le conseil des ministres s&rsquo; est tenu le mercredi 20 octobre, au palais pr\u00e9sidentiel, pr\u00e9sid\u00e9 par le chef de l&rsquo;\u00c9tat Alassane Ouattara. Le conseil a adopt\u00e9 5 projets de loi, 19 projets de d\u00e9crets, 6 mesures individuelles et 3 communications. Ainsi, le projet de loi de finances portant sur le budget de l&rsquo;\u00c9tat, est arr\u00eat\u00e9 en recettes et en d\u00e9penses \u00e0 9901, 1 milliards de francs cfa pour l&rsquo;ann\u00e9e 2022. Selon le porte parole du gouvernement Amadou Coulibaly, ledit budget repose sur la reprise de l&rsquo; \u00e9conomie, apr\u00e8s la r\u00e9cession li\u00e9e \u00e0 la pand\u00e9mie de la covid19. Il comporte 30 dotations et 150 programmes budg\u00e9taires au sein des minist\u00e8res et des institutions.<br \/>\nSelon les pr\u00e9visions, le budget de l&rsquo;\u00c9tat en 2023 est estim\u00e9 \u00e0 10555, 8 milliards de francs cfa et celui de 2024 \u00e0 11616, 6 milliards de francs cfa. Le porte parole du gouvernement a not\u00e9 que la croissance \u00e9conomique en 2021 est de 6, 5% contre 6, 2% en 2020. Le taux de croissance est estim\u00e9 \u00e0 7, 1% en 2022 a-t-il dit. Il a expliqu\u00e9 que cette croissance sera port\u00e9 par le secteur agricole, l&rsquo; \u00e9nergie, le transport et les t\u00e9l\u00e9communications.<\/p>\n<p>R\u00e9pondant \u00e0 la question d&rsquo; un journaliste sur la demande de mise en libert\u00e9 des militaires d\u00e9tenus suite \u00e0 la crise post \u00e9lectorale, souhait\u00e9 par l&rsquo; ancien chef de l&rsquo;\u00c9tat Laurent Gbagbo, le porte parole du gouvernement a r\u00e9pondu que la cour p\u00e9nale internationale a poursuivi Laurent Gbagbo pour crime contre l&rsquo; humanit\u00e9, sans tenir compte de tous les faits. \u00a0\u00bb Mais il demeure poursuivi par les tribunaux nationaux. Les militaires poursuivis le sont pour crime sang\u00a0\u00bb a dit Amadou Coulibaly. Il a ajout\u00e9 que Laurent Gbagbo a beaucoup de probl\u00e8mes \u00e0 r\u00e9gler y compris avec sa propre personne.<br \/>\nCalvin Wandji<\/p>\n","protected":false},"excerpt":{"rendered":"<p>Le conseil des ministres s&rsquo; est tenu le mercredi 20 octobre, au palais pr\u00e9sidentiel, pr\u00e9sid\u00e9 par le chef de l&rsquo;\u00c9tat Alassane Ouattara. Le conseil a adopt\u00e9 5 projets de loi, 19 projets de d\u00e9crets, 6 mesures individuelles et 3 communications. Ainsi, le projet de loi de finances portant sur le budget de l&rsquo;\u00c9tat, est arr\u00eat\u00e9 [&hellip;]<\/p>\n","protected":false},"author":2,"featured_media":3062,"comment_status":"closed","ping_status":"closed","sticky":true,"template":"","format":"standard","meta":{"_acf_changed":false,"footnotes":""},"categories":[],"tags":[],"class_list":["post-3061","post","type-post","status-publish","format-standard","has-post-thumbnail","hentry"],"acf":[],"yoast_head":"<!-- This site is optimized with the Yoast SEO plugin v27.5 - https:\/\/yoast.com\/product\/yoast-seo-wordpress\/ -->\n<title>Loi de finances: Le budget 2022 de l&#039; \u00c9tat fix\u00e9 \u00e0 9901, 1 milliards - Amanien| L&#039;actualit\u00e9 Ivoirienne et Internationale<\/title>\n<meta name=\"robots\" content=\"index, follow, max-snippet:-1, max-image-preview:large, max-video-preview:-1\" \/>\n<link rel=\"canonical\" href=\"https:\/\/www.amanien.info\/news\/loi-de-finances-le-budget-2022-de-l-etat-fixe-a-9901-1-milliards\/\" \/>\n<meta property=\"og:locale\" content=\"fr_FR\" \/>\n<meta property=\"og:type\" content=\"article\" \/>\n<meta property=\"og:title\" content=\"Loi de finances: Le budget 2022 de l&#039; \u00c9tat fix\u00e9 \u00e0 9901, 1 milliards - Amanien| L&#039;actualit\u00e9 Ivoirienne et Internationale\" \/>\n<meta property=\"og:description\" content=\"Le conseil des ministres s&rsquo; est tenu le mercredi 20 octobre, au palais pr\u00e9sidentiel, pr\u00e9sid\u00e9 par le chef de l&rsquo;\u00c9tat Alassane Ouattara. Le conseil a adopt\u00e9 5 projets de loi, 19 projets de d\u00e9crets, 6 mesures individuelles et 3 communications. Ainsi, le projet de loi de finances portant sur le budget de l&rsquo;\u00c9tat, est arr\u00eat\u00e9 [&hellip;]\" \/>\n<meta property=\"og:url\" content=\"https:\/\/www.amanien.info\/news\/loi-de-finances-le-budget-2022-de-l-etat-fixe-a-9901-1-milliards\/\" \/>\n<meta property=\"og:site_name\" content=\"Amanien| L&#039;actualit\u00e9 Ivoirienne et Internationale\" \/>\n<meta property=\"article:published_time\" content=\"2021-10-21T09:20:17+00:00\" \/>\n<meta property=\"article:modified_time\" content=\"2021-10-21T09:20:43+00:00\" \/>\n<meta property=\"og:image\" content=\"https:\/\/www.amanien.info\/news\/wp-content\/uploads\/2021\/10\/thumbnail-4.png\" \/>\n\t<meta property=\"og:image:width\" content=\"900\" \/>\n\t<meta property=\"og:image:height\" content=\"600\" \/>\n\t<meta property=\"og:image:type\" content=\"image\/png\" \/>\n<meta name=\"author\" content=\"Germain Ndri\" \/>\n<meta name=\"twitter:card\" content=\"summary_large_image\" \/>\n<meta name=\"twitter:label1\" content=\"\u00c9crit par\" \/>\n\t<meta name=\"twitter:data1\" content=\"Germain Ndri\" \/>\n\t<meta name=\"twitter:label2\" content=\"Dur\u00e9e de lecture estim\u00e9e\" \/>\n\t<meta name=\"twitter:data2\" content=\"2 minutes\" \/>\n<script type=\"application\/ld+json\" class=\"yoast-schema-graph\">{\"@context\":\"https:\\\/\\\/schema.org\",\"@graph\":[{\"@type\":\"Article\",\"@id\":\"https:\\\/\\\/www.amanien.info\\\/news\\\/loi-de-finances-le-budget-2022-de-l-etat-fixe-a-9901-1-milliards\\\/#article\",\"isPartOf\":{\"@id\":\"https:\\\/\\\/www.amanien.info\\\/news\\\/loi-de-finances-le-budget-2022-de-l-etat-fixe-a-9901-1-milliards\\\/\"},\"author\":{\"name\":\"Germain Ndri\",\"@id\":\"https:\\\/\\\/www.amanien.info\\\/news\\\/#\\\/schema\\\/person\\\/b21093345753a1a98242d505bd894f42\"},\"headline\":\"Loi de finances: Le budget 2022 de l&rsquo; \u00c9tat fix\u00e9 \u00e0 9901, 1 milliards\",\"datePublished\":\"2021-10-21T09:20:17+00:00\",\"dateModified\":\"2021-10-21T09:20:43+00:00\",\"mainEntityOfPage\":{\"@id\":\"https:\\\/\\\/www.amanien.info\\\/news\\\/loi-de-finances-le-budget-2022-de-l-etat-fixe-a-9901-1-milliards\\\/\"},\"wordCount\":298,\"image\":{\"@id\":\"https:\\\/\\\/www.amanien.info\\\/news\\\/loi-de-finances-le-budget-2022-de-l-etat-fixe-a-9901-1-milliards\\\/#primaryimage\"},\"thumbnailUrl\":\"https:\\\/\\\/www.amanien.info\\\/news\\\/wp-content\\\/uploads\\\/2021\\\/10\\\/thumbnail-4.png\",\"inLanguage\":\"fr-FR\"},{\"@type\":\"WebPage\",\"@id\":\"https:\\\/\\\/www.amanien.info\\\/news\\\/loi-de-finances-le-budget-2022-de-l-etat-fixe-a-9901-1-milliards\\\/\",\"url\":\"https:\\\/\\\/www.amanien.info\\\/news\\\/loi-de-finances-le-budget-2022-de-l-etat-fixe-a-9901-1-milliards\\\/\",\"name\":\"Loi de finances: Le budget 2022 de l' \u00c9tat fix\u00e9 \u00e0 9901, 1 milliards - Amanien| L&#039;actualit\u00e9 Ivoirienne et Internationale\",\"isPartOf\":{\"@id\":\"https:\\\/\\\/www.amanien.info\\\/news\\\/#website\"},\"primaryImageOfPage\":{\"@id\":\"https:\\\/\\\/www.amanien.info\\\/news\\\/loi-de-finances-le-budget-2022-de-l-etat-fixe-a-9901-1-milliards\\\/#primaryimage\"},\"image\":{\"@id\":\"https:\\\/\\\/www.amanien.info\\\/news\\\/loi-de-finances-le-budget-2022-de-l-etat-fixe-a-9901-1-milliards\\\/#primaryimage\"},\"thumbnailUrl\":\"https:\\\/\\\/www.amanien.info\\\/news\\\/wp-content\\\/uploads\\\/2021\\\/10\\\/thumbnail-4.png\",\"datePublished\":\"2021-10-21T09:20:17+00:00\",\"dateModified\":\"2021-10-21T09:20:43+00:00\",\"author\":{\"@id\":\"https:\\\/\\\/www.amanien.info\\\/news\\\/#\\\/schema\\\/person\\\/b21093345753a1a98242d505bd894f42\"},\"breadcrumb\":{\"@id\":\"https:\\\/\\\/www.amanien.info\\\/news\\\/loi-de-finances-le-budget-2022-de-l-etat-fixe-a-9901-1-milliards\\\/#breadcrumb\"},\"inLanguage\":\"fr-FR\",\"potentialAction\":[{\"@type\":\"ReadAction\",\"target\":[\"https:\\\/\\\/www.amanien.info\\\/news\\\/loi-de-finances-le-budget-2022-de-l-etat-fixe-a-9901-1-milliards\\\/\"]}]},{\"@type\":\"ImageObject\",\"inLanguage\":\"fr-FR\",\"@id\":\"https:\\\/\\\/www.amanien.info\\\/news\\\/loi-de-finances-le-budget-2022-de-l-etat-fixe-a-9901-1-milliards\\\/#primaryimage\",\"url\":\"https:\\\/\\\/www.amanien.info\\\/news\\\/wp-content\\\/uploads\\\/2021\\\/10\\\/thumbnail-4.png\",\"contentUrl\":\"https:\\\/\\\/www.amanien.info\\\/news\\\/wp-content\\\/uploads\\\/2021\\\/10\\\/thumbnail-4.png\",\"width\":900,\"height\":600},{\"@type\":\"BreadcrumbList\",\"@id\":\"https:\\\/\\\/www.amanien.info\\\/news\\\/loi-de-finances-le-budget-2022-de-l-etat-fixe-a-9901-1-milliards\\\/#breadcrumb\",\"itemListElement\":[{\"@type\":\"ListItem\",\"position\":1,\"name\":\"Accueil\",\"item\":\"https:\\\/\\\/www.amanien.info\\\/news\\\/\"},{\"@type\":\"ListItem\",\"position\":2,\"name\":\"Loi de finances: Le budget 2022 de l&rsquo; \u00c9tat fix\u00e9 \u00e0 9901, 1 milliards\"}]},{\"@type\":\"WebSite\",\"@id\":\"https:\\\/\\\/www.amanien.info\\\/news\\\/#website\",\"url\":\"https:\\\/\\\/www.amanien.info\\\/news\\\/\",\"name\":\"Amanien| L&#039;actualit\u00e9 Ivoirienne et Internationale\",\"description\":\"L&#039;actualit\u00e9 Ivoirienne et Internationale\",\"potentialAction\":[{\"@type\":\"SearchAction\",\"target\":{\"@type\":\"EntryPoint\",\"urlTemplate\":\"https:\\\/\\\/www.amanien.info\\\/news\\\/?s={search_term_string}\"},\"query-input\":{\"@type\":\"PropertyValueSpecification\",\"valueRequired\":true,\"valueName\":\"search_term_string\"}}],\"inLanguage\":\"fr-FR\"},{\"@type\":\"Person\",\"@id\":\"https:\\\/\\\/www.amanien.info\\\/news\\\/#\\\/schema\\\/person\\\/b21093345753a1a98242d505bd894f42\",\"name\":\"Germain Ndri\",\"url\":\"https:\\\/\\\/www.amanien.info\\\/news\\\/author\\\/amanien-infos\\\/\"}]}<\/script>\n<!-- \/ Yoast SEO plugin. -->","yoast_head_json":{"title":"Loi de finances: Le budget 2022 de l' \u00c9tat fix\u00e9 \u00e0 9901, 1 milliards - Amanien| L&#039;actualit\u00e9 Ivoirienne et Internationale","robots":{"index":"index","follow":"follow","max-snippet":"max-snippet:-1","max-image-preview":"max-image-preview:large","max-video-preview":"max-video-preview:-1"},"canonical":"https:\/\/www.amanien.info\/news\/loi-de-finances-le-budget-2022-de-l-etat-fixe-a-9901-1-milliards\/","og_locale":"fr_FR","og_type":"article","og_title":"Loi de finances: Le budget 2022 de l' \u00c9tat fix\u00e9 \u00e0 9901, 1 milliards - Amanien| L&#039;actualit\u00e9 Ivoirienne et Internationale","og_description":"Le conseil des ministres s&rsquo; est tenu le mercredi 20 octobre, au palais pr\u00e9sidentiel, pr\u00e9sid\u00e9 par le chef de l&rsquo;\u00c9tat Alassane Ouattara. Le conseil a adopt\u00e9 5 projets de loi, 19 projets de d\u00e9crets, 6 mesures individuelles et 3 communications. Ainsi, le projet de loi de finances portant sur le budget de l&rsquo;\u00c9tat, est arr\u00eat\u00e9 [&hellip;]","og_url":"https:\/\/www.amanien.info\/news\/loi-de-finances-le-budget-2022-de-l-etat-fixe-a-9901-1-milliards\/","og_site_name":"Amanien| L&#039;actualit\u00e9 Ivoirienne et Internationale","article_published_time":"2021-10-21T09:20:17+00:00","article_modified_time":"2021-10-21T09:20:43+00:00","og_image":[{"width":900,"height":600,"url":"https:\/\/www.amanien.info\/news\/wp-content\/uploads\/2021\/10\/thumbnail-4.png","type":"image\/png"}],"author":"Germain Ndri","twitter_card":"summary_large_image","twitter_misc":{"\u00c9crit par":"Germain Ndri","Dur\u00e9e de lecture estim\u00e9e":"2 minutes"},"schema":{"@context":"https:\/\/schema.org","@graph":[{"@type":"Article","@id":"https:\/\/www.amanien.info\/news\/loi-de-finances-le-budget-2022-de-l-etat-fixe-a-9901-1-milliards\/#article","isPartOf":{"@id":"https:\/\/www.amanien.info\/news\/loi-de-finances-le-budget-2022-de-l-etat-fixe-a-9901-1-milliards\/"},"author":{"name":"Germain Ndri","@id":"https:\/\/www.amanien.info\/news\/#\/schema\/person\/b21093345753a1a98242d505bd894f42"},"headline":"Loi de finances: Le budget 2022 de l&rsquo; \u00c9tat fix\u00e9 \u00e0 9901, 1 milliards","datePublished":"2021-10-21T09:20:17+00:00","dateModified":"2021-10-21T09:20:43+00:00","mainEntityOfPage":{"@id":"https:\/\/www.amanien.info\/news\/loi-de-finances-le-budget-2022-de-l-etat-fixe-a-9901-1-milliards\/"},"wordCount":298,"image":{"@id":"https:\/\/www.amanien.info\/news\/loi-de-finances-le-budget-2022-de-l-etat-fixe-a-9901-1-milliards\/#primaryimage"},"thumbnailUrl":"https:\/\/www.amanien.info\/news\/wp-content\/uploads\/2021\/10\/thumbnail-4.png","inLanguage":"fr-FR"},{"@type":"WebPage","@id":"https:\/\/www.amanien.info\/news\/loi-de-finances-le-budget-2022-de-l-etat-fixe-a-9901-1-milliards\/","url":"https:\/\/www.amanien.info\/news\/loi-de-finances-le-budget-2022-de-l-etat-fixe-a-9901-1-milliards\/","name":"Loi de finances: Le budget 2022 de l' \u00c9tat fix\u00e9 \u00e0 9901, 1 milliards - Amanien| L&#039;actualit\u00e9 Ivoirienne et Internationale","isPartOf":{"@id":"https:\/\/www.amanien.info\/news\/#website"},"primaryImageOfPage":{"@id":"https:\/\/www.amanien.info\/news\/loi-de-finances-le-budget-2022-de-l-etat-fixe-a-9901-1-milliards\/#primaryimage"},"image":{"@id":"https:\/\/www.amanien.info\/news\/loi-de-finances-le-budget-2022-de-l-etat-fixe-a-9901-1-milliards\/#primaryimage"},"thumbnailUrl":"https:\/\/www.amanien.info\/news\/wp-content\/uploads\/2021\/10\/thumbnail-4.png","datePublished":"2021-10-21T09:20:17+00:00","dateModified":"2021-10-21T09:20:43+00:00","author":{"@id":"https:\/\/www.amanien.info\/news\/#\/schema\/person\/b21093345753a1a98242d505bd894f42"},"breadcrumb":{"@id":"https:\/\/www.amanien.info\/news\/loi-de-finances-le-budget-2022-de-l-etat-fixe-a-9901-1-milliards\/#breadcrumb"},"inLanguage":"fr-FR","potentialAction":[{"@type":"ReadAction","target":["https:\/\/www.amanien.info\/news\/loi-de-finances-le-budget-2022-de-l-etat-fixe-a-9901-1-milliards\/"]}]},{"@type":"ImageObject","inLanguage":"fr-FR","@id":"https:\/\/www.amanien.info\/news\/loi-de-finances-le-budget-2022-de-l-etat-fixe-a-9901-1-milliards\/#primaryimage","url":"https:\/\/www.amanien.info\/news\/wp-content\/uploads\/2021\/10\/thumbnail-4.png","contentUrl":"https:\/\/www.amanien.info\/news\/wp-content\/uploads\/2021\/10\/thumbnail-4.png","width":900,"height":600},{"@type":"BreadcrumbList","@id":"https:\/\/www.amanien.info\/news\/loi-de-finances-le-budget-2022-de-l-etat-fixe-a-9901-1-milliards\/#breadcrumb","itemListElement":[{"@type":"ListItem","position":1,"name":"Accueil","item":"https:\/\/www.amanien.info\/news\/"},{"@type":"ListItem","position":2,"name":"Loi de finances: Le budget 2022 de l&rsquo; \u00c9tat fix\u00e9 \u00e0 9901, 1 milliards"}]},{"@type":"WebSite","@id":"https:\/\/www.amanien.info\/news\/#website","url":"https:\/\/www.amanien.info\/news\/","name":"Amanien| L&#039;actualit\u00e9 Ivoirienne et Internationale","description":"L&#039;actualit\u00e9 Ivoirienne et Internationale","potentialAction":[{"@type":"SearchAction","target":{"@type":"EntryPoint","urlTemplate":"https:\/\/www.amanien.info\/news\/?s={search_term_string}"},"query-input":{"@type":"PropertyValueSpecification","valueRequired":true,"valueName":"search_term_string"}}],"inLanguage":"fr-FR"},{"@type":"Person","@id":"https:\/\/www.amanien.info\/news\/#\/schema\/person\/b21093345753a1a98242d505bd894f42","name":"Germain Ndri","url":"https:\/\/www.amanien.info\/news\/author\/amanien-infos\/"}]}},"_links":{"self":[{"href":"https:\/\/www.amanien.info\/news\/wp-json\/wp\/v2\/posts\/3061","targetHints":{"allow":["GET"]}}],"collection":[{"href":"https:\/\/www.amanien.info\/news\/wp-json\/wp\/v2\/posts"}],"about":[{"href":"https:\/\/www.amanien.info\/news\/wp-json\/wp\/v2\/types\/post"}],"author":[{"embeddable":true,"href":"https:\/\/www.amanien.info\/news\/wp-json\/wp\/v2\/users\/2"}],"replies":[{"embeddable":true,"href":"https:\/\/www.amanien.info\/news\/wp-json\/wp\/v2\/comments?post=3061"}],"version-history":[{"count":1,"href":"https:\/\/www.amanien.info\/news\/wp-json\/wp\/v2\/posts\/3061\/revisions"}],"predecessor-version":[{"id":3063,"href":"https:\/\/www.amanien.info\/news\/wp-json\/wp\/v2\/posts\/3061\/revisions\/3063"}],"wp:featuredmedia":[{"embeddable":true,"href":"https:\/\/www.amanien.info\/news\/wp-json\/wp\/v2\/media\/3062"}],"wp:attachment":[{"href":"https:\/\/www.amanien.info\/news\/wp-json\/wp\/v2\/media?parent=3061"}],"wp:term":[{"taxonomy":"category","embeddable":true,"href":"https:\/\/www.amanien.info\/news\/wp-json\/wp\/v2\/categories?post=3061"},{"taxonomy":"post_tag","embeddable":true,"href":"https:\/\/www.amanien.info\/news\/wp-json\/wp\/v2\/tags?post=3061"}],"curies":[{"name":"wp","href":"https:\/\/api.w.org\/{rel}","templated":true}]}}