{"id":3045,"date":"2021-10-18T11:14:29","date_gmt":"2021-10-18T11:14:29","guid":{"rendered":"https:\/\/www.https:\/\/zozo.buyee.jp\/\/news\/?p=3045"},"modified":"2021-10-18T11:15:01","modified_gmt":"2021-10-18T11:15:01","slug":"lutte-contre-le-cancer-du-sein-la-fondation-femmes-shunamites-en-action-sensibilise-les-femmes-et-les-invite-a-la-pratique-de-lactivite-sportive","status":"publish","type":"post","link":"https:\/\/www.amanien.info\/news\/lutte-contre-le-cancer-du-sein-la-fondation-femmes-shunamites-en-action-sensibilise-les-femmes-et-les-invite-a-la-pratique-de-lactivite-sportive\/","title":{"rendered":"Lutte contre le cancer du sein :\u00a0 La Fondation Femmes Shunamites en Action sensibilise les femmes et les invite \u00e0 la pratique de l&rsquo;activit\u00e9 sportive"},"content":{"rendered":"<div>Ce samedi 16 octobre 2021, l&rsquo;ambiance qui a r\u00e9gn\u00e9 au Lyc\u00e9e Classique d&rsquo;Abidjan-Cocody \u00e9tait toute particuli\u00e8re. Et pour cause, les femmes des diff\u00e9rentes communes d&rsquo;Abidjan se sont rendues massivement au Lyc\u00e9e Classique pour prendre part \u00e0 l&rsquo;apoth\u00e9ose des journ\u00e9es de sensibilisation et de d\u00e9pistage gratuit des cancers du sein et du col de l&rsquo;ut\u00e9rus organis\u00e9es par la Fondation Femmes Shunamites en Action (FSA).<\/p>\n<div><\/div>\n<div>\u00a0Des s\u00e9ances de Fitness et ZUMBA, le d\u00e9pistage gratuit du cancer du sein, la marche Rose, des prestations des diff\u00e9rents partenaires, des\u00a0jeux (Football f\u00e9minin, Relais, Saut \u00e0 la corde, chants, Po\u00e9sie, Chaise Musicale, et Chasse au tr\u00e9sor&#8230;) ont meubl\u00e9 cette journ\u00e9e d&rsquo;apoth\u00e9ose qui a enregistr\u00e9 la participation de plus de 1 000 femmes, du Dr BONI, Repr\u00e9sente du Programme National de Lutte contre le Cancer (PNLC).<\/div>\n<div>La Pr\u00e9sidente de la FFSA, Mme Sylvie BEUGRE-PHOX a exprim\u00e9 son satisfecit et salu\u00e9 la forte mobilisation des femmes.<\/div>\n<div><i>\u00a0\u00bbLes femmes sont venues nombreuses se faire d\u00e9pister. Pour nous, c&rsquo;est une grande satisfaction qu&rsquo;aujourd&rsquo;hui le cancer n&rsquo;est plus un sujet tabou. Tout le monde s&#8217;empresse aujourd&rsquo;hui de pouvoir venir se faire d\u00e9pister et s&rsquo;ouvre \u00e0 la communication sur le cancer<\/i>\u00a0\u00bbs&rsquo;est-elle r\u00e9jouie.<\/div>\n<div>Tout en invitant les femmes au d\u00e9pistage pr\u00e9coce du cancer du sein.<\/div>\n<div><\/div>\n<div>Elle a \u00e9galement annonc\u00e9 des programmes de la FFSA, d\u00e9j\u00e0 \u00e0 partir du mois de novembre prochain.<\/div>\n<div><\/div>\n<div>La Repr\u00e9sentante\u00a0 et Directrice\u00a0 des Sports pour tous du Minist\u00e8re des Sports, Mme Sakanoko Soungb\u00e9 a, pour sa part, f\u00e9licit\u00e9 la Fondatrice de FSA\u00a0 pour cette initiative.<\/div>\n<div><\/div>\n<div>Aussi a-t-elle exhort\u00e9 les femmes \u00e0 la marche et au Fitness.<\/div>\n<div><\/div>\n<div>Elle a annonc\u00e9 l&rsquo;organisation d&rsquo;une activit\u00e9 sportive par le Minist\u00e8re des Sports le samedi 23 octobre prochain \u00e0 l&rsquo;Agora de Koumassi.<\/div>\n<div><\/div>\n<div>\n<div>Notons que la FFSA est sollicit\u00e9e par plusieurs organismes et partenaires vu le travail abattu sur le terrain. Avant cette journ\u00e9e, la FFSA avait d\u00e9j\u00e0 sillonn\u00e9\u00a0plusieurs grandes r\u00e9gions du pays(Bouak\u00e9, Yamoussoukro, Daloa, Dimbokro..) et quelques communes d&rsquo;Abidjan telles que Port-Bouet, Yopougon, Koumassi.\u00a0 Cette journ\u00e9e a donc\u00a0 \u00e9t\u00e9 le bilan de ses activit\u00e9s de sensibilisation sur le terrain.<\/div>\n<div><\/div>\n<\/div>\n<div><\/div>\n<div><\/div>\n<div><\/div>\n<div>SUNDAY ALAIN<\/div>\n<\/div>\n<div><\/div>\n<div><\/div>\n","protected":false},"excerpt":{"rendered":"<p>Ce samedi 16 octobre 2021, l&rsquo;ambiance qui a r\u00e9gn\u00e9 au Lyc\u00e9e Classique d&rsquo;Abidjan-Cocody \u00e9tait toute particuli\u00e8re. Et pour cause, les femmes des diff\u00e9rentes communes d&rsquo;Abidjan se sont rendues massivement au Lyc\u00e9e Classique pour prendre part \u00e0 l&rsquo;apoth\u00e9ose des journ\u00e9es de sensibilisation et de d\u00e9pistage gratuit des cancers du sein et du col de l&rsquo;ut\u00e9rus organis\u00e9es [&hellip;]<\/p>\n","protected":false},"author":2,"featured_media":3046,"comment_status":"closed","ping_status":"closed","sticky":true,"template":"","format":"standard","meta":{"_acf_changed":false,"footnotes":""},"categories":[],"tags":[],"class_list":["post-3045","post","type-post","status-publish","format-standard","has-post-thumbnail","hentry"],"acf":[],"yoast_head":"<!-- This site is optimized with the Yoast SEO plugin v27.5 - https:\/\/yoast.com\/product\/yoast-seo-wordpress\/ -->\n<title>Lutte contre le cancer du sein :\u00a0 La Fondation Femmes Shunamites en Action sensibilise les femmes et les invite \u00e0 la pratique de l&#039;activit\u00e9 sportive - Amanien| L&#039;actualit\u00e9 Ivoirienne et Internationale<\/title>\n<meta name=\"robots\" content=\"index, follow, max-snippet:-1, max-image-preview:large, max-video-preview:-1\" \/>\n<link rel=\"canonical\" href=\"https:\/\/www.amanien.info\/news\/lutte-contre-le-cancer-du-sein-la-fondation-femmes-shunamites-en-action-sensibilise-les-femmes-et-les-invite-a-la-pratique-de-lactivite-sportive\/\" \/>\n<meta property=\"og:locale\" content=\"fr_FR\" \/>\n<meta property=\"og:type\" content=\"article\" \/>\n<meta property=\"og:title\" content=\"Lutte contre le cancer du sein :\u00a0 La Fondation Femmes Shunamites en Action sensibilise les femmes et les invite \u00e0 la pratique de l&#039;activit\u00e9 sportive - Amanien| L&#039;actualit\u00e9 Ivoirienne et Internationale\" \/>\n<meta property=\"og:description\" content=\"Ce samedi 16 octobre 2021, l&rsquo;ambiance qui a r\u00e9gn\u00e9 au Lyc\u00e9e Classique d&rsquo;Abidjan-Cocody \u00e9tait toute particuli\u00e8re. Et pour cause, les femmes des diff\u00e9rentes communes d&rsquo;Abidjan se sont rendues massivement au Lyc\u00e9e Classique pour prendre part \u00e0 l&rsquo;apoth\u00e9ose des journ\u00e9es de sensibilisation et de d\u00e9pistage gratuit des cancers du sein et du col de l&rsquo;ut\u00e9rus organis\u00e9es [&hellip;]\" \/>\n<meta property=\"og:url\" content=\"https:\/\/www.amanien.info\/news\/lutte-contre-le-cancer-du-sein-la-fondation-femmes-shunamites-en-action-sensibilise-les-femmes-et-les-invite-a-la-pratique-de-lactivite-sportive\/\" \/>\n<meta property=\"og:site_name\" content=\"Amanien| L&#039;actualit\u00e9 Ivoirienne et Internationale\" \/>\n<meta property=\"article:published_time\" content=\"2021-10-18T11:14:29+00:00\" \/>\n<meta property=\"article:modified_time\" content=\"2021-10-18T11:15:01+00:00\" \/>\n<meta property=\"og:image\" content=\"https:\/\/www.amanien.info\/news\/wp-content\/uploads\/2021\/10\/thumbnail-2.png\" \/>\n\t<meta property=\"og:image:width\" content=\"1080\" \/>\n\t<meta property=\"og:image:height\" content=\"720\" \/>\n\t<meta property=\"og:image:type\" content=\"image\/png\" \/>\n<meta name=\"author\" content=\"Germain Ndri\" \/>\n<meta name=\"twitter:card\" content=\"summary_large_image\" \/>\n<meta name=\"twitter:label1\" content=\"\u00c9crit par\" \/>\n\t<meta name=\"twitter:data1\" content=\"Germain Ndri\" \/>\n\t<meta name=\"twitter:label2\" content=\"Dur\u00e9e de lecture estim\u00e9e\" \/>\n\t<meta name=\"twitter:data2\" content=\"2 minutes\" \/>\n<script type=\"application\/ld+json\" class=\"yoast-schema-graph\">{\"@context\":\"https:\\\/\\\/schema.org\",\"@graph\":[{\"@type\":\"Article\",\"@id\":\"https:\\\/\\\/www.amanien.info\\\/news\\\/lutte-contre-le-cancer-du-sein-la-fondation-femmes-shunamites-en-action-sensibilise-les-femmes-et-les-invite-a-la-pratique-de-lactivite-sportive\\\/#article\",\"isPartOf\":{\"@id\":\"https:\\\/\\\/www.amanien.info\\\/news\\\/lutte-contre-le-cancer-du-sein-la-fondation-femmes-shunamites-en-action-sensibilise-les-femmes-et-les-invite-a-la-pratique-de-lactivite-sportive\\\/\"},\"author\":{\"name\":\"Germain Ndri\",\"@id\":\"https:\\\/\\\/www.amanien.info\\\/news\\\/#\\\/schema\\\/person\\\/b21093345753a1a98242d505bd894f42\"},\"headline\":\"Lutte contre le cancer du sein :\u00a0 La Fondation Femmes Shunamites en Action sensibilise les femmes et les invite \u00e0 la pratique de l&rsquo;activit\u00e9 sportive\",\"datePublished\":\"2021-10-18T11:14:29+00:00\",\"dateModified\":\"2021-10-18T11:15:01+00:00\",\"mainEntityOfPage\":{\"@id\":\"https:\\\/\\\/www.amanien.info\\\/news\\\/lutte-contre-le-cancer-du-sein-la-fondation-femmes-shunamites-en-action-sensibilise-les-femmes-et-les-invite-a-la-pratique-de-lactivite-sportive\\\/\"},\"wordCount\":408,\"image\":{\"@id\":\"https:\\\/\\\/www.amanien.info\\\/news\\\/lutte-contre-le-cancer-du-sein-la-fondation-femmes-shunamites-en-action-sensibilise-les-femmes-et-les-invite-a-la-pratique-de-lactivite-sportive\\\/#primaryimage\"},\"thumbnailUrl\":\"https:\\\/\\\/www.amanien.info\\\/news\\\/wp-content\\\/uploads\\\/2021\\\/10\\\/thumbnail-2.png\",\"inLanguage\":\"fr-FR\"},{\"@type\":\"WebPage\",\"@id\":\"https:\\\/\\\/www.amanien.info\\\/news\\\/lutte-contre-le-cancer-du-sein-la-fondation-femmes-shunamites-en-action-sensibilise-les-femmes-et-les-invite-a-la-pratique-de-lactivite-sportive\\\/\",\"url\":\"https:\\\/\\\/www.amanien.info\\\/news\\\/lutte-contre-le-cancer-du-sein-la-fondation-femmes-shunamites-en-action-sensibilise-les-femmes-et-les-invite-a-la-pratique-de-lactivite-sportive\\\/\",\"name\":\"Lutte contre le cancer du sein :\u00a0 La Fondation Femmes Shunamites en Action sensibilise les femmes et les invite \u00e0 la pratique de l'activit\u00e9 sportive - Amanien| L&#039;actualit\u00e9 Ivoirienne et Internationale\",\"isPartOf\":{\"@id\":\"https:\\\/\\\/www.amanien.info\\\/news\\\/#website\"},\"primaryImageOfPage\":{\"@id\":\"https:\\\/\\\/www.amanien.info\\\/news\\\/lutte-contre-le-cancer-du-sein-la-fondation-femmes-shunamites-en-action-sensibilise-les-femmes-et-les-invite-a-la-pratique-de-lactivite-sportive\\\/#primaryimage\"},\"image\":{\"@id\":\"https:\\\/\\\/www.amanien.info\\\/news\\\/lutte-contre-le-cancer-du-sein-la-fondation-femmes-shunamites-en-action-sensibilise-les-femmes-et-les-invite-a-la-pratique-de-lactivite-sportive\\\/#primaryimage\"},\"thumbnailUrl\":\"https:\\\/\\\/www.amanien.info\\\/news\\\/wp-content\\\/uploads\\\/2021\\\/10\\\/thumbnail-2.png\",\"datePublished\":\"2021-10-18T11:14:29+00:00\",\"dateModified\":\"2021-10-18T11:15:01+00:00\",\"author\":{\"@id\":\"https:\\\/\\\/www.amanien.info\\\/news\\\/#\\\/schema\\\/person\\\/b21093345753a1a98242d505bd894f42\"},\"breadcrumb\":{\"@id\":\"https:\\\/\\\/www.amanien.info\\\/news\\\/lutte-contre-le-cancer-du-sein-la-fondation-femmes-shunamites-en-action-sensibilise-les-femmes-et-les-invite-a-la-pratique-de-lactivite-sportive\\\/#breadcrumb\"},\"inLanguage\":\"fr-FR\",\"potentialAction\":[{\"@type\":\"ReadAction\",\"target\":[\"https:\\\/\\\/www.amanien.info\\\/news\\\/lutte-contre-le-cancer-du-sein-la-fondation-femmes-shunamites-en-action-sensibilise-les-femmes-et-les-invite-a-la-pratique-de-lactivite-sportive\\\/\"]}]},{\"@type\":\"ImageObject\",\"inLanguage\":\"fr-FR\",\"@id\":\"https:\\\/\\\/www.amanien.info\\\/news\\\/lutte-contre-le-cancer-du-sein-la-fondation-femmes-shunamites-en-action-sensibilise-les-femmes-et-les-invite-a-la-pratique-de-lactivite-sportive\\\/#primaryimage\",\"url\":\"https:\\\/\\\/www.amanien.info\\\/news\\\/wp-content\\\/uploads\\\/2021\\\/10\\\/thumbnail-2.png\",\"contentUrl\":\"https:\\\/\\\/www.amanien.info\\\/news\\\/wp-content\\\/uploads\\\/2021\\\/10\\\/thumbnail-2.png\",\"width\":1080,\"height\":720},{\"@type\":\"BreadcrumbList\",\"@id\":\"https:\\\/\\\/www.amanien.info\\\/news\\\/lutte-contre-le-cancer-du-sein-la-fondation-femmes-shunamites-en-action-sensibilise-les-femmes-et-les-invite-a-la-pratique-de-lactivite-sportive\\\/#breadcrumb\",\"itemListElement\":[{\"@type\":\"ListItem\",\"position\":1,\"name\":\"Accueil\",\"item\":\"https:\\\/\\\/www.amanien.info\\\/news\\\/\"},{\"@type\":\"ListItem\",\"position\":2,\"name\":\"Lutte contre le cancer du sein :\u00a0 La Fondation Femmes Shunamites en Action sensibilise les femmes et les invite \u00e0 la pratique de l&rsquo;activit\u00e9 sportive\"}]},{\"@type\":\"WebSite\",\"@id\":\"https:\\\/\\\/www.amanien.info\\\/news\\\/#website\",\"url\":\"https:\\\/\\\/www.amanien.info\\\/news\\\/\",\"name\":\"Amanien| L&#039;actualit\u00e9 Ivoirienne et Internationale\",\"description\":\"L&#039;actualit\u00e9 Ivoirienne et Internationale\",\"potentialAction\":[{\"@type\":\"SearchAction\",\"target\":{\"@type\":\"EntryPoint\",\"urlTemplate\":\"https:\\\/\\\/www.amanien.info\\\/news\\\/?s={search_term_string}\"},\"query-input\":{\"@type\":\"PropertyValueSpecification\",\"valueRequired\":true,\"valueName\":\"search_term_string\"}}],\"inLanguage\":\"fr-FR\"},{\"@type\":\"Person\",\"@id\":\"https:\\\/\\\/www.amanien.info\\\/news\\\/#\\\/schema\\\/person\\\/b21093345753a1a98242d505bd894f42\",\"name\":\"Germain Ndri\",\"url\":\"https:\\\/\\\/www.amanien.info\\\/news\\\/author\\\/amanien-infos\\\/\"}]}<\/script>\n<!-- \/ Yoast SEO plugin. -->","yoast_head_json":{"title":"Lutte contre le cancer du sein :\u00a0 La Fondation Femmes Shunamites en Action sensibilise les femmes et les invite \u00e0 la pratique de l'activit\u00e9 sportive - Amanien| L&#039;actualit\u00e9 Ivoirienne et Internationale","robots":{"index":"index","follow":"follow","max-snippet":"max-snippet:-1","max-image-preview":"max-image-preview:large","max-video-preview":"max-video-preview:-1"},"canonical":"https:\/\/www.amanien.info\/news\/lutte-contre-le-cancer-du-sein-la-fondation-femmes-shunamites-en-action-sensibilise-les-femmes-et-les-invite-a-la-pratique-de-lactivite-sportive\/","og_locale":"fr_FR","og_type":"article","og_title":"Lutte contre le cancer du sein :\u00a0 La Fondation Femmes Shunamites en Action sensibilise les femmes et les invite \u00e0 la pratique de l'activit\u00e9 sportive - Amanien| L&#039;actualit\u00e9 Ivoirienne et Internationale","og_description":"Ce samedi 16 octobre 2021, l&rsquo;ambiance qui a r\u00e9gn\u00e9 au Lyc\u00e9e Classique d&rsquo;Abidjan-Cocody \u00e9tait toute particuli\u00e8re. Et pour cause, les femmes des diff\u00e9rentes communes d&rsquo;Abidjan se sont rendues massivement au Lyc\u00e9e Classique pour prendre part \u00e0 l&rsquo;apoth\u00e9ose des journ\u00e9es de sensibilisation et de d\u00e9pistage gratuit des cancers du sein et du col de l&rsquo;ut\u00e9rus organis\u00e9es [&hellip;]","og_url":"https:\/\/www.amanien.info\/news\/lutte-contre-le-cancer-du-sein-la-fondation-femmes-shunamites-en-action-sensibilise-les-femmes-et-les-invite-a-la-pratique-de-lactivite-sportive\/","og_site_name":"Amanien| L&#039;actualit\u00e9 Ivoirienne et Internationale","article_published_time":"2021-10-18T11:14:29+00:00","article_modified_time":"2021-10-18T11:15:01+00:00","og_image":[{"width":1080,"height":720,"url":"https:\/\/www.amanien.info\/news\/wp-content\/uploads\/2021\/10\/thumbnail-2.png","type":"image\/png"}],"author":"Germain Ndri","twitter_card":"summary_large_image","twitter_misc":{"\u00c9crit par":"Germain Ndri","Dur\u00e9e de lecture estim\u00e9e":"2 minutes"},"schema":{"@context":"https:\/\/schema.org","@graph":[{"@type":"Article","@id":"https:\/\/www.amanien.info\/news\/lutte-contre-le-cancer-du-sein-la-fondation-femmes-shunamites-en-action-sensibilise-les-femmes-et-les-invite-a-la-pratique-de-lactivite-sportive\/#article","isPartOf":{"@id":"https:\/\/www.amanien.info\/news\/lutte-contre-le-cancer-du-sein-la-fondation-femmes-shunamites-en-action-sensibilise-les-femmes-et-les-invite-a-la-pratique-de-lactivite-sportive\/"},"author":{"name":"Germain Ndri","@id":"https:\/\/www.amanien.info\/news\/#\/schema\/person\/b21093345753a1a98242d505bd894f42"},"headline":"Lutte contre le cancer du sein :\u00a0 La Fondation Femmes Shunamites en Action sensibilise les femmes et les invite \u00e0 la pratique de l&rsquo;activit\u00e9 sportive","datePublished":"2021-10-18T11:14:29+00:00","dateModified":"2021-10-18T11:15:01+00:00","mainEntityOfPage":{"@id":"https:\/\/www.amanien.info\/news\/lutte-contre-le-cancer-du-sein-la-fondation-femmes-shunamites-en-action-sensibilise-les-femmes-et-les-invite-a-la-pratique-de-lactivite-sportive\/"},"wordCount":408,"image":{"@id":"https:\/\/www.amanien.info\/news\/lutte-contre-le-cancer-du-sein-la-fondation-femmes-shunamites-en-action-sensibilise-les-femmes-et-les-invite-a-la-pratique-de-lactivite-sportive\/#primaryimage"},"thumbnailUrl":"https:\/\/www.amanien.info\/news\/wp-content\/uploads\/2021\/10\/thumbnail-2.png","inLanguage":"fr-FR"},{"@type":"WebPage","@id":"https:\/\/www.amanien.info\/news\/lutte-contre-le-cancer-du-sein-la-fondation-femmes-shunamites-en-action-sensibilise-les-femmes-et-les-invite-a-la-pratique-de-lactivite-sportive\/","url":"https:\/\/www.amanien.info\/news\/lutte-contre-le-cancer-du-sein-la-fondation-femmes-shunamites-en-action-sensibilise-les-femmes-et-les-invite-a-la-pratique-de-lactivite-sportive\/","name":"Lutte contre le cancer du sein :\u00a0 La Fondation Femmes Shunamites en Action sensibilise les femmes et les invite \u00e0 la pratique de l'activit\u00e9 sportive - Amanien| L&#039;actualit\u00e9 Ivoirienne et Internationale","isPartOf":{"@id":"https:\/\/www.amanien.info\/news\/#website"},"primaryImageOfPage":{"@id":"https:\/\/www.amanien.info\/news\/lutte-contre-le-cancer-du-sein-la-fondation-femmes-shunamites-en-action-sensibilise-les-femmes-et-les-invite-a-la-pratique-de-lactivite-sportive\/#primaryimage"},"image":{"@id":"https:\/\/www.amanien.info\/news\/lutte-contre-le-cancer-du-sein-la-fondation-femmes-shunamites-en-action-sensibilise-les-femmes-et-les-invite-a-la-pratique-de-lactivite-sportive\/#primaryimage"},"thumbnailUrl":"https:\/\/www.amanien.info\/news\/wp-content\/uploads\/2021\/10\/thumbnail-2.png","datePublished":"2021-10-18T11:14:29+00:00","dateModified":"2021-10-18T11:15:01+00:00","author":{"@id":"https:\/\/www.amanien.info\/news\/#\/schema\/person\/b21093345753a1a98242d505bd894f42"},"breadcrumb":{"@id":"https:\/\/www.amanien.info\/news\/lutte-contre-le-cancer-du-sein-la-fondation-femmes-shunamites-en-action-sensibilise-les-femmes-et-les-invite-a-la-pratique-de-lactivite-sportive\/#breadcrumb"},"inLanguage":"fr-FR","potentialAction":[{"@type":"ReadAction","target":["https:\/\/www.amanien.info\/news\/lutte-contre-le-cancer-du-sein-la-fondation-femmes-shunamites-en-action-sensibilise-les-femmes-et-les-invite-a-la-pratique-de-lactivite-sportive\/"]}]},{"@type":"ImageObject","inLanguage":"fr-FR","@id":"https:\/\/www.amanien.info\/news\/lutte-contre-le-cancer-du-sein-la-fondation-femmes-shunamites-en-action-sensibilise-les-femmes-et-les-invite-a-la-pratique-de-lactivite-sportive\/#primaryimage","url":"https:\/\/www.amanien.info\/news\/wp-content\/uploads\/2021\/10\/thumbnail-2.png","contentUrl":"https:\/\/www.amanien.info\/news\/wp-content\/uploads\/2021\/10\/thumbnail-2.png","width":1080,"height":720},{"@type":"BreadcrumbList","@id":"https:\/\/www.amanien.info\/news\/lutte-contre-le-cancer-du-sein-la-fondation-femmes-shunamites-en-action-sensibilise-les-femmes-et-les-invite-a-la-pratique-de-lactivite-sportive\/#breadcrumb","itemListElement":[{"@type":"ListItem","position":1,"name":"Accueil","item":"https:\/\/www.amanien.info\/news\/"},{"@type":"ListItem","position":2,"name":"Lutte contre le cancer du sein :\u00a0 La Fondation Femmes Shunamites en Action sensibilise les femmes et les invite \u00e0 la pratique de l&rsquo;activit\u00e9 sportive"}]},{"@type":"WebSite","@id":"https:\/\/www.amanien.info\/news\/#website","url":"https:\/\/www.amanien.info\/news\/","name":"Amanien| L&#039;actualit\u00e9 Ivoirienne et Internationale","description":"L&#039;actualit\u00e9 Ivoirienne et Internationale","potentialAction":[{"@type":"SearchAction","target":{"@type":"EntryPoint","urlTemplate":"https:\/\/www.amanien.info\/news\/?s={search_term_string}"},"query-input":{"@type":"PropertyValueSpecification","valueRequired":true,"valueName":"search_term_string"}}],"inLanguage":"fr-FR"},{"@type":"Person","@id":"https:\/\/www.amanien.info\/news\/#\/schema\/person\/b21093345753a1a98242d505bd894f42","name":"Germain Ndri","url":"https:\/\/www.amanien.info\/news\/author\/amanien-infos\/"}]}},"_links":{"self":[{"href":"https:\/\/www.amanien.info\/news\/wp-json\/wp\/v2\/posts\/3045","targetHints":{"allow":["GET"]}}],"collection":[{"href":"https:\/\/www.amanien.info\/news\/wp-json\/wp\/v2\/posts"}],"about":[{"href":"https:\/\/www.amanien.info\/news\/wp-json\/wp\/v2\/types\/post"}],"author":[{"embeddable":true,"href":"https:\/\/www.amanien.info\/news\/wp-json\/wp\/v2\/users\/2"}],"replies":[{"embeddable":true,"href":"https:\/\/www.amanien.info\/news\/wp-json\/wp\/v2\/comments?post=3045"}],"version-history":[{"count":1,"href":"https:\/\/www.amanien.info\/news\/wp-json\/wp\/v2\/posts\/3045\/revisions"}],"predecessor-version":[{"id":3047,"href":"https:\/\/www.amanien.info\/news\/wp-json\/wp\/v2\/posts\/3045\/revisions\/3047"}],"wp:featuredmedia":[{"embeddable":true,"href":"https:\/\/www.amanien.info\/news\/wp-json\/wp\/v2\/media\/3046"}],"wp:attachment":[{"href":"https:\/\/www.amanien.info\/news\/wp-json\/wp\/v2\/media?parent=3045"}],"wp:term":[{"taxonomy":"category","embeddable":true,"href":"https:\/\/www.amanien.info\/news\/wp-json\/wp\/v2\/categories?post=3045"},{"taxonomy":"post_tag","embeddable":true,"href":"https:\/\/www.amanien.info\/news\/wp-json\/wp\/v2\/tags?post=3045"}],"curies":[{"name":"wp","href":"https:\/\/api.w.org\/{rel}","templated":true}]}}