{"id":3042,"date":"2021-10-18T11:11:02","date_gmt":"2021-10-18T11:11:02","guid":{"rendered":"https:\/\/www.https:\/\/zozo.buyee.jp\/\/news\/?p=3042"},"modified":"2021-10-18T11:11:27","modified_gmt":"2021-10-18T11:11:27","slug":"fregbo-basile-dirige-desormais-le-conseil-regional-du-gbokle","status":"publish","type":"post","link":"https:\/\/www.amanien.info\/news\/fregbo-basile-dirige-desormais-le-conseil-regional-du-gbokle\/","title":{"rendered":"Fr\u00e9gbo Basile dirige d\u00e9sormais le conseil r\u00e9gional du Gb\u00f4kl\u00e8"},"content":{"rendered":"<p>Fr\u00e9gbo Basile, vice-pr\u00e9sident de l\u2019Assembl\u00e9e Nationale de C\u00f4te d&rsquo;Ivoire, a \u00e9t\u00e9 confirm\u00e9 le jeudi 14 octobre dernier \u00e0 son poste de Pr\u00e9sident du conseil r\u00e9gional du Gb\u00f4kl\u00e8. C\u2019\u00e9tait, \u00e0 l\u2019occasion d\u2019une session extraordinaire pour le renouvellement du bureau du Conseil r\u00e9gional du Gb\u00f4kl\u00e8 pr\u00e9sid\u00e9e par le pr\u00e9fet de r\u00e9gion, pr\u00e9fet du d\u00e9partement de Sassandra, Coulibaly Lamine.<\/p>\n<p>La salle des r\u00e9unions du Conseil r\u00e9gional du Gb\u00f4kl\u00e8 qui a abrit\u00e9 cette session extraordinaire a enregistr\u00e9 la pr\u00e9sence, du secr\u00e9taire g\u00e9n\u00e9ral du Gouvernement, Mme Att\u00e9 Eliane Bimanagbo, de l\u2019honorable Diomand\u00e9 Abdoulaye, questeur de l\u2019Assembl\u00e9e Nationale , le corps pr\u00e9fectoral, des \u00e9lus et cadres du Gb\u00f4kl\u00e8, des autorit\u00e9s traditionnelles et coutumi\u00e8res, des guides religieux.<\/p>\n<p>\u2019Le lion de la c\u00f4ti\u00e8re\u2019\u2019, comme il se fait appeler, Fr\u00e9gbo Basile, remplace ainsi L\u00e9gr\u00e9 Philippe, r\u00e9cemment nomm\u00e9 Ministre-Gouverneur du District Autonome du Bas-Sassandra.<\/p>\n<p>Selon le pr\u00e9fet de r\u00e9gion, le renouvellement du bureau du conseil r\u00e9gional est d\u00e9termin\u00e9 par l\u2019article 158 de la loi N\u00b02012-1125 du 13 D\u00e9cembre 2012 portant organisation des collectivit\u00e9s territoriales. Cette loi \u00e9nonce en substance qu\u2019en cas de vacance de poste du pr\u00e9sident du Conseil r\u00e9gional, constat\u00e9e par l\u2019Autorit\u00e9 de tutelle, la pr\u00e9sidence du Conseil r\u00e9gional \u00e9choit de droit \u00e0 l\u2019un des vice-pr\u00e9sidents selon l\u2019ordre de pr\u00e9s\u00e9ance.<\/p>\n<p>\u00ab Pour ce qui concerne la r\u00e9gion du Gb\u00f4kl\u00e8, le bureau en vigueur \u00e0 la date de ce jeudi 14 Octobre 2021, monsieur Fregbo Gu\u00e9t\u00e8 Basile Mesmin, est le 1er vice-pr\u00e9sident conseil.<br \/>\nEn application donc de l\u2019article 158, monsieur Fregbo Gu\u00e9t\u00e8 Basile Mesmin, est d\u00e9sign\u00e9 en qualit\u00e9 du pr\u00e9sident du Conseil r\u00e9gional du Gb\u00f4kl\u00e8 \u00bb, a signifi\u00e9 le pr\u00e9fet de r\u00e9gion Coulibaly Lamine.<br \/>\nS\u2019adressant au pr\u00e9sident entrant, le pr\u00e9fet de r\u00e9gion a souhait\u00e9 une franche collaboration avec le ministre gouverneur pour la bonne marche de la r\u00e9gion.<\/p>\n<p>L\u00e9gr\u00e9 Philippe, prenant la parole, a salu\u00e9 les r\u00e9alisations du chef de l\u2019\u00c9tat dans la ville de Sassandra depuis son accession au pouvoir d\u2019\u00c9tat, avant d\u2019inviter son successeur \u00e0 poursuivre ce travail de d\u00e9veloppement.<\/p>\n<p>\u00ab Nous laissons le Conseil r\u00e9gional entre de bonnes mains (\u2026) Fr\u00e9gbo Basile est l\u00e0. Il va travailler. Nous lui faisons confiance. Et nous allons le soutenir. Moi, je pars sans partir! Ministre-Gouverneur, je suis l\u00e0 pour vous appuyer \u00e9galement. Cela fait partir de ma mission que je ne peux r\u00e9ussir si je n\u2019ai l\u2019appui et le soutien de tous. C\u2019est-\u00e0-dire le soutien du pr\u00e9sident du conseil r\u00e9gional, du maire, des populations \u00bb, a indiqu\u00e9 Philippe Legr\u00e9, d\u00e9voilant le choix du prochain candidat du conseil.<br \/>\n\u201cEn 2023, c\u2019est lui notre candidat aux \u00e9lections r\u00e9gionales\u201d, a-t-il d\u00e9clar\u00e9 soulignant les raisons de ce choix. \u201cAujourd\u2019hui, ce sont sur ses \u00e9paules que repose le combat pour la victoire du RHDP en 2023\u201d.<\/p>\n<p>De son c\u00f4t\u00e9, Fr\u00e9gbo Basile a salu\u00e9 le travail abattu par son pr\u00e9d\u00e9cesseur. \u00ab Notre tandem est largement positif \u00e0 c\u00f4t\u00e9 de ce que je peux appeler intemp\u00e9ries ou les al\u00e9as de la vie. C\u2019est pour cela, pour moi, je reste confiant pour tous le travail que nous avons \u00e0 faire et je reste reconnaissant pour ce qui a \u00e9t\u00e9 fait gr\u00e2ce \u00e0 son lobbying et gr\u00e2ce \u00e0 son autorit\u00e9 \u00bb, a indiqu\u00e9 Fr\u00e9gbo Basile.<\/p>\n<p>Conscient donc de la t\u00e2che qui est la sienne, monsieur Fr\u00e9gbo Basile battre le rappel de toutes \u201cles intelligences de la r\u00e9gion du Gb\u00f4kl\u00e8 \u2019\u2019.<\/p>\n<p>Aussi, a-t-il invit\u00e9 ses collaborateurs \u00e0 redoubler d\u2019ardeur au travail pour gagner ce qu\u2019il qualifie de combat du d\u00e9veloppement.<\/p>\n<p>Pour le nouveau bureau du Conseil r\u00e9gional le 1er vice-pr\u00e9sident se nomme Kon\u00e9 T\u00e9nin.<\/p>\n<p>Thierry Lagognon<\/p>\n","protected":false},"excerpt":{"rendered":"<p>Fr\u00e9gbo Basile, vice-pr\u00e9sident de l\u2019Assembl\u00e9e Nationale de C\u00f4te d&rsquo;Ivoire, a \u00e9t\u00e9 confirm\u00e9 le jeudi 14 octobre dernier \u00e0 son poste de Pr\u00e9sident du conseil r\u00e9gional du Gb\u00f4kl\u00e8. C\u2019\u00e9tait, \u00e0 l\u2019occasion d\u2019une session extraordinaire pour le renouvellement du bureau du Conseil r\u00e9gional du Gb\u00f4kl\u00e8 pr\u00e9sid\u00e9e par le pr\u00e9fet de r\u00e9gion, pr\u00e9fet du d\u00e9partement de Sassandra, Coulibaly [&hellip;]<\/p>\n","protected":false},"author":2,"featured_media":3043,"comment_status":"closed","ping_status":"closed","sticky":true,"template":"","format":"standard","meta":{"_acf_changed":false,"footnotes":""},"categories":[],"tags":[],"class_list":["post-3042","post","type-post","status-publish","format-standard","has-post-thumbnail","hentry"],"acf":[],"yoast_head":"<!-- This site is optimized with the Yoast SEO plugin v27.5 - https:\/\/yoast.com\/product\/yoast-seo-wordpress\/ -->\n<title>Fr\u00e9gbo Basile dirige d\u00e9sormais le conseil r\u00e9gional du Gb\u00f4kl\u00e8 - Amanien| L&#039;actualit\u00e9 Ivoirienne et Internationale<\/title>\n<meta name=\"robots\" content=\"index, follow, max-snippet:-1, max-image-preview:large, max-video-preview:-1\" \/>\n<link rel=\"canonical\" href=\"https:\/\/www.amanien.info\/news\/fregbo-basile-dirige-desormais-le-conseil-regional-du-gbokle\/\" \/>\n<meta property=\"og:locale\" content=\"fr_FR\" \/>\n<meta property=\"og:type\" content=\"article\" \/>\n<meta property=\"og:title\" content=\"Fr\u00e9gbo Basile dirige d\u00e9sormais le conseil r\u00e9gional du Gb\u00f4kl\u00e8 - Amanien| L&#039;actualit\u00e9 Ivoirienne et Internationale\" \/>\n<meta property=\"og:description\" content=\"Fr\u00e9gbo Basile, vice-pr\u00e9sident de l\u2019Assembl\u00e9e Nationale de C\u00f4te d&rsquo;Ivoire, a \u00e9t\u00e9 confirm\u00e9 le jeudi 14 octobre dernier \u00e0 son poste de Pr\u00e9sident du conseil r\u00e9gional du Gb\u00f4kl\u00e8. C\u2019\u00e9tait, \u00e0 l\u2019occasion d\u2019une session extraordinaire pour le renouvellement du bureau du Conseil r\u00e9gional du Gb\u00f4kl\u00e8 pr\u00e9sid\u00e9e par le pr\u00e9fet de r\u00e9gion, pr\u00e9fet du d\u00e9partement de Sassandra, Coulibaly [&hellip;]\" \/>\n<meta property=\"og:url\" content=\"https:\/\/www.amanien.info\/news\/fregbo-basile-dirige-desormais-le-conseil-regional-du-gbokle\/\" \/>\n<meta property=\"og:site_name\" content=\"Amanien| L&#039;actualit\u00e9 Ivoirienne et Internationale\" \/>\n<meta property=\"article:published_time\" content=\"2021-10-18T11:11:02+00:00\" \/>\n<meta property=\"article:modified_time\" content=\"2021-10-18T11:11:27+00:00\" \/>\n<meta property=\"og:image\" content=\"https:\/\/www.amanien.info\/news\/wp-content\/uploads\/2021\/10\/thumbnail-8.jpg\" \/>\n\t<meta property=\"og:image:width\" content=\"886\" \/>\n\t<meta property=\"og:image:height\" content=\"591\" \/>\n\t<meta property=\"og:image:type\" content=\"image\/jpeg\" \/>\n<meta name=\"author\" content=\"Germain Ndri\" \/>\n<meta name=\"twitter:card\" content=\"summary_large_image\" \/>\n<meta name=\"twitter:label1\" content=\"\u00c9crit par\" \/>\n\t<meta name=\"twitter:data1\" content=\"Germain Ndri\" \/>\n\t<meta name=\"twitter:label2\" content=\"Dur\u00e9e de lecture estim\u00e9e\" \/>\n\t<meta name=\"twitter:data2\" content=\"3 minutes\" \/>\n<script type=\"application\/ld+json\" class=\"yoast-schema-graph\">{\"@context\":\"https:\\\/\\\/schema.org\",\"@graph\":[{\"@type\":\"Article\",\"@id\":\"https:\\\/\\\/www.amanien.info\\\/news\\\/fregbo-basile-dirige-desormais-le-conseil-regional-du-gbokle\\\/#article\",\"isPartOf\":{\"@id\":\"https:\\\/\\\/www.amanien.info\\\/news\\\/fregbo-basile-dirige-desormais-le-conseil-regional-du-gbokle\\\/\"},\"author\":{\"name\":\"Germain Ndri\",\"@id\":\"https:\\\/\\\/www.amanien.info\\\/news\\\/#\\\/schema\\\/person\\\/b21093345753a1a98242d505bd894f42\"},\"headline\":\"Fr\u00e9gbo Basile dirige d\u00e9sormais le conseil r\u00e9gional du Gb\u00f4kl\u00e8\",\"datePublished\":\"2021-10-18T11:11:02+00:00\",\"dateModified\":\"2021-10-18T11:11:27+00:00\",\"mainEntityOfPage\":{\"@id\":\"https:\\\/\\\/www.amanien.info\\\/news\\\/fregbo-basile-dirige-desormais-le-conseil-regional-du-gbokle\\\/\"},\"wordCount\":678,\"image\":{\"@id\":\"https:\\\/\\\/www.amanien.info\\\/news\\\/fregbo-basile-dirige-desormais-le-conseil-regional-du-gbokle\\\/#primaryimage\"},\"thumbnailUrl\":\"https:\\\/\\\/www.amanien.info\\\/news\\\/wp-content\\\/uploads\\\/2021\\\/10\\\/thumbnail-8.jpg\",\"inLanguage\":\"fr-FR\"},{\"@type\":\"WebPage\",\"@id\":\"https:\\\/\\\/www.amanien.info\\\/news\\\/fregbo-basile-dirige-desormais-le-conseil-regional-du-gbokle\\\/\",\"url\":\"https:\\\/\\\/www.amanien.info\\\/news\\\/fregbo-basile-dirige-desormais-le-conseil-regional-du-gbokle\\\/\",\"name\":\"Fr\u00e9gbo Basile dirige d\u00e9sormais le conseil r\u00e9gional du Gb\u00f4kl\u00e8 - Amanien| L&#039;actualit\u00e9 Ivoirienne et Internationale\",\"isPartOf\":{\"@id\":\"https:\\\/\\\/www.amanien.info\\\/news\\\/#website\"},\"primaryImageOfPage\":{\"@id\":\"https:\\\/\\\/www.amanien.info\\\/news\\\/fregbo-basile-dirige-desormais-le-conseil-regional-du-gbokle\\\/#primaryimage\"},\"image\":{\"@id\":\"https:\\\/\\\/www.amanien.info\\\/news\\\/fregbo-basile-dirige-desormais-le-conseil-regional-du-gbokle\\\/#primaryimage\"},\"thumbnailUrl\":\"https:\\\/\\\/www.amanien.info\\\/news\\\/wp-content\\\/uploads\\\/2021\\\/10\\\/thumbnail-8.jpg\",\"datePublished\":\"2021-10-18T11:11:02+00:00\",\"dateModified\":\"2021-10-18T11:11:27+00:00\",\"author\":{\"@id\":\"https:\\\/\\\/www.amanien.info\\\/news\\\/#\\\/schema\\\/person\\\/b21093345753a1a98242d505bd894f42\"},\"breadcrumb\":{\"@id\":\"https:\\\/\\\/www.amanien.info\\\/news\\\/fregbo-basile-dirige-desormais-le-conseil-regional-du-gbokle\\\/#breadcrumb\"},\"inLanguage\":\"fr-FR\",\"potentialAction\":[{\"@type\":\"ReadAction\",\"target\":[\"https:\\\/\\\/www.amanien.info\\\/news\\\/fregbo-basile-dirige-desormais-le-conseil-regional-du-gbokle\\\/\"]}]},{\"@type\":\"ImageObject\",\"inLanguage\":\"fr-FR\",\"@id\":\"https:\\\/\\\/www.amanien.info\\\/news\\\/fregbo-basile-dirige-desormais-le-conseil-regional-du-gbokle\\\/#primaryimage\",\"url\":\"https:\\\/\\\/www.amanien.info\\\/news\\\/wp-content\\\/uploads\\\/2021\\\/10\\\/thumbnail-8.jpg\",\"contentUrl\":\"https:\\\/\\\/www.amanien.info\\\/news\\\/wp-content\\\/uploads\\\/2021\\\/10\\\/thumbnail-8.jpg\",\"width\":886,\"height\":591},{\"@type\":\"BreadcrumbList\",\"@id\":\"https:\\\/\\\/www.amanien.info\\\/news\\\/fregbo-basile-dirige-desormais-le-conseil-regional-du-gbokle\\\/#breadcrumb\",\"itemListElement\":[{\"@type\":\"ListItem\",\"position\":1,\"name\":\"Accueil\",\"item\":\"https:\\\/\\\/www.amanien.info\\\/news\\\/\"},{\"@type\":\"ListItem\",\"position\":2,\"name\":\"Fr\u00e9gbo Basile dirige d\u00e9sormais le conseil r\u00e9gional du Gb\u00f4kl\u00e8\"}]},{\"@type\":\"WebSite\",\"@id\":\"https:\\\/\\\/www.amanien.info\\\/news\\\/#website\",\"url\":\"https:\\\/\\\/www.amanien.info\\\/news\\\/\",\"name\":\"Amanien| L&#039;actualit\u00e9 Ivoirienne et Internationale\",\"description\":\"L&#039;actualit\u00e9 Ivoirienne et Internationale\",\"potentialAction\":[{\"@type\":\"SearchAction\",\"target\":{\"@type\":\"EntryPoint\",\"urlTemplate\":\"https:\\\/\\\/www.amanien.info\\\/news\\\/?s={search_term_string}\"},\"query-input\":{\"@type\":\"PropertyValueSpecification\",\"valueRequired\":true,\"valueName\":\"search_term_string\"}}],\"inLanguage\":\"fr-FR\"},{\"@type\":\"Person\",\"@id\":\"https:\\\/\\\/www.amanien.info\\\/news\\\/#\\\/schema\\\/person\\\/b21093345753a1a98242d505bd894f42\",\"name\":\"Germain Ndri\",\"url\":\"https:\\\/\\\/www.amanien.info\\\/news\\\/author\\\/amanien-infos\\\/\"}]}<\/script>\n<!-- \/ Yoast SEO plugin. -->","yoast_head_json":{"title":"Fr\u00e9gbo Basile dirige d\u00e9sormais le conseil r\u00e9gional du Gb\u00f4kl\u00e8 - Amanien| L&#039;actualit\u00e9 Ivoirienne et Internationale","robots":{"index":"index","follow":"follow","max-snippet":"max-snippet:-1","max-image-preview":"max-image-preview:large","max-video-preview":"max-video-preview:-1"},"canonical":"https:\/\/www.amanien.info\/news\/fregbo-basile-dirige-desormais-le-conseil-regional-du-gbokle\/","og_locale":"fr_FR","og_type":"article","og_title":"Fr\u00e9gbo Basile dirige d\u00e9sormais le conseil r\u00e9gional du Gb\u00f4kl\u00e8 - Amanien| L&#039;actualit\u00e9 Ivoirienne et Internationale","og_description":"Fr\u00e9gbo Basile, vice-pr\u00e9sident de l\u2019Assembl\u00e9e Nationale de C\u00f4te d&rsquo;Ivoire, a \u00e9t\u00e9 confirm\u00e9 le jeudi 14 octobre dernier \u00e0 son poste de Pr\u00e9sident du conseil r\u00e9gional du Gb\u00f4kl\u00e8. C\u2019\u00e9tait, \u00e0 l\u2019occasion d\u2019une session extraordinaire pour le renouvellement du bureau du Conseil r\u00e9gional du Gb\u00f4kl\u00e8 pr\u00e9sid\u00e9e par le pr\u00e9fet de r\u00e9gion, pr\u00e9fet du d\u00e9partement de Sassandra, Coulibaly [&hellip;]","og_url":"https:\/\/www.amanien.info\/news\/fregbo-basile-dirige-desormais-le-conseil-regional-du-gbokle\/","og_site_name":"Amanien| L&#039;actualit\u00e9 Ivoirienne et Internationale","article_published_time":"2021-10-18T11:11:02+00:00","article_modified_time":"2021-10-18T11:11:27+00:00","og_image":[{"width":886,"height":591,"url":"https:\/\/www.amanien.info\/news\/wp-content\/uploads\/2021\/10\/thumbnail-8.jpg","type":"image\/jpeg"}],"author":"Germain Ndri","twitter_card":"summary_large_image","twitter_misc":{"\u00c9crit par":"Germain Ndri","Dur\u00e9e de lecture estim\u00e9e":"3 minutes"},"schema":{"@context":"https:\/\/schema.org","@graph":[{"@type":"Article","@id":"https:\/\/www.amanien.info\/news\/fregbo-basile-dirige-desormais-le-conseil-regional-du-gbokle\/#article","isPartOf":{"@id":"https:\/\/www.amanien.info\/news\/fregbo-basile-dirige-desormais-le-conseil-regional-du-gbokle\/"},"author":{"name":"Germain Ndri","@id":"https:\/\/www.amanien.info\/news\/#\/schema\/person\/b21093345753a1a98242d505bd894f42"},"headline":"Fr\u00e9gbo Basile dirige d\u00e9sormais le conseil r\u00e9gional du Gb\u00f4kl\u00e8","datePublished":"2021-10-18T11:11:02+00:00","dateModified":"2021-10-18T11:11:27+00:00","mainEntityOfPage":{"@id":"https:\/\/www.amanien.info\/news\/fregbo-basile-dirige-desormais-le-conseil-regional-du-gbokle\/"},"wordCount":678,"image":{"@id":"https:\/\/www.amanien.info\/news\/fregbo-basile-dirige-desormais-le-conseil-regional-du-gbokle\/#primaryimage"},"thumbnailUrl":"https:\/\/www.amanien.info\/news\/wp-content\/uploads\/2021\/10\/thumbnail-8.jpg","inLanguage":"fr-FR"},{"@type":"WebPage","@id":"https:\/\/www.amanien.info\/news\/fregbo-basile-dirige-desormais-le-conseil-regional-du-gbokle\/","url":"https:\/\/www.amanien.info\/news\/fregbo-basile-dirige-desormais-le-conseil-regional-du-gbokle\/","name":"Fr\u00e9gbo Basile dirige d\u00e9sormais le conseil r\u00e9gional du Gb\u00f4kl\u00e8 - Amanien| L&#039;actualit\u00e9 Ivoirienne et Internationale","isPartOf":{"@id":"https:\/\/www.amanien.info\/news\/#website"},"primaryImageOfPage":{"@id":"https:\/\/www.amanien.info\/news\/fregbo-basile-dirige-desormais-le-conseil-regional-du-gbokle\/#primaryimage"},"image":{"@id":"https:\/\/www.amanien.info\/news\/fregbo-basile-dirige-desormais-le-conseil-regional-du-gbokle\/#primaryimage"},"thumbnailUrl":"https:\/\/www.amanien.info\/news\/wp-content\/uploads\/2021\/10\/thumbnail-8.jpg","datePublished":"2021-10-18T11:11:02+00:00","dateModified":"2021-10-18T11:11:27+00:00","author":{"@id":"https:\/\/www.amanien.info\/news\/#\/schema\/person\/b21093345753a1a98242d505bd894f42"},"breadcrumb":{"@id":"https:\/\/www.amanien.info\/news\/fregbo-basile-dirige-desormais-le-conseil-regional-du-gbokle\/#breadcrumb"},"inLanguage":"fr-FR","potentialAction":[{"@type":"ReadAction","target":["https:\/\/www.amanien.info\/news\/fregbo-basile-dirige-desormais-le-conseil-regional-du-gbokle\/"]}]},{"@type":"ImageObject","inLanguage":"fr-FR","@id":"https:\/\/www.amanien.info\/news\/fregbo-basile-dirige-desormais-le-conseil-regional-du-gbokle\/#primaryimage","url":"https:\/\/www.amanien.info\/news\/wp-content\/uploads\/2021\/10\/thumbnail-8.jpg","contentUrl":"https:\/\/www.amanien.info\/news\/wp-content\/uploads\/2021\/10\/thumbnail-8.jpg","width":886,"height":591},{"@type":"BreadcrumbList","@id":"https:\/\/www.amanien.info\/news\/fregbo-basile-dirige-desormais-le-conseil-regional-du-gbokle\/#breadcrumb","itemListElement":[{"@type":"ListItem","position":1,"name":"Accueil","item":"https:\/\/www.amanien.info\/news\/"},{"@type":"ListItem","position":2,"name":"Fr\u00e9gbo Basile dirige d\u00e9sormais le conseil r\u00e9gional du Gb\u00f4kl\u00e8"}]},{"@type":"WebSite","@id":"https:\/\/www.amanien.info\/news\/#website","url":"https:\/\/www.amanien.info\/news\/","name":"Amanien| L&#039;actualit\u00e9 Ivoirienne et Internationale","description":"L&#039;actualit\u00e9 Ivoirienne et Internationale","potentialAction":[{"@type":"SearchAction","target":{"@type":"EntryPoint","urlTemplate":"https:\/\/www.amanien.info\/news\/?s={search_term_string}"},"query-input":{"@type":"PropertyValueSpecification","valueRequired":true,"valueName":"search_term_string"}}],"inLanguage":"fr-FR"},{"@type":"Person","@id":"https:\/\/www.amanien.info\/news\/#\/schema\/person\/b21093345753a1a98242d505bd894f42","name":"Germain Ndri","url":"https:\/\/www.amanien.info\/news\/author\/amanien-infos\/"}]}},"_links":{"self":[{"href":"https:\/\/www.amanien.info\/news\/wp-json\/wp\/v2\/posts\/3042","targetHints":{"allow":["GET"]}}],"collection":[{"href":"https:\/\/www.amanien.info\/news\/wp-json\/wp\/v2\/posts"}],"about":[{"href":"https:\/\/www.amanien.info\/news\/wp-json\/wp\/v2\/types\/post"}],"author":[{"embeddable":true,"href":"https:\/\/www.amanien.info\/news\/wp-json\/wp\/v2\/users\/2"}],"replies":[{"embeddable":true,"href":"https:\/\/www.amanien.info\/news\/wp-json\/wp\/v2\/comments?post=3042"}],"version-history":[{"count":1,"href":"https:\/\/www.amanien.info\/news\/wp-json\/wp\/v2\/posts\/3042\/revisions"}],"predecessor-version":[{"id":3044,"href":"https:\/\/www.amanien.info\/news\/wp-json\/wp\/v2\/posts\/3042\/revisions\/3044"}],"wp:featuredmedia":[{"embeddable":true,"href":"https:\/\/www.amanien.info\/news\/wp-json\/wp\/v2\/media\/3043"}],"wp:attachment":[{"href":"https:\/\/www.amanien.info\/news\/wp-json\/wp\/v2\/media?parent=3042"}],"wp:term":[{"taxonomy":"category","embeddable":true,"href":"https:\/\/www.amanien.info\/news\/wp-json\/wp\/v2\/categories?post=3042"},{"taxonomy":"post_tag","embeddable":true,"href":"https:\/\/www.amanien.info\/news\/wp-json\/wp\/v2\/tags?post=3042"}],"curies":[{"name":"wp","href":"https:\/\/api.w.org\/{rel}","templated":true}]}}