{"id":3039,"date":"2021-10-18T11:06:43","date_gmt":"2021-10-18T11:06:43","guid":{"rendered":"https:\/\/www.https:\/\/zozo.buyee.jp\/\/news\/?p=3039"},"modified":"2021-10-18T11:07:17","modified_gmt":"2021-10-18T11:07:17","slug":"insp-formation-a-distance-le-centre-e-learning-remis-officiellement-au-ministere-de-la-sante","status":"publish","type":"post","link":"https:\/\/www.amanien.info\/news\/insp-formation-a-distance-le-centre-e-learning-remis-officiellement-au-ministere-de-la-sante\/","title":{"rendered":"INSP\/ Formation \u00e0 distance: Le Centre E- Learning remis officiellement au minist\u00e8re de la sant\u00e9"},"content":{"rendered":"<p>L&rsquo; Institut National de la Sant\u00e9 Publique ( INSP), a abrit\u00e9 le vendredi 15 octobre, la c\u00e9r\u00e9monie de remise officielle de la plateforme E-Learning, log\u00e9e au sein cet institut. Le e- learning est une intervention faisant partie int\u00e9grante de la strat\u00e9gie nationale de t\u00e9l\u00e9m\u00e9decine, recommand\u00e9e par l&rsquo;Organisation Mondiale de la sant\u00e9 ( OMS). C&rsquo; est un moyen de formation \u00e0 distance, gr\u00e2ce aux outils num\u00e9riques. Elle s&rsquo; applique tant \u00e0 la formation continue qu&rsquo; \u00e0 la formation initiale, de mani\u00e8re collective ou individuelle. Ladite plateforme \u00e0 \u00e9t\u00e9 \u00e9quip\u00e9e par le Bureau r\u00e9gional de l&rsquo;OMS et d&rsquo; autres partenaires.<br \/>\nLors de la c\u00e9r\u00e9monie, I. Claude, Directeur g\u00e9n\u00e9ral de l&rsquo; INSP, a rappel\u00e9 que le e- sant\u00e9 en C\u00f4te d&rsquo;Ivoire, est la r\u00e9sultante du plan strat\u00e9gique cyber sant\u00e9 \u00e9labor\u00e9 en 2011, pour am\u00e9liorer la qualit\u00e9 de la sant\u00e9 et combler les insuffisances en mati\u00e8re de plateau technique et de personnel.<\/p>\n<p>Le repr\u00e9sentant r\u00e9sident de l&rsquo;Organisation Mondiale de la sant\u00e9 Dr Jean Marie Vianney Yam\u00e9ogo, a quant \u00e0 lui soulign\u00e9 que la e- sant\u00e9 a pour ambition d&rsquo; agir pour mobiliser les ressources du num\u00e9rique \u00e0 grande \u00e9chelle au service des patients, des personnels de sant\u00e9, des acteurs \u00e9conomiques et du pilotage du syst\u00e8me de sant\u00e9. Il a ajout\u00e9 que dans le cadre de la lutte contre la pand\u00e9mie de la covid19, 10.000 prestataires ont pu \u00eatre form\u00e9s en six semaines avec l&rsquo; appui de l&rsquo;OMS et de l&rsquo; UNICEF.\u00a0\u00bb Nous avons saisi cette opportunit\u00e9 pour renforcer le syst\u00e8me de Sant\u00e9 en renfor\u00e7ant les capacit\u00e9s du centre e- sant\u00e9 de l&rsquo; INSP et couvrir tous les 113 districts sanitaires en kit de visio- conf\u00e9rence. L&rsquo; extension de la plateforme de formation \u00e0 distance a \u00e9t\u00e9 possible gr\u00e2ce \u00e0 la mobilisation des ressources financi\u00e8res aupr\u00e8s du gouvernement ivoirien et de l&rsquo; USAID, conduite par l&rsquo;OMS pour un montant de 400 millions de francs cfa\u00a0\u00bb a -t &#8211; il dit.<\/p>\n<p>Le ministre de la sant\u00e9 de l&rsquo; hygi\u00e8ne publique et de la couverture maladie universelle Pierre Dimba, a salu\u00e9 cette adaptation \u00e0 de nouveau outil pour relever les d\u00e9fis de la sant\u00e9.Il a remercier l&rsquo;OMS et l&rsquo; UNICEF pour leur soutien pour la sant\u00e9, surtout en cette p\u00e9riode de pand\u00e9mie de la covid19. \u00a0\u00bb Cet outil permet de d\u00e9mocratiser les connaissances et toucher les personnes dans les zones les plus recul\u00e9es. En cette p\u00e9riode de t\u00e9l\u00e9travail la plateforme a toute son importance\u00a0\u00bb a-t-il souligne.<br \/>\nLe ministre a test\u00e9 le fonctionnement de la plateforme en \u00e9changeant par visio conf\u00e9rence avec plusieurs Directeurs d\u00e9partementaux de la sant\u00e9 \u00e0 l&rsquo; int\u00e9rieur du pays et avec et avec les responsables de l&rsquo;OMS depuis Brazzaville et Gen\u00e8ve.<br \/>\nCalvin Wandji<\/p>\n<p>&nbsp;<\/p>\n","protected":false},"excerpt":{"rendered":"<p>L&rsquo; Institut National de la Sant\u00e9 Publique ( INSP), a abrit\u00e9 le vendredi 15 octobre, la c\u00e9r\u00e9monie de remise officielle de la plateforme E-Learning, log\u00e9e au sein cet institut. Le e- learning est une intervention faisant partie int\u00e9grante de la strat\u00e9gie nationale de t\u00e9l\u00e9m\u00e9decine, recommand\u00e9e par l&rsquo;Organisation Mondiale de la sant\u00e9 ( OMS). C&rsquo; est [&hellip;]<\/p>\n","protected":false},"author":2,"featured_media":3040,"comment_status":"closed","ping_status":"closed","sticky":true,"template":"","format":"standard","meta":{"_acf_changed":false,"footnotes":""},"categories":[],"tags":[],"class_list":["post-3039","post","type-post","status-publish","format-standard","has-post-thumbnail","hentry"],"acf":[],"yoast_head":"<!-- This site is optimized with the Yoast SEO plugin v27.5 - https:\/\/yoast.com\/product\/yoast-seo-wordpress\/ -->\n<title>INSP\/ Formation \u00e0 distance: Le Centre E- Learning remis officiellement au minist\u00e8re de la sant\u00e9 - Amanien| L&#039;actualit\u00e9 Ivoirienne et Internationale<\/title>\n<meta name=\"robots\" content=\"index, follow, max-snippet:-1, max-image-preview:large, max-video-preview:-1\" \/>\n<link rel=\"canonical\" href=\"https:\/\/www.amanien.info\/news\/insp-formation-a-distance-le-centre-e-learning-remis-officiellement-au-ministere-de-la-sante\/\" \/>\n<meta property=\"og:locale\" content=\"fr_FR\" \/>\n<meta property=\"og:type\" content=\"article\" \/>\n<meta property=\"og:title\" content=\"INSP\/ Formation \u00e0 distance: Le Centre E- Learning remis officiellement au minist\u00e8re de la sant\u00e9 - Amanien| L&#039;actualit\u00e9 Ivoirienne et Internationale\" \/>\n<meta property=\"og:description\" content=\"L&rsquo; Institut National de la Sant\u00e9 Publique ( INSP), a abrit\u00e9 le vendredi 15 octobre, la c\u00e9r\u00e9monie de remise officielle de la plateforme E-Learning, log\u00e9e au sein cet institut. Le e- learning est une intervention faisant partie int\u00e9grante de la strat\u00e9gie nationale de t\u00e9l\u00e9m\u00e9decine, recommand\u00e9e par l&rsquo;Organisation Mondiale de la sant\u00e9 ( OMS). C&rsquo; est [&hellip;]\" \/>\n<meta property=\"og:url\" content=\"https:\/\/www.amanien.info\/news\/insp-formation-a-distance-le-centre-e-learning-remis-officiellement-au-ministere-de-la-sante\/\" \/>\n<meta property=\"og:site_name\" content=\"Amanien| L&#039;actualit\u00e9 Ivoirienne et Internationale\" \/>\n<meta property=\"article:published_time\" content=\"2021-10-18T11:06:43+00:00\" \/>\n<meta property=\"article:modified_time\" content=\"2021-10-18T11:07:17+00:00\" \/>\n<meta property=\"og:image\" content=\"https:\/\/www.amanien.info\/news\/wp-content\/uploads\/2021\/10\/IMG_0619-1-scaled.jpg\" \/>\n\t<meta property=\"og:image:width\" content=\"2560\" \/>\n\t<meta property=\"og:image:height\" content=\"1707\" \/>\n\t<meta property=\"og:image:type\" content=\"image\/jpeg\" \/>\n<meta name=\"author\" content=\"Germain Ndri\" \/>\n<meta name=\"twitter:card\" content=\"summary_large_image\" \/>\n<meta name=\"twitter:label1\" content=\"\u00c9crit par\" \/>\n\t<meta name=\"twitter:data1\" content=\"Germain Ndri\" \/>\n\t<meta name=\"twitter:label2\" content=\"Dur\u00e9e de lecture estim\u00e9e\" \/>\n\t<meta name=\"twitter:data2\" content=\"2 minutes\" \/>\n<script type=\"application\/ld+json\" class=\"yoast-schema-graph\">{\"@context\":\"https:\\\/\\\/schema.org\",\"@graph\":[{\"@type\":\"Article\",\"@id\":\"https:\\\/\\\/www.amanien.info\\\/news\\\/insp-formation-a-distance-le-centre-e-learning-remis-officiellement-au-ministere-de-la-sante\\\/#article\",\"isPartOf\":{\"@id\":\"https:\\\/\\\/www.amanien.info\\\/news\\\/insp-formation-a-distance-le-centre-e-learning-remis-officiellement-au-ministere-de-la-sante\\\/\"},\"author\":{\"name\":\"Germain Ndri\",\"@id\":\"https:\\\/\\\/www.amanien.info\\\/news\\\/#\\\/schema\\\/person\\\/b21093345753a1a98242d505bd894f42\"},\"headline\":\"INSP\\\/ Formation \u00e0 distance: Le Centre E- Learning remis officiellement au minist\u00e8re de la sant\u00e9\",\"datePublished\":\"2021-10-18T11:06:43+00:00\",\"dateModified\":\"2021-10-18T11:07:17+00:00\",\"mainEntityOfPage\":{\"@id\":\"https:\\\/\\\/www.amanien.info\\\/news\\\/insp-formation-a-distance-le-centre-e-learning-remis-officiellement-au-ministere-de-la-sante\\\/\"},\"wordCount\":496,\"image\":{\"@id\":\"https:\\\/\\\/www.amanien.info\\\/news\\\/insp-formation-a-distance-le-centre-e-learning-remis-officiellement-au-ministere-de-la-sante\\\/#primaryimage\"},\"thumbnailUrl\":\"https:\\\/\\\/www.amanien.info\\\/news\\\/wp-content\\\/uploads\\\/2021\\\/10\\\/IMG_0619-1-scaled.jpg\",\"inLanguage\":\"fr-FR\"},{\"@type\":\"WebPage\",\"@id\":\"https:\\\/\\\/www.amanien.info\\\/news\\\/insp-formation-a-distance-le-centre-e-learning-remis-officiellement-au-ministere-de-la-sante\\\/\",\"url\":\"https:\\\/\\\/www.amanien.info\\\/news\\\/insp-formation-a-distance-le-centre-e-learning-remis-officiellement-au-ministere-de-la-sante\\\/\",\"name\":\"INSP\\\/ Formation \u00e0 distance: Le Centre E- Learning remis officiellement au minist\u00e8re de la sant\u00e9 - Amanien| L&#039;actualit\u00e9 Ivoirienne et Internationale\",\"isPartOf\":{\"@id\":\"https:\\\/\\\/www.amanien.info\\\/news\\\/#website\"},\"primaryImageOfPage\":{\"@id\":\"https:\\\/\\\/www.amanien.info\\\/news\\\/insp-formation-a-distance-le-centre-e-learning-remis-officiellement-au-ministere-de-la-sante\\\/#primaryimage\"},\"image\":{\"@id\":\"https:\\\/\\\/www.amanien.info\\\/news\\\/insp-formation-a-distance-le-centre-e-learning-remis-officiellement-au-ministere-de-la-sante\\\/#primaryimage\"},\"thumbnailUrl\":\"https:\\\/\\\/www.amanien.info\\\/news\\\/wp-content\\\/uploads\\\/2021\\\/10\\\/IMG_0619-1-scaled.jpg\",\"datePublished\":\"2021-10-18T11:06:43+00:00\",\"dateModified\":\"2021-10-18T11:07:17+00:00\",\"author\":{\"@id\":\"https:\\\/\\\/www.amanien.info\\\/news\\\/#\\\/schema\\\/person\\\/b21093345753a1a98242d505bd894f42\"},\"breadcrumb\":{\"@id\":\"https:\\\/\\\/www.amanien.info\\\/news\\\/insp-formation-a-distance-le-centre-e-learning-remis-officiellement-au-ministere-de-la-sante\\\/#breadcrumb\"},\"inLanguage\":\"fr-FR\",\"potentialAction\":[{\"@type\":\"ReadAction\",\"target\":[\"https:\\\/\\\/www.amanien.info\\\/news\\\/insp-formation-a-distance-le-centre-e-learning-remis-officiellement-au-ministere-de-la-sante\\\/\"]}]},{\"@type\":\"ImageObject\",\"inLanguage\":\"fr-FR\",\"@id\":\"https:\\\/\\\/www.amanien.info\\\/news\\\/insp-formation-a-distance-le-centre-e-learning-remis-officiellement-au-ministere-de-la-sante\\\/#primaryimage\",\"url\":\"https:\\\/\\\/www.amanien.info\\\/news\\\/wp-content\\\/uploads\\\/2021\\\/10\\\/IMG_0619-1-scaled.jpg\",\"contentUrl\":\"https:\\\/\\\/www.amanien.info\\\/news\\\/wp-content\\\/uploads\\\/2021\\\/10\\\/IMG_0619-1-scaled.jpg\",\"width\":2560,\"height\":1707},{\"@type\":\"BreadcrumbList\",\"@id\":\"https:\\\/\\\/www.amanien.info\\\/news\\\/insp-formation-a-distance-le-centre-e-learning-remis-officiellement-au-ministere-de-la-sante\\\/#breadcrumb\",\"itemListElement\":[{\"@type\":\"ListItem\",\"position\":1,\"name\":\"Accueil\",\"item\":\"https:\\\/\\\/www.amanien.info\\\/news\\\/\"},{\"@type\":\"ListItem\",\"position\":2,\"name\":\"INSP\\\/ Formation \u00e0 distance: Le Centre E- Learning remis officiellement au minist\u00e8re de la sant\u00e9\"}]},{\"@type\":\"WebSite\",\"@id\":\"https:\\\/\\\/www.amanien.info\\\/news\\\/#website\",\"url\":\"https:\\\/\\\/www.amanien.info\\\/news\\\/\",\"name\":\"Amanien| L&#039;actualit\u00e9 Ivoirienne et Internationale\",\"description\":\"L&#039;actualit\u00e9 Ivoirienne et Internationale\",\"potentialAction\":[{\"@type\":\"SearchAction\",\"target\":{\"@type\":\"EntryPoint\",\"urlTemplate\":\"https:\\\/\\\/www.amanien.info\\\/news\\\/?s={search_term_string}\"},\"query-input\":{\"@type\":\"PropertyValueSpecification\",\"valueRequired\":true,\"valueName\":\"search_term_string\"}}],\"inLanguage\":\"fr-FR\"},{\"@type\":\"Person\",\"@id\":\"https:\\\/\\\/www.amanien.info\\\/news\\\/#\\\/schema\\\/person\\\/b21093345753a1a98242d505bd894f42\",\"name\":\"Germain Ndri\",\"url\":\"https:\\\/\\\/www.amanien.info\\\/news\\\/author\\\/amanien-infos\\\/\"}]}<\/script>\n<!-- \/ Yoast SEO plugin. -->","yoast_head_json":{"title":"INSP\/ Formation \u00e0 distance: Le Centre E- Learning remis officiellement au minist\u00e8re de la sant\u00e9 - Amanien| L&#039;actualit\u00e9 Ivoirienne et Internationale","robots":{"index":"index","follow":"follow","max-snippet":"max-snippet:-1","max-image-preview":"max-image-preview:large","max-video-preview":"max-video-preview:-1"},"canonical":"https:\/\/www.amanien.info\/news\/insp-formation-a-distance-le-centre-e-learning-remis-officiellement-au-ministere-de-la-sante\/","og_locale":"fr_FR","og_type":"article","og_title":"INSP\/ Formation \u00e0 distance: Le Centre E- Learning remis officiellement au minist\u00e8re de la sant\u00e9 - Amanien| L&#039;actualit\u00e9 Ivoirienne et Internationale","og_description":"L&rsquo; Institut National de la Sant\u00e9 Publique ( INSP), a abrit\u00e9 le vendredi 15 octobre, la c\u00e9r\u00e9monie de remise officielle de la plateforme E-Learning, log\u00e9e au sein cet institut. Le e- learning est une intervention faisant partie int\u00e9grante de la strat\u00e9gie nationale de t\u00e9l\u00e9m\u00e9decine, recommand\u00e9e par l&rsquo;Organisation Mondiale de la sant\u00e9 ( OMS). C&rsquo; est [&hellip;]","og_url":"https:\/\/www.amanien.info\/news\/insp-formation-a-distance-le-centre-e-learning-remis-officiellement-au-ministere-de-la-sante\/","og_site_name":"Amanien| L&#039;actualit\u00e9 Ivoirienne et Internationale","article_published_time":"2021-10-18T11:06:43+00:00","article_modified_time":"2021-10-18T11:07:17+00:00","og_image":[{"width":2560,"height":1707,"url":"https:\/\/www.amanien.info\/news\/wp-content\/uploads\/2021\/10\/IMG_0619-1-scaled.jpg","type":"image\/jpeg"}],"author":"Germain Ndri","twitter_card":"summary_large_image","twitter_misc":{"\u00c9crit par":"Germain Ndri","Dur\u00e9e de lecture estim\u00e9e":"2 minutes"},"schema":{"@context":"https:\/\/schema.org","@graph":[{"@type":"Article","@id":"https:\/\/www.amanien.info\/news\/insp-formation-a-distance-le-centre-e-learning-remis-officiellement-au-ministere-de-la-sante\/#article","isPartOf":{"@id":"https:\/\/www.amanien.info\/news\/insp-formation-a-distance-le-centre-e-learning-remis-officiellement-au-ministere-de-la-sante\/"},"author":{"name":"Germain Ndri","@id":"https:\/\/www.amanien.info\/news\/#\/schema\/person\/b21093345753a1a98242d505bd894f42"},"headline":"INSP\/ Formation \u00e0 distance: Le Centre E- Learning remis officiellement au minist\u00e8re de la sant\u00e9","datePublished":"2021-10-18T11:06:43+00:00","dateModified":"2021-10-18T11:07:17+00:00","mainEntityOfPage":{"@id":"https:\/\/www.amanien.info\/news\/insp-formation-a-distance-le-centre-e-learning-remis-officiellement-au-ministere-de-la-sante\/"},"wordCount":496,"image":{"@id":"https:\/\/www.amanien.info\/news\/insp-formation-a-distance-le-centre-e-learning-remis-officiellement-au-ministere-de-la-sante\/#primaryimage"},"thumbnailUrl":"https:\/\/www.amanien.info\/news\/wp-content\/uploads\/2021\/10\/IMG_0619-1-scaled.jpg","inLanguage":"fr-FR"},{"@type":"WebPage","@id":"https:\/\/www.amanien.info\/news\/insp-formation-a-distance-le-centre-e-learning-remis-officiellement-au-ministere-de-la-sante\/","url":"https:\/\/www.amanien.info\/news\/insp-formation-a-distance-le-centre-e-learning-remis-officiellement-au-ministere-de-la-sante\/","name":"INSP\/ Formation \u00e0 distance: Le Centre E- Learning remis officiellement au minist\u00e8re de la sant\u00e9 - Amanien| L&#039;actualit\u00e9 Ivoirienne et Internationale","isPartOf":{"@id":"https:\/\/www.amanien.info\/news\/#website"},"primaryImageOfPage":{"@id":"https:\/\/www.amanien.info\/news\/insp-formation-a-distance-le-centre-e-learning-remis-officiellement-au-ministere-de-la-sante\/#primaryimage"},"image":{"@id":"https:\/\/www.amanien.info\/news\/insp-formation-a-distance-le-centre-e-learning-remis-officiellement-au-ministere-de-la-sante\/#primaryimage"},"thumbnailUrl":"https:\/\/www.amanien.info\/news\/wp-content\/uploads\/2021\/10\/IMG_0619-1-scaled.jpg","datePublished":"2021-10-18T11:06:43+00:00","dateModified":"2021-10-18T11:07:17+00:00","author":{"@id":"https:\/\/www.amanien.info\/news\/#\/schema\/person\/b21093345753a1a98242d505bd894f42"},"breadcrumb":{"@id":"https:\/\/www.amanien.info\/news\/insp-formation-a-distance-le-centre-e-learning-remis-officiellement-au-ministere-de-la-sante\/#breadcrumb"},"inLanguage":"fr-FR","potentialAction":[{"@type":"ReadAction","target":["https:\/\/www.amanien.info\/news\/insp-formation-a-distance-le-centre-e-learning-remis-officiellement-au-ministere-de-la-sante\/"]}]},{"@type":"ImageObject","inLanguage":"fr-FR","@id":"https:\/\/www.amanien.info\/news\/insp-formation-a-distance-le-centre-e-learning-remis-officiellement-au-ministere-de-la-sante\/#primaryimage","url":"https:\/\/www.amanien.info\/news\/wp-content\/uploads\/2021\/10\/IMG_0619-1-scaled.jpg","contentUrl":"https:\/\/www.amanien.info\/news\/wp-content\/uploads\/2021\/10\/IMG_0619-1-scaled.jpg","width":2560,"height":1707},{"@type":"BreadcrumbList","@id":"https:\/\/www.amanien.info\/news\/insp-formation-a-distance-le-centre-e-learning-remis-officiellement-au-ministere-de-la-sante\/#breadcrumb","itemListElement":[{"@type":"ListItem","position":1,"name":"Accueil","item":"https:\/\/www.amanien.info\/news\/"},{"@type":"ListItem","position":2,"name":"INSP\/ Formation \u00e0 distance: Le Centre E- Learning remis officiellement au minist\u00e8re de la sant\u00e9"}]},{"@type":"WebSite","@id":"https:\/\/www.amanien.info\/news\/#website","url":"https:\/\/www.amanien.info\/news\/","name":"Amanien| L&#039;actualit\u00e9 Ivoirienne et Internationale","description":"L&#039;actualit\u00e9 Ivoirienne et Internationale","potentialAction":[{"@type":"SearchAction","target":{"@type":"EntryPoint","urlTemplate":"https:\/\/www.amanien.info\/news\/?s={search_term_string}"},"query-input":{"@type":"PropertyValueSpecification","valueRequired":true,"valueName":"search_term_string"}}],"inLanguage":"fr-FR"},{"@type":"Person","@id":"https:\/\/www.amanien.info\/news\/#\/schema\/person\/b21093345753a1a98242d505bd894f42","name":"Germain Ndri","url":"https:\/\/www.amanien.info\/news\/author\/amanien-infos\/"}]}},"_links":{"self":[{"href":"https:\/\/www.amanien.info\/news\/wp-json\/wp\/v2\/posts\/3039","targetHints":{"allow":["GET"]}}],"collection":[{"href":"https:\/\/www.amanien.info\/news\/wp-json\/wp\/v2\/posts"}],"about":[{"href":"https:\/\/www.amanien.info\/news\/wp-json\/wp\/v2\/types\/post"}],"author":[{"embeddable":true,"href":"https:\/\/www.amanien.info\/news\/wp-json\/wp\/v2\/users\/2"}],"replies":[{"embeddable":true,"href":"https:\/\/www.amanien.info\/news\/wp-json\/wp\/v2\/comments?post=3039"}],"version-history":[{"count":1,"href":"https:\/\/www.amanien.info\/news\/wp-json\/wp\/v2\/posts\/3039\/revisions"}],"predecessor-version":[{"id":3041,"href":"https:\/\/www.amanien.info\/news\/wp-json\/wp\/v2\/posts\/3039\/revisions\/3041"}],"wp:featuredmedia":[{"embeddable":true,"href":"https:\/\/www.amanien.info\/news\/wp-json\/wp\/v2\/media\/3040"}],"wp:attachment":[{"href":"https:\/\/www.amanien.info\/news\/wp-json\/wp\/v2\/media?parent=3039"}],"wp:term":[{"taxonomy":"category","embeddable":true,"href":"https:\/\/www.amanien.info\/news\/wp-json\/wp\/v2\/categories?post=3039"},{"taxonomy":"post_tag","embeddable":true,"href":"https:\/\/www.amanien.info\/news\/wp-json\/wp\/v2\/tags?post=3039"}],"curies":[{"name":"wp","href":"https:\/\/api.w.org\/{rel}","templated":true}]}}