{"id":3006,"date":"2021-10-04T12:52:41","date_gmt":"2021-10-04T12:52:41","guid":{"rendered":"https:\/\/www.https:\/\/zozo.buyee.jp\/\/news\/?p=3006"},"modified":"2021-10-04T12:53:41","modified_gmt":"2021-10-04T12:53:41","slug":"energie-le-chef-de-letat-a-eu-un-entretien-avec-le-president-directeur-general-du-groupe-eni","status":"publish","type":"post","link":"https:\/\/www.amanien.info\/news\/energie-le-chef-de-letat-a-eu-un-entretien-avec-le-president-directeur-general-du-groupe-eni\/","title":{"rendered":"\u00c9nergie: Le Chef de l\u2019\u00c9tat a eu un entretien avec le Pr\u00e9sident-Directeur G\u00e9n\u00e9ral du Groupe ENI"},"content":{"rendered":"<div class=\"I_52qC D_FY W_6D6F\" data-test-id=\"message-view-body\">\n<div class=\"msg-body P_wpofO mq_AS\" data-test-id=\"message-view-body-content\">\n<div class=\"jb_0 X_6MGW N_6Fd5\">\n<div>\n<div id=\"yiv2467031385\">\n<div>Le Pr\u00e9sident de la R\u00e9publique, S.E.M. Alassane OUATTARA, a \u00e9chang\u00e9, ce vendredi 1er octobre 2021, avec M. Claudio DESCALZI, Pr\u00e9sident-Directeur G\u00e9n\u00e9ral du Groupe ENI (Ente Nazionale Idrocarburi), pr\u00e9sent dans les secteurs du p\u00e9trole, du gaz naturel, de la p\u00e9trochimie, de la production d\u2019\u00e9nergie \u00e9lectrique et de l\u2019ing\u00e9nierie.L\u2019entretien a port\u00e9 sur les activit\u00e9s du Groupe ENI en C\u00f4te d\u2019Ivoire, notamment la d\u00e9couverte majeure de p\u00e9trole brut et de gaz naturel dans le bassin s\u00e9dimentaire de notre pays.Le Pr\u00e9sident-Directeur G\u00e9n\u00e9ral du Groupe ENI s\u2019est f\u00e9licit\u00e9 de cette importante d\u00e9couverte, qui permettra de doubler la production du gaz et d\u2019accro\u00eetre la production d\u2019\u00e9nergie \u00e9lectrique de notre pays.Les perspectives d\u2019investissements du Groupe ENI en C\u00f4te d\u2019Ivoire ont \u00e9t\u00e9 \u00e9galement \u00e9voqu\u00e9es.M. Claudio DESCALZI a, par ailleurs, r\u00e9it\u00e9r\u00e9 la volont\u00e9 de son Groupe d\u2019exploiter les gisements de p\u00e9trole et de gaz d\u00e9couverts en r\u00e9duisant les \u00e9missions de CO2 et en \u0153uvrant pour la conservation des for\u00eats primaires et secondaires ainsi que de la biodiversit\u00e9.Pour terminer, le Pr\u00e9sident-Directeur G\u00e9n\u00e9ral du Groupe ENI a salu\u00e9 les efforts du Pr\u00e9sident Alassane OUATTARA et du Gouvernement pour l\u2019am\u00e9lioration de l\u2019environnement des affaires et le d\u00e9veloppement industriel de la C\u00f4te d\u2019Ivoire.<\/p>\n<div>Notons que le Ministre, Secr\u00e9taire G\u00e9n\u00e9ral de la Pr\u00e9sidence de la R\u00e9publique, M. Abdourahmane CISSE, le Ministre de l\u2019\u00c9conomie et des Finances, M. Adama COULIBALY, et le Ministre des Mines, du P\u00e9trole et de l\u2019\u00c9nergie, M. Thomas CAMARA, ont pris part \u00e0 cet entretien.<\/div>\n<\/div>\n<\/div>\n<\/div>\n<\/div>\n<\/div>\n<div class=\"jb_0 X_6MGW N_6Fd5\"><\/div>\n<\/div>\n<div class=\"H_7jIs D_F ab_C Q_69H5 E_36RhU\" data-test-id=\"toolbar-hover-area\">\n<div class=\"D_F W_6D6F r_BN gl_C\" data-test-id=\"card-toolbar\">\n<div class=\"D_F ab_C en_0 b_Z14vXdP e_3mS2U I_52qC P_Z1otBpf\">\n<ul class=\"hd_n P_0 H_6D6F M_0 ir3_0 iy_h D_F ab_C\" tabindex=\"0\" role=\"menubar\" data-test-id=\"navigable-list\">\n<li class=\"G_e p_R\" role=\"menuitem\"><\/li>\n<\/ul>\n<\/div>\n<\/div>\n<\/div>\n<ul>\n<li class=\"G_e p_R\" role=\"menuitem\"><\/li>\n<li class=\"G_e p_R\" role=\"menuitem\"><\/li>\n<li class=\"G_e p_R\" role=\"menuitem\">\n<div class=\"D_F cdPFi_Z1RVMOO cdPFi4_Z2aVTcY\" data-test-id=\"popover-container\"><\/div>\n<\/li>\n<\/ul>\n","protected":false},"excerpt":{"rendered":"<p>Le Pr\u00e9sident de la R\u00e9publique, S.E.M. Alassane OUATTARA, a \u00e9chang\u00e9, ce vendredi 1er octobre 2021, avec M. Claudio DESCALZI, Pr\u00e9sident-Directeur G\u00e9n\u00e9ral du Groupe ENI (Ente Nazionale Idrocarburi), pr\u00e9sent dans les secteurs du p\u00e9trole, du gaz naturel, de la p\u00e9trochimie, de la production d\u2019\u00e9nergie \u00e9lectrique et de l\u2019ing\u00e9nierie.L\u2019entretien a port\u00e9 sur les activit\u00e9s du Groupe ENI [&hellip;]<\/p>\n","protected":false},"author":2,"featured_media":3007,"comment_status":"closed","ping_status":"closed","sticky":true,"template":"","format":"standard","meta":{"_acf_changed":false,"footnotes":""},"categories":[],"tags":[],"class_list":["post-3006","post","type-post","status-publish","format-standard","has-post-thumbnail","hentry"],"acf":[],"yoast_head":"<!-- This site is optimized with the Yoast SEO plugin v27.5 - https:\/\/yoast.com\/product\/yoast-seo-wordpress\/ -->\n<title>\u00c9nergie: Le Chef de l\u2019\u00c9tat a eu un entretien avec le Pr\u00e9sident-Directeur G\u00e9n\u00e9ral du Groupe ENI - Amanien| L&#039;actualit\u00e9 Ivoirienne et Internationale<\/title>\n<meta name=\"robots\" content=\"index, follow, max-snippet:-1, max-image-preview:large, max-video-preview:-1\" \/>\n<link rel=\"canonical\" href=\"https:\/\/www.amanien.info\/news\/energie-le-chef-de-letat-a-eu-un-entretien-avec-le-president-directeur-general-du-groupe-eni\/\" \/>\n<meta property=\"og:locale\" content=\"fr_FR\" \/>\n<meta property=\"og:type\" content=\"article\" \/>\n<meta property=\"og:title\" content=\"\u00c9nergie: Le Chef de l\u2019\u00c9tat a eu un entretien avec le Pr\u00e9sident-Directeur G\u00e9n\u00e9ral du Groupe ENI - Amanien| L&#039;actualit\u00e9 Ivoirienne et Internationale\" \/>\n<meta property=\"og:description\" content=\"Le Pr\u00e9sident de la R\u00e9publique, S.E.M. Alassane OUATTARA, a \u00e9chang\u00e9, ce vendredi 1er octobre 2021, avec M. Claudio DESCALZI, Pr\u00e9sident-Directeur G\u00e9n\u00e9ral du Groupe ENI (Ente Nazionale Idrocarburi), pr\u00e9sent dans les secteurs du p\u00e9trole, du gaz naturel, de la p\u00e9trochimie, de la production d\u2019\u00e9nergie \u00e9lectrique et de l\u2019ing\u00e9nierie.L\u2019entretien a port\u00e9 sur les activit\u00e9s du Groupe ENI [&hellip;]\" \/>\n<meta property=\"og:url\" content=\"https:\/\/www.amanien.info\/news\/energie-le-chef-de-letat-a-eu-un-entretien-avec-le-president-directeur-general-du-groupe-eni\/\" \/>\n<meta property=\"og:site_name\" content=\"Amanien| L&#039;actualit\u00e9 Ivoirienne et Internationale\" \/>\n<meta property=\"article:published_time\" content=\"2021-10-04T12:52:41+00:00\" \/>\n<meta property=\"article:modified_time\" content=\"2021-10-04T12:53:41+00:00\" \/>\n<meta property=\"og:image\" content=\"https:\/\/www.amanien.info\/news\/wp-content\/uploads\/2021\/10\/thumbnail.png\" \/>\n\t<meta property=\"og:image:width\" content=\"900\" \/>\n\t<meta property=\"og:image:height\" content=\"599\" \/>\n\t<meta property=\"og:image:type\" content=\"image\/png\" \/>\n<meta name=\"author\" content=\"Germain Ndri\" \/>\n<meta name=\"twitter:card\" content=\"summary_large_image\" \/>\n<meta name=\"twitter:label1\" content=\"\u00c9crit par\" \/>\n\t<meta name=\"twitter:data1\" content=\"Germain Ndri\" \/>\n\t<meta name=\"twitter:label2\" content=\"Dur\u00e9e de lecture estim\u00e9e\" \/>\n\t<meta name=\"twitter:data2\" content=\"2 minutes\" \/>\n<script type=\"application\/ld+json\" class=\"yoast-schema-graph\">{\"@context\":\"https:\\\/\\\/schema.org\",\"@graph\":[{\"@type\":\"Article\",\"@id\":\"https:\\\/\\\/www.amanien.info\\\/news\\\/energie-le-chef-de-letat-a-eu-un-entretien-avec-le-president-directeur-general-du-groupe-eni\\\/#article\",\"isPartOf\":{\"@id\":\"https:\\\/\\\/www.amanien.info\\\/news\\\/energie-le-chef-de-letat-a-eu-un-entretien-avec-le-president-directeur-general-du-groupe-eni\\\/\"},\"author\":{\"name\":\"Germain Ndri\",\"@id\":\"https:\\\/\\\/www.amanien.info\\\/news\\\/#\\\/schema\\\/person\\\/b21093345753a1a98242d505bd894f42\"},\"headline\":\"\u00c9nergie: Le Chef de l\u2019\u00c9tat a eu un entretien avec le Pr\u00e9sident-Directeur G\u00e9n\u00e9ral du Groupe ENI\",\"datePublished\":\"2021-10-04T12:52:41+00:00\",\"dateModified\":\"2021-10-04T12:53:41+00:00\",\"mainEntityOfPage\":{\"@id\":\"https:\\\/\\\/www.amanien.info\\\/news\\\/energie-le-chef-de-letat-a-eu-un-entretien-avec-le-president-directeur-general-du-groupe-eni\\\/\"},\"wordCount\":315,\"image\":{\"@id\":\"https:\\\/\\\/www.amanien.info\\\/news\\\/energie-le-chef-de-letat-a-eu-un-entretien-avec-le-president-directeur-general-du-groupe-eni\\\/#primaryimage\"},\"thumbnailUrl\":\"https:\\\/\\\/www.amanien.info\\\/news\\\/wp-content\\\/uploads\\\/2021\\\/10\\\/thumbnail.png\",\"inLanguage\":\"fr-FR\"},{\"@type\":\"WebPage\",\"@id\":\"https:\\\/\\\/www.amanien.info\\\/news\\\/energie-le-chef-de-letat-a-eu-un-entretien-avec-le-president-directeur-general-du-groupe-eni\\\/\",\"url\":\"https:\\\/\\\/www.amanien.info\\\/news\\\/energie-le-chef-de-letat-a-eu-un-entretien-avec-le-president-directeur-general-du-groupe-eni\\\/\",\"name\":\"\u00c9nergie: Le Chef de l\u2019\u00c9tat a eu un entretien avec le Pr\u00e9sident-Directeur G\u00e9n\u00e9ral du Groupe ENI - Amanien| L&#039;actualit\u00e9 Ivoirienne et Internationale\",\"isPartOf\":{\"@id\":\"https:\\\/\\\/www.amanien.info\\\/news\\\/#website\"},\"primaryImageOfPage\":{\"@id\":\"https:\\\/\\\/www.amanien.info\\\/news\\\/energie-le-chef-de-letat-a-eu-un-entretien-avec-le-president-directeur-general-du-groupe-eni\\\/#primaryimage\"},\"image\":{\"@id\":\"https:\\\/\\\/www.amanien.info\\\/news\\\/energie-le-chef-de-letat-a-eu-un-entretien-avec-le-president-directeur-general-du-groupe-eni\\\/#primaryimage\"},\"thumbnailUrl\":\"https:\\\/\\\/www.amanien.info\\\/news\\\/wp-content\\\/uploads\\\/2021\\\/10\\\/thumbnail.png\",\"datePublished\":\"2021-10-04T12:52:41+00:00\",\"dateModified\":\"2021-10-04T12:53:41+00:00\",\"author\":{\"@id\":\"https:\\\/\\\/www.amanien.info\\\/news\\\/#\\\/schema\\\/person\\\/b21093345753a1a98242d505bd894f42\"},\"breadcrumb\":{\"@id\":\"https:\\\/\\\/www.amanien.info\\\/news\\\/energie-le-chef-de-letat-a-eu-un-entretien-avec-le-president-directeur-general-du-groupe-eni\\\/#breadcrumb\"},\"inLanguage\":\"fr-FR\",\"potentialAction\":[{\"@type\":\"ReadAction\",\"target\":[\"https:\\\/\\\/www.amanien.info\\\/news\\\/energie-le-chef-de-letat-a-eu-un-entretien-avec-le-president-directeur-general-du-groupe-eni\\\/\"]}]},{\"@type\":\"ImageObject\",\"inLanguage\":\"fr-FR\",\"@id\":\"https:\\\/\\\/www.amanien.info\\\/news\\\/energie-le-chef-de-letat-a-eu-un-entretien-avec-le-president-directeur-general-du-groupe-eni\\\/#primaryimage\",\"url\":\"https:\\\/\\\/www.amanien.info\\\/news\\\/wp-content\\\/uploads\\\/2021\\\/10\\\/thumbnail.png\",\"contentUrl\":\"https:\\\/\\\/www.amanien.info\\\/news\\\/wp-content\\\/uploads\\\/2021\\\/10\\\/thumbnail.png\",\"width\":900,\"height\":599},{\"@type\":\"BreadcrumbList\",\"@id\":\"https:\\\/\\\/www.amanien.info\\\/news\\\/energie-le-chef-de-letat-a-eu-un-entretien-avec-le-president-directeur-general-du-groupe-eni\\\/#breadcrumb\",\"itemListElement\":[{\"@type\":\"ListItem\",\"position\":1,\"name\":\"Accueil\",\"item\":\"https:\\\/\\\/www.amanien.info\\\/news\\\/\"},{\"@type\":\"ListItem\",\"position\":2,\"name\":\"\u00c9nergie: Le Chef de l\u2019\u00c9tat a eu un entretien avec le Pr\u00e9sident-Directeur G\u00e9n\u00e9ral du Groupe ENI\"}]},{\"@type\":\"WebSite\",\"@id\":\"https:\\\/\\\/www.amanien.info\\\/news\\\/#website\",\"url\":\"https:\\\/\\\/www.amanien.info\\\/news\\\/\",\"name\":\"Amanien| L&#039;actualit\u00e9 Ivoirienne et Internationale\",\"description\":\"L&#039;actualit\u00e9 Ivoirienne et Internationale\",\"potentialAction\":[{\"@type\":\"SearchAction\",\"target\":{\"@type\":\"EntryPoint\",\"urlTemplate\":\"https:\\\/\\\/www.amanien.info\\\/news\\\/?s={search_term_string}\"},\"query-input\":{\"@type\":\"PropertyValueSpecification\",\"valueRequired\":true,\"valueName\":\"search_term_string\"}}],\"inLanguage\":\"fr-FR\"},{\"@type\":\"Person\",\"@id\":\"https:\\\/\\\/www.amanien.info\\\/news\\\/#\\\/schema\\\/person\\\/b21093345753a1a98242d505bd894f42\",\"name\":\"Germain Ndri\",\"url\":\"https:\\\/\\\/www.amanien.info\\\/news\\\/author\\\/amanien-infos\\\/\"}]}<\/script>\n<!-- \/ Yoast SEO plugin. -->","yoast_head_json":{"title":"\u00c9nergie: Le Chef de l\u2019\u00c9tat a eu un entretien avec le Pr\u00e9sident-Directeur G\u00e9n\u00e9ral du Groupe ENI - Amanien| L&#039;actualit\u00e9 Ivoirienne et Internationale","robots":{"index":"index","follow":"follow","max-snippet":"max-snippet:-1","max-image-preview":"max-image-preview:large","max-video-preview":"max-video-preview:-1"},"canonical":"https:\/\/www.amanien.info\/news\/energie-le-chef-de-letat-a-eu-un-entretien-avec-le-president-directeur-general-du-groupe-eni\/","og_locale":"fr_FR","og_type":"article","og_title":"\u00c9nergie: Le Chef de l\u2019\u00c9tat a eu un entretien avec le Pr\u00e9sident-Directeur G\u00e9n\u00e9ral du Groupe ENI - Amanien| L&#039;actualit\u00e9 Ivoirienne et Internationale","og_description":"Le Pr\u00e9sident de la R\u00e9publique, S.E.M. Alassane OUATTARA, a \u00e9chang\u00e9, ce vendredi 1er octobre 2021, avec M. Claudio DESCALZI, Pr\u00e9sident-Directeur G\u00e9n\u00e9ral du Groupe ENI (Ente Nazionale Idrocarburi), pr\u00e9sent dans les secteurs du p\u00e9trole, du gaz naturel, de la p\u00e9trochimie, de la production d\u2019\u00e9nergie \u00e9lectrique et de l\u2019ing\u00e9nierie.L\u2019entretien a port\u00e9 sur les activit\u00e9s du Groupe ENI [&hellip;]","og_url":"https:\/\/www.amanien.info\/news\/energie-le-chef-de-letat-a-eu-un-entretien-avec-le-president-directeur-general-du-groupe-eni\/","og_site_name":"Amanien| L&#039;actualit\u00e9 Ivoirienne et Internationale","article_published_time":"2021-10-04T12:52:41+00:00","article_modified_time":"2021-10-04T12:53:41+00:00","og_image":[{"width":900,"height":599,"url":"https:\/\/www.amanien.info\/news\/wp-content\/uploads\/2021\/10\/thumbnail.png","type":"image\/png"}],"author":"Germain Ndri","twitter_card":"summary_large_image","twitter_misc":{"\u00c9crit par":"Germain Ndri","Dur\u00e9e de lecture estim\u00e9e":"2 minutes"},"schema":{"@context":"https:\/\/schema.org","@graph":[{"@type":"Article","@id":"https:\/\/www.amanien.info\/news\/energie-le-chef-de-letat-a-eu-un-entretien-avec-le-president-directeur-general-du-groupe-eni\/#article","isPartOf":{"@id":"https:\/\/www.amanien.info\/news\/energie-le-chef-de-letat-a-eu-un-entretien-avec-le-president-directeur-general-du-groupe-eni\/"},"author":{"name":"Germain Ndri","@id":"https:\/\/www.amanien.info\/news\/#\/schema\/person\/b21093345753a1a98242d505bd894f42"},"headline":"\u00c9nergie: Le Chef de l\u2019\u00c9tat a eu un entretien avec le Pr\u00e9sident-Directeur G\u00e9n\u00e9ral du Groupe ENI","datePublished":"2021-10-04T12:52:41+00:00","dateModified":"2021-10-04T12:53:41+00:00","mainEntityOfPage":{"@id":"https:\/\/www.amanien.info\/news\/energie-le-chef-de-letat-a-eu-un-entretien-avec-le-president-directeur-general-du-groupe-eni\/"},"wordCount":315,"image":{"@id":"https:\/\/www.amanien.info\/news\/energie-le-chef-de-letat-a-eu-un-entretien-avec-le-president-directeur-general-du-groupe-eni\/#primaryimage"},"thumbnailUrl":"https:\/\/www.amanien.info\/news\/wp-content\/uploads\/2021\/10\/thumbnail.png","inLanguage":"fr-FR"},{"@type":"WebPage","@id":"https:\/\/www.amanien.info\/news\/energie-le-chef-de-letat-a-eu-un-entretien-avec-le-president-directeur-general-du-groupe-eni\/","url":"https:\/\/www.amanien.info\/news\/energie-le-chef-de-letat-a-eu-un-entretien-avec-le-president-directeur-general-du-groupe-eni\/","name":"\u00c9nergie: Le Chef de l\u2019\u00c9tat a eu un entretien avec le Pr\u00e9sident-Directeur G\u00e9n\u00e9ral du Groupe ENI - Amanien| L&#039;actualit\u00e9 Ivoirienne et Internationale","isPartOf":{"@id":"https:\/\/www.amanien.info\/news\/#website"},"primaryImageOfPage":{"@id":"https:\/\/www.amanien.info\/news\/energie-le-chef-de-letat-a-eu-un-entretien-avec-le-president-directeur-general-du-groupe-eni\/#primaryimage"},"image":{"@id":"https:\/\/www.amanien.info\/news\/energie-le-chef-de-letat-a-eu-un-entretien-avec-le-president-directeur-general-du-groupe-eni\/#primaryimage"},"thumbnailUrl":"https:\/\/www.amanien.info\/news\/wp-content\/uploads\/2021\/10\/thumbnail.png","datePublished":"2021-10-04T12:52:41+00:00","dateModified":"2021-10-04T12:53:41+00:00","author":{"@id":"https:\/\/www.amanien.info\/news\/#\/schema\/person\/b21093345753a1a98242d505bd894f42"},"breadcrumb":{"@id":"https:\/\/www.amanien.info\/news\/energie-le-chef-de-letat-a-eu-un-entretien-avec-le-president-directeur-general-du-groupe-eni\/#breadcrumb"},"inLanguage":"fr-FR","potentialAction":[{"@type":"ReadAction","target":["https:\/\/www.amanien.info\/news\/energie-le-chef-de-letat-a-eu-un-entretien-avec-le-president-directeur-general-du-groupe-eni\/"]}]},{"@type":"ImageObject","inLanguage":"fr-FR","@id":"https:\/\/www.amanien.info\/news\/energie-le-chef-de-letat-a-eu-un-entretien-avec-le-president-directeur-general-du-groupe-eni\/#primaryimage","url":"https:\/\/www.amanien.info\/news\/wp-content\/uploads\/2021\/10\/thumbnail.png","contentUrl":"https:\/\/www.amanien.info\/news\/wp-content\/uploads\/2021\/10\/thumbnail.png","width":900,"height":599},{"@type":"BreadcrumbList","@id":"https:\/\/www.amanien.info\/news\/energie-le-chef-de-letat-a-eu-un-entretien-avec-le-president-directeur-general-du-groupe-eni\/#breadcrumb","itemListElement":[{"@type":"ListItem","position":1,"name":"Accueil","item":"https:\/\/www.amanien.info\/news\/"},{"@type":"ListItem","position":2,"name":"\u00c9nergie: Le Chef de l\u2019\u00c9tat a eu un entretien avec le Pr\u00e9sident-Directeur G\u00e9n\u00e9ral du Groupe ENI"}]},{"@type":"WebSite","@id":"https:\/\/www.amanien.info\/news\/#website","url":"https:\/\/www.amanien.info\/news\/","name":"Amanien| L&#039;actualit\u00e9 Ivoirienne et Internationale","description":"L&#039;actualit\u00e9 Ivoirienne et Internationale","potentialAction":[{"@type":"SearchAction","target":{"@type":"EntryPoint","urlTemplate":"https:\/\/www.amanien.info\/news\/?s={search_term_string}"},"query-input":{"@type":"PropertyValueSpecification","valueRequired":true,"valueName":"search_term_string"}}],"inLanguage":"fr-FR"},{"@type":"Person","@id":"https:\/\/www.amanien.info\/news\/#\/schema\/person\/b21093345753a1a98242d505bd894f42","name":"Germain Ndri","url":"https:\/\/www.amanien.info\/news\/author\/amanien-infos\/"}]}},"_links":{"self":[{"href":"https:\/\/www.amanien.info\/news\/wp-json\/wp\/v2\/posts\/3006","targetHints":{"allow":["GET"]}}],"collection":[{"href":"https:\/\/www.amanien.info\/news\/wp-json\/wp\/v2\/posts"}],"about":[{"href":"https:\/\/www.amanien.info\/news\/wp-json\/wp\/v2\/types\/post"}],"author":[{"embeddable":true,"href":"https:\/\/www.amanien.info\/news\/wp-json\/wp\/v2\/users\/2"}],"replies":[{"embeddable":true,"href":"https:\/\/www.amanien.info\/news\/wp-json\/wp\/v2\/comments?post=3006"}],"version-history":[{"count":1,"href":"https:\/\/www.amanien.info\/news\/wp-json\/wp\/v2\/posts\/3006\/revisions"}],"predecessor-version":[{"id":3008,"href":"https:\/\/www.amanien.info\/news\/wp-json\/wp\/v2\/posts\/3006\/revisions\/3008"}],"wp:featuredmedia":[{"embeddable":true,"href":"https:\/\/www.amanien.info\/news\/wp-json\/wp\/v2\/media\/3007"}],"wp:attachment":[{"href":"https:\/\/www.amanien.info\/news\/wp-json\/wp\/v2\/media?parent=3006"}],"wp:term":[{"taxonomy":"category","embeddable":true,"href":"https:\/\/www.amanien.info\/news\/wp-json\/wp\/v2\/categories?post=3006"},{"taxonomy":"post_tag","embeddable":true,"href":"https:\/\/www.amanien.info\/news\/wp-json\/wp\/v2\/tags?post=3006"}],"curies":[{"name":"wp","href":"https:\/\/api.w.org\/{rel}","templated":true}]}}