{"id":2963,"date":"2021-09-22T06:36:34","date_gmt":"2021-09-22T06:36:34","guid":{"rendered":"https:\/\/www.https:\/\/zozo.buyee.jp\/\/news\/?p=2963"},"modified":"2021-09-22T06:37:05","modified_gmt":"2021-09-22T06:37:05","slug":"infrastructures-routieres-le-premier-ministre-patrick-achi-lance-les-travaux-de-renforcement-de-la-cotiere","status":"publish","type":"post","link":"https:\/\/www.amanien.info\/news\/infrastructures-routieres-le-premier-ministre-patrick-achi-lance-les-travaux-de-renforcement-de-la-cotiere\/","title":{"rendered":"Infrastructures routi\u00e8res: le Premier Ministre Patrick Achi lance les travaux de renforcement de la C\u00f4ti\u00e8re"},"content":{"rendered":"<p>Le Premier Ministre ivoirien, Patrick Achi, a proc\u00e9d\u00e9 le 18 septembre \u00e0 San Pedro, au lancement des travaux de renforcement de la C\u00f4ti\u00e8re, pour faciliter les \u00e9changes \u00e9conomiques et commerciaux entre les deux poumons de l&rsquo;\u00e9conomie ivoirienne.<\/p>\n<p>\u00a0\u00bb Les graves crises politico-militaires qu&rsquo;ont connues la C\u00f4te d&rsquo;Ivoire, n&rsquo;ont pas permis de donner \u00e0 cet axe majeur, l&rsquo;entretien qu&rsquo;il aurait fallu au moment o\u00f9 il aurait fallu. Au point que nous en sommes arriv\u00e9s \u00e0 un tel niveau de d\u00e9gradation&#8230; Ce tron\u00e7on r\u00e9clamait en terme de renforcement la somme de plus de 300 milliards de FCFA. Et ce sont ces ressources mobilis\u00e9es par le Pr\u00e9sident de la R\u00e9publique Alassane Ouattara qui permettent de vous dire que dans 15 mois, les travaux de cette nouvelle voie seront achev\u00e9s \u00ab\u00a0, a d\u00e9clar\u00e9 Patrick Achi.<\/p>\n<p>Pour le Chef du gouvernement, le renforcement de la C\u00f4ti\u00e8re pr\u00e9sente non seulement de gros enjeux et opportunit\u00e9s \u00e9conomiques, touristiques et sportifs pour la C\u00f4te d&rsquo;Ivoire, mais il sert \u00e9galement d&rsquo;outil d&rsquo;int\u00e9gration sous-r\u00e9gionale, en ce sens que c&rsquo;est un maillon du r\u00e9seau routier communautaire \u00e0 travers la Transc\u00f4ti\u00e8re qui part de Dakar au S\u00e9n\u00e9gal \u00e0 la fronti\u00e8re du Nigeria.<\/p>\n<p>Patrick Achi a \u00e9galement relev\u00e9 les nombreux impacts socio-\u00e9conomiques de ce projet qui, \u00e0 terme, contribuera \u00e0 l&rsquo;am\u00e9lioration et la densification du r\u00e9seau routier rev\u00eatu, la r\u00e9duction du co\u00fbt et du temps de d\u00e9placement des personnes et des biens, la r\u00e9duction du nombre d&rsquo;accidents \u00e0 travers une meilleure s\u00e9curit\u00e9 routi\u00e8re, la cr\u00e9ation d&#8217;emplois au profit des jeunes de la r\u00e9gion, etc.<\/p>\n<p>Le Ministre de l&rsquo;Equipement et de l&rsquo;Entretien Routier, Am\u00e9d\u00e9e Koffi Kouakou a indiqu\u00e9 que les travaux de renforcement de la route C\u00f4ti\u00e8re longue de 353,5 Km sont r\u00e9partis en trois lots et attribu\u00e9s \u00e0 trois entreprises. Le tron\u00e7on Songon &#8211; Dabou &#8211; Grand-Lahou (93 Km) ; l&rsquo;axe Grand-Lahou &#8211; Fresco (80 Km) et le tron\u00e7on Fresco &#8211; Sassandra &#8211; San Pedro &#8211; Grand-B\u00e9r\u00e9by (180,5 Km). En outre, les localit\u00e9s travers\u00e9es b\u00e9n\u00e9ficieront d&rsquo;un lin\u00e9aire de voirie de 72 Km, dont 25 Km dans la ville de San Pedro.<\/p>\n<p>Le maire de San Pedro, F\u00e9lix Anobl\u00e9, au nom de ses pairs des villes travers\u00e9es et le Ministre, Gouverneur du District du Bas-Sassandra, Philippe L\u00e9gr\u00e9, porte parole des populations, ont relev\u00e9 l&rsquo;importance strat\u00e9gique de la C\u00f4ti\u00e8re. Selon eux, sa r\u00e9habilitation va sortir cette zone du littoral de son enclavement. Ils ont exprim\u00e9 leur gratitude et celle des populations au Pr\u00e9sident Alassane Ouattara pour son sens \u00e9lev\u00e9 du d\u00e9veloppement.<\/p>\n<p>Le co\u00fbt du projet d&rsquo;un montant de 308 milliards de FCFA, est financ\u00e9 par l&rsquo;\u00c9tat de C\u00f4te d&rsquo;Ivoire.<\/p>\n","protected":false},"excerpt":{"rendered":"<p>Le Premier Ministre ivoirien, Patrick Achi, a proc\u00e9d\u00e9 le 18 septembre \u00e0 San Pedro, au lancement des travaux de renforcement de la C\u00f4ti\u00e8re, pour faciliter les \u00e9changes \u00e9conomiques et commerciaux entre les deux poumons de l&rsquo;\u00e9conomie ivoirienne. \u00a0\u00bb Les graves crises politico-militaires qu&rsquo;ont connues la C\u00f4te d&rsquo;Ivoire, n&rsquo;ont pas permis de donner \u00e0 cet axe [&hellip;]<\/p>\n","protected":false},"author":2,"featured_media":2964,"comment_status":"closed","ping_status":"closed","sticky":true,"template":"","format":"standard","meta":{"_acf_changed":false,"footnotes":""},"categories":[],"tags":[],"class_list":["post-2963","post","type-post","status-publish","format-standard","has-post-thumbnail","hentry"],"acf":[],"yoast_head":"<!-- This site is optimized with the Yoast SEO plugin v27.5 - https:\/\/yoast.com\/product\/yoast-seo-wordpress\/ -->\n<title>Infrastructures routi\u00e8res: le Premier Ministre Patrick Achi lance les travaux de renforcement de la C\u00f4ti\u00e8re - Amanien| L&#039;actualit\u00e9 Ivoirienne et Internationale<\/title>\n<meta name=\"robots\" content=\"index, follow, max-snippet:-1, max-image-preview:large, max-video-preview:-1\" \/>\n<link rel=\"canonical\" href=\"https:\/\/www.amanien.info\/news\/infrastructures-routieres-le-premier-ministre-patrick-achi-lance-les-travaux-de-renforcement-de-la-cotiere\/\" \/>\n<meta property=\"og:locale\" content=\"fr_FR\" \/>\n<meta property=\"og:type\" content=\"article\" \/>\n<meta property=\"og:title\" content=\"Infrastructures routi\u00e8res: le Premier Ministre Patrick Achi lance les travaux de renforcement de la C\u00f4ti\u00e8re - Amanien| L&#039;actualit\u00e9 Ivoirienne et Internationale\" \/>\n<meta property=\"og:description\" content=\"Le Premier Ministre ivoirien, Patrick Achi, a proc\u00e9d\u00e9 le 18 septembre \u00e0 San Pedro, au lancement des travaux de renforcement de la C\u00f4ti\u00e8re, pour faciliter les \u00e9changes \u00e9conomiques et commerciaux entre les deux poumons de l&rsquo;\u00e9conomie ivoirienne. \u00a0\u00bb Les graves crises politico-militaires qu&rsquo;ont connues la C\u00f4te d&rsquo;Ivoire, n&rsquo;ont pas permis de donner \u00e0 cet axe [&hellip;]\" \/>\n<meta property=\"og:url\" content=\"https:\/\/www.amanien.info\/news\/infrastructures-routieres-le-premier-ministre-patrick-achi-lance-les-travaux-de-renforcement-de-la-cotiere\/\" \/>\n<meta property=\"og:site_name\" content=\"Amanien| L&#039;actualit\u00e9 Ivoirienne et Internationale\" \/>\n<meta property=\"article:published_time\" content=\"2021-09-22T06:36:34+00:00\" \/>\n<meta property=\"article:modified_time\" content=\"2021-09-22T06:37:05+00:00\" \/>\n<meta property=\"og:image\" content=\"https:\/\/www.amanien.info\/news\/wp-content\/uploads\/2021\/09\/thumbnail-12.jpg\" \/>\n\t<meta property=\"og:image:width\" content=\"1024\" \/>\n\t<meta property=\"og:image:height\" content=\"682\" \/>\n\t<meta property=\"og:image:type\" content=\"image\/jpeg\" \/>\n<meta name=\"author\" content=\"Germain Ndri\" \/>\n<meta name=\"twitter:card\" content=\"summary_large_image\" \/>\n<meta name=\"twitter:label1\" content=\"\u00c9crit par\" \/>\n\t<meta name=\"twitter:data1\" content=\"Germain Ndri\" \/>\n\t<meta name=\"twitter:label2\" content=\"Dur\u00e9e de lecture estim\u00e9e\" \/>\n\t<meta name=\"twitter:data2\" content=\"2 minutes\" \/>\n<script type=\"application\/ld+json\" class=\"yoast-schema-graph\">{\"@context\":\"https:\\\/\\\/schema.org\",\"@graph\":[{\"@type\":\"Article\",\"@id\":\"https:\\\/\\\/www.amanien.info\\\/news\\\/infrastructures-routieres-le-premier-ministre-patrick-achi-lance-les-travaux-de-renforcement-de-la-cotiere\\\/#article\",\"isPartOf\":{\"@id\":\"https:\\\/\\\/www.amanien.info\\\/news\\\/infrastructures-routieres-le-premier-ministre-patrick-achi-lance-les-travaux-de-renforcement-de-la-cotiere\\\/\"},\"author\":{\"name\":\"Germain Ndri\",\"@id\":\"https:\\\/\\\/www.amanien.info\\\/news\\\/#\\\/schema\\\/person\\\/b21093345753a1a98242d505bd894f42\"},\"headline\":\"Infrastructures routi\u00e8res: le Premier Ministre Patrick Achi lance les travaux de renforcement de la C\u00f4ti\u00e8re\",\"datePublished\":\"2021-09-22T06:36:34+00:00\",\"dateModified\":\"2021-09-22T06:37:05+00:00\",\"mainEntityOfPage\":{\"@id\":\"https:\\\/\\\/www.amanien.info\\\/news\\\/infrastructures-routieres-le-premier-ministre-patrick-achi-lance-les-travaux-de-renforcement-de-la-cotiere\\\/\"},\"wordCount\":505,\"image\":{\"@id\":\"https:\\\/\\\/www.amanien.info\\\/news\\\/infrastructures-routieres-le-premier-ministre-patrick-achi-lance-les-travaux-de-renforcement-de-la-cotiere\\\/#primaryimage\"},\"thumbnailUrl\":\"https:\\\/\\\/www.amanien.info\\\/news\\\/wp-content\\\/uploads\\\/2021\\\/09\\\/thumbnail-12.jpg\",\"inLanguage\":\"fr-FR\"},{\"@type\":\"WebPage\",\"@id\":\"https:\\\/\\\/www.amanien.info\\\/news\\\/infrastructures-routieres-le-premier-ministre-patrick-achi-lance-les-travaux-de-renforcement-de-la-cotiere\\\/\",\"url\":\"https:\\\/\\\/www.amanien.info\\\/news\\\/infrastructures-routieres-le-premier-ministre-patrick-achi-lance-les-travaux-de-renforcement-de-la-cotiere\\\/\",\"name\":\"Infrastructures routi\u00e8res: le Premier Ministre Patrick Achi lance les travaux de renforcement de la C\u00f4ti\u00e8re - Amanien| L&#039;actualit\u00e9 Ivoirienne et Internationale\",\"isPartOf\":{\"@id\":\"https:\\\/\\\/www.amanien.info\\\/news\\\/#website\"},\"primaryImageOfPage\":{\"@id\":\"https:\\\/\\\/www.amanien.info\\\/news\\\/infrastructures-routieres-le-premier-ministre-patrick-achi-lance-les-travaux-de-renforcement-de-la-cotiere\\\/#primaryimage\"},\"image\":{\"@id\":\"https:\\\/\\\/www.amanien.info\\\/news\\\/infrastructures-routieres-le-premier-ministre-patrick-achi-lance-les-travaux-de-renforcement-de-la-cotiere\\\/#primaryimage\"},\"thumbnailUrl\":\"https:\\\/\\\/www.amanien.info\\\/news\\\/wp-content\\\/uploads\\\/2021\\\/09\\\/thumbnail-12.jpg\",\"datePublished\":\"2021-09-22T06:36:34+00:00\",\"dateModified\":\"2021-09-22T06:37:05+00:00\",\"author\":{\"@id\":\"https:\\\/\\\/www.amanien.info\\\/news\\\/#\\\/schema\\\/person\\\/b21093345753a1a98242d505bd894f42\"},\"breadcrumb\":{\"@id\":\"https:\\\/\\\/www.amanien.info\\\/news\\\/infrastructures-routieres-le-premier-ministre-patrick-achi-lance-les-travaux-de-renforcement-de-la-cotiere\\\/#breadcrumb\"},\"inLanguage\":\"fr-FR\",\"potentialAction\":[{\"@type\":\"ReadAction\",\"target\":[\"https:\\\/\\\/www.amanien.info\\\/news\\\/infrastructures-routieres-le-premier-ministre-patrick-achi-lance-les-travaux-de-renforcement-de-la-cotiere\\\/\"]}]},{\"@type\":\"ImageObject\",\"inLanguage\":\"fr-FR\",\"@id\":\"https:\\\/\\\/www.amanien.info\\\/news\\\/infrastructures-routieres-le-premier-ministre-patrick-achi-lance-les-travaux-de-renforcement-de-la-cotiere\\\/#primaryimage\",\"url\":\"https:\\\/\\\/www.amanien.info\\\/news\\\/wp-content\\\/uploads\\\/2021\\\/09\\\/thumbnail-12.jpg\",\"contentUrl\":\"https:\\\/\\\/www.amanien.info\\\/news\\\/wp-content\\\/uploads\\\/2021\\\/09\\\/thumbnail-12.jpg\",\"width\":1024,\"height\":682},{\"@type\":\"BreadcrumbList\",\"@id\":\"https:\\\/\\\/www.amanien.info\\\/news\\\/infrastructures-routieres-le-premier-ministre-patrick-achi-lance-les-travaux-de-renforcement-de-la-cotiere\\\/#breadcrumb\",\"itemListElement\":[{\"@type\":\"ListItem\",\"position\":1,\"name\":\"Accueil\",\"item\":\"https:\\\/\\\/www.amanien.info\\\/news\\\/\"},{\"@type\":\"ListItem\",\"position\":2,\"name\":\"Infrastructures routi\u00e8res: le Premier Ministre Patrick Achi lance les travaux de renforcement de la C\u00f4ti\u00e8re\"}]},{\"@type\":\"WebSite\",\"@id\":\"https:\\\/\\\/www.amanien.info\\\/news\\\/#website\",\"url\":\"https:\\\/\\\/www.amanien.info\\\/news\\\/\",\"name\":\"Amanien| L&#039;actualit\u00e9 Ivoirienne et Internationale\",\"description\":\"L&#039;actualit\u00e9 Ivoirienne et Internationale\",\"potentialAction\":[{\"@type\":\"SearchAction\",\"target\":{\"@type\":\"EntryPoint\",\"urlTemplate\":\"https:\\\/\\\/www.amanien.info\\\/news\\\/?s={search_term_string}\"},\"query-input\":{\"@type\":\"PropertyValueSpecification\",\"valueRequired\":true,\"valueName\":\"search_term_string\"}}],\"inLanguage\":\"fr-FR\"},{\"@type\":\"Person\",\"@id\":\"https:\\\/\\\/www.amanien.info\\\/news\\\/#\\\/schema\\\/person\\\/b21093345753a1a98242d505bd894f42\",\"name\":\"Germain Ndri\",\"url\":\"https:\\\/\\\/www.amanien.info\\\/news\\\/author\\\/amanien-infos\\\/\"}]}<\/script>\n<!-- \/ Yoast SEO plugin. -->","yoast_head_json":{"title":"Infrastructures routi\u00e8res: le Premier Ministre Patrick Achi lance les travaux de renforcement de la C\u00f4ti\u00e8re - Amanien| L&#039;actualit\u00e9 Ivoirienne et Internationale","robots":{"index":"index","follow":"follow","max-snippet":"max-snippet:-1","max-image-preview":"max-image-preview:large","max-video-preview":"max-video-preview:-1"},"canonical":"https:\/\/www.amanien.info\/news\/infrastructures-routieres-le-premier-ministre-patrick-achi-lance-les-travaux-de-renforcement-de-la-cotiere\/","og_locale":"fr_FR","og_type":"article","og_title":"Infrastructures routi\u00e8res: le Premier Ministre Patrick Achi lance les travaux de renforcement de la C\u00f4ti\u00e8re - Amanien| L&#039;actualit\u00e9 Ivoirienne et Internationale","og_description":"Le Premier Ministre ivoirien, Patrick Achi, a proc\u00e9d\u00e9 le 18 septembre \u00e0 San Pedro, au lancement des travaux de renforcement de la C\u00f4ti\u00e8re, pour faciliter les \u00e9changes \u00e9conomiques et commerciaux entre les deux poumons de l&rsquo;\u00e9conomie ivoirienne. \u00a0\u00bb Les graves crises politico-militaires qu&rsquo;ont connues la C\u00f4te d&rsquo;Ivoire, n&rsquo;ont pas permis de donner \u00e0 cet axe [&hellip;]","og_url":"https:\/\/www.amanien.info\/news\/infrastructures-routieres-le-premier-ministre-patrick-achi-lance-les-travaux-de-renforcement-de-la-cotiere\/","og_site_name":"Amanien| L&#039;actualit\u00e9 Ivoirienne et Internationale","article_published_time":"2021-09-22T06:36:34+00:00","article_modified_time":"2021-09-22T06:37:05+00:00","og_image":[{"width":1024,"height":682,"url":"https:\/\/www.amanien.info\/news\/wp-content\/uploads\/2021\/09\/thumbnail-12.jpg","type":"image\/jpeg"}],"author":"Germain Ndri","twitter_card":"summary_large_image","twitter_misc":{"\u00c9crit par":"Germain Ndri","Dur\u00e9e de lecture estim\u00e9e":"2 minutes"},"schema":{"@context":"https:\/\/schema.org","@graph":[{"@type":"Article","@id":"https:\/\/www.amanien.info\/news\/infrastructures-routieres-le-premier-ministre-patrick-achi-lance-les-travaux-de-renforcement-de-la-cotiere\/#article","isPartOf":{"@id":"https:\/\/www.amanien.info\/news\/infrastructures-routieres-le-premier-ministre-patrick-achi-lance-les-travaux-de-renforcement-de-la-cotiere\/"},"author":{"name":"Germain Ndri","@id":"https:\/\/www.amanien.info\/news\/#\/schema\/person\/b21093345753a1a98242d505bd894f42"},"headline":"Infrastructures routi\u00e8res: le Premier Ministre Patrick Achi lance les travaux de renforcement de la C\u00f4ti\u00e8re","datePublished":"2021-09-22T06:36:34+00:00","dateModified":"2021-09-22T06:37:05+00:00","mainEntityOfPage":{"@id":"https:\/\/www.amanien.info\/news\/infrastructures-routieres-le-premier-ministre-patrick-achi-lance-les-travaux-de-renforcement-de-la-cotiere\/"},"wordCount":505,"image":{"@id":"https:\/\/www.amanien.info\/news\/infrastructures-routieres-le-premier-ministre-patrick-achi-lance-les-travaux-de-renforcement-de-la-cotiere\/#primaryimage"},"thumbnailUrl":"https:\/\/www.amanien.info\/news\/wp-content\/uploads\/2021\/09\/thumbnail-12.jpg","inLanguage":"fr-FR"},{"@type":"WebPage","@id":"https:\/\/www.amanien.info\/news\/infrastructures-routieres-le-premier-ministre-patrick-achi-lance-les-travaux-de-renforcement-de-la-cotiere\/","url":"https:\/\/www.amanien.info\/news\/infrastructures-routieres-le-premier-ministre-patrick-achi-lance-les-travaux-de-renforcement-de-la-cotiere\/","name":"Infrastructures routi\u00e8res: le Premier Ministre Patrick Achi lance les travaux de renforcement de la C\u00f4ti\u00e8re - Amanien| L&#039;actualit\u00e9 Ivoirienne et Internationale","isPartOf":{"@id":"https:\/\/www.amanien.info\/news\/#website"},"primaryImageOfPage":{"@id":"https:\/\/www.amanien.info\/news\/infrastructures-routieres-le-premier-ministre-patrick-achi-lance-les-travaux-de-renforcement-de-la-cotiere\/#primaryimage"},"image":{"@id":"https:\/\/www.amanien.info\/news\/infrastructures-routieres-le-premier-ministre-patrick-achi-lance-les-travaux-de-renforcement-de-la-cotiere\/#primaryimage"},"thumbnailUrl":"https:\/\/www.amanien.info\/news\/wp-content\/uploads\/2021\/09\/thumbnail-12.jpg","datePublished":"2021-09-22T06:36:34+00:00","dateModified":"2021-09-22T06:37:05+00:00","author":{"@id":"https:\/\/www.amanien.info\/news\/#\/schema\/person\/b21093345753a1a98242d505bd894f42"},"breadcrumb":{"@id":"https:\/\/www.amanien.info\/news\/infrastructures-routieres-le-premier-ministre-patrick-achi-lance-les-travaux-de-renforcement-de-la-cotiere\/#breadcrumb"},"inLanguage":"fr-FR","potentialAction":[{"@type":"ReadAction","target":["https:\/\/www.amanien.info\/news\/infrastructures-routieres-le-premier-ministre-patrick-achi-lance-les-travaux-de-renforcement-de-la-cotiere\/"]}]},{"@type":"ImageObject","inLanguage":"fr-FR","@id":"https:\/\/www.amanien.info\/news\/infrastructures-routieres-le-premier-ministre-patrick-achi-lance-les-travaux-de-renforcement-de-la-cotiere\/#primaryimage","url":"https:\/\/www.amanien.info\/news\/wp-content\/uploads\/2021\/09\/thumbnail-12.jpg","contentUrl":"https:\/\/www.amanien.info\/news\/wp-content\/uploads\/2021\/09\/thumbnail-12.jpg","width":1024,"height":682},{"@type":"BreadcrumbList","@id":"https:\/\/www.amanien.info\/news\/infrastructures-routieres-le-premier-ministre-patrick-achi-lance-les-travaux-de-renforcement-de-la-cotiere\/#breadcrumb","itemListElement":[{"@type":"ListItem","position":1,"name":"Accueil","item":"https:\/\/www.amanien.info\/news\/"},{"@type":"ListItem","position":2,"name":"Infrastructures routi\u00e8res: le Premier Ministre Patrick Achi lance les travaux de renforcement de la C\u00f4ti\u00e8re"}]},{"@type":"WebSite","@id":"https:\/\/www.amanien.info\/news\/#website","url":"https:\/\/www.amanien.info\/news\/","name":"Amanien| L&#039;actualit\u00e9 Ivoirienne et Internationale","description":"L&#039;actualit\u00e9 Ivoirienne et Internationale","potentialAction":[{"@type":"SearchAction","target":{"@type":"EntryPoint","urlTemplate":"https:\/\/www.amanien.info\/news\/?s={search_term_string}"},"query-input":{"@type":"PropertyValueSpecification","valueRequired":true,"valueName":"search_term_string"}}],"inLanguage":"fr-FR"},{"@type":"Person","@id":"https:\/\/www.amanien.info\/news\/#\/schema\/person\/b21093345753a1a98242d505bd894f42","name":"Germain Ndri","url":"https:\/\/www.amanien.info\/news\/author\/amanien-infos\/"}]}},"_links":{"self":[{"href":"https:\/\/www.amanien.info\/news\/wp-json\/wp\/v2\/posts\/2963","targetHints":{"allow":["GET"]}}],"collection":[{"href":"https:\/\/www.amanien.info\/news\/wp-json\/wp\/v2\/posts"}],"about":[{"href":"https:\/\/www.amanien.info\/news\/wp-json\/wp\/v2\/types\/post"}],"author":[{"embeddable":true,"href":"https:\/\/www.amanien.info\/news\/wp-json\/wp\/v2\/users\/2"}],"replies":[{"embeddable":true,"href":"https:\/\/www.amanien.info\/news\/wp-json\/wp\/v2\/comments?post=2963"}],"version-history":[{"count":1,"href":"https:\/\/www.amanien.info\/news\/wp-json\/wp\/v2\/posts\/2963\/revisions"}],"predecessor-version":[{"id":2965,"href":"https:\/\/www.amanien.info\/news\/wp-json\/wp\/v2\/posts\/2963\/revisions\/2965"}],"wp:featuredmedia":[{"embeddable":true,"href":"https:\/\/www.amanien.info\/news\/wp-json\/wp\/v2\/media\/2964"}],"wp:attachment":[{"href":"https:\/\/www.amanien.info\/news\/wp-json\/wp\/v2\/media?parent=2963"}],"wp:term":[{"taxonomy":"category","embeddable":true,"href":"https:\/\/www.amanien.info\/news\/wp-json\/wp\/v2\/categories?post=2963"},{"taxonomy":"post_tag","embeddable":true,"href":"https:\/\/www.amanien.info\/news\/wp-json\/wp\/v2\/tags?post=2963"}],"curies":[{"name":"wp","href":"https:\/\/api.w.org\/{rel}","templated":true}]}}