{"id":2960,"date":"2021-09-22T06:32:19","date_gmt":"2021-09-22T06:32:19","guid":{"rendered":"https:\/\/www.https:\/\/zozo.buyee.jp\/\/news\/?p=2960"},"modified":"2021-09-22T06:32:52","modified_gmt":"2021-09-22T06:32:52","slug":"la-jeunesse-du-rhdp-de-la-localite-de-san-pedro-salue-les-travaux-de-rehabilitation-de-la-route-cotiere-abidjan-san-pedro","status":"publish","type":"post","link":"https:\/\/www.amanien.info\/news\/la-jeunesse-du-rhdp-de-la-localite-de-san-pedro-salue-les-travaux-de-rehabilitation-de-la-route-cotiere-abidjan-san-pedro\/","title":{"rendered":"La jeunesse du RHDP de la localit\u00e9 de San-Pedro, salue les travaux de r\u00e9habilitation de la route C\u00f4ti\u00e8re Abidjan-San-Pedro"},"content":{"rendered":"<div>\n<div>\n<div>\n<div>Le pr\u00e9sident de l&rsquo;Union des Jeunes du RHDP San-Pedro commune 2, Ouattara Amara estime que le lancement des travaux de renforcement de la route C\u00f4ti\u00e8re Abidjan-San-Pedro repr\u00e9sente un \u00ab\u00a0ouf de soulagement\u00a0\u00bb pour les usagers de cette voie longtemps\u00a0 confront\u00e9s\u00a0 \u00e0 des difficult\u00e9s.<\/div>\n<div><\/div>\n<div>\u00ab\u00a0Je suis tr\u00e8s heureux pour le\u00a0 d\u00e9but des travaux de r\u00e9habilitation de la C\u00f4ti\u00e8re, parce que , cela am\u00e9liorera le d\u00e9placement de tous ceux qui empreinte cette voie \u2018\u2019, a indiqu\u00e9 Ouattara Amara, estimant qu\u2019\u00a0\u00bb\u00e0 travers la r\u00e9habilitation de la C\u00f4ti\u00e8re, le Pr\u00e9sident ADO, ne fait qu\u2019une fois de plus honorer la promesse qu&rsquo;il a faite lors de la campagne \u00e9lectorale de 2015\u2019\u2019.<\/div>\n<div><\/div>\n<div>Selon M. Amara, la congr\u00e9tisation de cet engagement,\u00a0 confond les nombreux pessimistes.<\/div>\n<div><\/div>\n<div>\u00ab\u00a0Aujourd&rsquo;hui, nous assistons tous \u00e0 la c\u00e9r\u00e9monie de lancement officiel des travaux de la c\u00f4ti\u00e8re et \u00e0 tant que jeune leader du RHDP, je suis fier parce que , d\u00e9sormais j\u2019ai des arguments pour r\u00e9pondre \u00e0 tous ceux qui ne croyaient pas\u00a0 \u00e0 la promesse faite il y a 6 ans par Papa ADO lors de la campagne \u00e9lectorale de 2015 \u00ab\u00a0, a fait savoir le Pr\u00e9sident de l\u2019UJRHDP San-Pedro commune 2.<\/div>\n<div><\/div>\n<div>\u00ab\u00a0A cette fin, je salue l&rsquo;initiative du Chef de l\u2019Etat et son Gouvernement et ensuite, je souhaite \u00e0 ce que l\u2019ex\u00e9cution des travaux soit profitable \u00e0 la main d\u2019\u0153uvre locale\u2019\u2019, a-t-il poursuivi.<\/div>\n<div><\/div>\n<div>Dans le cadre de ce projet, 353,5 Km de route \u00e0 renforcer de 7,40 m\u00e8tre de chauss\u00e9e + 2 x 1,50 m\u00e8tre d\u2019accotements + le prolongement des ouvrages hydrauliques + l\u2019\u00e9largissement des aires de stationnement dans les travers\u00e9es des villes et villages, 5 Km en 2 x 2 voies dans la travers\u00e9e de San-Pedro.<\/div>\n<div><\/div>\n<div>La construction de la route C\u00f4ti\u00e8re se fera en trois \u00e9tapes. Il s\u2019agit de l\u2019\u00e9tape de Songon-Grand-Lahou (93Km) +10Km de voirie, Grand-Lahou-Fresco (80Km) + 10 Km de voirie et la derni\u00e8re \u00e9tape, Fresco-Sassandra- San Pedro-Grand-B\u00e9r\u00e9by (180,5 Km) + 52 Km de voirie.<\/div>\n<div><\/div>\n<div>La nouvelle voie sera disponible avant la Coupe d\u2019Afrique des Nations (CAN2023) , dont des matchs se joueront dans la ville de San Pedro.<\/div>\n<div><\/div>\n<div>Thierry Lagognon<\/div>\n<\/div>\n<\/div>\n<\/div>\n","protected":false},"excerpt":{"rendered":"<p>Le pr\u00e9sident de l&rsquo;Union des Jeunes du RHDP San-Pedro commune 2, Ouattara Amara estime que le lancement des travaux de renforcement de la route C\u00f4ti\u00e8re Abidjan-San-Pedro repr\u00e9sente un \u00ab\u00a0ouf de soulagement\u00a0\u00bb pour les usagers de cette voie longtemps\u00a0 confront\u00e9s\u00a0 \u00e0 des difficult\u00e9s. \u00ab\u00a0Je suis tr\u00e8s heureux pour le\u00a0 d\u00e9but des travaux de r\u00e9habilitation de la [&hellip;]<\/p>\n","protected":false},"author":2,"featured_media":2961,"comment_status":"closed","ping_status":"closed","sticky":true,"template":"","format":"standard","meta":{"_acf_changed":false,"footnotes":""},"categories":[],"tags":[],"class_list":["post-2960","post","type-post","status-publish","format-standard","has-post-thumbnail","hentry"],"acf":[],"yoast_head":"<!-- This site is optimized with the Yoast SEO plugin v27.5 - https:\/\/yoast.com\/product\/yoast-seo-wordpress\/ -->\n<title>La jeunesse du RHDP de la localit\u00e9 de San-Pedro, salue les travaux de r\u00e9habilitation de la route C\u00f4ti\u00e8re Abidjan-San-Pedro - Amanien| L&#039;actualit\u00e9 Ivoirienne et Internationale<\/title>\n<meta name=\"robots\" content=\"index, follow, max-snippet:-1, max-image-preview:large, max-video-preview:-1\" \/>\n<link rel=\"canonical\" href=\"https:\/\/www.amanien.info\/news\/la-jeunesse-du-rhdp-de-la-localite-de-san-pedro-salue-les-travaux-de-rehabilitation-de-la-route-cotiere-abidjan-san-pedro\/\" \/>\n<meta property=\"og:locale\" content=\"fr_FR\" \/>\n<meta property=\"og:type\" content=\"article\" \/>\n<meta property=\"og:title\" content=\"La jeunesse du RHDP de la localit\u00e9 de San-Pedro, salue les travaux de r\u00e9habilitation de la route C\u00f4ti\u00e8re Abidjan-San-Pedro - Amanien| L&#039;actualit\u00e9 Ivoirienne et Internationale\" \/>\n<meta property=\"og:description\" content=\"Le pr\u00e9sident de l&rsquo;Union des Jeunes du RHDP San-Pedro commune 2, Ouattara Amara estime que le lancement des travaux de renforcement de la route C\u00f4ti\u00e8re Abidjan-San-Pedro repr\u00e9sente un \u00ab\u00a0ouf de soulagement\u00a0\u00bb pour les usagers de cette voie longtemps\u00a0 confront\u00e9s\u00a0 \u00e0 des difficult\u00e9s. \u00ab\u00a0Je suis tr\u00e8s heureux pour le\u00a0 d\u00e9but des travaux de r\u00e9habilitation de la [&hellip;]\" \/>\n<meta property=\"og:url\" content=\"https:\/\/www.amanien.info\/news\/la-jeunesse-du-rhdp-de-la-localite-de-san-pedro-salue-les-travaux-de-rehabilitation-de-la-route-cotiere-abidjan-san-pedro\/\" \/>\n<meta property=\"og:site_name\" content=\"Amanien| L&#039;actualit\u00e9 Ivoirienne et Internationale\" \/>\n<meta property=\"article:published_time\" content=\"2021-09-22T06:32:19+00:00\" \/>\n<meta property=\"article:modified_time\" content=\"2021-09-22T06:32:52+00:00\" \/>\n<meta property=\"og:image\" content=\"https:\/\/www.amanien.info\/news\/wp-content\/uploads\/2021\/09\/thumbnail-11.jpg\" \/>\n\t<meta property=\"og:image:width\" content=\"1080\" \/>\n\t<meta property=\"og:image:height\" content=\"720\" \/>\n\t<meta property=\"og:image:type\" content=\"image\/jpeg\" \/>\n<meta name=\"author\" content=\"Germain Ndri\" \/>\n<meta name=\"twitter:card\" content=\"summary_large_image\" \/>\n<meta name=\"twitter:label1\" content=\"\u00c9crit par\" \/>\n\t<meta name=\"twitter:data1\" content=\"Germain Ndri\" \/>\n\t<meta name=\"twitter:label2\" content=\"Dur\u00e9e de lecture estim\u00e9e\" \/>\n\t<meta name=\"twitter:data2\" content=\"2 minutes\" \/>\n<script type=\"application\/ld+json\" class=\"yoast-schema-graph\">{\"@context\":\"https:\\\/\\\/schema.org\",\"@graph\":[{\"@type\":\"Article\",\"@id\":\"https:\\\/\\\/www.amanien.info\\\/news\\\/la-jeunesse-du-rhdp-de-la-localite-de-san-pedro-salue-les-travaux-de-rehabilitation-de-la-route-cotiere-abidjan-san-pedro\\\/#article\",\"isPartOf\":{\"@id\":\"https:\\\/\\\/www.amanien.info\\\/news\\\/la-jeunesse-du-rhdp-de-la-localite-de-san-pedro-salue-les-travaux-de-rehabilitation-de-la-route-cotiere-abidjan-san-pedro\\\/\"},\"author\":{\"name\":\"Germain Ndri\",\"@id\":\"https:\\\/\\\/www.amanien.info\\\/news\\\/#\\\/schema\\\/person\\\/b21093345753a1a98242d505bd894f42\"},\"headline\":\"La jeunesse du RHDP de la localit\u00e9 de San-Pedro, salue les travaux de r\u00e9habilitation de la route C\u00f4ti\u00e8re Abidjan-San-Pedro\",\"datePublished\":\"2021-09-22T06:32:19+00:00\",\"dateModified\":\"2021-09-22T06:32:52+00:00\",\"mainEntityOfPage\":{\"@id\":\"https:\\\/\\\/www.amanien.info\\\/news\\\/la-jeunesse-du-rhdp-de-la-localite-de-san-pedro-salue-les-travaux-de-rehabilitation-de-la-route-cotiere-abidjan-san-pedro\\\/\"},\"wordCount\":383,\"image\":{\"@id\":\"https:\\\/\\\/www.amanien.info\\\/news\\\/la-jeunesse-du-rhdp-de-la-localite-de-san-pedro-salue-les-travaux-de-rehabilitation-de-la-route-cotiere-abidjan-san-pedro\\\/#primaryimage\"},\"thumbnailUrl\":\"https:\\\/\\\/www.amanien.info\\\/news\\\/wp-content\\\/uploads\\\/2021\\\/09\\\/thumbnail-11.jpg\",\"inLanguage\":\"fr-FR\"},{\"@type\":\"WebPage\",\"@id\":\"https:\\\/\\\/www.amanien.info\\\/news\\\/la-jeunesse-du-rhdp-de-la-localite-de-san-pedro-salue-les-travaux-de-rehabilitation-de-la-route-cotiere-abidjan-san-pedro\\\/\",\"url\":\"https:\\\/\\\/www.amanien.info\\\/news\\\/la-jeunesse-du-rhdp-de-la-localite-de-san-pedro-salue-les-travaux-de-rehabilitation-de-la-route-cotiere-abidjan-san-pedro\\\/\",\"name\":\"La jeunesse du RHDP de la localit\u00e9 de San-Pedro, salue les travaux de r\u00e9habilitation de la route C\u00f4ti\u00e8re Abidjan-San-Pedro - Amanien| L&#039;actualit\u00e9 Ivoirienne et Internationale\",\"isPartOf\":{\"@id\":\"https:\\\/\\\/www.amanien.info\\\/news\\\/#website\"},\"primaryImageOfPage\":{\"@id\":\"https:\\\/\\\/www.amanien.info\\\/news\\\/la-jeunesse-du-rhdp-de-la-localite-de-san-pedro-salue-les-travaux-de-rehabilitation-de-la-route-cotiere-abidjan-san-pedro\\\/#primaryimage\"},\"image\":{\"@id\":\"https:\\\/\\\/www.amanien.info\\\/news\\\/la-jeunesse-du-rhdp-de-la-localite-de-san-pedro-salue-les-travaux-de-rehabilitation-de-la-route-cotiere-abidjan-san-pedro\\\/#primaryimage\"},\"thumbnailUrl\":\"https:\\\/\\\/www.amanien.info\\\/news\\\/wp-content\\\/uploads\\\/2021\\\/09\\\/thumbnail-11.jpg\",\"datePublished\":\"2021-09-22T06:32:19+00:00\",\"dateModified\":\"2021-09-22T06:32:52+00:00\",\"author\":{\"@id\":\"https:\\\/\\\/www.amanien.info\\\/news\\\/#\\\/schema\\\/person\\\/b21093345753a1a98242d505bd894f42\"},\"breadcrumb\":{\"@id\":\"https:\\\/\\\/www.amanien.info\\\/news\\\/la-jeunesse-du-rhdp-de-la-localite-de-san-pedro-salue-les-travaux-de-rehabilitation-de-la-route-cotiere-abidjan-san-pedro\\\/#breadcrumb\"},\"inLanguage\":\"fr-FR\",\"potentialAction\":[{\"@type\":\"ReadAction\",\"target\":[\"https:\\\/\\\/www.amanien.info\\\/news\\\/la-jeunesse-du-rhdp-de-la-localite-de-san-pedro-salue-les-travaux-de-rehabilitation-de-la-route-cotiere-abidjan-san-pedro\\\/\"]}]},{\"@type\":\"ImageObject\",\"inLanguage\":\"fr-FR\",\"@id\":\"https:\\\/\\\/www.amanien.info\\\/news\\\/la-jeunesse-du-rhdp-de-la-localite-de-san-pedro-salue-les-travaux-de-rehabilitation-de-la-route-cotiere-abidjan-san-pedro\\\/#primaryimage\",\"url\":\"https:\\\/\\\/www.amanien.info\\\/news\\\/wp-content\\\/uploads\\\/2021\\\/09\\\/thumbnail-11.jpg\",\"contentUrl\":\"https:\\\/\\\/www.amanien.info\\\/news\\\/wp-content\\\/uploads\\\/2021\\\/09\\\/thumbnail-11.jpg\",\"width\":1080,\"height\":720},{\"@type\":\"BreadcrumbList\",\"@id\":\"https:\\\/\\\/www.amanien.info\\\/news\\\/la-jeunesse-du-rhdp-de-la-localite-de-san-pedro-salue-les-travaux-de-rehabilitation-de-la-route-cotiere-abidjan-san-pedro\\\/#breadcrumb\",\"itemListElement\":[{\"@type\":\"ListItem\",\"position\":1,\"name\":\"Accueil\",\"item\":\"https:\\\/\\\/www.amanien.info\\\/news\\\/\"},{\"@type\":\"ListItem\",\"position\":2,\"name\":\"La jeunesse du RHDP de la localit\u00e9 de San-Pedro, salue les travaux de r\u00e9habilitation de la route C\u00f4ti\u00e8re Abidjan-San-Pedro\"}]},{\"@type\":\"WebSite\",\"@id\":\"https:\\\/\\\/www.amanien.info\\\/news\\\/#website\",\"url\":\"https:\\\/\\\/www.amanien.info\\\/news\\\/\",\"name\":\"Amanien| L&#039;actualit\u00e9 Ivoirienne et Internationale\",\"description\":\"L&#039;actualit\u00e9 Ivoirienne et Internationale\",\"potentialAction\":[{\"@type\":\"SearchAction\",\"target\":{\"@type\":\"EntryPoint\",\"urlTemplate\":\"https:\\\/\\\/www.amanien.info\\\/news\\\/?s={search_term_string}\"},\"query-input\":{\"@type\":\"PropertyValueSpecification\",\"valueRequired\":true,\"valueName\":\"search_term_string\"}}],\"inLanguage\":\"fr-FR\"},{\"@type\":\"Person\",\"@id\":\"https:\\\/\\\/www.amanien.info\\\/news\\\/#\\\/schema\\\/person\\\/b21093345753a1a98242d505bd894f42\",\"name\":\"Germain Ndri\",\"url\":\"https:\\\/\\\/www.amanien.info\\\/news\\\/author\\\/amanien-infos\\\/\"}]}<\/script>\n<!-- \/ Yoast SEO plugin. -->","yoast_head_json":{"title":"La jeunesse du RHDP de la localit\u00e9 de San-Pedro, salue les travaux de r\u00e9habilitation de la route C\u00f4ti\u00e8re Abidjan-San-Pedro - Amanien| L&#039;actualit\u00e9 Ivoirienne et Internationale","robots":{"index":"index","follow":"follow","max-snippet":"max-snippet:-1","max-image-preview":"max-image-preview:large","max-video-preview":"max-video-preview:-1"},"canonical":"https:\/\/www.amanien.info\/news\/la-jeunesse-du-rhdp-de-la-localite-de-san-pedro-salue-les-travaux-de-rehabilitation-de-la-route-cotiere-abidjan-san-pedro\/","og_locale":"fr_FR","og_type":"article","og_title":"La jeunesse du RHDP de la localit\u00e9 de San-Pedro, salue les travaux de r\u00e9habilitation de la route C\u00f4ti\u00e8re Abidjan-San-Pedro - Amanien| L&#039;actualit\u00e9 Ivoirienne et Internationale","og_description":"Le pr\u00e9sident de l&rsquo;Union des Jeunes du RHDP San-Pedro commune 2, Ouattara Amara estime que le lancement des travaux de renforcement de la route C\u00f4ti\u00e8re Abidjan-San-Pedro repr\u00e9sente un \u00ab\u00a0ouf de soulagement\u00a0\u00bb pour les usagers de cette voie longtemps\u00a0 confront\u00e9s\u00a0 \u00e0 des difficult\u00e9s. \u00ab\u00a0Je suis tr\u00e8s heureux pour le\u00a0 d\u00e9but des travaux de r\u00e9habilitation de la [&hellip;]","og_url":"https:\/\/www.amanien.info\/news\/la-jeunesse-du-rhdp-de-la-localite-de-san-pedro-salue-les-travaux-de-rehabilitation-de-la-route-cotiere-abidjan-san-pedro\/","og_site_name":"Amanien| L&#039;actualit\u00e9 Ivoirienne et Internationale","article_published_time":"2021-09-22T06:32:19+00:00","article_modified_time":"2021-09-22T06:32:52+00:00","og_image":[{"width":1080,"height":720,"url":"https:\/\/www.amanien.info\/news\/wp-content\/uploads\/2021\/09\/thumbnail-11.jpg","type":"image\/jpeg"}],"author":"Germain Ndri","twitter_card":"summary_large_image","twitter_misc":{"\u00c9crit par":"Germain Ndri","Dur\u00e9e de lecture estim\u00e9e":"2 minutes"},"schema":{"@context":"https:\/\/schema.org","@graph":[{"@type":"Article","@id":"https:\/\/www.amanien.info\/news\/la-jeunesse-du-rhdp-de-la-localite-de-san-pedro-salue-les-travaux-de-rehabilitation-de-la-route-cotiere-abidjan-san-pedro\/#article","isPartOf":{"@id":"https:\/\/www.amanien.info\/news\/la-jeunesse-du-rhdp-de-la-localite-de-san-pedro-salue-les-travaux-de-rehabilitation-de-la-route-cotiere-abidjan-san-pedro\/"},"author":{"name":"Germain Ndri","@id":"https:\/\/www.amanien.info\/news\/#\/schema\/person\/b21093345753a1a98242d505bd894f42"},"headline":"La jeunesse du RHDP de la localit\u00e9 de San-Pedro, salue les travaux de r\u00e9habilitation de la route C\u00f4ti\u00e8re Abidjan-San-Pedro","datePublished":"2021-09-22T06:32:19+00:00","dateModified":"2021-09-22T06:32:52+00:00","mainEntityOfPage":{"@id":"https:\/\/www.amanien.info\/news\/la-jeunesse-du-rhdp-de-la-localite-de-san-pedro-salue-les-travaux-de-rehabilitation-de-la-route-cotiere-abidjan-san-pedro\/"},"wordCount":383,"image":{"@id":"https:\/\/www.amanien.info\/news\/la-jeunesse-du-rhdp-de-la-localite-de-san-pedro-salue-les-travaux-de-rehabilitation-de-la-route-cotiere-abidjan-san-pedro\/#primaryimage"},"thumbnailUrl":"https:\/\/www.amanien.info\/news\/wp-content\/uploads\/2021\/09\/thumbnail-11.jpg","inLanguage":"fr-FR"},{"@type":"WebPage","@id":"https:\/\/www.amanien.info\/news\/la-jeunesse-du-rhdp-de-la-localite-de-san-pedro-salue-les-travaux-de-rehabilitation-de-la-route-cotiere-abidjan-san-pedro\/","url":"https:\/\/www.amanien.info\/news\/la-jeunesse-du-rhdp-de-la-localite-de-san-pedro-salue-les-travaux-de-rehabilitation-de-la-route-cotiere-abidjan-san-pedro\/","name":"La jeunesse du RHDP de la localit\u00e9 de San-Pedro, salue les travaux de r\u00e9habilitation de la route C\u00f4ti\u00e8re Abidjan-San-Pedro - Amanien| L&#039;actualit\u00e9 Ivoirienne et Internationale","isPartOf":{"@id":"https:\/\/www.amanien.info\/news\/#website"},"primaryImageOfPage":{"@id":"https:\/\/www.amanien.info\/news\/la-jeunesse-du-rhdp-de-la-localite-de-san-pedro-salue-les-travaux-de-rehabilitation-de-la-route-cotiere-abidjan-san-pedro\/#primaryimage"},"image":{"@id":"https:\/\/www.amanien.info\/news\/la-jeunesse-du-rhdp-de-la-localite-de-san-pedro-salue-les-travaux-de-rehabilitation-de-la-route-cotiere-abidjan-san-pedro\/#primaryimage"},"thumbnailUrl":"https:\/\/www.amanien.info\/news\/wp-content\/uploads\/2021\/09\/thumbnail-11.jpg","datePublished":"2021-09-22T06:32:19+00:00","dateModified":"2021-09-22T06:32:52+00:00","author":{"@id":"https:\/\/www.amanien.info\/news\/#\/schema\/person\/b21093345753a1a98242d505bd894f42"},"breadcrumb":{"@id":"https:\/\/www.amanien.info\/news\/la-jeunesse-du-rhdp-de-la-localite-de-san-pedro-salue-les-travaux-de-rehabilitation-de-la-route-cotiere-abidjan-san-pedro\/#breadcrumb"},"inLanguage":"fr-FR","potentialAction":[{"@type":"ReadAction","target":["https:\/\/www.amanien.info\/news\/la-jeunesse-du-rhdp-de-la-localite-de-san-pedro-salue-les-travaux-de-rehabilitation-de-la-route-cotiere-abidjan-san-pedro\/"]}]},{"@type":"ImageObject","inLanguage":"fr-FR","@id":"https:\/\/www.amanien.info\/news\/la-jeunesse-du-rhdp-de-la-localite-de-san-pedro-salue-les-travaux-de-rehabilitation-de-la-route-cotiere-abidjan-san-pedro\/#primaryimage","url":"https:\/\/www.amanien.info\/news\/wp-content\/uploads\/2021\/09\/thumbnail-11.jpg","contentUrl":"https:\/\/www.amanien.info\/news\/wp-content\/uploads\/2021\/09\/thumbnail-11.jpg","width":1080,"height":720},{"@type":"BreadcrumbList","@id":"https:\/\/www.amanien.info\/news\/la-jeunesse-du-rhdp-de-la-localite-de-san-pedro-salue-les-travaux-de-rehabilitation-de-la-route-cotiere-abidjan-san-pedro\/#breadcrumb","itemListElement":[{"@type":"ListItem","position":1,"name":"Accueil","item":"https:\/\/www.amanien.info\/news\/"},{"@type":"ListItem","position":2,"name":"La jeunesse du RHDP de la localit\u00e9 de San-Pedro, salue les travaux de r\u00e9habilitation de la route C\u00f4ti\u00e8re Abidjan-San-Pedro"}]},{"@type":"WebSite","@id":"https:\/\/www.amanien.info\/news\/#website","url":"https:\/\/www.amanien.info\/news\/","name":"Amanien| L&#039;actualit\u00e9 Ivoirienne et Internationale","description":"L&#039;actualit\u00e9 Ivoirienne et Internationale","potentialAction":[{"@type":"SearchAction","target":{"@type":"EntryPoint","urlTemplate":"https:\/\/www.amanien.info\/news\/?s={search_term_string}"},"query-input":{"@type":"PropertyValueSpecification","valueRequired":true,"valueName":"search_term_string"}}],"inLanguage":"fr-FR"},{"@type":"Person","@id":"https:\/\/www.amanien.info\/news\/#\/schema\/person\/b21093345753a1a98242d505bd894f42","name":"Germain Ndri","url":"https:\/\/www.amanien.info\/news\/author\/amanien-infos\/"}]}},"_links":{"self":[{"href":"https:\/\/www.amanien.info\/news\/wp-json\/wp\/v2\/posts\/2960","targetHints":{"allow":["GET"]}}],"collection":[{"href":"https:\/\/www.amanien.info\/news\/wp-json\/wp\/v2\/posts"}],"about":[{"href":"https:\/\/www.amanien.info\/news\/wp-json\/wp\/v2\/types\/post"}],"author":[{"embeddable":true,"href":"https:\/\/www.amanien.info\/news\/wp-json\/wp\/v2\/users\/2"}],"replies":[{"embeddable":true,"href":"https:\/\/www.amanien.info\/news\/wp-json\/wp\/v2\/comments?post=2960"}],"version-history":[{"count":1,"href":"https:\/\/www.amanien.info\/news\/wp-json\/wp\/v2\/posts\/2960\/revisions"}],"predecessor-version":[{"id":2962,"href":"https:\/\/www.amanien.info\/news\/wp-json\/wp\/v2\/posts\/2960\/revisions\/2962"}],"wp:featuredmedia":[{"embeddable":true,"href":"https:\/\/www.amanien.info\/news\/wp-json\/wp\/v2\/media\/2961"}],"wp:attachment":[{"href":"https:\/\/www.amanien.info\/news\/wp-json\/wp\/v2\/media?parent=2960"}],"wp:term":[{"taxonomy":"category","embeddable":true,"href":"https:\/\/www.amanien.info\/news\/wp-json\/wp\/v2\/categories?post=2960"},{"taxonomy":"post_tag","embeddable":true,"href":"https:\/\/www.amanien.info\/news\/wp-json\/wp\/v2\/tags?post=2960"}],"curies":[{"name":"wp","href":"https:\/\/api.w.org\/{rel}","templated":true}]}}