{"id":2957,"date":"2021-09-22T06:27:40","date_gmt":"2021-09-22T06:27:40","guid":{"rendered":"https:\/\/www.https:\/\/zozo.buyee.jp\/\/news\/?p=2957"},"modified":"2021-09-22T06:29:13","modified_gmt":"2021-09-22T06:29:13","slug":"le-premier-ministre-patrick-achi-a-san-pedro-pour-le-lancement-des-travaux-de-renforcement-de-la-route-cotiere","status":"publish","type":"post","link":"https:\/\/www.amanien.info\/news\/le-premier-ministre-patrick-achi-a-san-pedro-pour-le-lancement-des-travaux-de-renforcement-de-la-route-cotiere\/","title":{"rendered":"Le Premier Ministre, Patrick Achi \u00e0 San-Pedro pour le lancement des travaux de renforcement de la route C\u00f4ti\u00e8re"},"content":{"rendered":"<div class=\"msg-body P_wpofO mq_AS\" data-test-id=\"message-view-body-content\">\n<div class=\"jb_0 X_6MGW N_6Fd5\">\n<div>\n<div id=\"yiv8612478580\">\n<div>\n<div>La question de l\u2019acc\u00e8s de la route C\u00f4ti\u00e8re San-Pedro -Abidjan est l\u2019une des pr\u00e9occupations majeurs du Gouvernement. Actuellement le tron\u00e7on de 180,50 km entre Fresco-Sassandra-San-Pedro-Grand-B\u00e9r\u00e9by ,\u00a0 est impraticable et la situation s\u2019empire durant la saison pluvieuse.<\/div>\n<div><\/div>\n<div>Ainsi, pour maintenir un acc\u00e8s viable au sud -ouest de la C\u00f4te- d&rsquo;Ivoire qui abrite la zone de la plus grande production agro-industrielle ainsi que le second port du pays, l\u2019Etat ivoirien a mis en place le Projet de r\u00e9habilitation de la C\u00f4ti\u00e8re San-Pedro-Abidjan, pour un co\u00fbt de 308 milliards de F Cfa.<\/div>\n<div><\/div>\n<div>C\u2019est ce qui a t\u00e9moign\u00e9 l\u2019arriv\u00e9e du Premier Ministre, Patrick Achi, le samedi 18 septembre 2021 \u00e0 San-Pedro pour pr\u00e9sider la c\u00e9r\u00e9monie de lancement des travaux de ladite c\u00f4ti\u00e8re.<\/div>\n<div><\/div>\n<div>Cette c\u00e9r\u00e9monie, qui s\u2019est d\u00e9roul\u00e9e dans une ambiance festive au corridor 3s a vu la participation des fils et filles de la localit\u00e9,\u00a0 des Elus, toutes les couches sociales du District Autonome du Bas-Sassandra,\u00a0 le Ministre Gouverneur, L\u00e9gr\u00e9 Philippe, du ministre\u00a0 de la promotion des PME, Anobl\u00e9 F\u00e9lix, \u00e9galement maire de la commune de San-Pedro et en pr\u00e9sence du ministre de la r\u00e9conciliation, Kouadio Konan Bertin et bien d\u2019autres membres du Gouvernement.<\/div>\n<div><\/div>\n<div>Pr\u00e9vu pour durer 18 mois, ce chantier a \u00e9t\u00e9 confi\u00e9 \u00e0 l\u2019entreprise\u00a0 PFO AFRICA-CI, SOGEA SATOM, RAZEL-CI.<\/div>\n<div><\/div>\n<div>C\u2019est en 2015, lors de sa campagne pr\u00e9sidentielle que le Chef de l\u2019\u00c9tat Alassane Ouattara, a annonc\u00e9 \u00e0 San-pedro, la r\u00e9habilitation de la route C\u00f4ti\u00e8re. La r\u00e9alisation de ce projet, constitue une urgence pour le pays en raison de la prochaine coupe d\u2019Afrique des Nations de football qui se d\u00e9roulera en Cote d\u2019Ivoire en juin 2023.<\/div>\n<div><\/div>\n<div>Dans le cadre des travaux sur le tron\u00e7on\u00a0 de la route C\u00f4ti\u00e8re Songon \u00e0 Grand-B\u00e9r\u00e9by long de 353,5 Km, nous avons une route \u00e0 renforcer de 7,40 m\u00e8tre de chauss\u00e9e + 2 x 1,50 m\u00e8tre d\u2019accotements + le prolongement des ouvrages hydrauliques + l\u2019\u00e9largissement des aires de stationnement dans les travers\u00e9es des villes et villages, 5 Km en 2 x 2 voies dans la travers\u00e9e de San-Pedro.<\/div>\n<div><\/div>\n<div>Thierry Lagognon<\/div>\n<div><\/div>\n<div><\/div>\n<\/div>\n<\/div>\n<\/div>\n<\/div>\n<\/div>\n","protected":false},"excerpt":{"rendered":"<p>La question de l\u2019acc\u00e8s de la route C\u00f4ti\u00e8re San-Pedro -Abidjan est l\u2019une des pr\u00e9occupations majeurs du Gouvernement. Actuellement le tron\u00e7on de 180,50 km entre Fresco-Sassandra-San-Pedro-Grand-B\u00e9r\u00e9by ,\u00a0 est impraticable et la situation s\u2019empire durant la saison pluvieuse. Ainsi, pour maintenir un acc\u00e8s viable au sud -ouest de la C\u00f4te- d&rsquo;Ivoire qui abrite la zone de la [&hellip;]<\/p>\n","protected":false},"author":2,"featured_media":2958,"comment_status":"closed","ping_status":"closed","sticky":true,"template":"","format":"standard","meta":{"_acf_changed":false,"footnotes":""},"categories":[],"tags":[],"class_list":["post-2957","post","type-post","status-publish","format-standard","has-post-thumbnail","hentry"],"acf":[],"yoast_head":"<!-- This site is optimized with the Yoast SEO plugin v27.5 - https:\/\/yoast.com\/product\/yoast-seo-wordpress\/ -->\n<title>Le Premier Ministre, Patrick Achi \u00e0 San-Pedro pour le lancement des travaux de renforcement de la route C\u00f4ti\u00e8re - Amanien| L&#039;actualit\u00e9 Ivoirienne et Internationale<\/title>\n<meta name=\"robots\" content=\"index, follow, max-snippet:-1, max-image-preview:large, max-video-preview:-1\" \/>\n<link rel=\"canonical\" href=\"https:\/\/www.amanien.info\/news\/le-premier-ministre-patrick-achi-a-san-pedro-pour-le-lancement-des-travaux-de-renforcement-de-la-route-cotiere\/\" \/>\n<meta property=\"og:locale\" content=\"fr_FR\" \/>\n<meta property=\"og:type\" content=\"article\" \/>\n<meta property=\"og:title\" content=\"Le Premier Ministre, Patrick Achi \u00e0 San-Pedro pour le lancement des travaux de renforcement de la route C\u00f4ti\u00e8re - Amanien| L&#039;actualit\u00e9 Ivoirienne et Internationale\" \/>\n<meta property=\"og:description\" content=\"La question de l\u2019acc\u00e8s de la route C\u00f4ti\u00e8re San-Pedro -Abidjan est l\u2019une des pr\u00e9occupations majeurs du Gouvernement. Actuellement le tron\u00e7on de 180,50 km entre Fresco-Sassandra-San-Pedro-Grand-B\u00e9r\u00e9by ,\u00a0 est impraticable et la situation s\u2019empire durant la saison pluvieuse. Ainsi, pour maintenir un acc\u00e8s viable au sud -ouest de la C\u00f4te- d&rsquo;Ivoire qui abrite la zone de la [&hellip;]\" \/>\n<meta property=\"og:url\" content=\"https:\/\/www.amanien.info\/news\/le-premier-ministre-patrick-achi-a-san-pedro-pour-le-lancement-des-travaux-de-renforcement-de-la-route-cotiere\/\" \/>\n<meta property=\"og:site_name\" content=\"Amanien| L&#039;actualit\u00e9 Ivoirienne et Internationale\" \/>\n<meta property=\"article:published_time\" content=\"2021-09-22T06:27:40+00:00\" \/>\n<meta property=\"article:modified_time\" content=\"2021-09-22T06:29:13+00:00\" \/>\n<meta property=\"og:image\" content=\"https:\/\/www.amanien.info\/news\/wp-content\/uploads\/2021\/09\/thumbnail-10.jpg\" \/>\n\t<meta property=\"og:image:width\" content=\"648\" \/>\n\t<meta property=\"og:image:height\" content=\"391\" \/>\n\t<meta property=\"og:image:type\" content=\"image\/jpeg\" \/>\n<meta name=\"author\" content=\"Germain Ndri\" \/>\n<meta name=\"twitter:card\" content=\"summary_large_image\" \/>\n<meta name=\"twitter:label1\" content=\"\u00c9crit par\" \/>\n\t<meta name=\"twitter:data1\" content=\"Germain Ndri\" \/>\n\t<meta name=\"twitter:label2\" content=\"Dur\u00e9e de lecture estim\u00e9e\" \/>\n\t<meta name=\"twitter:data2\" content=\"2 minutes\" \/>\n<script type=\"application\/ld+json\" class=\"yoast-schema-graph\">{\"@context\":\"https:\\\/\\\/schema.org\",\"@graph\":[{\"@type\":\"Article\",\"@id\":\"https:\\\/\\\/www.amanien.info\\\/news\\\/le-premier-ministre-patrick-achi-a-san-pedro-pour-le-lancement-des-travaux-de-renforcement-de-la-route-cotiere\\\/#article\",\"isPartOf\":{\"@id\":\"https:\\\/\\\/www.amanien.info\\\/news\\\/le-premier-ministre-patrick-achi-a-san-pedro-pour-le-lancement-des-travaux-de-renforcement-de-la-route-cotiere\\\/\"},\"author\":{\"name\":\"Germain Ndri\",\"@id\":\"https:\\\/\\\/www.amanien.info\\\/news\\\/#\\\/schema\\\/person\\\/b21093345753a1a98242d505bd894f42\"},\"headline\":\"Le Premier Ministre, Patrick Achi \u00e0 San-Pedro pour le lancement des travaux de renforcement de la route C\u00f4ti\u00e8re\",\"datePublished\":\"2021-09-22T06:27:40+00:00\",\"dateModified\":\"2021-09-22T06:29:13+00:00\",\"mainEntityOfPage\":{\"@id\":\"https:\\\/\\\/www.amanien.info\\\/news\\\/le-premier-ministre-patrick-achi-a-san-pedro-pour-le-lancement-des-travaux-de-renforcement-de-la-route-cotiere\\\/\"},\"wordCount\":389,\"image\":{\"@id\":\"https:\\\/\\\/www.amanien.info\\\/news\\\/le-premier-ministre-patrick-achi-a-san-pedro-pour-le-lancement-des-travaux-de-renforcement-de-la-route-cotiere\\\/#primaryimage\"},\"thumbnailUrl\":\"https:\\\/\\\/www.amanien.info\\\/news\\\/wp-content\\\/uploads\\\/2021\\\/09\\\/thumbnail-10.jpg\",\"inLanguage\":\"fr-FR\"},{\"@type\":\"WebPage\",\"@id\":\"https:\\\/\\\/www.amanien.info\\\/news\\\/le-premier-ministre-patrick-achi-a-san-pedro-pour-le-lancement-des-travaux-de-renforcement-de-la-route-cotiere\\\/\",\"url\":\"https:\\\/\\\/www.amanien.info\\\/news\\\/le-premier-ministre-patrick-achi-a-san-pedro-pour-le-lancement-des-travaux-de-renforcement-de-la-route-cotiere\\\/\",\"name\":\"Le Premier Ministre, Patrick Achi \u00e0 San-Pedro pour le lancement des travaux de renforcement de la route C\u00f4ti\u00e8re - Amanien| L&#039;actualit\u00e9 Ivoirienne et Internationale\",\"isPartOf\":{\"@id\":\"https:\\\/\\\/www.amanien.info\\\/news\\\/#website\"},\"primaryImageOfPage\":{\"@id\":\"https:\\\/\\\/www.amanien.info\\\/news\\\/le-premier-ministre-patrick-achi-a-san-pedro-pour-le-lancement-des-travaux-de-renforcement-de-la-route-cotiere\\\/#primaryimage\"},\"image\":{\"@id\":\"https:\\\/\\\/www.amanien.info\\\/news\\\/le-premier-ministre-patrick-achi-a-san-pedro-pour-le-lancement-des-travaux-de-renforcement-de-la-route-cotiere\\\/#primaryimage\"},\"thumbnailUrl\":\"https:\\\/\\\/www.amanien.info\\\/news\\\/wp-content\\\/uploads\\\/2021\\\/09\\\/thumbnail-10.jpg\",\"datePublished\":\"2021-09-22T06:27:40+00:00\",\"dateModified\":\"2021-09-22T06:29:13+00:00\",\"author\":{\"@id\":\"https:\\\/\\\/www.amanien.info\\\/news\\\/#\\\/schema\\\/person\\\/b21093345753a1a98242d505bd894f42\"},\"breadcrumb\":{\"@id\":\"https:\\\/\\\/www.amanien.info\\\/news\\\/le-premier-ministre-patrick-achi-a-san-pedro-pour-le-lancement-des-travaux-de-renforcement-de-la-route-cotiere\\\/#breadcrumb\"},\"inLanguage\":\"fr-FR\",\"potentialAction\":[{\"@type\":\"ReadAction\",\"target\":[\"https:\\\/\\\/www.amanien.info\\\/news\\\/le-premier-ministre-patrick-achi-a-san-pedro-pour-le-lancement-des-travaux-de-renforcement-de-la-route-cotiere\\\/\"]}]},{\"@type\":\"ImageObject\",\"inLanguage\":\"fr-FR\",\"@id\":\"https:\\\/\\\/www.amanien.info\\\/news\\\/le-premier-ministre-patrick-achi-a-san-pedro-pour-le-lancement-des-travaux-de-renforcement-de-la-route-cotiere\\\/#primaryimage\",\"url\":\"https:\\\/\\\/www.amanien.info\\\/news\\\/wp-content\\\/uploads\\\/2021\\\/09\\\/thumbnail-10.jpg\",\"contentUrl\":\"https:\\\/\\\/www.amanien.info\\\/news\\\/wp-content\\\/uploads\\\/2021\\\/09\\\/thumbnail-10.jpg\",\"width\":648,\"height\":391},{\"@type\":\"BreadcrumbList\",\"@id\":\"https:\\\/\\\/www.amanien.info\\\/news\\\/le-premier-ministre-patrick-achi-a-san-pedro-pour-le-lancement-des-travaux-de-renforcement-de-la-route-cotiere\\\/#breadcrumb\",\"itemListElement\":[{\"@type\":\"ListItem\",\"position\":1,\"name\":\"Accueil\",\"item\":\"https:\\\/\\\/www.amanien.info\\\/news\\\/\"},{\"@type\":\"ListItem\",\"position\":2,\"name\":\"Le Premier Ministre, Patrick Achi \u00e0 San-Pedro pour le lancement des travaux de renforcement de la route C\u00f4ti\u00e8re\"}]},{\"@type\":\"WebSite\",\"@id\":\"https:\\\/\\\/www.amanien.info\\\/news\\\/#website\",\"url\":\"https:\\\/\\\/www.amanien.info\\\/news\\\/\",\"name\":\"Amanien| L&#039;actualit\u00e9 Ivoirienne et Internationale\",\"description\":\"L&#039;actualit\u00e9 Ivoirienne et Internationale\",\"potentialAction\":[{\"@type\":\"SearchAction\",\"target\":{\"@type\":\"EntryPoint\",\"urlTemplate\":\"https:\\\/\\\/www.amanien.info\\\/news\\\/?s={search_term_string}\"},\"query-input\":{\"@type\":\"PropertyValueSpecification\",\"valueRequired\":true,\"valueName\":\"search_term_string\"}}],\"inLanguage\":\"fr-FR\"},{\"@type\":\"Person\",\"@id\":\"https:\\\/\\\/www.amanien.info\\\/news\\\/#\\\/schema\\\/person\\\/b21093345753a1a98242d505bd894f42\",\"name\":\"Germain Ndri\",\"url\":\"https:\\\/\\\/www.amanien.info\\\/news\\\/author\\\/amanien-infos\\\/\"}]}<\/script>\n<!-- \/ Yoast SEO plugin. -->","yoast_head_json":{"title":"Le Premier Ministre, Patrick Achi \u00e0 San-Pedro pour le lancement des travaux de renforcement de la route C\u00f4ti\u00e8re - Amanien| L&#039;actualit\u00e9 Ivoirienne et Internationale","robots":{"index":"index","follow":"follow","max-snippet":"max-snippet:-1","max-image-preview":"max-image-preview:large","max-video-preview":"max-video-preview:-1"},"canonical":"https:\/\/www.amanien.info\/news\/le-premier-ministre-patrick-achi-a-san-pedro-pour-le-lancement-des-travaux-de-renforcement-de-la-route-cotiere\/","og_locale":"fr_FR","og_type":"article","og_title":"Le Premier Ministre, Patrick Achi \u00e0 San-Pedro pour le lancement des travaux de renforcement de la route C\u00f4ti\u00e8re - Amanien| L&#039;actualit\u00e9 Ivoirienne et Internationale","og_description":"La question de l\u2019acc\u00e8s de la route C\u00f4ti\u00e8re San-Pedro -Abidjan est l\u2019une des pr\u00e9occupations majeurs du Gouvernement. Actuellement le tron\u00e7on de 180,50 km entre Fresco-Sassandra-San-Pedro-Grand-B\u00e9r\u00e9by ,\u00a0 est impraticable et la situation s\u2019empire durant la saison pluvieuse. Ainsi, pour maintenir un acc\u00e8s viable au sud -ouest de la C\u00f4te- d&rsquo;Ivoire qui abrite la zone de la [&hellip;]","og_url":"https:\/\/www.amanien.info\/news\/le-premier-ministre-patrick-achi-a-san-pedro-pour-le-lancement-des-travaux-de-renforcement-de-la-route-cotiere\/","og_site_name":"Amanien| L&#039;actualit\u00e9 Ivoirienne et Internationale","article_published_time":"2021-09-22T06:27:40+00:00","article_modified_time":"2021-09-22T06:29:13+00:00","og_image":[{"width":648,"height":391,"url":"https:\/\/www.amanien.info\/news\/wp-content\/uploads\/2021\/09\/thumbnail-10.jpg","type":"image\/jpeg"}],"author":"Germain Ndri","twitter_card":"summary_large_image","twitter_misc":{"\u00c9crit par":"Germain Ndri","Dur\u00e9e de lecture estim\u00e9e":"2 minutes"},"schema":{"@context":"https:\/\/schema.org","@graph":[{"@type":"Article","@id":"https:\/\/www.amanien.info\/news\/le-premier-ministre-patrick-achi-a-san-pedro-pour-le-lancement-des-travaux-de-renforcement-de-la-route-cotiere\/#article","isPartOf":{"@id":"https:\/\/www.amanien.info\/news\/le-premier-ministre-patrick-achi-a-san-pedro-pour-le-lancement-des-travaux-de-renforcement-de-la-route-cotiere\/"},"author":{"name":"Germain Ndri","@id":"https:\/\/www.amanien.info\/news\/#\/schema\/person\/b21093345753a1a98242d505bd894f42"},"headline":"Le Premier Ministre, Patrick Achi \u00e0 San-Pedro pour le lancement des travaux de renforcement de la route C\u00f4ti\u00e8re","datePublished":"2021-09-22T06:27:40+00:00","dateModified":"2021-09-22T06:29:13+00:00","mainEntityOfPage":{"@id":"https:\/\/www.amanien.info\/news\/le-premier-ministre-patrick-achi-a-san-pedro-pour-le-lancement-des-travaux-de-renforcement-de-la-route-cotiere\/"},"wordCount":389,"image":{"@id":"https:\/\/www.amanien.info\/news\/le-premier-ministre-patrick-achi-a-san-pedro-pour-le-lancement-des-travaux-de-renforcement-de-la-route-cotiere\/#primaryimage"},"thumbnailUrl":"https:\/\/www.amanien.info\/news\/wp-content\/uploads\/2021\/09\/thumbnail-10.jpg","inLanguage":"fr-FR"},{"@type":"WebPage","@id":"https:\/\/www.amanien.info\/news\/le-premier-ministre-patrick-achi-a-san-pedro-pour-le-lancement-des-travaux-de-renforcement-de-la-route-cotiere\/","url":"https:\/\/www.amanien.info\/news\/le-premier-ministre-patrick-achi-a-san-pedro-pour-le-lancement-des-travaux-de-renforcement-de-la-route-cotiere\/","name":"Le Premier Ministre, Patrick Achi \u00e0 San-Pedro pour le lancement des travaux de renforcement de la route C\u00f4ti\u00e8re - Amanien| L&#039;actualit\u00e9 Ivoirienne et Internationale","isPartOf":{"@id":"https:\/\/www.amanien.info\/news\/#website"},"primaryImageOfPage":{"@id":"https:\/\/www.amanien.info\/news\/le-premier-ministre-patrick-achi-a-san-pedro-pour-le-lancement-des-travaux-de-renforcement-de-la-route-cotiere\/#primaryimage"},"image":{"@id":"https:\/\/www.amanien.info\/news\/le-premier-ministre-patrick-achi-a-san-pedro-pour-le-lancement-des-travaux-de-renforcement-de-la-route-cotiere\/#primaryimage"},"thumbnailUrl":"https:\/\/www.amanien.info\/news\/wp-content\/uploads\/2021\/09\/thumbnail-10.jpg","datePublished":"2021-09-22T06:27:40+00:00","dateModified":"2021-09-22T06:29:13+00:00","author":{"@id":"https:\/\/www.amanien.info\/news\/#\/schema\/person\/b21093345753a1a98242d505bd894f42"},"breadcrumb":{"@id":"https:\/\/www.amanien.info\/news\/le-premier-ministre-patrick-achi-a-san-pedro-pour-le-lancement-des-travaux-de-renforcement-de-la-route-cotiere\/#breadcrumb"},"inLanguage":"fr-FR","potentialAction":[{"@type":"ReadAction","target":["https:\/\/www.amanien.info\/news\/le-premier-ministre-patrick-achi-a-san-pedro-pour-le-lancement-des-travaux-de-renforcement-de-la-route-cotiere\/"]}]},{"@type":"ImageObject","inLanguage":"fr-FR","@id":"https:\/\/www.amanien.info\/news\/le-premier-ministre-patrick-achi-a-san-pedro-pour-le-lancement-des-travaux-de-renforcement-de-la-route-cotiere\/#primaryimage","url":"https:\/\/www.amanien.info\/news\/wp-content\/uploads\/2021\/09\/thumbnail-10.jpg","contentUrl":"https:\/\/www.amanien.info\/news\/wp-content\/uploads\/2021\/09\/thumbnail-10.jpg","width":648,"height":391},{"@type":"BreadcrumbList","@id":"https:\/\/www.amanien.info\/news\/le-premier-ministre-patrick-achi-a-san-pedro-pour-le-lancement-des-travaux-de-renforcement-de-la-route-cotiere\/#breadcrumb","itemListElement":[{"@type":"ListItem","position":1,"name":"Accueil","item":"https:\/\/www.amanien.info\/news\/"},{"@type":"ListItem","position":2,"name":"Le Premier Ministre, Patrick Achi \u00e0 San-Pedro pour le lancement des travaux de renforcement de la route C\u00f4ti\u00e8re"}]},{"@type":"WebSite","@id":"https:\/\/www.amanien.info\/news\/#website","url":"https:\/\/www.amanien.info\/news\/","name":"Amanien| L&#039;actualit\u00e9 Ivoirienne et Internationale","description":"L&#039;actualit\u00e9 Ivoirienne et Internationale","potentialAction":[{"@type":"SearchAction","target":{"@type":"EntryPoint","urlTemplate":"https:\/\/www.amanien.info\/news\/?s={search_term_string}"},"query-input":{"@type":"PropertyValueSpecification","valueRequired":true,"valueName":"search_term_string"}}],"inLanguage":"fr-FR"},{"@type":"Person","@id":"https:\/\/www.amanien.info\/news\/#\/schema\/person\/b21093345753a1a98242d505bd894f42","name":"Germain Ndri","url":"https:\/\/www.amanien.info\/news\/author\/amanien-infos\/"}]}},"_links":{"self":[{"href":"https:\/\/www.amanien.info\/news\/wp-json\/wp\/v2\/posts\/2957","targetHints":{"allow":["GET"]}}],"collection":[{"href":"https:\/\/www.amanien.info\/news\/wp-json\/wp\/v2\/posts"}],"about":[{"href":"https:\/\/www.amanien.info\/news\/wp-json\/wp\/v2\/types\/post"}],"author":[{"embeddable":true,"href":"https:\/\/www.amanien.info\/news\/wp-json\/wp\/v2\/users\/2"}],"replies":[{"embeddable":true,"href":"https:\/\/www.amanien.info\/news\/wp-json\/wp\/v2\/comments?post=2957"}],"version-history":[{"count":1,"href":"https:\/\/www.amanien.info\/news\/wp-json\/wp\/v2\/posts\/2957\/revisions"}],"predecessor-version":[{"id":2959,"href":"https:\/\/www.amanien.info\/news\/wp-json\/wp\/v2\/posts\/2957\/revisions\/2959"}],"wp:featuredmedia":[{"embeddable":true,"href":"https:\/\/www.amanien.info\/news\/wp-json\/wp\/v2\/media\/2958"}],"wp:attachment":[{"href":"https:\/\/www.amanien.info\/news\/wp-json\/wp\/v2\/media?parent=2957"}],"wp:term":[{"taxonomy":"category","embeddable":true,"href":"https:\/\/www.amanien.info\/news\/wp-json\/wp\/v2\/categories?post=2957"},{"taxonomy":"post_tag","embeddable":true,"href":"https:\/\/www.amanien.info\/news\/wp-json\/wp\/v2\/tags?post=2957"}],"curies":[{"name":"wp","href":"https:\/\/api.w.org\/{rel}","templated":true}]}}