{"id":2954,"date":"2021-09-18T09:17:58","date_gmt":"2021-09-18T09:17:58","guid":{"rendered":"https:\/\/www.https:\/\/zozo.buyee.jp\/\/news\/?p=2954"},"modified":"2021-09-18T09:18:36","modified_gmt":"2021-09-18T09:18:36","slug":"un-atelier-se-tient-a-san-pedro-pour-sensibiliser-sur-la-sante-sexuelle-et-reproductive","status":"publish","type":"post","link":"https:\/\/www.amanien.info\/news\/un-atelier-se-tient-a-san-pedro-pour-sensibiliser-sur-la-sante-sexuelle-et-reproductive\/","title":{"rendered":"Un atelier se tient \u00e0 San-Pedro pour sensibiliser sur la sant\u00e9 sexuelle et reproductive"},"content":{"rendered":"<p>Un atelier de clarification des valeurs et transformation d\u2019attitude relative aux avortements non s\u00e9curis\u00e9s (VCAT) se tient pr\u00e9sentement \u00e0 San-Pedro.<\/p>\n<p>Organis\u00e9 par une Organisation internationale non gouvernementale, l\u2019IPAS , un atelier sur l\u2019avortement non s\u00e9curis\u00e9 a ouvert ses portes le 15 septembre et prendra fin le 17 septembre 2021, \u00e0 la salle de conf\u00e9rence de l\u2019h\u00f4tel Nahoui de San-Pedro avec pour participants les leaders d\u2019opinion et de la soci\u00e9t\u00e9 civile de la localit\u00e9.<\/p>\n<p>Il s\u2019agit de permettre aux participants d\u2019avoir une bonne connaissance de l\u2019applicabilit\u00e9 du protocole de Maputo relatif \u00e0 l\u2019avortement non s\u00e9curis\u00e9 en C\u00f4te d\u2019ivoire mais surtout aux participants d\u2019avoir connaissance des engagements de la C\u00f4te d\u2019Ivoire en mati\u00e8re de sant\u00e9 de la reproduction au plan national et international. Permettre enfin aux leaders d\u2019opinion d\u2019avoir une connaissance sur la Sant\u00e9 Sexuelle et Reproduction (SSR) et les Droits \u00e0 la Sant\u00e9 Sexuelle et Reproduction (DSSR).<\/p>\n<p>Maputo autorisant la femme \u00e0 pratiquer l\u2019avortement en cas de viol, en cas d\u2019inceste ou la grossesse met en danger la sant\u00e9 physique et psychologique de la femme, ce protocole ratifi\u00e9 par le Gouvernement ivoirien et publi\u00e9 au journal officiel en 2012 a besoin d\u2019\u00eatre port\u00e9 \u00e0 la connaissance des populations.<\/p>\n<p>En C\u00f4te d\u2019Ivoire, plus de 6 avortements sur 10 sont \u00e0 risque, impliquant des m\u00e9thodes non-recommand\u00e9es.<br \/>\nCes pratiques non-recommandables sont \u00e0 l\u2019origine de la hausse de la mortalit\u00e9 maternelle en C\u00f4te d\u2019Ivoire chaque ann\u00e9e au point d\u2019inqui\u00e9ter s\u00e9rieusement la soci\u00e9t\u00e9.<\/p>\n<p>Selon le directeur-coordonnateur adjoint du programme national de la sant\u00e9 de la m\u00e8re et enfant, Andoh Hyacinthe en 2012, une enqu\u00eate d\u00e9mographique et de la sant\u00e9 (EDS) a relev\u00e9 614 d\u00e9c\u00e8s pour 100 000 naissances vivantes contre 645 d\u00e9c\u00e8s pour 100 000 naissances vivantes en 2015. 18% de la mortalit\u00e9 maternelle, souligne-t-il, sont li\u00e9s \u00e0 ces avortements.<br \/>\n\u201cEn une ann\u00e9e, sur 1000 femmes \u00e2g\u00e9es de 15 \u00e0 49 ans le taux de celles qui pratiquent l\u2019avortement est plus \u00e9lev\u00e9 que celles \u00e2g\u00e9es de 20 \u00e0 29 ans \u00bb, r\u00e9v\u00e8le Andoh Hyacinthe.<\/p>\n<p>Le minist\u00e8re de la sant\u00e9, rappelle-t-il, voudrait que la planification familiale soit le premier recours et pour cela il convient de sensibiliser d\u2019avantage les femmes \u00e0 l\u2019utilisation des m\u00e9thodes contraceptives.<\/p>\n<p>Thierry Lagognon<\/p>\n","protected":false},"excerpt":{"rendered":"<p>Un atelier de clarification des valeurs et transformation d\u2019attitude relative aux avortements non s\u00e9curis\u00e9s (VCAT) se tient pr\u00e9sentement \u00e0 San-Pedro. Organis\u00e9 par une Organisation internationale non gouvernementale, l\u2019IPAS , un atelier sur l\u2019avortement non s\u00e9curis\u00e9 a ouvert ses portes le 15 septembre et prendra fin le 17 septembre 2021, \u00e0 la salle de conf\u00e9rence de [&hellip;]<\/p>\n","protected":false},"author":2,"featured_media":2955,"comment_status":"closed","ping_status":"closed","sticky":true,"template":"","format":"standard","meta":{"_acf_changed":false,"footnotes":""},"categories":[],"tags":[],"class_list":["post-2954","post","type-post","status-publish","format-standard","has-post-thumbnail","hentry"],"acf":[],"yoast_head":"<!-- This site is optimized with the Yoast SEO plugin v27.5 - https:\/\/yoast.com\/product\/yoast-seo-wordpress\/ -->\n<title>Un atelier se tient \u00e0 San-Pedro pour sensibiliser sur la sant\u00e9 sexuelle et reproductive - Amanien| L&#039;actualit\u00e9 Ivoirienne et Internationale<\/title>\n<meta name=\"robots\" content=\"index, follow, max-snippet:-1, max-image-preview:large, max-video-preview:-1\" \/>\n<link rel=\"canonical\" href=\"https:\/\/www.amanien.info\/news\/un-atelier-se-tient-a-san-pedro-pour-sensibiliser-sur-la-sante-sexuelle-et-reproductive\/\" \/>\n<meta property=\"og:locale\" content=\"fr_FR\" \/>\n<meta property=\"og:type\" content=\"article\" \/>\n<meta property=\"og:title\" content=\"Un atelier se tient \u00e0 San-Pedro pour sensibiliser sur la sant\u00e9 sexuelle et reproductive - Amanien| L&#039;actualit\u00e9 Ivoirienne et Internationale\" \/>\n<meta property=\"og:description\" content=\"Un atelier de clarification des valeurs et transformation d\u2019attitude relative aux avortements non s\u00e9curis\u00e9s (VCAT) se tient pr\u00e9sentement \u00e0 San-Pedro. Organis\u00e9 par une Organisation internationale non gouvernementale, l\u2019IPAS , un atelier sur l\u2019avortement non s\u00e9curis\u00e9 a ouvert ses portes le 15 septembre et prendra fin le 17 septembre 2021, \u00e0 la salle de conf\u00e9rence de [&hellip;]\" \/>\n<meta property=\"og:url\" content=\"https:\/\/www.amanien.info\/news\/un-atelier-se-tient-a-san-pedro-pour-sensibiliser-sur-la-sante-sexuelle-et-reproductive\/\" \/>\n<meta property=\"og:site_name\" content=\"Amanien| L&#039;actualit\u00e9 Ivoirienne et Internationale\" \/>\n<meta property=\"article:published_time\" content=\"2021-09-18T09:17:58+00:00\" \/>\n<meta property=\"article:modified_time\" content=\"2021-09-18T09:18:36+00:00\" \/>\n<meta property=\"og:image\" content=\"https:\/\/www.amanien.info\/news\/wp-content\/uploads\/2021\/09\/thumbnail-9.jpg\" \/>\n\t<meta property=\"og:image:width\" content=\"1080\" \/>\n\t<meta property=\"og:image:height\" content=\"608\" \/>\n\t<meta property=\"og:image:type\" content=\"image\/jpeg\" \/>\n<meta name=\"author\" content=\"Germain Ndri\" \/>\n<meta name=\"twitter:card\" content=\"summary_large_image\" \/>\n<meta name=\"twitter:label1\" content=\"\u00c9crit par\" \/>\n\t<meta name=\"twitter:data1\" content=\"Germain Ndri\" \/>\n\t<meta name=\"twitter:label2\" content=\"Dur\u00e9e de lecture estim\u00e9e\" \/>\n\t<meta name=\"twitter:data2\" content=\"2 minutes\" \/>\n<script type=\"application\/ld+json\" class=\"yoast-schema-graph\">{\"@context\":\"https:\\\/\\\/schema.org\",\"@graph\":[{\"@type\":\"Article\",\"@id\":\"https:\\\/\\\/www.amanien.info\\\/news\\\/un-atelier-se-tient-a-san-pedro-pour-sensibiliser-sur-la-sante-sexuelle-et-reproductive\\\/#article\",\"isPartOf\":{\"@id\":\"https:\\\/\\\/www.amanien.info\\\/news\\\/un-atelier-se-tient-a-san-pedro-pour-sensibiliser-sur-la-sante-sexuelle-et-reproductive\\\/\"},\"author\":{\"name\":\"Germain Ndri\",\"@id\":\"https:\\\/\\\/www.amanien.info\\\/news\\\/#\\\/schema\\\/person\\\/b21093345753a1a98242d505bd894f42\"},\"headline\":\"Un atelier se tient \u00e0 San-Pedro pour sensibiliser sur la sant\u00e9 sexuelle et reproductive\",\"datePublished\":\"2021-09-18T09:17:58+00:00\",\"dateModified\":\"2021-09-18T09:18:36+00:00\",\"mainEntityOfPage\":{\"@id\":\"https:\\\/\\\/www.amanien.info\\\/news\\\/un-atelier-se-tient-a-san-pedro-pour-sensibiliser-sur-la-sante-sexuelle-et-reproductive\\\/\"},\"wordCount\":397,\"image\":{\"@id\":\"https:\\\/\\\/www.amanien.info\\\/news\\\/un-atelier-se-tient-a-san-pedro-pour-sensibiliser-sur-la-sante-sexuelle-et-reproductive\\\/#primaryimage\"},\"thumbnailUrl\":\"https:\\\/\\\/www.amanien.info\\\/news\\\/wp-content\\\/uploads\\\/2021\\\/09\\\/thumbnail-9.jpg\",\"inLanguage\":\"fr-FR\"},{\"@type\":\"WebPage\",\"@id\":\"https:\\\/\\\/www.amanien.info\\\/news\\\/un-atelier-se-tient-a-san-pedro-pour-sensibiliser-sur-la-sante-sexuelle-et-reproductive\\\/\",\"url\":\"https:\\\/\\\/www.amanien.info\\\/news\\\/un-atelier-se-tient-a-san-pedro-pour-sensibiliser-sur-la-sante-sexuelle-et-reproductive\\\/\",\"name\":\"Un atelier se tient \u00e0 San-Pedro pour sensibiliser sur la sant\u00e9 sexuelle et reproductive - Amanien| L&#039;actualit\u00e9 Ivoirienne et Internationale\",\"isPartOf\":{\"@id\":\"https:\\\/\\\/www.amanien.info\\\/news\\\/#website\"},\"primaryImageOfPage\":{\"@id\":\"https:\\\/\\\/www.amanien.info\\\/news\\\/un-atelier-se-tient-a-san-pedro-pour-sensibiliser-sur-la-sante-sexuelle-et-reproductive\\\/#primaryimage\"},\"image\":{\"@id\":\"https:\\\/\\\/www.amanien.info\\\/news\\\/un-atelier-se-tient-a-san-pedro-pour-sensibiliser-sur-la-sante-sexuelle-et-reproductive\\\/#primaryimage\"},\"thumbnailUrl\":\"https:\\\/\\\/www.amanien.info\\\/news\\\/wp-content\\\/uploads\\\/2021\\\/09\\\/thumbnail-9.jpg\",\"datePublished\":\"2021-09-18T09:17:58+00:00\",\"dateModified\":\"2021-09-18T09:18:36+00:00\",\"author\":{\"@id\":\"https:\\\/\\\/www.amanien.info\\\/news\\\/#\\\/schema\\\/person\\\/b21093345753a1a98242d505bd894f42\"},\"breadcrumb\":{\"@id\":\"https:\\\/\\\/www.amanien.info\\\/news\\\/un-atelier-se-tient-a-san-pedro-pour-sensibiliser-sur-la-sante-sexuelle-et-reproductive\\\/#breadcrumb\"},\"inLanguage\":\"fr-FR\",\"potentialAction\":[{\"@type\":\"ReadAction\",\"target\":[\"https:\\\/\\\/www.amanien.info\\\/news\\\/un-atelier-se-tient-a-san-pedro-pour-sensibiliser-sur-la-sante-sexuelle-et-reproductive\\\/\"]}]},{\"@type\":\"ImageObject\",\"inLanguage\":\"fr-FR\",\"@id\":\"https:\\\/\\\/www.amanien.info\\\/news\\\/un-atelier-se-tient-a-san-pedro-pour-sensibiliser-sur-la-sante-sexuelle-et-reproductive\\\/#primaryimage\",\"url\":\"https:\\\/\\\/www.amanien.info\\\/news\\\/wp-content\\\/uploads\\\/2021\\\/09\\\/thumbnail-9.jpg\",\"contentUrl\":\"https:\\\/\\\/www.amanien.info\\\/news\\\/wp-content\\\/uploads\\\/2021\\\/09\\\/thumbnail-9.jpg\",\"width\":1080,\"height\":608},{\"@type\":\"BreadcrumbList\",\"@id\":\"https:\\\/\\\/www.amanien.info\\\/news\\\/un-atelier-se-tient-a-san-pedro-pour-sensibiliser-sur-la-sante-sexuelle-et-reproductive\\\/#breadcrumb\",\"itemListElement\":[{\"@type\":\"ListItem\",\"position\":1,\"name\":\"Accueil\",\"item\":\"https:\\\/\\\/www.amanien.info\\\/news\\\/\"},{\"@type\":\"ListItem\",\"position\":2,\"name\":\"Un atelier se tient \u00e0 San-Pedro pour sensibiliser sur la sant\u00e9 sexuelle et reproductive\"}]},{\"@type\":\"WebSite\",\"@id\":\"https:\\\/\\\/www.amanien.info\\\/news\\\/#website\",\"url\":\"https:\\\/\\\/www.amanien.info\\\/news\\\/\",\"name\":\"Amanien| L&#039;actualit\u00e9 Ivoirienne et Internationale\",\"description\":\"L&#039;actualit\u00e9 Ivoirienne et Internationale\",\"potentialAction\":[{\"@type\":\"SearchAction\",\"target\":{\"@type\":\"EntryPoint\",\"urlTemplate\":\"https:\\\/\\\/www.amanien.info\\\/news\\\/?s={search_term_string}\"},\"query-input\":{\"@type\":\"PropertyValueSpecification\",\"valueRequired\":true,\"valueName\":\"search_term_string\"}}],\"inLanguage\":\"fr-FR\"},{\"@type\":\"Person\",\"@id\":\"https:\\\/\\\/www.amanien.info\\\/news\\\/#\\\/schema\\\/person\\\/b21093345753a1a98242d505bd894f42\",\"name\":\"Germain Ndri\",\"url\":\"https:\\\/\\\/www.amanien.info\\\/news\\\/author\\\/amanien-infos\\\/\"}]}<\/script>\n<!-- \/ Yoast SEO plugin. -->","yoast_head_json":{"title":"Un atelier se tient \u00e0 San-Pedro pour sensibiliser sur la sant\u00e9 sexuelle et reproductive - Amanien| L&#039;actualit\u00e9 Ivoirienne et Internationale","robots":{"index":"index","follow":"follow","max-snippet":"max-snippet:-1","max-image-preview":"max-image-preview:large","max-video-preview":"max-video-preview:-1"},"canonical":"https:\/\/www.amanien.info\/news\/un-atelier-se-tient-a-san-pedro-pour-sensibiliser-sur-la-sante-sexuelle-et-reproductive\/","og_locale":"fr_FR","og_type":"article","og_title":"Un atelier se tient \u00e0 San-Pedro pour sensibiliser sur la sant\u00e9 sexuelle et reproductive - Amanien| L&#039;actualit\u00e9 Ivoirienne et Internationale","og_description":"Un atelier de clarification des valeurs et transformation d\u2019attitude relative aux avortements non s\u00e9curis\u00e9s (VCAT) se tient pr\u00e9sentement \u00e0 San-Pedro. Organis\u00e9 par une Organisation internationale non gouvernementale, l\u2019IPAS , un atelier sur l\u2019avortement non s\u00e9curis\u00e9 a ouvert ses portes le 15 septembre et prendra fin le 17 septembre 2021, \u00e0 la salle de conf\u00e9rence de [&hellip;]","og_url":"https:\/\/www.amanien.info\/news\/un-atelier-se-tient-a-san-pedro-pour-sensibiliser-sur-la-sante-sexuelle-et-reproductive\/","og_site_name":"Amanien| L&#039;actualit\u00e9 Ivoirienne et Internationale","article_published_time":"2021-09-18T09:17:58+00:00","article_modified_time":"2021-09-18T09:18:36+00:00","og_image":[{"width":1080,"height":608,"url":"https:\/\/www.amanien.info\/news\/wp-content\/uploads\/2021\/09\/thumbnail-9.jpg","type":"image\/jpeg"}],"author":"Germain Ndri","twitter_card":"summary_large_image","twitter_misc":{"\u00c9crit par":"Germain Ndri","Dur\u00e9e de lecture estim\u00e9e":"2 minutes"},"schema":{"@context":"https:\/\/schema.org","@graph":[{"@type":"Article","@id":"https:\/\/www.amanien.info\/news\/un-atelier-se-tient-a-san-pedro-pour-sensibiliser-sur-la-sante-sexuelle-et-reproductive\/#article","isPartOf":{"@id":"https:\/\/www.amanien.info\/news\/un-atelier-se-tient-a-san-pedro-pour-sensibiliser-sur-la-sante-sexuelle-et-reproductive\/"},"author":{"name":"Germain Ndri","@id":"https:\/\/www.amanien.info\/news\/#\/schema\/person\/b21093345753a1a98242d505bd894f42"},"headline":"Un atelier se tient \u00e0 San-Pedro pour sensibiliser sur la sant\u00e9 sexuelle et reproductive","datePublished":"2021-09-18T09:17:58+00:00","dateModified":"2021-09-18T09:18:36+00:00","mainEntityOfPage":{"@id":"https:\/\/www.amanien.info\/news\/un-atelier-se-tient-a-san-pedro-pour-sensibiliser-sur-la-sante-sexuelle-et-reproductive\/"},"wordCount":397,"image":{"@id":"https:\/\/www.amanien.info\/news\/un-atelier-se-tient-a-san-pedro-pour-sensibiliser-sur-la-sante-sexuelle-et-reproductive\/#primaryimage"},"thumbnailUrl":"https:\/\/www.amanien.info\/news\/wp-content\/uploads\/2021\/09\/thumbnail-9.jpg","inLanguage":"fr-FR"},{"@type":"WebPage","@id":"https:\/\/www.amanien.info\/news\/un-atelier-se-tient-a-san-pedro-pour-sensibiliser-sur-la-sante-sexuelle-et-reproductive\/","url":"https:\/\/www.amanien.info\/news\/un-atelier-se-tient-a-san-pedro-pour-sensibiliser-sur-la-sante-sexuelle-et-reproductive\/","name":"Un atelier se tient \u00e0 San-Pedro pour sensibiliser sur la sant\u00e9 sexuelle et reproductive - Amanien| L&#039;actualit\u00e9 Ivoirienne et Internationale","isPartOf":{"@id":"https:\/\/www.amanien.info\/news\/#website"},"primaryImageOfPage":{"@id":"https:\/\/www.amanien.info\/news\/un-atelier-se-tient-a-san-pedro-pour-sensibiliser-sur-la-sante-sexuelle-et-reproductive\/#primaryimage"},"image":{"@id":"https:\/\/www.amanien.info\/news\/un-atelier-se-tient-a-san-pedro-pour-sensibiliser-sur-la-sante-sexuelle-et-reproductive\/#primaryimage"},"thumbnailUrl":"https:\/\/www.amanien.info\/news\/wp-content\/uploads\/2021\/09\/thumbnail-9.jpg","datePublished":"2021-09-18T09:17:58+00:00","dateModified":"2021-09-18T09:18:36+00:00","author":{"@id":"https:\/\/www.amanien.info\/news\/#\/schema\/person\/b21093345753a1a98242d505bd894f42"},"breadcrumb":{"@id":"https:\/\/www.amanien.info\/news\/un-atelier-se-tient-a-san-pedro-pour-sensibiliser-sur-la-sante-sexuelle-et-reproductive\/#breadcrumb"},"inLanguage":"fr-FR","potentialAction":[{"@type":"ReadAction","target":["https:\/\/www.amanien.info\/news\/un-atelier-se-tient-a-san-pedro-pour-sensibiliser-sur-la-sante-sexuelle-et-reproductive\/"]}]},{"@type":"ImageObject","inLanguage":"fr-FR","@id":"https:\/\/www.amanien.info\/news\/un-atelier-se-tient-a-san-pedro-pour-sensibiliser-sur-la-sante-sexuelle-et-reproductive\/#primaryimage","url":"https:\/\/www.amanien.info\/news\/wp-content\/uploads\/2021\/09\/thumbnail-9.jpg","contentUrl":"https:\/\/www.amanien.info\/news\/wp-content\/uploads\/2021\/09\/thumbnail-9.jpg","width":1080,"height":608},{"@type":"BreadcrumbList","@id":"https:\/\/www.amanien.info\/news\/un-atelier-se-tient-a-san-pedro-pour-sensibiliser-sur-la-sante-sexuelle-et-reproductive\/#breadcrumb","itemListElement":[{"@type":"ListItem","position":1,"name":"Accueil","item":"https:\/\/www.amanien.info\/news\/"},{"@type":"ListItem","position":2,"name":"Un atelier se tient \u00e0 San-Pedro pour sensibiliser sur la sant\u00e9 sexuelle et reproductive"}]},{"@type":"WebSite","@id":"https:\/\/www.amanien.info\/news\/#website","url":"https:\/\/www.amanien.info\/news\/","name":"Amanien| L&#039;actualit\u00e9 Ivoirienne et Internationale","description":"L&#039;actualit\u00e9 Ivoirienne et Internationale","potentialAction":[{"@type":"SearchAction","target":{"@type":"EntryPoint","urlTemplate":"https:\/\/www.amanien.info\/news\/?s={search_term_string}"},"query-input":{"@type":"PropertyValueSpecification","valueRequired":true,"valueName":"search_term_string"}}],"inLanguage":"fr-FR"},{"@type":"Person","@id":"https:\/\/www.amanien.info\/news\/#\/schema\/person\/b21093345753a1a98242d505bd894f42","name":"Germain Ndri","url":"https:\/\/www.amanien.info\/news\/author\/amanien-infos\/"}]}},"_links":{"self":[{"href":"https:\/\/www.amanien.info\/news\/wp-json\/wp\/v2\/posts\/2954","targetHints":{"allow":["GET"]}}],"collection":[{"href":"https:\/\/www.amanien.info\/news\/wp-json\/wp\/v2\/posts"}],"about":[{"href":"https:\/\/www.amanien.info\/news\/wp-json\/wp\/v2\/types\/post"}],"author":[{"embeddable":true,"href":"https:\/\/www.amanien.info\/news\/wp-json\/wp\/v2\/users\/2"}],"replies":[{"embeddable":true,"href":"https:\/\/www.amanien.info\/news\/wp-json\/wp\/v2\/comments?post=2954"}],"version-history":[{"count":1,"href":"https:\/\/www.amanien.info\/news\/wp-json\/wp\/v2\/posts\/2954\/revisions"}],"predecessor-version":[{"id":2956,"href":"https:\/\/www.amanien.info\/news\/wp-json\/wp\/v2\/posts\/2954\/revisions\/2956"}],"wp:featuredmedia":[{"embeddable":true,"href":"https:\/\/www.amanien.info\/news\/wp-json\/wp\/v2\/media\/2955"}],"wp:attachment":[{"href":"https:\/\/www.amanien.info\/news\/wp-json\/wp\/v2\/media?parent=2954"}],"wp:term":[{"taxonomy":"category","embeddable":true,"href":"https:\/\/www.amanien.info\/news\/wp-json\/wp\/v2\/categories?post=2954"},{"taxonomy":"post_tag","embeddable":true,"href":"https:\/\/www.amanien.info\/news\/wp-json\/wp\/v2\/tags?post=2954"}],"curies":[{"name":"wp","href":"https:\/\/api.w.org\/{rel}","templated":true}]}}