{"id":2949,"date":"2021-09-15T12:29:30","date_gmt":"2021-09-15T12:29:30","guid":{"rendered":"https:\/\/www.https:\/\/zozo.buyee.jp\/\/news\/?p=2949"},"modified":"2021-09-15T12:30:07","modified_gmt":"2021-09-15T12:30:07","slug":"journee-africaine-de-la-technologie-et-de-la-propriete-intellectuelle-le-president-de-la-fedinci-plaide-la-creation-dun-ministere-consacre-a-linvention","status":"publish","type":"post","link":"https:\/\/www.amanien.info\/news\/journee-africaine-de-la-technologie-et-de-la-propriete-intellectuelle-le-president-de-la-fedinci-plaide-la-creation-dun-ministere-consacre-a-linvention\/","title":{"rendered":"Journ\u00e9e Africaine de la Technologie et de la Propri\u00e9t\u00e9 Intellectuelle: Le pr\u00e9sident de la Fedinci plaide la cr\u00e9ation d&rsquo;un minist\u00e8re consacr\u00e9 \u00e0 l&rsquo;invention"},"content":{"rendered":"<p>Comme d&rsquo; autres pays du continent, la C\u00f4te d&rsquo;Ivoire a c\u00e9l\u00e9br\u00e9 le 13 septembre,la 22\u00e8me journ\u00e9e Africaine de la Technologie et de la propri\u00e9t\u00e9 intellectuelle. A cette occasion, la F\u00e9d\u00e9ration des Inventeurs et innovateurs de C\u00f4te d&rsquo;Ivoire ( FEDINCI), a organis\u00e9 une c\u00e9r\u00e9monie \u00e0 l&rsquo; h\u00f4tel du district d&rsquo;Abidjan. Lors de ladite c\u00e9r\u00e9monie, le Directeur G\u00e9n\u00e9ral de l&rsquo;Organisation Ivoirienne de la propri\u00e9t\u00e9 intellectuelle ( OIPI) Jacques Ekra, a rappel\u00e9 que la journ\u00e9e a \u00e9t\u00e9 institu\u00e9e sur initiative de l&rsquo;Organisation Africaine de la Propri\u00e9t\u00e9 Intellectuelle ( OAPI). Il a soulign\u00e9 que l&rsquo; institution qu&rsquo;il dirige, met \u00e0 la disposition des inventeurs, des centres d&rsquo; acc\u00e8s \u00e0 la technologie et \u00e0 l&rsquo;innovation, qui sont des biblioth\u00e8ques num\u00e9riques. Selon lui, l&rsquo; \u00c9tat est aupr\u00e8s des inventeurs. \u00ab\u00a0C&rsquo;est \u00e0 vous de faire le pas pour poser vos probl\u00e8mes\u00a0\u00bb a-t-il relev\u00e9.<\/p>\n<p>L&rsquo; Ambassadeur d&rsquo; Isra\u00ebl en C\u00f4te d&rsquo;Ivoire, Leo Vinovezky a fait le d\u00e9placement, afin d&rsquo; assister \u00e0 cet \u00e9v\u00e9nement. Il s&rsquo; est dit heureux de sa collaboration avec la fedinci, pour faire conna\u00eetre l&rsquo; exp\u00e9rience de son pays en mati\u00e8re d&rsquo; invention et d&rsquo;innovation technologique. Il a soulign\u00e9 qu&rsquo; Isra\u00ebl dispose d&rsquo; un minist\u00e8re de la Sciences et de la Technologie, et conseill\u00e9 que la C\u00f4te d&rsquo;Ivoire cr\u00e9\u00e9 un minist\u00e8re qui s&rsquo; occupera de ce secteur.<br \/>\nL&rsquo; ancien ministre Daniel Anikpo, pr\u00e9sident du Mouvement citoyen pour l&rsquo; industrialisation de la C\u00f4te d&rsquo;Ivoire, a fait savoir qu&rsquo; apr\u00e8s l&rsquo; obtention du brevet, la phase suivante est sa valorisation, par l&rsquo; industrialisation du produit. Ce qui permet de cr\u00e9er les emplois et la valeur ajout\u00e9e.<\/p>\n<p>Le pr\u00e9sident de la Fedinci Pierre Djibril Coulibaly a quant \u00e0 lui not\u00e9 que Depuis ces 5 derni\u00e8res ann\u00e9es, tout le monde parle d&rsquo; invention et d&rsquo; innovation. \u00a0\u00bb La C\u00f4te d&rsquo;Ivoire est un pays d&rsquo; invention et d&rsquo;innovation et figure au top 10 des pays africains lors du r\u00e9cent classement.Nous sommes dans les oeuvres de l&rsquo; esprit. Mais les populations attendent du concret dans son quotidien. Les populations attendent nos inventions dans les march\u00e9s\u00a0\u00bb a-t-il dit. Il a plaid\u00e9 pour la cr\u00e9ation d&rsquo; un minist\u00e8re de l&rsquo; invention et de l&rsquo;innovation. \u00a0\u00bb Ce secteur a besoin d&rsquo; un minist\u00e8re et nous disons merci au chef de l&rsquo;\u00c9tat, pour la cr\u00e9ation bient\u00f4t d&rsquo; un minist\u00e8re de l&rsquo; invention et de l&rsquo;innovation technologique\u00a0\u00bb . Il a ajout\u00e9 que la 4\u00e8me \u00e9dition du salon Abidjan Innova se tiendra du 31 mars au 2 avril 2022, avec pour th\u00e8me \u00a0\u00bb Valorisation des inventions, une affaire d&rsquo; \u00c9tat\u00a0\u00bb. A cet effet, il a pr\u00e9cis\u00e9 qu&rsquo; Isra\u00ebl est le pays invit\u00e9 d&rsquo; honneur permanent du salon. Bien avant,<br \/>\nDr N&rsquo; Cho Assand\u00e9 membre de la Fedinci, a d\u00e9clar\u00e9 que l&rsquo; essor du d\u00e9veloppement en Afrique et en particulier en C\u00f4te d&rsquo;Ivoire, viendra de la transformation technologique. \u00a0\u00bb C &lsquo; est en cela que la Fedinci se tient aux c\u00f4t\u00e9s de notre pays, pour l&rsquo; accompagner \u00e0 int\u00e9grer les aspects inventions, innovation et propri\u00e9t\u00e9 intellectuelle dans ses strat\u00e9gies \u00e9conomiques pour les prochaines ann\u00e9es\u00a0\u00bb a-t-il dit.<br \/>\nC.W<\/p>\n<p>&nbsp;<\/p>\n","protected":false},"excerpt":{"rendered":"<p>Comme d&rsquo; autres pays du continent, la C\u00f4te d&rsquo;Ivoire a c\u00e9l\u00e9br\u00e9 le 13 septembre,la 22\u00e8me journ\u00e9e Africaine de la Technologie et de la propri\u00e9t\u00e9 intellectuelle. A cette occasion, la F\u00e9d\u00e9ration des Inventeurs et innovateurs de C\u00f4te d&rsquo;Ivoire ( FEDINCI), a organis\u00e9 une c\u00e9r\u00e9monie \u00e0 l&rsquo; h\u00f4tel du district d&rsquo;Abidjan. Lors de ladite c\u00e9r\u00e9monie, le Directeur [&hellip;]<\/p>\n","protected":false},"author":2,"featured_media":2950,"comment_status":"closed","ping_status":"closed","sticky":true,"template":"","format":"standard","meta":{"_acf_changed":false,"footnotes":""},"categories":[],"tags":[],"class_list":["post-2949","post","type-post","status-publish","format-standard","has-post-thumbnail","hentry"],"acf":[],"yoast_head":"<!-- This site is optimized with the Yoast SEO plugin v27.5 - https:\/\/yoast.com\/product\/yoast-seo-wordpress\/ -->\n<title>Journ\u00e9e Africaine de la Technologie et de la Propri\u00e9t\u00e9 Intellectuelle: Le pr\u00e9sident de la Fedinci plaide la cr\u00e9ation d&#039;un minist\u00e8re consacr\u00e9 \u00e0 l&#039;invention - Amanien| L&#039;actualit\u00e9 Ivoirienne et Internationale<\/title>\n<meta name=\"robots\" content=\"index, follow, max-snippet:-1, max-image-preview:large, max-video-preview:-1\" \/>\n<link rel=\"canonical\" href=\"https:\/\/www.amanien.info\/news\/journee-africaine-de-la-technologie-et-de-la-propriete-intellectuelle-le-president-de-la-fedinci-plaide-la-creation-dun-ministere-consacre-a-linvention\/\" \/>\n<meta property=\"og:locale\" content=\"fr_FR\" \/>\n<meta property=\"og:type\" content=\"article\" \/>\n<meta property=\"og:title\" content=\"Journ\u00e9e Africaine de la Technologie et de la Propri\u00e9t\u00e9 Intellectuelle: Le pr\u00e9sident de la Fedinci plaide la cr\u00e9ation d&#039;un minist\u00e8re consacr\u00e9 \u00e0 l&#039;invention - Amanien| L&#039;actualit\u00e9 Ivoirienne et Internationale\" \/>\n<meta property=\"og:description\" content=\"Comme d&rsquo; autres pays du continent, la C\u00f4te d&rsquo;Ivoire a c\u00e9l\u00e9br\u00e9 le 13 septembre,la 22\u00e8me journ\u00e9e Africaine de la Technologie et de la propri\u00e9t\u00e9 intellectuelle. A cette occasion, la F\u00e9d\u00e9ration des Inventeurs et innovateurs de C\u00f4te d&rsquo;Ivoire ( FEDINCI), a organis\u00e9 une c\u00e9r\u00e9monie \u00e0 l&rsquo; h\u00f4tel du district d&rsquo;Abidjan. Lors de ladite c\u00e9r\u00e9monie, le Directeur [&hellip;]\" \/>\n<meta property=\"og:url\" content=\"https:\/\/www.amanien.info\/news\/journee-africaine-de-la-technologie-et-de-la-propriete-intellectuelle-le-president-de-la-fedinci-plaide-la-creation-dun-ministere-consacre-a-linvention\/\" \/>\n<meta property=\"og:site_name\" content=\"Amanien| L&#039;actualit\u00e9 Ivoirienne et Internationale\" \/>\n<meta property=\"article:published_time\" content=\"2021-09-15T12:29:30+00:00\" \/>\n<meta property=\"article:modified_time\" content=\"2021-09-15T12:30:07+00:00\" \/>\n<meta property=\"og:image\" content=\"https:\/\/www.amanien.info\/news\/wp-content\/uploads\/2021\/09\/thumbnail-8.jpg\" \/>\n\t<meta property=\"og:image:width\" content=\"1080\" \/>\n\t<meta property=\"og:image:height\" content=\"608\" \/>\n\t<meta property=\"og:image:type\" content=\"image\/jpeg\" \/>\n<meta name=\"author\" content=\"Germain Ndri\" \/>\n<meta name=\"twitter:card\" content=\"summary_large_image\" \/>\n<meta name=\"twitter:label1\" content=\"\u00c9crit par\" \/>\n\t<meta name=\"twitter:data1\" content=\"Germain Ndri\" \/>\n\t<meta name=\"twitter:label2\" content=\"Dur\u00e9e de lecture estim\u00e9e\" \/>\n\t<meta name=\"twitter:data2\" content=\"3 minutes\" \/>\n<script type=\"application\/ld+json\" class=\"yoast-schema-graph\">{\"@context\":\"https:\\\/\\\/schema.org\",\"@graph\":[{\"@type\":\"Article\",\"@id\":\"https:\\\/\\\/www.amanien.info\\\/news\\\/journee-africaine-de-la-technologie-et-de-la-propriete-intellectuelle-le-president-de-la-fedinci-plaide-la-creation-dun-ministere-consacre-a-linvention\\\/#article\",\"isPartOf\":{\"@id\":\"https:\\\/\\\/www.amanien.info\\\/news\\\/journee-africaine-de-la-technologie-et-de-la-propriete-intellectuelle-le-president-de-la-fedinci-plaide-la-creation-dun-ministere-consacre-a-linvention\\\/\"},\"author\":{\"name\":\"Germain Ndri\",\"@id\":\"https:\\\/\\\/www.amanien.info\\\/news\\\/#\\\/schema\\\/person\\\/b21093345753a1a98242d505bd894f42\"},\"headline\":\"Journ\u00e9e Africaine de la Technologie et de la Propri\u00e9t\u00e9 Intellectuelle: Le pr\u00e9sident de la Fedinci plaide la cr\u00e9ation d&rsquo;un minist\u00e8re consacr\u00e9 \u00e0 l&rsquo;invention\",\"datePublished\":\"2021-09-15T12:29:30+00:00\",\"dateModified\":\"2021-09-15T12:30:07+00:00\",\"mainEntityOfPage\":{\"@id\":\"https:\\\/\\\/www.amanien.info\\\/news\\\/journee-africaine-de-la-technologie-et-de-la-propriete-intellectuelle-le-president-de-la-fedinci-plaide-la-creation-dun-ministere-consacre-a-linvention\\\/\"},\"wordCount\":591,\"image\":{\"@id\":\"https:\\\/\\\/www.amanien.info\\\/news\\\/journee-africaine-de-la-technologie-et-de-la-propriete-intellectuelle-le-president-de-la-fedinci-plaide-la-creation-dun-ministere-consacre-a-linvention\\\/#primaryimage\"},\"thumbnailUrl\":\"https:\\\/\\\/www.amanien.info\\\/news\\\/wp-content\\\/uploads\\\/2021\\\/09\\\/thumbnail-8.jpg\",\"inLanguage\":\"fr-FR\"},{\"@type\":\"WebPage\",\"@id\":\"https:\\\/\\\/www.amanien.info\\\/news\\\/journee-africaine-de-la-technologie-et-de-la-propriete-intellectuelle-le-president-de-la-fedinci-plaide-la-creation-dun-ministere-consacre-a-linvention\\\/\",\"url\":\"https:\\\/\\\/www.amanien.info\\\/news\\\/journee-africaine-de-la-technologie-et-de-la-propriete-intellectuelle-le-president-de-la-fedinci-plaide-la-creation-dun-ministere-consacre-a-linvention\\\/\",\"name\":\"Journ\u00e9e Africaine de la Technologie et de la Propri\u00e9t\u00e9 Intellectuelle: Le pr\u00e9sident de la Fedinci plaide la cr\u00e9ation d'un minist\u00e8re consacr\u00e9 \u00e0 l'invention - Amanien| L&#039;actualit\u00e9 Ivoirienne et Internationale\",\"isPartOf\":{\"@id\":\"https:\\\/\\\/www.amanien.info\\\/news\\\/#website\"},\"primaryImageOfPage\":{\"@id\":\"https:\\\/\\\/www.amanien.info\\\/news\\\/journee-africaine-de-la-technologie-et-de-la-propriete-intellectuelle-le-president-de-la-fedinci-plaide-la-creation-dun-ministere-consacre-a-linvention\\\/#primaryimage\"},\"image\":{\"@id\":\"https:\\\/\\\/www.amanien.info\\\/news\\\/journee-africaine-de-la-technologie-et-de-la-propriete-intellectuelle-le-president-de-la-fedinci-plaide-la-creation-dun-ministere-consacre-a-linvention\\\/#primaryimage\"},\"thumbnailUrl\":\"https:\\\/\\\/www.amanien.info\\\/news\\\/wp-content\\\/uploads\\\/2021\\\/09\\\/thumbnail-8.jpg\",\"datePublished\":\"2021-09-15T12:29:30+00:00\",\"dateModified\":\"2021-09-15T12:30:07+00:00\",\"author\":{\"@id\":\"https:\\\/\\\/www.amanien.info\\\/news\\\/#\\\/schema\\\/person\\\/b21093345753a1a98242d505bd894f42\"},\"breadcrumb\":{\"@id\":\"https:\\\/\\\/www.amanien.info\\\/news\\\/journee-africaine-de-la-technologie-et-de-la-propriete-intellectuelle-le-president-de-la-fedinci-plaide-la-creation-dun-ministere-consacre-a-linvention\\\/#breadcrumb\"},\"inLanguage\":\"fr-FR\",\"potentialAction\":[{\"@type\":\"ReadAction\",\"target\":[\"https:\\\/\\\/www.amanien.info\\\/news\\\/journee-africaine-de-la-technologie-et-de-la-propriete-intellectuelle-le-president-de-la-fedinci-plaide-la-creation-dun-ministere-consacre-a-linvention\\\/\"]}]},{\"@type\":\"ImageObject\",\"inLanguage\":\"fr-FR\",\"@id\":\"https:\\\/\\\/www.amanien.info\\\/news\\\/journee-africaine-de-la-technologie-et-de-la-propriete-intellectuelle-le-president-de-la-fedinci-plaide-la-creation-dun-ministere-consacre-a-linvention\\\/#primaryimage\",\"url\":\"https:\\\/\\\/www.amanien.info\\\/news\\\/wp-content\\\/uploads\\\/2021\\\/09\\\/thumbnail-8.jpg\",\"contentUrl\":\"https:\\\/\\\/www.amanien.info\\\/news\\\/wp-content\\\/uploads\\\/2021\\\/09\\\/thumbnail-8.jpg\",\"width\":1080,\"height\":608},{\"@type\":\"BreadcrumbList\",\"@id\":\"https:\\\/\\\/www.amanien.info\\\/news\\\/journee-africaine-de-la-technologie-et-de-la-propriete-intellectuelle-le-president-de-la-fedinci-plaide-la-creation-dun-ministere-consacre-a-linvention\\\/#breadcrumb\",\"itemListElement\":[{\"@type\":\"ListItem\",\"position\":1,\"name\":\"Accueil\",\"item\":\"https:\\\/\\\/www.amanien.info\\\/news\\\/\"},{\"@type\":\"ListItem\",\"position\":2,\"name\":\"Journ\u00e9e Africaine de la Technologie et de la Propri\u00e9t\u00e9 Intellectuelle: Le pr\u00e9sident de la Fedinci plaide la cr\u00e9ation d&rsquo;un minist\u00e8re consacr\u00e9 \u00e0 l&rsquo;invention\"}]},{\"@type\":\"WebSite\",\"@id\":\"https:\\\/\\\/www.amanien.info\\\/news\\\/#website\",\"url\":\"https:\\\/\\\/www.amanien.info\\\/news\\\/\",\"name\":\"Amanien| L&#039;actualit\u00e9 Ivoirienne et Internationale\",\"description\":\"L&#039;actualit\u00e9 Ivoirienne et Internationale\",\"potentialAction\":[{\"@type\":\"SearchAction\",\"target\":{\"@type\":\"EntryPoint\",\"urlTemplate\":\"https:\\\/\\\/www.amanien.info\\\/news\\\/?s={search_term_string}\"},\"query-input\":{\"@type\":\"PropertyValueSpecification\",\"valueRequired\":true,\"valueName\":\"search_term_string\"}}],\"inLanguage\":\"fr-FR\"},{\"@type\":\"Person\",\"@id\":\"https:\\\/\\\/www.amanien.info\\\/news\\\/#\\\/schema\\\/person\\\/b21093345753a1a98242d505bd894f42\",\"name\":\"Germain Ndri\",\"url\":\"https:\\\/\\\/www.amanien.info\\\/news\\\/author\\\/amanien-infos\\\/\"}]}<\/script>\n<!-- \/ Yoast SEO plugin. -->","yoast_head_json":{"title":"Journ\u00e9e Africaine de la Technologie et de la Propri\u00e9t\u00e9 Intellectuelle: Le pr\u00e9sident de la Fedinci plaide la cr\u00e9ation d'un minist\u00e8re consacr\u00e9 \u00e0 l'invention - Amanien| L&#039;actualit\u00e9 Ivoirienne et Internationale","robots":{"index":"index","follow":"follow","max-snippet":"max-snippet:-1","max-image-preview":"max-image-preview:large","max-video-preview":"max-video-preview:-1"},"canonical":"https:\/\/www.amanien.info\/news\/journee-africaine-de-la-technologie-et-de-la-propriete-intellectuelle-le-president-de-la-fedinci-plaide-la-creation-dun-ministere-consacre-a-linvention\/","og_locale":"fr_FR","og_type":"article","og_title":"Journ\u00e9e Africaine de la Technologie et de la Propri\u00e9t\u00e9 Intellectuelle: Le pr\u00e9sident de la Fedinci plaide la cr\u00e9ation d'un minist\u00e8re consacr\u00e9 \u00e0 l'invention - Amanien| L&#039;actualit\u00e9 Ivoirienne et Internationale","og_description":"Comme d&rsquo; autres pays du continent, la C\u00f4te d&rsquo;Ivoire a c\u00e9l\u00e9br\u00e9 le 13 septembre,la 22\u00e8me journ\u00e9e Africaine de la Technologie et de la propri\u00e9t\u00e9 intellectuelle. A cette occasion, la F\u00e9d\u00e9ration des Inventeurs et innovateurs de C\u00f4te d&rsquo;Ivoire ( FEDINCI), a organis\u00e9 une c\u00e9r\u00e9monie \u00e0 l&rsquo; h\u00f4tel du district d&rsquo;Abidjan. Lors de ladite c\u00e9r\u00e9monie, le Directeur [&hellip;]","og_url":"https:\/\/www.amanien.info\/news\/journee-africaine-de-la-technologie-et-de-la-propriete-intellectuelle-le-president-de-la-fedinci-plaide-la-creation-dun-ministere-consacre-a-linvention\/","og_site_name":"Amanien| L&#039;actualit\u00e9 Ivoirienne et Internationale","article_published_time":"2021-09-15T12:29:30+00:00","article_modified_time":"2021-09-15T12:30:07+00:00","og_image":[{"width":1080,"height":608,"url":"https:\/\/www.amanien.info\/news\/wp-content\/uploads\/2021\/09\/thumbnail-8.jpg","type":"image\/jpeg"}],"author":"Germain Ndri","twitter_card":"summary_large_image","twitter_misc":{"\u00c9crit par":"Germain Ndri","Dur\u00e9e de lecture estim\u00e9e":"3 minutes"},"schema":{"@context":"https:\/\/schema.org","@graph":[{"@type":"Article","@id":"https:\/\/www.amanien.info\/news\/journee-africaine-de-la-technologie-et-de-la-propriete-intellectuelle-le-president-de-la-fedinci-plaide-la-creation-dun-ministere-consacre-a-linvention\/#article","isPartOf":{"@id":"https:\/\/www.amanien.info\/news\/journee-africaine-de-la-technologie-et-de-la-propriete-intellectuelle-le-president-de-la-fedinci-plaide-la-creation-dun-ministere-consacre-a-linvention\/"},"author":{"name":"Germain Ndri","@id":"https:\/\/www.amanien.info\/news\/#\/schema\/person\/b21093345753a1a98242d505bd894f42"},"headline":"Journ\u00e9e Africaine de la Technologie et de la Propri\u00e9t\u00e9 Intellectuelle: Le pr\u00e9sident de la Fedinci plaide la cr\u00e9ation d&rsquo;un minist\u00e8re consacr\u00e9 \u00e0 l&rsquo;invention","datePublished":"2021-09-15T12:29:30+00:00","dateModified":"2021-09-15T12:30:07+00:00","mainEntityOfPage":{"@id":"https:\/\/www.amanien.info\/news\/journee-africaine-de-la-technologie-et-de-la-propriete-intellectuelle-le-president-de-la-fedinci-plaide-la-creation-dun-ministere-consacre-a-linvention\/"},"wordCount":591,"image":{"@id":"https:\/\/www.amanien.info\/news\/journee-africaine-de-la-technologie-et-de-la-propriete-intellectuelle-le-president-de-la-fedinci-plaide-la-creation-dun-ministere-consacre-a-linvention\/#primaryimage"},"thumbnailUrl":"https:\/\/www.amanien.info\/news\/wp-content\/uploads\/2021\/09\/thumbnail-8.jpg","inLanguage":"fr-FR"},{"@type":"WebPage","@id":"https:\/\/www.amanien.info\/news\/journee-africaine-de-la-technologie-et-de-la-propriete-intellectuelle-le-president-de-la-fedinci-plaide-la-creation-dun-ministere-consacre-a-linvention\/","url":"https:\/\/www.amanien.info\/news\/journee-africaine-de-la-technologie-et-de-la-propriete-intellectuelle-le-president-de-la-fedinci-plaide-la-creation-dun-ministere-consacre-a-linvention\/","name":"Journ\u00e9e Africaine de la Technologie et de la Propri\u00e9t\u00e9 Intellectuelle: Le pr\u00e9sident de la Fedinci plaide la cr\u00e9ation d'un minist\u00e8re consacr\u00e9 \u00e0 l'invention - Amanien| L&#039;actualit\u00e9 Ivoirienne et Internationale","isPartOf":{"@id":"https:\/\/www.amanien.info\/news\/#website"},"primaryImageOfPage":{"@id":"https:\/\/www.amanien.info\/news\/journee-africaine-de-la-technologie-et-de-la-propriete-intellectuelle-le-president-de-la-fedinci-plaide-la-creation-dun-ministere-consacre-a-linvention\/#primaryimage"},"image":{"@id":"https:\/\/www.amanien.info\/news\/journee-africaine-de-la-technologie-et-de-la-propriete-intellectuelle-le-president-de-la-fedinci-plaide-la-creation-dun-ministere-consacre-a-linvention\/#primaryimage"},"thumbnailUrl":"https:\/\/www.amanien.info\/news\/wp-content\/uploads\/2021\/09\/thumbnail-8.jpg","datePublished":"2021-09-15T12:29:30+00:00","dateModified":"2021-09-15T12:30:07+00:00","author":{"@id":"https:\/\/www.amanien.info\/news\/#\/schema\/person\/b21093345753a1a98242d505bd894f42"},"breadcrumb":{"@id":"https:\/\/www.amanien.info\/news\/journee-africaine-de-la-technologie-et-de-la-propriete-intellectuelle-le-president-de-la-fedinci-plaide-la-creation-dun-ministere-consacre-a-linvention\/#breadcrumb"},"inLanguage":"fr-FR","potentialAction":[{"@type":"ReadAction","target":["https:\/\/www.amanien.info\/news\/journee-africaine-de-la-technologie-et-de-la-propriete-intellectuelle-le-president-de-la-fedinci-plaide-la-creation-dun-ministere-consacre-a-linvention\/"]}]},{"@type":"ImageObject","inLanguage":"fr-FR","@id":"https:\/\/www.amanien.info\/news\/journee-africaine-de-la-technologie-et-de-la-propriete-intellectuelle-le-president-de-la-fedinci-plaide-la-creation-dun-ministere-consacre-a-linvention\/#primaryimage","url":"https:\/\/www.amanien.info\/news\/wp-content\/uploads\/2021\/09\/thumbnail-8.jpg","contentUrl":"https:\/\/www.amanien.info\/news\/wp-content\/uploads\/2021\/09\/thumbnail-8.jpg","width":1080,"height":608},{"@type":"BreadcrumbList","@id":"https:\/\/www.amanien.info\/news\/journee-africaine-de-la-technologie-et-de-la-propriete-intellectuelle-le-president-de-la-fedinci-plaide-la-creation-dun-ministere-consacre-a-linvention\/#breadcrumb","itemListElement":[{"@type":"ListItem","position":1,"name":"Accueil","item":"https:\/\/www.amanien.info\/news\/"},{"@type":"ListItem","position":2,"name":"Journ\u00e9e Africaine de la Technologie et de la Propri\u00e9t\u00e9 Intellectuelle: Le pr\u00e9sident de la Fedinci plaide la cr\u00e9ation d&rsquo;un minist\u00e8re consacr\u00e9 \u00e0 l&rsquo;invention"}]},{"@type":"WebSite","@id":"https:\/\/www.amanien.info\/news\/#website","url":"https:\/\/www.amanien.info\/news\/","name":"Amanien| L&#039;actualit\u00e9 Ivoirienne et Internationale","description":"L&#039;actualit\u00e9 Ivoirienne et Internationale","potentialAction":[{"@type":"SearchAction","target":{"@type":"EntryPoint","urlTemplate":"https:\/\/www.amanien.info\/news\/?s={search_term_string}"},"query-input":{"@type":"PropertyValueSpecification","valueRequired":true,"valueName":"search_term_string"}}],"inLanguage":"fr-FR"},{"@type":"Person","@id":"https:\/\/www.amanien.info\/news\/#\/schema\/person\/b21093345753a1a98242d505bd894f42","name":"Germain Ndri","url":"https:\/\/www.amanien.info\/news\/author\/amanien-infos\/"}]}},"_links":{"self":[{"href":"https:\/\/www.amanien.info\/news\/wp-json\/wp\/v2\/posts\/2949","targetHints":{"allow":["GET"]}}],"collection":[{"href":"https:\/\/www.amanien.info\/news\/wp-json\/wp\/v2\/posts"}],"about":[{"href":"https:\/\/www.amanien.info\/news\/wp-json\/wp\/v2\/types\/post"}],"author":[{"embeddable":true,"href":"https:\/\/www.amanien.info\/news\/wp-json\/wp\/v2\/users\/2"}],"replies":[{"embeddable":true,"href":"https:\/\/www.amanien.info\/news\/wp-json\/wp\/v2\/comments?post=2949"}],"version-history":[{"count":1,"href":"https:\/\/www.amanien.info\/news\/wp-json\/wp\/v2\/posts\/2949\/revisions"}],"predecessor-version":[{"id":2951,"href":"https:\/\/www.amanien.info\/news\/wp-json\/wp\/v2\/posts\/2949\/revisions\/2951"}],"wp:featuredmedia":[{"embeddable":true,"href":"https:\/\/www.amanien.info\/news\/wp-json\/wp\/v2\/media\/2950"}],"wp:attachment":[{"href":"https:\/\/www.amanien.info\/news\/wp-json\/wp\/v2\/media?parent=2949"}],"wp:term":[{"taxonomy":"category","embeddable":true,"href":"https:\/\/www.amanien.info\/news\/wp-json\/wp\/v2\/categories?post=2949"},{"taxonomy":"post_tag","embeddable":true,"href":"https:\/\/www.amanien.info\/news\/wp-json\/wp\/v2\/tags?post=2949"}],"curies":[{"name":"wp","href":"https:\/\/api.w.org\/{rel}","templated":true}]}}