{"id":2936,"date":"2021-09-12T08:47:42","date_gmt":"2021-09-12T08:47:42","guid":{"rendered":"https:\/\/www.https:\/\/zozo.buyee.jp\/\/news\/?p=2936"},"modified":"2021-09-12T08:48:15","modified_gmt":"2021-09-12T08:48:15","slug":"communique-de-letat-major-des-armees-un-helicoptere-mi24-s-est-ecrase-dans-la-region-de-tehini","status":"publish","type":"post","link":"https:\/\/www.amanien.info\/news\/communique-de-letat-major-des-armees-un-helicoptere-mi24-s-est-ecrase-dans-la-region-de-tehini\/","title":{"rendered":"communiqu\u00e9 de l&rsquo;\u00e9tat major des Arm\u00e9es: Un h\u00e9licopt\u00e8re MI24 s&rsquo; est \u00e9cras\u00e9 dans la r\u00e9gion de Tehini"},"content":{"rendered":"<div class=\"I_52qC D_FY W_6D6F\" data-test-id=\"message-view-body\">\n<div class=\"msg-body P_wpofO mq_AS\" data-test-id=\"message-view-body-content\">\n<div class=\"jb_0 X_6MGW N_6Fd5\">\n<div>\n<div id=\"yiv9314649885\">\n<div>Un h\u00e9licopt\u00e8re de l&rsquo;arm\u00e9e ivoirienne retrouv\u00e9 en \u00e9paves dans le d\u00e9partement de Tehini, le 10 septembre 2021.<br \/>\nDans la nuit du jeudi 09 au vendredi 10 septembre 2021, un h\u00e9licopt\u00e8re d\u2019attaque MI 24 de l\u2019arm\u00e9e ivoirienne, en mission de reconnaissance sur la ligne frontali\u00e8re nord, a perdu tout contact avec la station de contr\u00f4le. Les recherches entreprises ont permis de localiser l\u2019a\u00e9ronef qui s\u2019est \u00e9cras\u00e9 \u00e0 deux kilom\u00e8tres au nord de la localit\u00e9 de Togolokaye, dans le d\u00e9partement de T\u00e9hini, en R\u00e9publique de C\u00f4te d\u2019Ivoire.<br \/>\nLes cinq occupants ont tous p\u00e9ri dans cet accident.<br \/>\nUne enqu\u00eate a \u00e9t\u00e9 ouverte pour d\u00e9terminer les circonstances de ce drame.<br \/>\nLe Chef d\u2019Etat-Major G\u00e9n\u00e9ral des Arm\u00e9es pr\u00e9sente ses condol\u00e9ances aux familles des disparus et les assure du soutien de l\u2019ensemble des Forces de D\u00e9fense et de S\u00e9curit\u00e9 de C\u00f4te d\u2019Ivoire.<br \/>\nFait \u00e0 Abidjan, le vendredi 10 septembre 2021<\/p>\n<p>Le G\u00e9n\u00e9ral de Corps d\u2019Arm\u00e9e LASSINA DOUMBIA<\/p><\/div>\n<\/div>\n<\/div>\n<\/div>\n<\/div>\n<div class=\"jb_0 X_6MGW N_6Fd5\"><\/div>\n<\/div>\n<div class=\"H_7jIs D_F ab_C Q_69H5 E_36RhU\" data-test-id=\"toolbar-hover-area\">\n<div class=\"D_F W_6D6F r_BN gl_C\" data-test-id=\"card-toolbar\">\n<div class=\"D_F ab_C en_0 b_Z14vXdP e_3mS2U I_52qC P_Z1otBpf\">\n<ul class=\"hd_n P_0 H_6D6F M_0 ir3_0 iy_h D_F ab_C\" tabindex=\"0\" role=\"menubar\" data-test-id=\"navigable-list\">\n<li class=\"G_e p_R\" role=\"menuitem\"><\/li>\n<\/ul>\n<\/div>\n<\/div>\n<\/div>\n","protected":false},"excerpt":{"rendered":"<p>Un h\u00e9licopt\u00e8re de l&rsquo;arm\u00e9e ivoirienne retrouv\u00e9 en \u00e9paves dans le d\u00e9partement de Tehini, le 10 septembre 2021. Dans la nuit du jeudi 09 au vendredi 10 septembre 2021, un h\u00e9licopt\u00e8re d\u2019attaque MI 24 de l\u2019arm\u00e9e ivoirienne, en mission de reconnaissance sur la ligne frontali\u00e8re nord, a perdu tout contact avec la station de contr\u00f4le. Les [&hellip;]<\/p>\n","protected":false},"author":2,"featured_media":2937,"comment_status":"closed","ping_status":"closed","sticky":true,"template":"","format":"standard","meta":{"_acf_changed":false,"footnotes":""},"categories":[],"tags":[],"class_list":["post-2936","post","type-post","status-publish","format-standard","has-post-thumbnail","hentry"],"acf":[],"yoast_head":"<!-- This site is optimized with the Yoast SEO plugin v27.5 - https:\/\/yoast.com\/product\/yoast-seo-wordpress\/ -->\n<title>communiqu\u00e9 de l&#039;\u00e9tat major des Arm\u00e9es: Un h\u00e9licopt\u00e8re MI24 s&#039; est \u00e9cras\u00e9 dans la r\u00e9gion de Tehini - Amanien| L&#039;actualit\u00e9 Ivoirienne et Internationale<\/title>\n<meta name=\"robots\" content=\"index, follow, max-snippet:-1, max-image-preview:large, max-video-preview:-1\" \/>\n<link rel=\"canonical\" href=\"https:\/\/www.amanien.info\/news\/communique-de-letat-major-des-armees-un-helicoptere-mi24-s-est-ecrase-dans-la-region-de-tehini\/\" \/>\n<meta property=\"og:locale\" content=\"fr_FR\" \/>\n<meta property=\"og:type\" content=\"article\" \/>\n<meta property=\"og:title\" content=\"communiqu\u00e9 de l&#039;\u00e9tat major des Arm\u00e9es: Un h\u00e9licopt\u00e8re MI24 s&#039; est \u00e9cras\u00e9 dans la r\u00e9gion de Tehini - Amanien| L&#039;actualit\u00e9 Ivoirienne et Internationale\" \/>\n<meta property=\"og:description\" content=\"Un h\u00e9licopt\u00e8re de l&rsquo;arm\u00e9e ivoirienne retrouv\u00e9 en \u00e9paves dans le d\u00e9partement de Tehini, le 10 septembre 2021. Dans la nuit du jeudi 09 au vendredi 10 septembre 2021, un h\u00e9licopt\u00e8re d\u2019attaque MI 24 de l\u2019arm\u00e9e ivoirienne, en mission de reconnaissance sur la ligne frontali\u00e8re nord, a perdu tout contact avec la station de contr\u00f4le. Les [&hellip;]\" \/>\n<meta property=\"og:url\" content=\"https:\/\/www.amanien.info\/news\/communique-de-letat-major-des-armees-un-helicoptere-mi24-s-est-ecrase-dans-la-region-de-tehini\/\" \/>\n<meta property=\"og:site_name\" content=\"Amanien| L&#039;actualit\u00e9 Ivoirienne et Internationale\" \/>\n<meta property=\"article:published_time\" content=\"2021-09-12T08:47:42+00:00\" \/>\n<meta property=\"article:modified_time\" content=\"2021-09-12T08:48:15+00:00\" \/>\n<meta property=\"og:image\" content=\"https:\/\/www.amanien.info\/news\/wp-content\/uploads\/2021\/09\/thumbnail-4.png\" \/>\n\t<meta property=\"og:image:width\" content=\"800\" \/>\n\t<meta property=\"og:image:height\" content=\"577\" \/>\n\t<meta property=\"og:image:type\" content=\"image\/png\" \/>\n<meta name=\"author\" content=\"Germain Ndri\" \/>\n<meta name=\"twitter:card\" content=\"summary_large_image\" \/>\n<meta name=\"twitter:label1\" content=\"\u00c9crit par\" \/>\n\t<meta name=\"twitter:data1\" content=\"Germain Ndri\" \/>\n\t<meta name=\"twitter:label2\" content=\"Dur\u00e9e de lecture estim\u00e9e\" \/>\n\t<meta name=\"twitter:data2\" content=\"1 minute\" \/>\n<script type=\"application\/ld+json\" class=\"yoast-schema-graph\">{\"@context\":\"https:\\\/\\\/schema.org\",\"@graph\":[{\"@type\":\"Article\",\"@id\":\"https:\\\/\\\/www.amanien.info\\\/news\\\/communique-de-letat-major-des-armees-un-helicoptere-mi24-s-est-ecrase-dans-la-region-de-tehini\\\/#article\",\"isPartOf\":{\"@id\":\"https:\\\/\\\/www.amanien.info\\\/news\\\/communique-de-letat-major-des-armees-un-helicoptere-mi24-s-est-ecrase-dans-la-region-de-tehini\\\/\"},\"author\":{\"name\":\"Germain Ndri\",\"@id\":\"https:\\\/\\\/www.amanien.info\\\/news\\\/#\\\/schema\\\/person\\\/b21093345753a1a98242d505bd894f42\"},\"headline\":\"communiqu\u00e9 de l&rsquo;\u00e9tat major des Arm\u00e9es: Un h\u00e9licopt\u00e8re MI24 s&rsquo; est \u00e9cras\u00e9 dans la r\u00e9gion de Tehini\",\"datePublished\":\"2021-09-12T08:47:42+00:00\",\"dateModified\":\"2021-09-12T08:48:15+00:00\",\"mainEntityOfPage\":{\"@id\":\"https:\\\/\\\/www.amanien.info\\\/news\\\/communique-de-letat-major-des-armees-un-helicoptere-mi24-s-est-ecrase-dans-la-region-de-tehini\\\/\"},\"wordCount\":202,\"image\":{\"@id\":\"https:\\\/\\\/www.amanien.info\\\/news\\\/communique-de-letat-major-des-armees-un-helicoptere-mi24-s-est-ecrase-dans-la-region-de-tehini\\\/#primaryimage\"},\"thumbnailUrl\":\"https:\\\/\\\/www.amanien.info\\\/news\\\/wp-content\\\/uploads\\\/2021\\\/09\\\/thumbnail-4.png\",\"inLanguage\":\"fr-FR\"},{\"@type\":\"WebPage\",\"@id\":\"https:\\\/\\\/www.amanien.info\\\/news\\\/communique-de-letat-major-des-armees-un-helicoptere-mi24-s-est-ecrase-dans-la-region-de-tehini\\\/\",\"url\":\"https:\\\/\\\/www.amanien.info\\\/news\\\/communique-de-letat-major-des-armees-un-helicoptere-mi24-s-est-ecrase-dans-la-region-de-tehini\\\/\",\"name\":\"communiqu\u00e9 de l'\u00e9tat major des Arm\u00e9es: Un h\u00e9licopt\u00e8re MI24 s' est \u00e9cras\u00e9 dans la r\u00e9gion de Tehini - Amanien| L&#039;actualit\u00e9 Ivoirienne et Internationale\",\"isPartOf\":{\"@id\":\"https:\\\/\\\/www.amanien.info\\\/news\\\/#website\"},\"primaryImageOfPage\":{\"@id\":\"https:\\\/\\\/www.amanien.info\\\/news\\\/communique-de-letat-major-des-armees-un-helicoptere-mi24-s-est-ecrase-dans-la-region-de-tehini\\\/#primaryimage\"},\"image\":{\"@id\":\"https:\\\/\\\/www.amanien.info\\\/news\\\/communique-de-letat-major-des-armees-un-helicoptere-mi24-s-est-ecrase-dans-la-region-de-tehini\\\/#primaryimage\"},\"thumbnailUrl\":\"https:\\\/\\\/www.amanien.info\\\/news\\\/wp-content\\\/uploads\\\/2021\\\/09\\\/thumbnail-4.png\",\"datePublished\":\"2021-09-12T08:47:42+00:00\",\"dateModified\":\"2021-09-12T08:48:15+00:00\",\"author\":{\"@id\":\"https:\\\/\\\/www.amanien.info\\\/news\\\/#\\\/schema\\\/person\\\/b21093345753a1a98242d505bd894f42\"},\"breadcrumb\":{\"@id\":\"https:\\\/\\\/www.amanien.info\\\/news\\\/communique-de-letat-major-des-armees-un-helicoptere-mi24-s-est-ecrase-dans-la-region-de-tehini\\\/#breadcrumb\"},\"inLanguage\":\"fr-FR\",\"potentialAction\":[{\"@type\":\"ReadAction\",\"target\":[\"https:\\\/\\\/www.amanien.info\\\/news\\\/communique-de-letat-major-des-armees-un-helicoptere-mi24-s-est-ecrase-dans-la-region-de-tehini\\\/\"]}]},{\"@type\":\"ImageObject\",\"inLanguage\":\"fr-FR\",\"@id\":\"https:\\\/\\\/www.amanien.info\\\/news\\\/communique-de-letat-major-des-armees-un-helicoptere-mi24-s-est-ecrase-dans-la-region-de-tehini\\\/#primaryimage\",\"url\":\"https:\\\/\\\/www.amanien.info\\\/news\\\/wp-content\\\/uploads\\\/2021\\\/09\\\/thumbnail-4.png\",\"contentUrl\":\"https:\\\/\\\/www.amanien.info\\\/news\\\/wp-content\\\/uploads\\\/2021\\\/09\\\/thumbnail-4.png\",\"width\":800,\"height\":577},{\"@type\":\"BreadcrumbList\",\"@id\":\"https:\\\/\\\/www.amanien.info\\\/news\\\/communique-de-letat-major-des-armees-un-helicoptere-mi24-s-est-ecrase-dans-la-region-de-tehini\\\/#breadcrumb\",\"itemListElement\":[{\"@type\":\"ListItem\",\"position\":1,\"name\":\"Accueil\",\"item\":\"https:\\\/\\\/www.amanien.info\\\/news\\\/\"},{\"@type\":\"ListItem\",\"position\":2,\"name\":\"communiqu\u00e9 de l&rsquo;\u00e9tat major des Arm\u00e9es: Un h\u00e9licopt\u00e8re MI24 s&rsquo; est \u00e9cras\u00e9 dans la r\u00e9gion de Tehini\"}]},{\"@type\":\"WebSite\",\"@id\":\"https:\\\/\\\/www.amanien.info\\\/news\\\/#website\",\"url\":\"https:\\\/\\\/www.amanien.info\\\/news\\\/\",\"name\":\"Amanien| L&#039;actualit\u00e9 Ivoirienne et Internationale\",\"description\":\"L&#039;actualit\u00e9 Ivoirienne et Internationale\",\"potentialAction\":[{\"@type\":\"SearchAction\",\"target\":{\"@type\":\"EntryPoint\",\"urlTemplate\":\"https:\\\/\\\/www.amanien.info\\\/news\\\/?s={search_term_string}\"},\"query-input\":{\"@type\":\"PropertyValueSpecification\",\"valueRequired\":true,\"valueName\":\"search_term_string\"}}],\"inLanguage\":\"fr-FR\"},{\"@type\":\"Person\",\"@id\":\"https:\\\/\\\/www.amanien.info\\\/news\\\/#\\\/schema\\\/person\\\/b21093345753a1a98242d505bd894f42\",\"name\":\"Germain Ndri\",\"url\":\"https:\\\/\\\/www.amanien.info\\\/news\\\/author\\\/amanien-infos\\\/\"}]}<\/script>\n<!-- \/ Yoast SEO plugin. -->","yoast_head_json":{"title":"communiqu\u00e9 de l'\u00e9tat major des Arm\u00e9es: Un h\u00e9licopt\u00e8re MI24 s' est \u00e9cras\u00e9 dans la r\u00e9gion de Tehini - Amanien| L&#039;actualit\u00e9 Ivoirienne et Internationale","robots":{"index":"index","follow":"follow","max-snippet":"max-snippet:-1","max-image-preview":"max-image-preview:large","max-video-preview":"max-video-preview:-1"},"canonical":"https:\/\/www.amanien.info\/news\/communique-de-letat-major-des-armees-un-helicoptere-mi24-s-est-ecrase-dans-la-region-de-tehini\/","og_locale":"fr_FR","og_type":"article","og_title":"communiqu\u00e9 de l'\u00e9tat major des Arm\u00e9es: Un h\u00e9licopt\u00e8re MI24 s' est \u00e9cras\u00e9 dans la r\u00e9gion de Tehini - Amanien| L&#039;actualit\u00e9 Ivoirienne et Internationale","og_description":"Un h\u00e9licopt\u00e8re de l&rsquo;arm\u00e9e ivoirienne retrouv\u00e9 en \u00e9paves dans le d\u00e9partement de Tehini, le 10 septembre 2021. Dans la nuit du jeudi 09 au vendredi 10 septembre 2021, un h\u00e9licopt\u00e8re d\u2019attaque MI 24 de l\u2019arm\u00e9e ivoirienne, en mission de reconnaissance sur la ligne frontali\u00e8re nord, a perdu tout contact avec la station de contr\u00f4le. Les [&hellip;]","og_url":"https:\/\/www.amanien.info\/news\/communique-de-letat-major-des-armees-un-helicoptere-mi24-s-est-ecrase-dans-la-region-de-tehini\/","og_site_name":"Amanien| L&#039;actualit\u00e9 Ivoirienne et Internationale","article_published_time":"2021-09-12T08:47:42+00:00","article_modified_time":"2021-09-12T08:48:15+00:00","og_image":[{"width":800,"height":577,"url":"https:\/\/www.amanien.info\/news\/wp-content\/uploads\/2021\/09\/thumbnail-4.png","type":"image\/png"}],"author":"Germain Ndri","twitter_card":"summary_large_image","twitter_misc":{"\u00c9crit par":"Germain Ndri","Dur\u00e9e de lecture estim\u00e9e":"1 minute"},"schema":{"@context":"https:\/\/schema.org","@graph":[{"@type":"Article","@id":"https:\/\/www.amanien.info\/news\/communique-de-letat-major-des-armees-un-helicoptere-mi24-s-est-ecrase-dans-la-region-de-tehini\/#article","isPartOf":{"@id":"https:\/\/www.amanien.info\/news\/communique-de-letat-major-des-armees-un-helicoptere-mi24-s-est-ecrase-dans-la-region-de-tehini\/"},"author":{"name":"Germain Ndri","@id":"https:\/\/www.amanien.info\/news\/#\/schema\/person\/b21093345753a1a98242d505bd894f42"},"headline":"communiqu\u00e9 de l&rsquo;\u00e9tat major des Arm\u00e9es: Un h\u00e9licopt\u00e8re MI24 s&rsquo; est \u00e9cras\u00e9 dans la r\u00e9gion de Tehini","datePublished":"2021-09-12T08:47:42+00:00","dateModified":"2021-09-12T08:48:15+00:00","mainEntityOfPage":{"@id":"https:\/\/www.amanien.info\/news\/communique-de-letat-major-des-armees-un-helicoptere-mi24-s-est-ecrase-dans-la-region-de-tehini\/"},"wordCount":202,"image":{"@id":"https:\/\/www.amanien.info\/news\/communique-de-letat-major-des-armees-un-helicoptere-mi24-s-est-ecrase-dans-la-region-de-tehini\/#primaryimage"},"thumbnailUrl":"https:\/\/www.amanien.info\/news\/wp-content\/uploads\/2021\/09\/thumbnail-4.png","inLanguage":"fr-FR"},{"@type":"WebPage","@id":"https:\/\/www.amanien.info\/news\/communique-de-letat-major-des-armees-un-helicoptere-mi24-s-est-ecrase-dans-la-region-de-tehini\/","url":"https:\/\/www.amanien.info\/news\/communique-de-letat-major-des-armees-un-helicoptere-mi24-s-est-ecrase-dans-la-region-de-tehini\/","name":"communiqu\u00e9 de l'\u00e9tat major des Arm\u00e9es: Un h\u00e9licopt\u00e8re MI24 s' est \u00e9cras\u00e9 dans la r\u00e9gion de Tehini - Amanien| L&#039;actualit\u00e9 Ivoirienne et Internationale","isPartOf":{"@id":"https:\/\/www.amanien.info\/news\/#website"},"primaryImageOfPage":{"@id":"https:\/\/www.amanien.info\/news\/communique-de-letat-major-des-armees-un-helicoptere-mi24-s-est-ecrase-dans-la-region-de-tehini\/#primaryimage"},"image":{"@id":"https:\/\/www.amanien.info\/news\/communique-de-letat-major-des-armees-un-helicoptere-mi24-s-est-ecrase-dans-la-region-de-tehini\/#primaryimage"},"thumbnailUrl":"https:\/\/www.amanien.info\/news\/wp-content\/uploads\/2021\/09\/thumbnail-4.png","datePublished":"2021-09-12T08:47:42+00:00","dateModified":"2021-09-12T08:48:15+00:00","author":{"@id":"https:\/\/www.amanien.info\/news\/#\/schema\/person\/b21093345753a1a98242d505bd894f42"},"breadcrumb":{"@id":"https:\/\/www.amanien.info\/news\/communique-de-letat-major-des-armees-un-helicoptere-mi24-s-est-ecrase-dans-la-region-de-tehini\/#breadcrumb"},"inLanguage":"fr-FR","potentialAction":[{"@type":"ReadAction","target":["https:\/\/www.amanien.info\/news\/communique-de-letat-major-des-armees-un-helicoptere-mi24-s-est-ecrase-dans-la-region-de-tehini\/"]}]},{"@type":"ImageObject","inLanguage":"fr-FR","@id":"https:\/\/www.amanien.info\/news\/communique-de-letat-major-des-armees-un-helicoptere-mi24-s-est-ecrase-dans-la-region-de-tehini\/#primaryimage","url":"https:\/\/www.amanien.info\/news\/wp-content\/uploads\/2021\/09\/thumbnail-4.png","contentUrl":"https:\/\/www.amanien.info\/news\/wp-content\/uploads\/2021\/09\/thumbnail-4.png","width":800,"height":577},{"@type":"BreadcrumbList","@id":"https:\/\/www.amanien.info\/news\/communique-de-letat-major-des-armees-un-helicoptere-mi24-s-est-ecrase-dans-la-region-de-tehini\/#breadcrumb","itemListElement":[{"@type":"ListItem","position":1,"name":"Accueil","item":"https:\/\/www.amanien.info\/news\/"},{"@type":"ListItem","position":2,"name":"communiqu\u00e9 de l&rsquo;\u00e9tat major des Arm\u00e9es: Un h\u00e9licopt\u00e8re MI24 s&rsquo; est \u00e9cras\u00e9 dans la r\u00e9gion de Tehini"}]},{"@type":"WebSite","@id":"https:\/\/www.amanien.info\/news\/#website","url":"https:\/\/www.amanien.info\/news\/","name":"Amanien| L&#039;actualit\u00e9 Ivoirienne et Internationale","description":"L&#039;actualit\u00e9 Ivoirienne et Internationale","potentialAction":[{"@type":"SearchAction","target":{"@type":"EntryPoint","urlTemplate":"https:\/\/www.amanien.info\/news\/?s={search_term_string}"},"query-input":{"@type":"PropertyValueSpecification","valueRequired":true,"valueName":"search_term_string"}}],"inLanguage":"fr-FR"},{"@type":"Person","@id":"https:\/\/www.amanien.info\/news\/#\/schema\/person\/b21093345753a1a98242d505bd894f42","name":"Germain Ndri","url":"https:\/\/www.amanien.info\/news\/author\/amanien-infos\/"}]}},"_links":{"self":[{"href":"https:\/\/www.amanien.info\/news\/wp-json\/wp\/v2\/posts\/2936","targetHints":{"allow":["GET"]}}],"collection":[{"href":"https:\/\/www.amanien.info\/news\/wp-json\/wp\/v2\/posts"}],"about":[{"href":"https:\/\/www.amanien.info\/news\/wp-json\/wp\/v2\/types\/post"}],"author":[{"embeddable":true,"href":"https:\/\/www.amanien.info\/news\/wp-json\/wp\/v2\/users\/2"}],"replies":[{"embeddable":true,"href":"https:\/\/www.amanien.info\/news\/wp-json\/wp\/v2\/comments?post=2936"}],"version-history":[{"count":1,"href":"https:\/\/www.amanien.info\/news\/wp-json\/wp\/v2\/posts\/2936\/revisions"}],"predecessor-version":[{"id":2938,"href":"https:\/\/www.amanien.info\/news\/wp-json\/wp\/v2\/posts\/2936\/revisions\/2938"}],"wp:featuredmedia":[{"embeddable":true,"href":"https:\/\/www.amanien.info\/news\/wp-json\/wp\/v2\/media\/2937"}],"wp:attachment":[{"href":"https:\/\/www.amanien.info\/news\/wp-json\/wp\/v2\/media?parent=2936"}],"wp:term":[{"taxonomy":"category","embeddable":true,"href":"https:\/\/www.amanien.info\/news\/wp-json\/wp\/v2\/categories?post=2936"},{"taxonomy":"post_tag","embeddable":true,"href":"https:\/\/www.amanien.info\/news\/wp-json\/wp\/v2\/tags?post=2936"}],"curies":[{"name":"wp","href":"https:\/\/api.w.org\/{rel}","templated":true}]}}