{"id":2927,"date":"2021-09-12T08:36:46","date_gmt":"2021-09-12T08:36:46","guid":{"rendered":"https:\/\/www.https:\/\/zozo.buyee.jp\/\/news\/?p=2927"},"modified":"2021-09-12T08:37:25","modified_gmt":"2021-09-12T08:37:25","slug":"promotion-du-merite-et-de-lexcellence-plus-de-30-eleves-du-temple-israel-de-treichville-recompenses","status":"publish","type":"post","link":"https:\/\/www.amanien.info\/news\/promotion-du-merite-et-de-lexcellence-plus-de-30-eleves-du-temple-israel-de-treichville-recompenses\/","title":{"rendered":"Promotion du m\u00e9rite et de l&rsquo;excellence : Plus de 30 \u00e9l\u00e8ves du Temple Isra\u00ebl de Treichville r\u00e9compens\u00e9s"},"content":{"rendered":"<p>Le Conseil de l\u2019\u00c9glise M\u00e9thodiste Unie de Treichville a c\u00e9l\u00e9br\u00e9, ce dimanche 05 septembre 2021, ses meilleurs \u00e9l\u00e8ves au cours d&rsquo;un culte sp\u00e9cial offici\u00e9 par R\u00e9v. Pasteure Nad\u00e8ge BOSSEY, orateur et pr\u00e9sid\u00e9 par R\u00e9v. Pasteur Adrien Makr\u00e9 OTTRO.<\/p>\n<p>Ce sont, au total, trente quatre (34) \u00e9l\u00e8ves dont 22 filles du Cours Pr\u00e9paratoire 1\u00e8re Ann\u00e9e (CP1) \u00e0 la Terminale qui ont vu leurs efforts r\u00e9compens\u00e9s \u00e0 l&rsquo;occasion de la journ\u00e9e de l&rsquo;excellence et de l&rsquo;enfant m\u00e9thodiste.<\/p>\n<p>Des pri\u00e8res, messages, cantique (chorale Isra\u00ebl), offrandes et dons, r\u00e9compense des nomin\u00e9s par cat\u00e9gorie et remise des prix ont meubl\u00e9 cette journ\u00e9e de l&rsquo;excellence et de l&rsquo;enfant m\u00e9thodiste qui a enregistr\u00e9 la participation du Directeur G\u00e9n\u00e9ral de KAYDAN Groupe, St\u00e9phane AFFRO, du Repr\u00e9sentant du Maire de la commune de Treichville, Bouk\u00e9 Jean B. ainsi que de nombreux fid\u00e8les de l&rsquo;\u00e9glise.<\/p>\n<p>Dans son message, le Pr\u00e9sident des La\u00efcs, \u00c9ric ANE a donn\u00e9 le sens et les enjeux de l&rsquo;organisation de cette journ\u00e9e de l&rsquo;excellence.<br \/>\n&lt;&lt; Nous sommes en train de dessiner le futur. Nous sommes une communaut\u00e9 qui a 73 ans. Donc nous avons le souci du renouvellement des g\u00e9n\u00e9rations et nous pensons qu&rsquo;il faut bien pr\u00e9parer l&rsquo;avenir, qui passe par inculquer des valeurs telles que le travail bien fait, le respect, la discipline, les valeurs de savoir honorer( par exemple ses patrons, \u00eatre un bon temoin&#8230;) aux enfants, aux jeunes au niveau de la communaut\u00e9 Isra\u00ebl de Treichville. Depuis 13 ans, nous avons choisi le premier dimanche du mois de septembre qui est consacr\u00e9, dans le calendrier liturgique \u00e0 l&rsquo;enfant m\u00e9thodiste, pour initier un prix d&rsquo;excellence, pour non seulement reconna\u00eetre le m\u00e9rite et f\u00e9liciter nos enfants qui ont eu des r\u00e9sultats brillants pendant l&rsquo;ann\u00e9e scolaire mais aussi cr\u00e9er une sorte de stimulation au niveau de la communaut\u00e9&gt;&gt; a indiqu\u00e9 \u00c9ric ANE, Pr\u00e9sident des La\u00efcs.<\/p>\n<p>Puis d&rsquo;ajouter qu&rsquo;au del\u00e0 de la r\u00e9compense des jeunes, c&rsquo;est surtout \u00ab\u00a0amener chaque acteur, responsable de la communaut\u00e9 \u00e0 \u00eatre excellent dans ce qu&rsquo;il fait, chercher \u00e0 \u00eatre excellent parce que c&rsquo;est en \u00e9tant excellent que notre petite communaut\u00e9 peut rayonner sur le plan spirituel, mat\u00e9riel, financier\u00a0\u00bb a-t-il soutenu.<\/p>\n<p>&lt;&lt; Il faut que le prix de l&rsquo;excellence soit appris tr\u00e8s t\u00f4t par les enfants&gt;&gt; a-t-il poursuivi.<\/p>\n<p>Le Parrain de cette 13\u00e8 journ\u00e9e d&rsquo;excellence, par ailleurs DG de KAYDAN Groupe, St\u00e9phane AFFRO a, pour sa part, adress\u00e9 ses f\u00e9licitations \u00e0 ses filleuls et les a invit\u00e9s \u00e0 \u00eatre excellents dans tous les domaines de la vie, \u00eatre de \u00a0\u00bb bons pr\u00e9mices pour la soci\u00e9t\u00e9, de bons acteurs de demain\u00a0\u00bb.<\/p>\n<p>Il a les \u00e9galement exhort\u00e9s \u00e0 cultiver les valeurs telles que l&rsquo;humilit\u00e9, le travail.<\/p>\n<p>St\u00e9phane AFFRO a, par ailleurs, invit\u00e9 les laur\u00e9ats \u00e0 continuer sur ce chemin.<\/p>\n<p>Par la voix de Mlle TIAMIYOU Dhania Orla, les laur\u00e9ats ont tenu \u00e0 remercier le Conseil de l&rsquo;Eglise pour cette initiative et exprim\u00e9 leur satisfecit d&rsquo;appartenir \u00e0 la \u00ab\u00a0belle famille d&rsquo;Isra\u00ebl de Treichville\u00a0\u00bb.<\/p>\n<p>S&rsquo;adressant \u00e0 leur parrain, Mlle TIAMIYOU Dhania Orla et ses camarades ont pris l&rsquo;engagement de toujours rechercher l&rsquo;excellence afin \u00ab\u00a0d&rsquo;\u00eatre de bons leaders et d&rsquo;excellents managers comme leur parrain\u00a0\u00bb.<br \/>\nEn reconnaissance \u00e0 Dieu, les laur\u00e9ats de la 13\u00e8 \u00e9dition de la journ\u00e9e de l&rsquo;excellence ont fait une offrande d&rsquo;actions de gr\u00e2ces de 300 000 FCFA \u00e0 leur parrain, St\u00e9phane KAYDAN.<br \/>\nLa valeur des dons faits par le parrain est estim\u00e9e \u00e0 3 millions de nos francs.<\/p>\n<p>Il convient de pr\u00e9ciser que les crit\u00e8res de s\u00e9lection du jury ont \u00e9t\u00e9 tr\u00e8s stricts.<br \/>\nLe jury s&rsquo;est inscrit dans la nouvelle vision de la Ministre de l&rsquo;\u00e9ducation nationale et de l&rsquo;alphab\u00e9tisation qui est de valoriser l&rsquo;excellence et le travail \u00e0 l&rsquo;\u00e9cole.<br \/>\nNotons que Cinq (5) prix sp\u00e9ciaux ont \u00e9t\u00e9 d\u00e9cern\u00e9s.<br \/>\nIl s&rsquo;agit du prix BISHOP BENJAMIN BONY, du prix sp\u00e9cial du Parrain au meilleur bachelier BAC C, du prix Victor AKESSE, du prix sp\u00e9cial de la BHCI( promotion de l&rsquo;\u00e9ducation de la jeune fille) et du prix sp\u00e9cial de la mairie de Treichville.<br \/>\nLes laur\u00e9ats ont re\u00e7u des dipl\u00f4mes d&rsquo;excellence, m\u00e9dailles, des bons, des troph\u00e9es ainsi que des enveloppes.<br \/>\nLa 13\u00e8 \u00e9dition de la journ\u00e9e de l&rsquo;excellence du temple Isra\u00ebl de Treichville a tenu toutes ses promesses.<\/p>\n<p>&nbsp;<\/p>\n<p>&nbsp;<\/p>\n<p>Sunday Alain<\/p>\n","protected":false},"excerpt":{"rendered":"<p>Le Conseil de l\u2019\u00c9glise M\u00e9thodiste Unie de Treichville a c\u00e9l\u00e9br\u00e9, ce dimanche 05 septembre 2021, ses meilleurs \u00e9l\u00e8ves au cours d&rsquo;un culte sp\u00e9cial offici\u00e9 par R\u00e9v. Pasteure Nad\u00e8ge BOSSEY, orateur et pr\u00e9sid\u00e9 par R\u00e9v. Pasteur Adrien Makr\u00e9 OTTRO. Ce sont, au total, trente quatre (34) \u00e9l\u00e8ves dont 22 filles du Cours Pr\u00e9paratoire 1\u00e8re Ann\u00e9e (CP1) [&hellip;]<\/p>\n","protected":false},"author":2,"featured_media":2928,"comment_status":"closed","ping_status":"closed","sticky":true,"template":"","format":"standard","meta":{"_acf_changed":false,"footnotes":""},"categories":[],"tags":[],"class_list":["post-2927","post","type-post","status-publish","format-standard","has-post-thumbnail","hentry"],"acf":[],"yoast_head":"<!-- This site is optimized with the Yoast SEO plugin v27.5 - https:\/\/yoast.com\/product\/yoast-seo-wordpress\/ -->\n<title>Promotion du m\u00e9rite et de l&#039;excellence : Plus de 30 \u00e9l\u00e8ves du Temple Isra\u00ebl de Treichville r\u00e9compens\u00e9s - Amanien| L&#039;actualit\u00e9 Ivoirienne et Internationale<\/title>\n<meta name=\"robots\" content=\"index, follow, max-snippet:-1, max-image-preview:large, max-video-preview:-1\" \/>\n<link rel=\"canonical\" href=\"https:\/\/www.amanien.info\/news\/promotion-du-merite-et-de-lexcellence-plus-de-30-eleves-du-temple-israel-de-treichville-recompenses\/\" \/>\n<meta property=\"og:locale\" content=\"fr_FR\" \/>\n<meta property=\"og:type\" content=\"article\" \/>\n<meta property=\"og:title\" content=\"Promotion du m\u00e9rite et de l&#039;excellence : Plus de 30 \u00e9l\u00e8ves du Temple Isra\u00ebl de Treichville r\u00e9compens\u00e9s - Amanien| L&#039;actualit\u00e9 Ivoirienne et Internationale\" \/>\n<meta property=\"og:description\" content=\"Le Conseil de l\u2019\u00c9glise M\u00e9thodiste Unie de Treichville a c\u00e9l\u00e9br\u00e9, ce dimanche 05 septembre 2021, ses meilleurs \u00e9l\u00e8ves au cours d&rsquo;un culte sp\u00e9cial offici\u00e9 par R\u00e9v. Pasteure Nad\u00e8ge BOSSEY, orateur et pr\u00e9sid\u00e9 par R\u00e9v. Pasteur Adrien Makr\u00e9 OTTRO. Ce sont, au total, trente quatre (34) \u00e9l\u00e8ves dont 22 filles du Cours Pr\u00e9paratoire 1\u00e8re Ann\u00e9e (CP1) [&hellip;]\" \/>\n<meta property=\"og:url\" content=\"https:\/\/www.amanien.info\/news\/promotion-du-merite-et-de-lexcellence-plus-de-30-eleves-du-temple-israel-de-treichville-recompenses\/\" \/>\n<meta property=\"og:site_name\" content=\"Amanien| L&#039;actualit\u00e9 Ivoirienne et Internationale\" \/>\n<meta property=\"article:published_time\" content=\"2021-09-12T08:36:46+00:00\" \/>\n<meta property=\"article:modified_time\" content=\"2021-09-12T08:37:25+00:00\" \/>\n<meta property=\"og:image\" content=\"https:\/\/www.amanien.info\/news\/wp-content\/uploads\/2021\/09\/thumbnail-4.jpg\" \/>\n\t<meta property=\"og:image:width\" content=\"1080\" \/>\n\t<meta property=\"og:image:height\" content=\"810\" \/>\n\t<meta property=\"og:image:type\" content=\"image\/jpeg\" \/>\n<meta name=\"author\" content=\"Germain Ndri\" \/>\n<meta name=\"twitter:card\" content=\"summary_large_image\" \/>\n<meta name=\"twitter:label1\" content=\"\u00c9crit par\" \/>\n\t<meta name=\"twitter:data1\" content=\"Germain Ndri\" \/>\n\t<meta name=\"twitter:label2\" content=\"Dur\u00e9e de lecture estim\u00e9e\" \/>\n\t<meta name=\"twitter:data2\" content=\"3 minutes\" \/>\n<script type=\"application\/ld+json\" class=\"yoast-schema-graph\">{\"@context\":\"https:\\\/\\\/schema.org\",\"@graph\":[{\"@type\":\"Article\",\"@id\":\"https:\\\/\\\/www.amanien.info\\\/news\\\/promotion-du-merite-et-de-lexcellence-plus-de-30-eleves-du-temple-israel-de-treichville-recompenses\\\/#article\",\"isPartOf\":{\"@id\":\"https:\\\/\\\/www.amanien.info\\\/news\\\/promotion-du-merite-et-de-lexcellence-plus-de-30-eleves-du-temple-israel-de-treichville-recompenses\\\/\"},\"author\":{\"name\":\"Germain Ndri\",\"@id\":\"https:\\\/\\\/www.amanien.info\\\/news\\\/#\\\/schema\\\/person\\\/b21093345753a1a98242d505bd894f42\"},\"headline\":\"Promotion du m\u00e9rite et de l&rsquo;excellence : Plus de 30 \u00e9l\u00e8ves du Temple Isra\u00ebl de Treichville r\u00e9compens\u00e9s\",\"datePublished\":\"2021-09-12T08:36:46+00:00\",\"dateModified\":\"2021-09-12T08:37:25+00:00\",\"mainEntityOfPage\":{\"@id\":\"https:\\\/\\\/www.amanien.info\\\/news\\\/promotion-du-merite-et-de-lexcellence-plus-de-30-eleves-du-temple-israel-de-treichville-recompenses\\\/\"},\"wordCount\":806,\"image\":{\"@id\":\"https:\\\/\\\/www.amanien.info\\\/news\\\/promotion-du-merite-et-de-lexcellence-plus-de-30-eleves-du-temple-israel-de-treichville-recompenses\\\/#primaryimage\"},\"thumbnailUrl\":\"https:\\\/\\\/www.amanien.info\\\/news\\\/wp-content\\\/uploads\\\/2021\\\/09\\\/thumbnail-4.jpg\",\"inLanguage\":\"fr-FR\"},{\"@type\":\"WebPage\",\"@id\":\"https:\\\/\\\/www.amanien.info\\\/news\\\/promotion-du-merite-et-de-lexcellence-plus-de-30-eleves-du-temple-israel-de-treichville-recompenses\\\/\",\"url\":\"https:\\\/\\\/www.amanien.info\\\/news\\\/promotion-du-merite-et-de-lexcellence-plus-de-30-eleves-du-temple-israel-de-treichville-recompenses\\\/\",\"name\":\"Promotion du m\u00e9rite et de l'excellence : Plus de 30 \u00e9l\u00e8ves du Temple Isra\u00ebl de Treichville r\u00e9compens\u00e9s - Amanien| L&#039;actualit\u00e9 Ivoirienne et Internationale\",\"isPartOf\":{\"@id\":\"https:\\\/\\\/www.amanien.info\\\/news\\\/#website\"},\"primaryImageOfPage\":{\"@id\":\"https:\\\/\\\/www.amanien.info\\\/news\\\/promotion-du-merite-et-de-lexcellence-plus-de-30-eleves-du-temple-israel-de-treichville-recompenses\\\/#primaryimage\"},\"image\":{\"@id\":\"https:\\\/\\\/www.amanien.info\\\/news\\\/promotion-du-merite-et-de-lexcellence-plus-de-30-eleves-du-temple-israel-de-treichville-recompenses\\\/#primaryimage\"},\"thumbnailUrl\":\"https:\\\/\\\/www.amanien.info\\\/news\\\/wp-content\\\/uploads\\\/2021\\\/09\\\/thumbnail-4.jpg\",\"datePublished\":\"2021-09-12T08:36:46+00:00\",\"dateModified\":\"2021-09-12T08:37:25+00:00\",\"author\":{\"@id\":\"https:\\\/\\\/www.amanien.info\\\/news\\\/#\\\/schema\\\/person\\\/b21093345753a1a98242d505bd894f42\"},\"breadcrumb\":{\"@id\":\"https:\\\/\\\/www.amanien.info\\\/news\\\/promotion-du-merite-et-de-lexcellence-plus-de-30-eleves-du-temple-israel-de-treichville-recompenses\\\/#breadcrumb\"},\"inLanguage\":\"fr-FR\",\"potentialAction\":[{\"@type\":\"ReadAction\",\"target\":[\"https:\\\/\\\/www.amanien.info\\\/news\\\/promotion-du-merite-et-de-lexcellence-plus-de-30-eleves-du-temple-israel-de-treichville-recompenses\\\/\"]}]},{\"@type\":\"ImageObject\",\"inLanguage\":\"fr-FR\",\"@id\":\"https:\\\/\\\/www.amanien.info\\\/news\\\/promotion-du-merite-et-de-lexcellence-plus-de-30-eleves-du-temple-israel-de-treichville-recompenses\\\/#primaryimage\",\"url\":\"https:\\\/\\\/www.amanien.info\\\/news\\\/wp-content\\\/uploads\\\/2021\\\/09\\\/thumbnail-4.jpg\",\"contentUrl\":\"https:\\\/\\\/www.amanien.info\\\/news\\\/wp-content\\\/uploads\\\/2021\\\/09\\\/thumbnail-4.jpg\",\"width\":1080,\"height\":810},{\"@type\":\"BreadcrumbList\",\"@id\":\"https:\\\/\\\/www.amanien.info\\\/news\\\/promotion-du-merite-et-de-lexcellence-plus-de-30-eleves-du-temple-israel-de-treichville-recompenses\\\/#breadcrumb\",\"itemListElement\":[{\"@type\":\"ListItem\",\"position\":1,\"name\":\"Accueil\",\"item\":\"https:\\\/\\\/www.amanien.info\\\/news\\\/\"},{\"@type\":\"ListItem\",\"position\":2,\"name\":\"Promotion du m\u00e9rite et de l&rsquo;excellence : Plus de 30 \u00e9l\u00e8ves du Temple Isra\u00ebl de Treichville r\u00e9compens\u00e9s\"}]},{\"@type\":\"WebSite\",\"@id\":\"https:\\\/\\\/www.amanien.info\\\/news\\\/#website\",\"url\":\"https:\\\/\\\/www.amanien.info\\\/news\\\/\",\"name\":\"Amanien| L&#039;actualit\u00e9 Ivoirienne et Internationale\",\"description\":\"L&#039;actualit\u00e9 Ivoirienne et Internationale\",\"potentialAction\":[{\"@type\":\"SearchAction\",\"target\":{\"@type\":\"EntryPoint\",\"urlTemplate\":\"https:\\\/\\\/www.amanien.info\\\/news\\\/?s={search_term_string}\"},\"query-input\":{\"@type\":\"PropertyValueSpecification\",\"valueRequired\":true,\"valueName\":\"search_term_string\"}}],\"inLanguage\":\"fr-FR\"},{\"@type\":\"Person\",\"@id\":\"https:\\\/\\\/www.amanien.info\\\/news\\\/#\\\/schema\\\/person\\\/b21093345753a1a98242d505bd894f42\",\"name\":\"Germain Ndri\",\"url\":\"https:\\\/\\\/www.amanien.info\\\/news\\\/author\\\/amanien-infos\\\/\"}]}<\/script>\n<!-- \/ Yoast SEO plugin. -->","yoast_head_json":{"title":"Promotion du m\u00e9rite et de l'excellence : Plus de 30 \u00e9l\u00e8ves du Temple Isra\u00ebl de Treichville r\u00e9compens\u00e9s - Amanien| L&#039;actualit\u00e9 Ivoirienne et Internationale","robots":{"index":"index","follow":"follow","max-snippet":"max-snippet:-1","max-image-preview":"max-image-preview:large","max-video-preview":"max-video-preview:-1"},"canonical":"https:\/\/www.amanien.info\/news\/promotion-du-merite-et-de-lexcellence-plus-de-30-eleves-du-temple-israel-de-treichville-recompenses\/","og_locale":"fr_FR","og_type":"article","og_title":"Promotion du m\u00e9rite et de l'excellence : Plus de 30 \u00e9l\u00e8ves du Temple Isra\u00ebl de Treichville r\u00e9compens\u00e9s - Amanien| L&#039;actualit\u00e9 Ivoirienne et Internationale","og_description":"Le Conseil de l\u2019\u00c9glise M\u00e9thodiste Unie de Treichville a c\u00e9l\u00e9br\u00e9, ce dimanche 05 septembre 2021, ses meilleurs \u00e9l\u00e8ves au cours d&rsquo;un culte sp\u00e9cial offici\u00e9 par R\u00e9v. Pasteure Nad\u00e8ge BOSSEY, orateur et pr\u00e9sid\u00e9 par R\u00e9v. Pasteur Adrien Makr\u00e9 OTTRO. Ce sont, au total, trente quatre (34) \u00e9l\u00e8ves dont 22 filles du Cours Pr\u00e9paratoire 1\u00e8re Ann\u00e9e (CP1) [&hellip;]","og_url":"https:\/\/www.amanien.info\/news\/promotion-du-merite-et-de-lexcellence-plus-de-30-eleves-du-temple-israel-de-treichville-recompenses\/","og_site_name":"Amanien| L&#039;actualit\u00e9 Ivoirienne et Internationale","article_published_time":"2021-09-12T08:36:46+00:00","article_modified_time":"2021-09-12T08:37:25+00:00","og_image":[{"width":1080,"height":810,"url":"https:\/\/www.amanien.info\/news\/wp-content\/uploads\/2021\/09\/thumbnail-4.jpg","type":"image\/jpeg"}],"author":"Germain Ndri","twitter_card":"summary_large_image","twitter_misc":{"\u00c9crit par":"Germain Ndri","Dur\u00e9e de lecture estim\u00e9e":"3 minutes"},"schema":{"@context":"https:\/\/schema.org","@graph":[{"@type":"Article","@id":"https:\/\/www.amanien.info\/news\/promotion-du-merite-et-de-lexcellence-plus-de-30-eleves-du-temple-israel-de-treichville-recompenses\/#article","isPartOf":{"@id":"https:\/\/www.amanien.info\/news\/promotion-du-merite-et-de-lexcellence-plus-de-30-eleves-du-temple-israel-de-treichville-recompenses\/"},"author":{"name":"Germain Ndri","@id":"https:\/\/www.amanien.info\/news\/#\/schema\/person\/b21093345753a1a98242d505bd894f42"},"headline":"Promotion du m\u00e9rite et de l&rsquo;excellence : Plus de 30 \u00e9l\u00e8ves du Temple Isra\u00ebl de Treichville r\u00e9compens\u00e9s","datePublished":"2021-09-12T08:36:46+00:00","dateModified":"2021-09-12T08:37:25+00:00","mainEntityOfPage":{"@id":"https:\/\/www.amanien.info\/news\/promotion-du-merite-et-de-lexcellence-plus-de-30-eleves-du-temple-israel-de-treichville-recompenses\/"},"wordCount":806,"image":{"@id":"https:\/\/www.amanien.info\/news\/promotion-du-merite-et-de-lexcellence-plus-de-30-eleves-du-temple-israel-de-treichville-recompenses\/#primaryimage"},"thumbnailUrl":"https:\/\/www.amanien.info\/news\/wp-content\/uploads\/2021\/09\/thumbnail-4.jpg","inLanguage":"fr-FR"},{"@type":"WebPage","@id":"https:\/\/www.amanien.info\/news\/promotion-du-merite-et-de-lexcellence-plus-de-30-eleves-du-temple-israel-de-treichville-recompenses\/","url":"https:\/\/www.amanien.info\/news\/promotion-du-merite-et-de-lexcellence-plus-de-30-eleves-du-temple-israel-de-treichville-recompenses\/","name":"Promotion du m\u00e9rite et de l'excellence : Plus de 30 \u00e9l\u00e8ves du Temple Isra\u00ebl de Treichville r\u00e9compens\u00e9s - Amanien| L&#039;actualit\u00e9 Ivoirienne et Internationale","isPartOf":{"@id":"https:\/\/www.amanien.info\/news\/#website"},"primaryImageOfPage":{"@id":"https:\/\/www.amanien.info\/news\/promotion-du-merite-et-de-lexcellence-plus-de-30-eleves-du-temple-israel-de-treichville-recompenses\/#primaryimage"},"image":{"@id":"https:\/\/www.amanien.info\/news\/promotion-du-merite-et-de-lexcellence-plus-de-30-eleves-du-temple-israel-de-treichville-recompenses\/#primaryimage"},"thumbnailUrl":"https:\/\/www.amanien.info\/news\/wp-content\/uploads\/2021\/09\/thumbnail-4.jpg","datePublished":"2021-09-12T08:36:46+00:00","dateModified":"2021-09-12T08:37:25+00:00","author":{"@id":"https:\/\/www.amanien.info\/news\/#\/schema\/person\/b21093345753a1a98242d505bd894f42"},"breadcrumb":{"@id":"https:\/\/www.amanien.info\/news\/promotion-du-merite-et-de-lexcellence-plus-de-30-eleves-du-temple-israel-de-treichville-recompenses\/#breadcrumb"},"inLanguage":"fr-FR","potentialAction":[{"@type":"ReadAction","target":["https:\/\/www.amanien.info\/news\/promotion-du-merite-et-de-lexcellence-plus-de-30-eleves-du-temple-israel-de-treichville-recompenses\/"]}]},{"@type":"ImageObject","inLanguage":"fr-FR","@id":"https:\/\/www.amanien.info\/news\/promotion-du-merite-et-de-lexcellence-plus-de-30-eleves-du-temple-israel-de-treichville-recompenses\/#primaryimage","url":"https:\/\/www.amanien.info\/news\/wp-content\/uploads\/2021\/09\/thumbnail-4.jpg","contentUrl":"https:\/\/www.amanien.info\/news\/wp-content\/uploads\/2021\/09\/thumbnail-4.jpg","width":1080,"height":810},{"@type":"BreadcrumbList","@id":"https:\/\/www.amanien.info\/news\/promotion-du-merite-et-de-lexcellence-plus-de-30-eleves-du-temple-israel-de-treichville-recompenses\/#breadcrumb","itemListElement":[{"@type":"ListItem","position":1,"name":"Accueil","item":"https:\/\/www.amanien.info\/news\/"},{"@type":"ListItem","position":2,"name":"Promotion du m\u00e9rite et de l&rsquo;excellence : Plus de 30 \u00e9l\u00e8ves du Temple Isra\u00ebl de Treichville r\u00e9compens\u00e9s"}]},{"@type":"WebSite","@id":"https:\/\/www.amanien.info\/news\/#website","url":"https:\/\/www.amanien.info\/news\/","name":"Amanien| L&#039;actualit\u00e9 Ivoirienne et Internationale","description":"L&#039;actualit\u00e9 Ivoirienne et Internationale","potentialAction":[{"@type":"SearchAction","target":{"@type":"EntryPoint","urlTemplate":"https:\/\/www.amanien.info\/news\/?s={search_term_string}"},"query-input":{"@type":"PropertyValueSpecification","valueRequired":true,"valueName":"search_term_string"}}],"inLanguage":"fr-FR"},{"@type":"Person","@id":"https:\/\/www.amanien.info\/news\/#\/schema\/person\/b21093345753a1a98242d505bd894f42","name":"Germain Ndri","url":"https:\/\/www.amanien.info\/news\/author\/amanien-infos\/"}]}},"_links":{"self":[{"href":"https:\/\/www.amanien.info\/news\/wp-json\/wp\/v2\/posts\/2927","targetHints":{"allow":["GET"]}}],"collection":[{"href":"https:\/\/www.amanien.info\/news\/wp-json\/wp\/v2\/posts"}],"about":[{"href":"https:\/\/www.amanien.info\/news\/wp-json\/wp\/v2\/types\/post"}],"author":[{"embeddable":true,"href":"https:\/\/www.amanien.info\/news\/wp-json\/wp\/v2\/users\/2"}],"replies":[{"embeddable":true,"href":"https:\/\/www.amanien.info\/news\/wp-json\/wp\/v2\/comments?post=2927"}],"version-history":[{"count":1,"href":"https:\/\/www.amanien.info\/news\/wp-json\/wp\/v2\/posts\/2927\/revisions"}],"predecessor-version":[{"id":2929,"href":"https:\/\/www.amanien.info\/news\/wp-json\/wp\/v2\/posts\/2927\/revisions\/2929"}],"wp:featuredmedia":[{"embeddable":true,"href":"https:\/\/www.amanien.info\/news\/wp-json\/wp\/v2\/media\/2928"}],"wp:attachment":[{"href":"https:\/\/www.amanien.info\/news\/wp-json\/wp\/v2\/media?parent=2927"}],"wp:term":[{"taxonomy":"category","embeddable":true,"href":"https:\/\/www.amanien.info\/news\/wp-json\/wp\/v2\/categories?post=2927"},{"taxonomy":"post_tag","embeddable":true,"href":"https:\/\/www.amanien.info\/news\/wp-json\/wp\/v2\/tags?post=2927"}],"curies":[{"name":"wp","href":"https:\/\/api.w.org\/{rel}","templated":true}]}}