{"id":2908,"date":"2021-09-06T11:51:40","date_gmt":"2021-09-06T11:51:40","guid":{"rendered":"https:\/\/www.https:\/\/zozo.buyee.jp\/\/news\/?p=2908"},"modified":"2021-09-06T11:52:59","modified_gmt":"2021-09-06T11:52:59","slug":"coup-d-etat-en-guinee-la-cedeao-demande-la-liberation-du-president-alpha-conde","status":"publish","type":"post","link":"https:\/\/www.amanien.info\/news\/coup-d-etat-en-guinee-la-cedeao-demande-la-liberation-du-president-alpha-conde\/","title":{"rendered":"Coup d&rsquo; \u00e9tat en Guin\u00e9e: La CEDEAO demande la lib\u00e9ration du pr\u00e9sident Alpha Cond\u00e9"},"content":{"rendered":"<div class=\"I_52qC D_FY W_6D6F\" data-test-id=\"message-view-body\">\n<div class=\"msg-body P_wpofO mq_AS\" data-test-id=\"message-view-body-content\">\n<div class=\"jb_0 X_6MGW N_6Fd5\">\n<div>\n<div id=\"yiv0092941195\">\n<div>\n<div>La CEDEAO note avec grande pr\u00e9occupation les r\u00e9cents d\u00e9veloppements politiques survenu \u00e0 Conakry, R\u00e9publique de Guin\u00e9e. Elle condamne avec la plus grande fermet\u00e9 cette tentative de coup d\u2019Etat de ce dimanche 5 Septembre 2021.<\/div>\n<p>La CEDEAO exige le respect le respect de l\u2019int\u00e9grit\u00e9 physique du Pr\u00e9sident de la R\u00e9publique, le Professeur Alpha Cond\u00e9 et sa lib\u00e9ration imm\u00e9diate et sans condition ainsi que celle de toutes les personnalit\u00e9s arr\u00eat\u00e9es.<br \/>\nElle exige \u00e9galement le retour \u00e0 l\u2019ordre constitutionnel sous peine de sanctions.<br \/>\nLa CEDEAO r\u00e9affirme sa d\u00e9sapprobation de tout changement politique anticonstitutionnel.<br \/>\nElle demande aux forces de d\u00e9fense et de s\u00e9curit\u00e9 de demeurer dans une posture r\u00e9publicaine et exprime sa solidarit\u00e9 envers le peuple et le Gouvernement Guin\u00e9ens.<br \/>\nFait \u00e0 Accra, le dimanche 5 Septembre 2021.<br \/>\nS.E.M. Nana Addo Dankwa Akufo-AddoPr\u00e9sident de la R\u00e9publique du Ghana et Pr\u00e9sident en exercice de CEDEAO<\/p><\/div>\n<\/div>\n<\/div>\n<\/div>\n<\/div>\n<div class=\"jb_0 X_6MGW N_6Fd5\"><\/div>\n<\/div>\n<div class=\"H_7jIs D_F ab_C Q_69H5 E_36RhU\" data-test-id=\"toolbar-hover-area\">\n<div class=\"D_F W_6D6F r_BN gl_C\" data-test-id=\"card-toolbar\">\n<div class=\"D_F ab_C en_0 b_Z14vXdP e_3mS2U I_52qC P_Z1otBpf\">\n<ul class=\"hd_n P_0 H_6D6F M_0 ir3_0 iy_h D_F ab_C\" tabindex=\"0\" role=\"menubar\" data-test-id=\"navigable-list\">\n<li class=\"G_e p_R\" role=\"menuitem\"><\/li>\n<\/ul>\n<\/div>\n<\/div>\n<\/div>\n","protected":false},"excerpt":{"rendered":"<p>La CEDEAO note avec grande pr\u00e9occupation les r\u00e9cents d\u00e9veloppements politiques survenu \u00e0 Conakry, R\u00e9publique de Guin\u00e9e. Elle condamne avec la plus grande fermet\u00e9 cette tentative de coup d\u2019Etat de ce dimanche 5 Septembre 2021. La CEDEAO exige le respect le respect de l\u2019int\u00e9grit\u00e9 physique du Pr\u00e9sident de la R\u00e9publique, le Professeur Alpha Cond\u00e9 et sa [&hellip;]<\/p>\n","protected":false},"author":2,"featured_media":2909,"comment_status":"closed","ping_status":"closed","sticky":true,"template":"","format":"standard","meta":{"_acf_changed":false,"footnotes":""},"categories":[],"tags":[],"class_list":["post-2908","post","type-post","status-publish","format-standard","has-post-thumbnail","hentry"],"acf":[],"yoast_head":"<!-- This site is optimized with the Yoast SEO plugin v27.5 - https:\/\/yoast.com\/product\/yoast-seo-wordpress\/ -->\n<title>Coup d&#039; \u00e9tat en Guin\u00e9e: La CEDEAO demande la lib\u00e9ration du pr\u00e9sident Alpha Cond\u00e9 - Amanien| L&#039;actualit\u00e9 Ivoirienne et Internationale<\/title>\n<meta name=\"robots\" content=\"index, follow, max-snippet:-1, max-image-preview:large, max-video-preview:-1\" \/>\n<link rel=\"canonical\" href=\"https:\/\/www.amanien.info\/news\/coup-d-etat-en-guinee-la-cedeao-demande-la-liberation-du-president-alpha-conde\/\" \/>\n<meta property=\"og:locale\" content=\"fr_FR\" \/>\n<meta property=\"og:type\" content=\"article\" \/>\n<meta property=\"og:title\" content=\"Coup d&#039; \u00e9tat en Guin\u00e9e: La CEDEAO demande la lib\u00e9ration du pr\u00e9sident Alpha Cond\u00e9 - Amanien| L&#039;actualit\u00e9 Ivoirienne et Internationale\" \/>\n<meta property=\"og:description\" content=\"La CEDEAO note avec grande pr\u00e9occupation les r\u00e9cents d\u00e9veloppements politiques survenu \u00e0 Conakry, R\u00e9publique de Guin\u00e9e. Elle condamne avec la plus grande fermet\u00e9 cette tentative de coup d\u2019Etat de ce dimanche 5 Septembre 2021. La CEDEAO exige le respect le respect de l\u2019int\u00e9grit\u00e9 physique du Pr\u00e9sident de la R\u00e9publique, le Professeur Alpha Cond\u00e9 et sa [&hellip;]\" \/>\n<meta property=\"og:url\" content=\"https:\/\/www.amanien.info\/news\/coup-d-etat-en-guinee-la-cedeao-demande-la-liberation-du-president-alpha-conde\/\" \/>\n<meta property=\"og:site_name\" content=\"Amanien| L&#039;actualit\u00e9 Ivoirienne et Internationale\" \/>\n<meta property=\"article:published_time\" content=\"2021-09-06T11:51:40+00:00\" \/>\n<meta property=\"article:modified_time\" content=\"2021-09-06T11:52:59+00:00\" \/>\n<meta property=\"og:image\" content=\"https:\/\/www.amanien.info\/news\/wp-content\/uploads\/2021\/09\/thumbnail.png\" \/>\n\t<meta property=\"og:image:width\" content=\"720\" \/>\n\t<meta property=\"og:image:height\" content=\"480\" \/>\n\t<meta property=\"og:image:type\" content=\"image\/png\" \/>\n<meta name=\"author\" content=\"Germain Ndri\" \/>\n<meta name=\"twitter:card\" content=\"summary_large_image\" \/>\n<meta name=\"twitter:label1\" content=\"\u00c9crit par\" \/>\n\t<meta name=\"twitter:data1\" content=\"Germain Ndri\" \/>\n\t<meta name=\"twitter:label2\" content=\"Dur\u00e9e de lecture estim\u00e9e\" \/>\n\t<meta name=\"twitter:data2\" content=\"1 minute\" \/>\n<script type=\"application\/ld+json\" class=\"yoast-schema-graph\">{\"@context\":\"https:\\\/\\\/schema.org\",\"@graph\":[{\"@type\":\"Article\",\"@id\":\"https:\\\/\\\/www.amanien.info\\\/news\\\/coup-d-etat-en-guinee-la-cedeao-demande-la-liberation-du-president-alpha-conde\\\/#article\",\"isPartOf\":{\"@id\":\"https:\\\/\\\/www.amanien.info\\\/news\\\/coup-d-etat-en-guinee-la-cedeao-demande-la-liberation-du-president-alpha-conde\\\/\"},\"author\":{\"name\":\"Germain Ndri\",\"@id\":\"https:\\\/\\\/www.amanien.info\\\/news\\\/#\\\/schema\\\/person\\\/b21093345753a1a98242d505bd894f42\"},\"headline\":\"Coup d&rsquo; \u00e9tat en Guin\u00e9e: La CEDEAO demande la lib\u00e9ration du pr\u00e9sident Alpha Cond\u00e9\",\"datePublished\":\"2021-09-06T11:51:40+00:00\",\"dateModified\":\"2021-09-06T11:52:59+00:00\",\"mainEntityOfPage\":{\"@id\":\"https:\\\/\\\/www.amanien.info\\\/news\\\/coup-d-etat-en-guinee-la-cedeao-demande-la-liberation-du-president-alpha-conde\\\/\"},\"wordCount\":177,\"image\":{\"@id\":\"https:\\\/\\\/www.amanien.info\\\/news\\\/coup-d-etat-en-guinee-la-cedeao-demande-la-liberation-du-president-alpha-conde\\\/#primaryimage\"},\"thumbnailUrl\":\"https:\\\/\\\/www.amanien.info\\\/news\\\/wp-content\\\/uploads\\\/2021\\\/09\\\/thumbnail.png\",\"inLanguage\":\"fr-FR\"},{\"@type\":\"WebPage\",\"@id\":\"https:\\\/\\\/www.amanien.info\\\/news\\\/coup-d-etat-en-guinee-la-cedeao-demande-la-liberation-du-president-alpha-conde\\\/\",\"url\":\"https:\\\/\\\/www.amanien.info\\\/news\\\/coup-d-etat-en-guinee-la-cedeao-demande-la-liberation-du-president-alpha-conde\\\/\",\"name\":\"Coup d' \u00e9tat en Guin\u00e9e: La CEDEAO demande la lib\u00e9ration du pr\u00e9sident Alpha Cond\u00e9 - Amanien| L&#039;actualit\u00e9 Ivoirienne et Internationale\",\"isPartOf\":{\"@id\":\"https:\\\/\\\/www.amanien.info\\\/news\\\/#website\"},\"primaryImageOfPage\":{\"@id\":\"https:\\\/\\\/www.amanien.info\\\/news\\\/coup-d-etat-en-guinee-la-cedeao-demande-la-liberation-du-president-alpha-conde\\\/#primaryimage\"},\"image\":{\"@id\":\"https:\\\/\\\/www.amanien.info\\\/news\\\/coup-d-etat-en-guinee-la-cedeao-demande-la-liberation-du-president-alpha-conde\\\/#primaryimage\"},\"thumbnailUrl\":\"https:\\\/\\\/www.amanien.info\\\/news\\\/wp-content\\\/uploads\\\/2021\\\/09\\\/thumbnail.png\",\"datePublished\":\"2021-09-06T11:51:40+00:00\",\"dateModified\":\"2021-09-06T11:52:59+00:00\",\"author\":{\"@id\":\"https:\\\/\\\/www.amanien.info\\\/news\\\/#\\\/schema\\\/person\\\/b21093345753a1a98242d505bd894f42\"},\"breadcrumb\":{\"@id\":\"https:\\\/\\\/www.amanien.info\\\/news\\\/coup-d-etat-en-guinee-la-cedeao-demande-la-liberation-du-president-alpha-conde\\\/#breadcrumb\"},\"inLanguage\":\"fr-FR\",\"potentialAction\":[{\"@type\":\"ReadAction\",\"target\":[\"https:\\\/\\\/www.amanien.info\\\/news\\\/coup-d-etat-en-guinee-la-cedeao-demande-la-liberation-du-president-alpha-conde\\\/\"]}]},{\"@type\":\"ImageObject\",\"inLanguage\":\"fr-FR\",\"@id\":\"https:\\\/\\\/www.amanien.info\\\/news\\\/coup-d-etat-en-guinee-la-cedeao-demande-la-liberation-du-president-alpha-conde\\\/#primaryimage\",\"url\":\"https:\\\/\\\/www.amanien.info\\\/news\\\/wp-content\\\/uploads\\\/2021\\\/09\\\/thumbnail.png\",\"contentUrl\":\"https:\\\/\\\/www.amanien.info\\\/news\\\/wp-content\\\/uploads\\\/2021\\\/09\\\/thumbnail.png\",\"width\":720,\"height\":480},{\"@type\":\"BreadcrumbList\",\"@id\":\"https:\\\/\\\/www.amanien.info\\\/news\\\/coup-d-etat-en-guinee-la-cedeao-demande-la-liberation-du-president-alpha-conde\\\/#breadcrumb\",\"itemListElement\":[{\"@type\":\"ListItem\",\"position\":1,\"name\":\"Accueil\",\"item\":\"https:\\\/\\\/www.amanien.info\\\/news\\\/\"},{\"@type\":\"ListItem\",\"position\":2,\"name\":\"Coup d&rsquo; \u00e9tat en Guin\u00e9e: La CEDEAO demande la lib\u00e9ration du pr\u00e9sident Alpha Cond\u00e9\"}]},{\"@type\":\"WebSite\",\"@id\":\"https:\\\/\\\/www.amanien.info\\\/news\\\/#website\",\"url\":\"https:\\\/\\\/www.amanien.info\\\/news\\\/\",\"name\":\"Amanien| L&#039;actualit\u00e9 Ivoirienne et Internationale\",\"description\":\"L&#039;actualit\u00e9 Ivoirienne et Internationale\",\"potentialAction\":[{\"@type\":\"SearchAction\",\"target\":{\"@type\":\"EntryPoint\",\"urlTemplate\":\"https:\\\/\\\/www.amanien.info\\\/news\\\/?s={search_term_string}\"},\"query-input\":{\"@type\":\"PropertyValueSpecification\",\"valueRequired\":true,\"valueName\":\"search_term_string\"}}],\"inLanguage\":\"fr-FR\"},{\"@type\":\"Person\",\"@id\":\"https:\\\/\\\/www.amanien.info\\\/news\\\/#\\\/schema\\\/person\\\/b21093345753a1a98242d505bd894f42\",\"name\":\"Germain Ndri\",\"url\":\"https:\\\/\\\/www.amanien.info\\\/news\\\/author\\\/amanien-infos\\\/\"}]}<\/script>\n<!-- \/ Yoast SEO plugin. -->","yoast_head_json":{"title":"Coup d' \u00e9tat en Guin\u00e9e: La CEDEAO demande la lib\u00e9ration du pr\u00e9sident Alpha Cond\u00e9 - Amanien| L&#039;actualit\u00e9 Ivoirienne et Internationale","robots":{"index":"index","follow":"follow","max-snippet":"max-snippet:-1","max-image-preview":"max-image-preview:large","max-video-preview":"max-video-preview:-1"},"canonical":"https:\/\/www.amanien.info\/news\/coup-d-etat-en-guinee-la-cedeao-demande-la-liberation-du-president-alpha-conde\/","og_locale":"fr_FR","og_type":"article","og_title":"Coup d' \u00e9tat en Guin\u00e9e: La CEDEAO demande la lib\u00e9ration du pr\u00e9sident Alpha Cond\u00e9 - Amanien| L&#039;actualit\u00e9 Ivoirienne et Internationale","og_description":"La CEDEAO note avec grande pr\u00e9occupation les r\u00e9cents d\u00e9veloppements politiques survenu \u00e0 Conakry, R\u00e9publique de Guin\u00e9e. Elle condamne avec la plus grande fermet\u00e9 cette tentative de coup d\u2019Etat de ce dimanche 5 Septembre 2021. La CEDEAO exige le respect le respect de l\u2019int\u00e9grit\u00e9 physique du Pr\u00e9sident de la R\u00e9publique, le Professeur Alpha Cond\u00e9 et sa [&hellip;]","og_url":"https:\/\/www.amanien.info\/news\/coup-d-etat-en-guinee-la-cedeao-demande-la-liberation-du-president-alpha-conde\/","og_site_name":"Amanien| L&#039;actualit\u00e9 Ivoirienne et Internationale","article_published_time":"2021-09-06T11:51:40+00:00","article_modified_time":"2021-09-06T11:52:59+00:00","og_image":[{"width":720,"height":480,"url":"https:\/\/www.amanien.info\/news\/wp-content\/uploads\/2021\/09\/thumbnail.png","type":"image\/png"}],"author":"Germain Ndri","twitter_card":"summary_large_image","twitter_misc":{"\u00c9crit par":"Germain Ndri","Dur\u00e9e de lecture estim\u00e9e":"1 minute"},"schema":{"@context":"https:\/\/schema.org","@graph":[{"@type":"Article","@id":"https:\/\/www.amanien.info\/news\/coup-d-etat-en-guinee-la-cedeao-demande-la-liberation-du-president-alpha-conde\/#article","isPartOf":{"@id":"https:\/\/www.amanien.info\/news\/coup-d-etat-en-guinee-la-cedeao-demande-la-liberation-du-president-alpha-conde\/"},"author":{"name":"Germain Ndri","@id":"https:\/\/www.amanien.info\/news\/#\/schema\/person\/b21093345753a1a98242d505bd894f42"},"headline":"Coup d&rsquo; \u00e9tat en Guin\u00e9e: La CEDEAO demande la lib\u00e9ration du pr\u00e9sident Alpha Cond\u00e9","datePublished":"2021-09-06T11:51:40+00:00","dateModified":"2021-09-06T11:52:59+00:00","mainEntityOfPage":{"@id":"https:\/\/www.amanien.info\/news\/coup-d-etat-en-guinee-la-cedeao-demande-la-liberation-du-president-alpha-conde\/"},"wordCount":177,"image":{"@id":"https:\/\/www.amanien.info\/news\/coup-d-etat-en-guinee-la-cedeao-demande-la-liberation-du-president-alpha-conde\/#primaryimage"},"thumbnailUrl":"https:\/\/www.amanien.info\/news\/wp-content\/uploads\/2021\/09\/thumbnail.png","inLanguage":"fr-FR"},{"@type":"WebPage","@id":"https:\/\/www.amanien.info\/news\/coup-d-etat-en-guinee-la-cedeao-demande-la-liberation-du-president-alpha-conde\/","url":"https:\/\/www.amanien.info\/news\/coup-d-etat-en-guinee-la-cedeao-demande-la-liberation-du-president-alpha-conde\/","name":"Coup d' \u00e9tat en Guin\u00e9e: La CEDEAO demande la lib\u00e9ration du pr\u00e9sident Alpha Cond\u00e9 - Amanien| L&#039;actualit\u00e9 Ivoirienne et Internationale","isPartOf":{"@id":"https:\/\/www.amanien.info\/news\/#website"},"primaryImageOfPage":{"@id":"https:\/\/www.amanien.info\/news\/coup-d-etat-en-guinee-la-cedeao-demande-la-liberation-du-president-alpha-conde\/#primaryimage"},"image":{"@id":"https:\/\/www.amanien.info\/news\/coup-d-etat-en-guinee-la-cedeao-demande-la-liberation-du-president-alpha-conde\/#primaryimage"},"thumbnailUrl":"https:\/\/www.amanien.info\/news\/wp-content\/uploads\/2021\/09\/thumbnail.png","datePublished":"2021-09-06T11:51:40+00:00","dateModified":"2021-09-06T11:52:59+00:00","author":{"@id":"https:\/\/www.amanien.info\/news\/#\/schema\/person\/b21093345753a1a98242d505bd894f42"},"breadcrumb":{"@id":"https:\/\/www.amanien.info\/news\/coup-d-etat-en-guinee-la-cedeao-demande-la-liberation-du-president-alpha-conde\/#breadcrumb"},"inLanguage":"fr-FR","potentialAction":[{"@type":"ReadAction","target":["https:\/\/www.amanien.info\/news\/coup-d-etat-en-guinee-la-cedeao-demande-la-liberation-du-president-alpha-conde\/"]}]},{"@type":"ImageObject","inLanguage":"fr-FR","@id":"https:\/\/www.amanien.info\/news\/coup-d-etat-en-guinee-la-cedeao-demande-la-liberation-du-president-alpha-conde\/#primaryimage","url":"https:\/\/www.amanien.info\/news\/wp-content\/uploads\/2021\/09\/thumbnail.png","contentUrl":"https:\/\/www.amanien.info\/news\/wp-content\/uploads\/2021\/09\/thumbnail.png","width":720,"height":480},{"@type":"BreadcrumbList","@id":"https:\/\/www.amanien.info\/news\/coup-d-etat-en-guinee-la-cedeao-demande-la-liberation-du-president-alpha-conde\/#breadcrumb","itemListElement":[{"@type":"ListItem","position":1,"name":"Accueil","item":"https:\/\/www.amanien.info\/news\/"},{"@type":"ListItem","position":2,"name":"Coup d&rsquo; \u00e9tat en Guin\u00e9e: La CEDEAO demande la lib\u00e9ration du pr\u00e9sident Alpha Cond\u00e9"}]},{"@type":"WebSite","@id":"https:\/\/www.amanien.info\/news\/#website","url":"https:\/\/www.amanien.info\/news\/","name":"Amanien| L&#039;actualit\u00e9 Ivoirienne et Internationale","description":"L&#039;actualit\u00e9 Ivoirienne et Internationale","potentialAction":[{"@type":"SearchAction","target":{"@type":"EntryPoint","urlTemplate":"https:\/\/www.amanien.info\/news\/?s={search_term_string}"},"query-input":{"@type":"PropertyValueSpecification","valueRequired":true,"valueName":"search_term_string"}}],"inLanguage":"fr-FR"},{"@type":"Person","@id":"https:\/\/www.amanien.info\/news\/#\/schema\/person\/b21093345753a1a98242d505bd894f42","name":"Germain Ndri","url":"https:\/\/www.amanien.info\/news\/author\/amanien-infos\/"}]}},"_links":{"self":[{"href":"https:\/\/www.amanien.info\/news\/wp-json\/wp\/v2\/posts\/2908","targetHints":{"allow":["GET"]}}],"collection":[{"href":"https:\/\/www.amanien.info\/news\/wp-json\/wp\/v2\/posts"}],"about":[{"href":"https:\/\/www.amanien.info\/news\/wp-json\/wp\/v2\/types\/post"}],"author":[{"embeddable":true,"href":"https:\/\/www.amanien.info\/news\/wp-json\/wp\/v2\/users\/2"}],"replies":[{"embeddable":true,"href":"https:\/\/www.amanien.info\/news\/wp-json\/wp\/v2\/comments?post=2908"}],"version-history":[{"count":1,"href":"https:\/\/www.amanien.info\/news\/wp-json\/wp\/v2\/posts\/2908\/revisions"}],"predecessor-version":[{"id":2910,"href":"https:\/\/www.amanien.info\/news\/wp-json\/wp\/v2\/posts\/2908\/revisions\/2910"}],"wp:featuredmedia":[{"embeddable":true,"href":"https:\/\/www.amanien.info\/news\/wp-json\/wp\/v2\/media\/2909"}],"wp:attachment":[{"href":"https:\/\/www.amanien.info\/news\/wp-json\/wp\/v2\/media?parent=2908"}],"wp:term":[{"taxonomy":"category","embeddable":true,"href":"https:\/\/www.amanien.info\/news\/wp-json\/wp\/v2\/categories?post=2908"},{"taxonomy":"post_tag","embeddable":true,"href":"https:\/\/www.amanien.info\/news\/wp-json\/wp\/v2\/tags?post=2908"}],"curies":[{"name":"wp","href":"https:\/\/api.w.org\/{rel}","templated":true}]}}