{"id":2905,"date":"2021-09-06T11:46:22","date_gmt":"2021-09-06T11:46:22","guid":{"rendered":"https:\/\/www.https:\/\/zozo.buyee.jp\/\/news\/?p=2905"},"modified":"2021-09-06T11:48:43","modified_gmt":"2021-09-06T11:48:43","slug":"eliminatoires-coupe-du-monde-qatar-2022-la-cote-divoire-tenue-en-echec-par-le-mozambique-0-0","status":"publish","type":"post","link":"https:\/\/www.amanien.info\/news\/eliminatoires-coupe-du-monde-qatar-2022-la-cote-divoire-tenue-en-echec-par-le-mozambique-0-0\/","title":{"rendered":"\u00c9liminatoires Coupe du monde Qatar 2022 \/ La C\u00f4te d&rsquo;Ivoire tenue en \u00e9chec par le Mozambique (0-0)"},"content":{"rendered":"<p>Les \u00e9l\u00e9phants de C\u00f4te d&rsquo;Ivoire et les Mambas du Mozambique se sont s\u00e9par\u00e9s, ce vendredi, sur un score vierge de 0 but partout \u00e0 l&rsquo;issue du match de la premi\u00e8re journ\u00e9e comptant pour les \u00e9liminatoires (zone Afrique) de la coupe du monde Qatar 2022.<\/p>\n<p>En d\u00e9placement \u00e0 Maputo, capitale du Mozambique, les \u00e9l\u00e9phants de C\u00f4te d&rsquo;Ivoire ont produit un jeu \u00ab\u00a0insipide\u00a0\u00bb et avec peu d&rsquo;occasions franches \u00e0 la premi\u00e8re mi-temps.<\/p>\n<p>A la premi\u00e8re p\u00e9riode, il a fallu attendre la 26\u00e8 minute pour la C\u00f4te d&rsquo;Ivoire, qui \u00e9tait pourtant favorite sur le papier, avant de se cr\u00e9er une occasion de but.<br \/>\nEn effet, le buteur du club N\u00e9erlandais Ajax Amsterdam, S\u00e9bastien Haller s&rsquo;est mis en \u00e9vidence sur une action qui pr\u00eate \u00e0 d\u00e9bat.<br \/>\nLanc\u00e9 en profondeur, le redoutable attaquant ivoirien de 1 m 91 a lutt\u00e9 avec le d\u00e9fenseur Mozambicain Martinho Alberto Thauzene avant de se pr\u00e9senter dans la surface de r\u00e9paration. La frappe a \u00e9chou\u00e9 sur le portier Mozambicain, mais l&rsquo;Ivoirien a r\u00e9clam\u00e9 un penalty apr\u00e8s le tacle du d\u00e9fenseur Mozambicain.<\/p>\n<p>L&rsquo;arbitre Burundais, Pacifique Ndabihawenimana a, pour sa part, estim\u00e9 qu&rsquo;il n&rsquo;y avait pas de faute.<br \/>\nLes \u00e9l\u00e9phants de C\u00f4te d&rsquo;Ivoire qui, devraient ouvrir au moins le score avant la pause pour att\u00e9nuer les ardeurs Mozambicaines n&rsquo;ont pas pu, du fait du manque d&rsquo;occasions nettes, des mauvaises constructions, des balles un peu mal exploit\u00e9es mais aussi du bloc d\u00e9fensif Mozambicain solide et regroup\u00e9.<\/p>\n<p>Du retour des vestiaires, le s\u00e9lectionneur ivoirien Patrice Beaumelle effectue deux remplacements. Il s&rsquo;agit des entr\u00e9es de Franck Boli et J\u00e9r\u00e9mie Boga \u00e0 la 62\u00e8 minute<br \/>\nPuis l&rsquo;entr\u00e9e de Karim Konat\u00e9 \u00e0 la 84\u00e8 minute. Mais cela n&rsquo;a pas suffi aux poulains de Beaumelle de faire la diff\u00e9rence malgr\u00e9 la possession de balle en leur faveur.<br \/>\nLog\u00e9s dans le Groupe G en compagnie du Cameroun et du Malawi, la C\u00f4te d&rsquo;Ivoire et le Mozambique se sont donc neutralis\u00e9es(0-0).<br \/>\nUn score qui fait ainsi l&rsquo;affaire des lions indomptables du Cameroun qui affrontent le Malawi ce vendredi soir.<\/p>\n<p>La c\u00f4te d&rsquo;Ivoire recevra le Cameroun \u00e0 Ebimp\u00e9, Abidjan le lundi 06 septembre prochain sur le coup de 19h GMT. Les \u00e9l\u00e9phants devront imp\u00e9rativement gagner ce deuxi\u00e8me match pour se relancer.<\/p>\n<p>&nbsp;<\/p>\n<p>Sunday Alain<\/p>\n<p>&nbsp;<\/p>\n","protected":false},"excerpt":{"rendered":"<p>Les \u00e9l\u00e9phants de C\u00f4te d&rsquo;Ivoire et les Mambas du Mozambique se sont s\u00e9par\u00e9s, ce vendredi, sur un score vierge de 0 but partout \u00e0 l&rsquo;issue du match de la premi\u00e8re journ\u00e9e comptant pour les \u00e9liminatoires (zone Afrique) de la coupe du monde Qatar 2022. En d\u00e9placement \u00e0 Maputo, capitale du Mozambique, les \u00e9l\u00e9phants de C\u00f4te [&hellip;]<\/p>\n","protected":false},"author":2,"featured_media":2906,"comment_status":"closed","ping_status":"closed","sticky":true,"template":"","format":"standard","meta":{"_acf_changed":false,"footnotes":""},"categories":[],"tags":[],"class_list":["post-2905","post","type-post","status-publish","format-standard","has-post-thumbnail","hentry"],"acf":[],"yoast_head":"<!-- This site is optimized with the Yoast SEO plugin v27.5 - https:\/\/yoast.com\/product\/yoast-seo-wordpress\/ -->\n<title>\u00c9liminatoires Coupe du monde Qatar 2022 \/ La C\u00f4te d&#039;Ivoire tenue en \u00e9chec par le Mozambique (0-0) - Amanien| L&#039;actualit\u00e9 Ivoirienne et Internationale<\/title>\n<meta name=\"robots\" content=\"index, follow, max-snippet:-1, max-image-preview:large, max-video-preview:-1\" \/>\n<link rel=\"canonical\" href=\"https:\/\/www.amanien.info\/news\/eliminatoires-coupe-du-monde-qatar-2022-la-cote-divoire-tenue-en-echec-par-le-mozambique-0-0\/\" \/>\n<meta property=\"og:locale\" content=\"fr_FR\" \/>\n<meta property=\"og:type\" content=\"article\" \/>\n<meta property=\"og:title\" content=\"\u00c9liminatoires Coupe du monde Qatar 2022 \/ La C\u00f4te d&#039;Ivoire tenue en \u00e9chec par le Mozambique (0-0) - Amanien| L&#039;actualit\u00e9 Ivoirienne et Internationale\" \/>\n<meta property=\"og:description\" content=\"Les \u00e9l\u00e9phants de C\u00f4te d&rsquo;Ivoire et les Mambas du Mozambique se sont s\u00e9par\u00e9s, ce vendredi, sur un score vierge de 0 but partout \u00e0 l&rsquo;issue du match de la premi\u00e8re journ\u00e9e comptant pour les \u00e9liminatoires (zone Afrique) de la coupe du monde Qatar 2022. En d\u00e9placement \u00e0 Maputo, capitale du Mozambique, les \u00e9l\u00e9phants de C\u00f4te [&hellip;]\" \/>\n<meta property=\"og:url\" content=\"https:\/\/www.amanien.info\/news\/eliminatoires-coupe-du-monde-qatar-2022-la-cote-divoire-tenue-en-echec-par-le-mozambique-0-0\/\" \/>\n<meta property=\"og:site_name\" content=\"Amanien| L&#039;actualit\u00e9 Ivoirienne et Internationale\" \/>\n<meta property=\"article:published_time\" content=\"2021-09-06T11:46:22+00:00\" \/>\n<meta property=\"article:modified_time\" content=\"2021-09-06T11:48:43+00:00\" \/>\n<meta property=\"og:image\" content=\"https:\/\/www.amanien.info\/news\/wp-content\/uploads\/2021\/09\/thumbnail-1.jpg\" \/>\n\t<meta property=\"og:image:width\" content=\"500\" \/>\n\t<meta property=\"og:image:height\" content=\"261\" \/>\n\t<meta property=\"og:image:type\" content=\"image\/jpeg\" \/>\n<meta name=\"author\" content=\"Germain Ndri\" \/>\n<meta name=\"twitter:card\" content=\"summary_large_image\" \/>\n<meta name=\"twitter:label1\" content=\"\u00c9crit par\" \/>\n\t<meta name=\"twitter:data1\" content=\"Germain Ndri\" \/>\n\t<meta name=\"twitter:label2\" content=\"Dur\u00e9e de lecture estim\u00e9e\" \/>\n\t<meta name=\"twitter:data2\" content=\"2 minutes\" \/>\n<script type=\"application\/ld+json\" class=\"yoast-schema-graph\">{\"@context\":\"https:\\\/\\\/schema.org\",\"@graph\":[{\"@type\":\"Article\",\"@id\":\"https:\\\/\\\/www.amanien.info\\\/news\\\/eliminatoires-coupe-du-monde-qatar-2022-la-cote-divoire-tenue-en-echec-par-le-mozambique-0-0\\\/#article\",\"isPartOf\":{\"@id\":\"https:\\\/\\\/www.amanien.info\\\/news\\\/eliminatoires-coupe-du-monde-qatar-2022-la-cote-divoire-tenue-en-echec-par-le-mozambique-0-0\\\/\"},\"author\":{\"name\":\"Germain Ndri\",\"@id\":\"https:\\\/\\\/www.amanien.info\\\/news\\\/#\\\/schema\\\/person\\\/b21093345753a1a98242d505bd894f42\"},\"headline\":\"\u00c9liminatoires Coupe du monde Qatar 2022 \\\/ La C\u00f4te d&rsquo;Ivoire tenue en \u00e9chec par le Mozambique (0-0)\",\"datePublished\":\"2021-09-06T11:46:22+00:00\",\"dateModified\":\"2021-09-06T11:48:43+00:00\",\"mainEntityOfPage\":{\"@id\":\"https:\\\/\\\/www.amanien.info\\\/news\\\/eliminatoires-coupe-du-monde-qatar-2022-la-cote-divoire-tenue-en-echec-par-le-mozambique-0-0\\\/\"},\"wordCount\":428,\"image\":{\"@id\":\"https:\\\/\\\/www.amanien.info\\\/news\\\/eliminatoires-coupe-du-monde-qatar-2022-la-cote-divoire-tenue-en-echec-par-le-mozambique-0-0\\\/#primaryimage\"},\"thumbnailUrl\":\"https:\\\/\\\/www.amanien.info\\\/news\\\/wp-content\\\/uploads\\\/2021\\\/09\\\/thumbnail-1.jpg\",\"inLanguage\":\"fr-FR\"},{\"@type\":\"WebPage\",\"@id\":\"https:\\\/\\\/www.amanien.info\\\/news\\\/eliminatoires-coupe-du-monde-qatar-2022-la-cote-divoire-tenue-en-echec-par-le-mozambique-0-0\\\/\",\"url\":\"https:\\\/\\\/www.amanien.info\\\/news\\\/eliminatoires-coupe-du-monde-qatar-2022-la-cote-divoire-tenue-en-echec-par-le-mozambique-0-0\\\/\",\"name\":\"\u00c9liminatoires Coupe du monde Qatar 2022 \\\/ La C\u00f4te d'Ivoire tenue en \u00e9chec par le Mozambique (0-0) - Amanien| L&#039;actualit\u00e9 Ivoirienne et Internationale\",\"isPartOf\":{\"@id\":\"https:\\\/\\\/www.amanien.info\\\/news\\\/#website\"},\"primaryImageOfPage\":{\"@id\":\"https:\\\/\\\/www.amanien.info\\\/news\\\/eliminatoires-coupe-du-monde-qatar-2022-la-cote-divoire-tenue-en-echec-par-le-mozambique-0-0\\\/#primaryimage\"},\"image\":{\"@id\":\"https:\\\/\\\/www.amanien.info\\\/news\\\/eliminatoires-coupe-du-monde-qatar-2022-la-cote-divoire-tenue-en-echec-par-le-mozambique-0-0\\\/#primaryimage\"},\"thumbnailUrl\":\"https:\\\/\\\/www.amanien.info\\\/news\\\/wp-content\\\/uploads\\\/2021\\\/09\\\/thumbnail-1.jpg\",\"datePublished\":\"2021-09-06T11:46:22+00:00\",\"dateModified\":\"2021-09-06T11:48:43+00:00\",\"author\":{\"@id\":\"https:\\\/\\\/www.amanien.info\\\/news\\\/#\\\/schema\\\/person\\\/b21093345753a1a98242d505bd894f42\"},\"breadcrumb\":{\"@id\":\"https:\\\/\\\/www.amanien.info\\\/news\\\/eliminatoires-coupe-du-monde-qatar-2022-la-cote-divoire-tenue-en-echec-par-le-mozambique-0-0\\\/#breadcrumb\"},\"inLanguage\":\"fr-FR\",\"potentialAction\":[{\"@type\":\"ReadAction\",\"target\":[\"https:\\\/\\\/www.amanien.info\\\/news\\\/eliminatoires-coupe-du-monde-qatar-2022-la-cote-divoire-tenue-en-echec-par-le-mozambique-0-0\\\/\"]}]},{\"@type\":\"ImageObject\",\"inLanguage\":\"fr-FR\",\"@id\":\"https:\\\/\\\/www.amanien.info\\\/news\\\/eliminatoires-coupe-du-monde-qatar-2022-la-cote-divoire-tenue-en-echec-par-le-mozambique-0-0\\\/#primaryimage\",\"url\":\"https:\\\/\\\/www.amanien.info\\\/news\\\/wp-content\\\/uploads\\\/2021\\\/09\\\/thumbnail-1.jpg\",\"contentUrl\":\"https:\\\/\\\/www.amanien.info\\\/news\\\/wp-content\\\/uploads\\\/2021\\\/09\\\/thumbnail-1.jpg\",\"width\":500,\"height\":261},{\"@type\":\"BreadcrumbList\",\"@id\":\"https:\\\/\\\/www.amanien.info\\\/news\\\/eliminatoires-coupe-du-monde-qatar-2022-la-cote-divoire-tenue-en-echec-par-le-mozambique-0-0\\\/#breadcrumb\",\"itemListElement\":[{\"@type\":\"ListItem\",\"position\":1,\"name\":\"Accueil\",\"item\":\"https:\\\/\\\/www.amanien.info\\\/news\\\/\"},{\"@type\":\"ListItem\",\"position\":2,\"name\":\"\u00c9liminatoires Coupe du monde Qatar 2022 \\\/ La C\u00f4te d&rsquo;Ivoire tenue en \u00e9chec par le Mozambique (0-0)\"}]},{\"@type\":\"WebSite\",\"@id\":\"https:\\\/\\\/www.amanien.info\\\/news\\\/#website\",\"url\":\"https:\\\/\\\/www.amanien.info\\\/news\\\/\",\"name\":\"Amanien| L&#039;actualit\u00e9 Ivoirienne et Internationale\",\"description\":\"L&#039;actualit\u00e9 Ivoirienne et Internationale\",\"potentialAction\":[{\"@type\":\"SearchAction\",\"target\":{\"@type\":\"EntryPoint\",\"urlTemplate\":\"https:\\\/\\\/www.amanien.info\\\/news\\\/?s={search_term_string}\"},\"query-input\":{\"@type\":\"PropertyValueSpecification\",\"valueRequired\":true,\"valueName\":\"search_term_string\"}}],\"inLanguage\":\"fr-FR\"},{\"@type\":\"Person\",\"@id\":\"https:\\\/\\\/www.amanien.info\\\/news\\\/#\\\/schema\\\/person\\\/b21093345753a1a98242d505bd894f42\",\"name\":\"Germain Ndri\",\"url\":\"https:\\\/\\\/www.amanien.info\\\/news\\\/author\\\/amanien-infos\\\/\"}]}<\/script>\n<!-- \/ Yoast SEO plugin. -->","yoast_head_json":{"title":"\u00c9liminatoires Coupe du monde Qatar 2022 \/ La C\u00f4te d'Ivoire tenue en \u00e9chec par le Mozambique (0-0) - Amanien| L&#039;actualit\u00e9 Ivoirienne et Internationale","robots":{"index":"index","follow":"follow","max-snippet":"max-snippet:-1","max-image-preview":"max-image-preview:large","max-video-preview":"max-video-preview:-1"},"canonical":"https:\/\/www.amanien.info\/news\/eliminatoires-coupe-du-monde-qatar-2022-la-cote-divoire-tenue-en-echec-par-le-mozambique-0-0\/","og_locale":"fr_FR","og_type":"article","og_title":"\u00c9liminatoires Coupe du monde Qatar 2022 \/ La C\u00f4te d'Ivoire tenue en \u00e9chec par le Mozambique (0-0) - Amanien| L&#039;actualit\u00e9 Ivoirienne et Internationale","og_description":"Les \u00e9l\u00e9phants de C\u00f4te d&rsquo;Ivoire et les Mambas du Mozambique se sont s\u00e9par\u00e9s, ce vendredi, sur un score vierge de 0 but partout \u00e0 l&rsquo;issue du match de la premi\u00e8re journ\u00e9e comptant pour les \u00e9liminatoires (zone Afrique) de la coupe du monde Qatar 2022. En d\u00e9placement \u00e0 Maputo, capitale du Mozambique, les \u00e9l\u00e9phants de C\u00f4te [&hellip;]","og_url":"https:\/\/www.amanien.info\/news\/eliminatoires-coupe-du-monde-qatar-2022-la-cote-divoire-tenue-en-echec-par-le-mozambique-0-0\/","og_site_name":"Amanien| L&#039;actualit\u00e9 Ivoirienne et Internationale","article_published_time":"2021-09-06T11:46:22+00:00","article_modified_time":"2021-09-06T11:48:43+00:00","og_image":[{"width":500,"height":261,"url":"https:\/\/www.amanien.info\/news\/wp-content\/uploads\/2021\/09\/thumbnail-1.jpg","type":"image\/jpeg"}],"author":"Germain Ndri","twitter_card":"summary_large_image","twitter_misc":{"\u00c9crit par":"Germain Ndri","Dur\u00e9e de lecture estim\u00e9e":"2 minutes"},"schema":{"@context":"https:\/\/schema.org","@graph":[{"@type":"Article","@id":"https:\/\/www.amanien.info\/news\/eliminatoires-coupe-du-monde-qatar-2022-la-cote-divoire-tenue-en-echec-par-le-mozambique-0-0\/#article","isPartOf":{"@id":"https:\/\/www.amanien.info\/news\/eliminatoires-coupe-du-monde-qatar-2022-la-cote-divoire-tenue-en-echec-par-le-mozambique-0-0\/"},"author":{"name":"Germain Ndri","@id":"https:\/\/www.amanien.info\/news\/#\/schema\/person\/b21093345753a1a98242d505bd894f42"},"headline":"\u00c9liminatoires Coupe du monde Qatar 2022 \/ La C\u00f4te d&rsquo;Ivoire tenue en \u00e9chec par le Mozambique (0-0)","datePublished":"2021-09-06T11:46:22+00:00","dateModified":"2021-09-06T11:48:43+00:00","mainEntityOfPage":{"@id":"https:\/\/www.amanien.info\/news\/eliminatoires-coupe-du-monde-qatar-2022-la-cote-divoire-tenue-en-echec-par-le-mozambique-0-0\/"},"wordCount":428,"image":{"@id":"https:\/\/www.amanien.info\/news\/eliminatoires-coupe-du-monde-qatar-2022-la-cote-divoire-tenue-en-echec-par-le-mozambique-0-0\/#primaryimage"},"thumbnailUrl":"https:\/\/www.amanien.info\/news\/wp-content\/uploads\/2021\/09\/thumbnail-1.jpg","inLanguage":"fr-FR"},{"@type":"WebPage","@id":"https:\/\/www.amanien.info\/news\/eliminatoires-coupe-du-monde-qatar-2022-la-cote-divoire-tenue-en-echec-par-le-mozambique-0-0\/","url":"https:\/\/www.amanien.info\/news\/eliminatoires-coupe-du-monde-qatar-2022-la-cote-divoire-tenue-en-echec-par-le-mozambique-0-0\/","name":"\u00c9liminatoires Coupe du monde Qatar 2022 \/ La C\u00f4te d'Ivoire tenue en \u00e9chec par le Mozambique (0-0) - Amanien| L&#039;actualit\u00e9 Ivoirienne et Internationale","isPartOf":{"@id":"https:\/\/www.amanien.info\/news\/#website"},"primaryImageOfPage":{"@id":"https:\/\/www.amanien.info\/news\/eliminatoires-coupe-du-monde-qatar-2022-la-cote-divoire-tenue-en-echec-par-le-mozambique-0-0\/#primaryimage"},"image":{"@id":"https:\/\/www.amanien.info\/news\/eliminatoires-coupe-du-monde-qatar-2022-la-cote-divoire-tenue-en-echec-par-le-mozambique-0-0\/#primaryimage"},"thumbnailUrl":"https:\/\/www.amanien.info\/news\/wp-content\/uploads\/2021\/09\/thumbnail-1.jpg","datePublished":"2021-09-06T11:46:22+00:00","dateModified":"2021-09-06T11:48:43+00:00","author":{"@id":"https:\/\/www.amanien.info\/news\/#\/schema\/person\/b21093345753a1a98242d505bd894f42"},"breadcrumb":{"@id":"https:\/\/www.amanien.info\/news\/eliminatoires-coupe-du-monde-qatar-2022-la-cote-divoire-tenue-en-echec-par-le-mozambique-0-0\/#breadcrumb"},"inLanguage":"fr-FR","potentialAction":[{"@type":"ReadAction","target":["https:\/\/www.amanien.info\/news\/eliminatoires-coupe-du-monde-qatar-2022-la-cote-divoire-tenue-en-echec-par-le-mozambique-0-0\/"]}]},{"@type":"ImageObject","inLanguage":"fr-FR","@id":"https:\/\/www.amanien.info\/news\/eliminatoires-coupe-du-monde-qatar-2022-la-cote-divoire-tenue-en-echec-par-le-mozambique-0-0\/#primaryimage","url":"https:\/\/www.amanien.info\/news\/wp-content\/uploads\/2021\/09\/thumbnail-1.jpg","contentUrl":"https:\/\/www.amanien.info\/news\/wp-content\/uploads\/2021\/09\/thumbnail-1.jpg","width":500,"height":261},{"@type":"BreadcrumbList","@id":"https:\/\/www.amanien.info\/news\/eliminatoires-coupe-du-monde-qatar-2022-la-cote-divoire-tenue-en-echec-par-le-mozambique-0-0\/#breadcrumb","itemListElement":[{"@type":"ListItem","position":1,"name":"Accueil","item":"https:\/\/www.amanien.info\/news\/"},{"@type":"ListItem","position":2,"name":"\u00c9liminatoires Coupe du monde Qatar 2022 \/ La C\u00f4te d&rsquo;Ivoire tenue en \u00e9chec par le Mozambique (0-0)"}]},{"@type":"WebSite","@id":"https:\/\/www.amanien.info\/news\/#website","url":"https:\/\/www.amanien.info\/news\/","name":"Amanien| L&#039;actualit\u00e9 Ivoirienne et Internationale","description":"L&#039;actualit\u00e9 Ivoirienne et Internationale","potentialAction":[{"@type":"SearchAction","target":{"@type":"EntryPoint","urlTemplate":"https:\/\/www.amanien.info\/news\/?s={search_term_string}"},"query-input":{"@type":"PropertyValueSpecification","valueRequired":true,"valueName":"search_term_string"}}],"inLanguage":"fr-FR"},{"@type":"Person","@id":"https:\/\/www.amanien.info\/news\/#\/schema\/person\/b21093345753a1a98242d505bd894f42","name":"Germain Ndri","url":"https:\/\/www.amanien.info\/news\/author\/amanien-infos\/"}]}},"_links":{"self":[{"href":"https:\/\/www.amanien.info\/news\/wp-json\/wp\/v2\/posts\/2905","targetHints":{"allow":["GET"]}}],"collection":[{"href":"https:\/\/www.amanien.info\/news\/wp-json\/wp\/v2\/posts"}],"about":[{"href":"https:\/\/www.amanien.info\/news\/wp-json\/wp\/v2\/types\/post"}],"author":[{"embeddable":true,"href":"https:\/\/www.amanien.info\/news\/wp-json\/wp\/v2\/users\/2"}],"replies":[{"embeddable":true,"href":"https:\/\/www.amanien.info\/news\/wp-json\/wp\/v2\/comments?post=2905"}],"version-history":[{"count":1,"href":"https:\/\/www.amanien.info\/news\/wp-json\/wp\/v2\/posts\/2905\/revisions"}],"predecessor-version":[{"id":2907,"href":"https:\/\/www.amanien.info\/news\/wp-json\/wp\/v2\/posts\/2905\/revisions\/2907"}],"wp:featuredmedia":[{"embeddable":true,"href":"https:\/\/www.amanien.info\/news\/wp-json\/wp\/v2\/media\/2906"}],"wp:attachment":[{"href":"https:\/\/www.amanien.info\/news\/wp-json\/wp\/v2\/media?parent=2905"}],"wp:term":[{"taxonomy":"category","embeddable":true,"href":"https:\/\/www.amanien.info\/news\/wp-json\/wp\/v2\/categories?post=2905"},{"taxonomy":"post_tag","embeddable":true,"href":"https:\/\/www.amanien.info\/news\/wp-json\/wp\/v2\/tags?post=2905"}],"curies":[{"name":"wp","href":"https:\/\/api.w.org\/{rel}","templated":true}]}}